{"id":16425,"date":"2019-12-03T17:17:00","date_gmt":"2019-12-03T17:17:00","guid":{"rendered":"https:\/\/www.tecdmx.org.mx\/?p=16425"},"modified":"2019-12-05T17:23:47","modified_gmt":"2019-12-05T17:23:47","slug":"conversatorio-con-atletas-paraolimpicos","status":"publish","type":"post","link":"https:\/\/www.tecdmx.org.mx\/index.php\/eventos\/2019\/12\/03\/conversatorio-con-atletas-paraolimpicos\/","title":{"rendered":"Conversatorio con atletas paraol\u00edmpicos"},"content":{"rendered":"\n<p>En el marco del D\u00eda Internacional de las Personas con Discapacidad, se llev\u00f3 a cabo un conversatorio con atletas paraol\u00edmpicos; un espacio de di\u00e1logo y reflexi\u00f3n con la funci\u00f3n de visibilizar y sensibilizar a la sociedad a fin se hacerla m\u00e1s incluyente y abierta a todas las realidades. Participaron las Magistradas Martha Alejandra Ch\u00e1vez Camarena y Martha Leticia Mercado Ram\u00edrez, y el Magistrado Juan Carlos S\u00e1nchez Le\u00f3n. <\/p>\n\n\n\n<figure class=\"wp-block-gallery columns-0 is-cropped wp-block-gallery-1 is-layout-flex wp-block-gallery-is-layout-flex\"><ul class=\"blocks-gallery-grid\"><li class=\"blocks-gallery-item\"><figure><img loading=\"lazy\" decoding=\"async\" width=\"526\" height=\"350\" src=\"https:\/\/www.tecdmx.org.mx\/wp-content\/uploads\/2019\/12\/05-4-526x350.jpg\" alt=\"\" data-id=\"16435\" data-full-url=\"https:\/\/www.tecdmx.org.mx\/wp-content\/uploads\/2019\/12\/05-4.jpg\" data-link=\"https:\/\/www.tecdmx.org.mx\/index.php\/eventos\/2019\/12\/03\/conversatorio-con-atletas-paraolimpicos\/attachment\/05-8\/\" class=\"wp-image-16435\" srcset=\"https:\/\/www.tecdmx.org.mx\/wp-content\/uploads\/2019\/12\/05-4-375x250.jpg 375w, https:\/\/www.tecdmx.org.mx\/wp-content\/uploads\/2019\/12\/05-4-526x350.jpg 526w, https:\/\/www.tecdmx.org.mx\/wp-content\/uploads\/2019\/12\/05-4-768x512.jpg 768w, https:\/\/www.tecdmx.org.mx\/wp-content\/uploads\/2019\/12\/05-4.jpg 1024w\" sizes=\"(max-width: 526px) 100vw, 526px\" \/><\/figure><\/li><li class=\"blocks-gallery-item\"><figure><img loading=\"lazy\" decoding=\"async\" width=\"525\" height=\"350\" src=\"https:\/\/www.tecdmx.org.mx\/wp-content\/uploads\/2019\/12\/04-4-525x350.jpg\" alt=\"\" data-id=\"16429\" data-full-url=\"https:\/\/www.tecdmx.org.mx\/wp-content\/uploads\/2019\/12\/04-4.jpg\" data-link=\"https:\/\/www.tecdmx.org.mx\/index.php\/eventos\/2019\/12\/03\/conversatorio-con-atletas-paraolimpicos\/attachment\/04-16\/\" class=\"wp-image-16429\" srcset=\"https:\/\/www.tecdmx.org.mx\/wp-content\/uploads\/2019\/12\/04-4-375x250.jpg 375w, https:\/\/www.tecdmx.org.mx\/wp-content\/uploads\/2019\/12\/04-4-525x350.jpg 525w, https:\/\/www.tecdmx.org.mx\/wp-content\/uploads\/2019\/12\/04-4-768x512.jpg 768w, https:\/\/www.tecdmx.org.mx\/wp-content\/uploads\/2019\/12\/04-4.jpg 1280w\" sizes=\"(max-width: 525px) 100vw, 525px\" \/><\/figure><\/li><li class=\"blocks-gallery-item\"><figure><img loading=\"lazy\" decoding=\"async\" width=\"525\" height=\"350\" src=\"https:\/\/www.tecdmx.org.mx\/wp-content\/uploads\/2019\/12\/03-4-525x350.jpg\" alt=\"\" data-id=\"16428\" data-full-url=\"https:\/\/www.tecdmx.org.mx\/wp-content\/uploads\/2019\/12\/03-4.jpg\" data-link=\"https:\/\/www.tecdmx.org.mx\/index.php\/eventos\/2019\/12\/03\/conversatorio-con-atletas-paraolimpicos\/attachment\/03-36\/\" class=\"wp-image-16428\" srcset=\"https:\/\/www.tecdmx.org.mx\/wp-content\/uploads\/2019\/12\/03-4-375x250.jpg 375w, https:\/\/www.tecdmx.org.mx\/wp-content\/uploads\/2019\/12\/03-4-525x350.jpg 525w, https:\/\/www.tecdmx.org.mx\/wp-content\/uploads\/2019\/12\/03-4-768x512.jpg 768w, https:\/\/www.tecdmx.org.mx\/wp-content\/uploads\/2019\/12\/03-4.jpg 1280w\" sizes=\"(max-width: 525px) 100vw, 525px\" \/><\/figure><\/li><li class=\"blocks-gallery-item\"><figure><img loading=\"lazy\" decoding=\"async\" width=\"551\" height=\"350\" src=\"https:\/\/www.tecdmx.org.mx\/wp-content\/uploads\/2019\/12\/06-2-551x350.jpg\" alt=\"\" data-id=\"16434\" data-full-url=\"https:\/\/www.tecdmx.org.mx\/wp-content\/uploads\/2019\/12\/06-2.jpg\" data-link=\"https:\/\/www.tecdmx.org.mx\/index.php\/eventos\/2019\/12\/03\/conversatorio-con-atletas-paraolimpicos\/attachment\/06-6\/\" class=\"wp-image-16434\" srcset=\"https:\/\/www.tecdmx.org.mx\/wp-content\/uploads\/2019\/12\/06-2-394x250.jpg 394w, https:\/\/www.tecdmx.org.mx\/wp-content\/uploads\/2019\/12\/06-2-551x350.jpg 551w, https:\/\/www.tecdmx.org.mx\/wp-content\/uploads\/2019\/12\/06-2-768x488.jpg 768w, https:\/\/www.tecdmx.org.mx\/wp-content\/uploads\/2019\/12\/06-2.jpg 1024w\" sizes=\"(max-width: 551px) 100vw, 551px\" \/><\/figure><\/li><li class=\"blocks-gallery-item\"><figure><img loading=\"lazy\" decoding=\"async\" width=\"526\" height=\"350\" src=\"https:\/\/www.tecdmx.org.mx\/wp-content\/uploads\/2019\/12\/07-1-526x350.jpg\" alt=\"\" data-id=\"16433\" data-full-url=\"https:\/\/www.tecdmx.org.mx\/wp-content\/uploads\/2019\/12\/07-1.jpg\" data-link=\"https:\/\/www.tecdmx.org.mx\/index.php\/eventos\/2019\/12\/03\/conversatorio-con-atletas-paraolimpicos\/attachment\/07-5\/\" class=\"wp-image-16433\" srcset=\"https:\/\/www.tecdmx.org.mx\/wp-content\/uploads\/2019\/12\/07-1-375x250.jpg 375w, https:\/\/www.tecdmx.org.mx\/wp-content\/uploads\/2019\/12\/07-1-526x350.jpg 526w, https:\/\/www.tecdmx.org.mx\/wp-content\/uploads\/2019\/12\/07-1-768x512.jpg 768w, https:\/\/www.tecdmx.org.mx\/wp-content\/uploads\/2019\/12\/07-1.jpg 1024w\" sizes=\"(max-width: 526px) 100vw, 526px\" \/><\/figure><\/li><li class=\"blocks-gallery-item\"><figure><img loading=\"lazy\" decoding=\"async\" width=\"673\" height=\"350\" src=\"https:\/\/www.tecdmx.org.mx\/wp-content\/uploads\/2019\/12\/01-5-673x350.jpg\" alt=\"\" data-id=\"16426\" data-full-url=\"https:\/\/www.tecdmx.org.mx\/wp-content\/uploads\/2019\/12\/01-5.jpg\" data-link=\"https:\/\/www.tecdmx.org.mx\/index.php\/eventos\/2019\/12\/03\/conversatorio-con-atletas-paraolimpicos\/attachment\/01-56\/\" class=\"wp-image-16426\" srcset=\"https:\/\/www.tecdmx.org.mx\/wp-content\/uploads\/2019\/12\/01-5-446x232.jpg 446w, https:\/\/www.tecdmx.org.mx\/wp-content\/uploads\/2019\/12\/01-5-673x350.jpg 673w, https:\/\/www.tecdmx.org.mx\/wp-content\/uploads\/2019\/12\/01-5-768x400.jpg 768w, https:\/\/www.tecdmx.org.mx\/wp-content\/uploads\/2019\/12\/01-5.jpg 1280w\" sizes=\"(max-width: 673px) 100vw, 673px\" \/><\/figure><\/li><\/ul><\/figure>\n","protected":false},"excerpt":{"rendered":"<p>En el marco del D\u00eda Internacional de las Personas con Discapacidad, se llev\u00f3 a cabo un conversatorio con atletas paraol\u00edmpicos; un espacio de di\u00e1logo y reflexi\u00f3n con la funci\u00f3n de visibilizar y sensibilizar a la sociedad a fin se hacerla m\u00e1s incluyente y abierta a todas las realidades. Participaron las Magistradas Martha Alejandra Ch\u00e1vez Camarena y Martha Leticia Mercado Ram\u00edrez, y el Magistrado Juan Carlos S\u00e1nchez Le\u00f3n. <\/p>\n","protected":false},"author":13,"featured_media":16429,"comment_status":"open","ping_status":"open","sticky":false,"template":"","format":"standard","meta":{"_acf_changed":false,"_exactmetrics_skip_tracking":false,"_exactmetrics_sitenote_active":false,"_exactmetrics_sitenote_note":"","_exactmetrics_sitenote_category":0,"footnotes":""},"categories":[47,40],"tags":[],"acf":[],"yoast_head":"<!-- This site is optimized with the Yoast SEO plugin v22.3 - https:\/\/yoast.com\/wordpress\/plugins\/seo\/ -->\n<title>Conversatorio con atletas paraol\u00edmpicos - Tribunal Electoral de la Ciudad de M\u00e9xico<\/title>\n<meta name=\"robots\" content=\"index, follow, max-snippet:-1, max-image-preview:large, max-video-preview:-1\" \/>\n<link rel=\"canonical\" href=\"https:\/\/www.tecdmx.org.mx\/index.php\/eventos\/2019\/12\/03\/conversatorio-con-atletas-paraolimpicos\/\" \/>\n<meta property=\"og:locale\" content=\"es_ES\" \/>\n<meta property=\"og:type\" content=\"article\" \/>\n<meta property=\"og:title\" content=\"Conversatorio con atletas paraol\u00edmpicos - Tribunal Electoral de la Ciudad de M\u00e9xico\" \/>\n<meta property=\"og:description\" content=\"En el marco del D\u00eda Internacional de las Personas con Discapacidad, se llev\u00f3 a cabo un conversatorio con atletas paraol\u00edmpicos; un espacio de di\u00e1logo y reflexi\u00f3n con la funci\u00f3n de visibilizar y sensibilizar a la sociedad a fin se hacerla m\u00e1s incluyente y abierta a todas las realidades. Participaron las Magistradas Martha Alejandra Ch\u00e1vez Camarena y Martha Leticia Mercado Ram\u00edrez, y el Magistrado Juan Carlos S\u00e1nchez Le\u00f3n.\" \/>\n<meta property=\"og:url\" content=\"https:\/\/www.tecdmx.org.mx\/index.php\/eventos\/2019\/12\/03\/conversatorio-con-atletas-paraolimpicos\/\" \/>\n<meta property=\"og:site_name\" content=\"Tribunal Electoral de la Ciudad de M\u00e9xico\" \/>\n<meta property=\"article:publisher\" content=\"https:\/\/www.facebook.com\/TECDMX\/\" \/>\n<meta property=\"article:published_time\" content=\"2019-12-03T17:17:00+00:00\" \/>\n<meta property=\"article:modified_time\" content=\"2019-12-05T17:23:47+00:00\" \/>\n<meta property=\"og:image\" content=\"https:\/\/www.tecdmx.org.mx\/wp-content\/uploads\/2019\/12\/04-4.jpg\" \/>\n\t<meta property=\"og:image:width\" content=\"1280\" \/>\n\t<meta property=\"og:image:height\" content=\"853\" \/>\n\t<meta property=\"og:image:type\" content=\"image\/jpeg\" \/>\n<meta name=\"author\" content=\"Difusion2025\" \/>\n<meta name=\"twitter:card\" content=\"summary_large_image\" \/>\n<meta name=\"twitter:creator\" content=\"@tecdmx\" \/>\n<meta name=\"twitter:site\" content=\"@tecdmx\" \/>\n<meta name=\"twitter:label1\" content=\"Escrito por\" \/>\n\t<meta name=\"twitter:data1\" content=\"Difusion2025\" \/>\n<script type=\"application\/ld+json\" class=\"yoast-schema-graph\">{\"@context\":\"https:\/\/schema.org\",\"@graph\":[{\"@type\":\"WebPage\",\"@id\":\"https:\/\/www.tecdmx.org.mx\/index.php\/eventos\/2019\/12\/03\/conversatorio-con-atletas-paraolimpicos\/\",\"url\":\"https:\/\/www.tecdmx.org.mx\/index.php\/eventos\/2019\/12\/03\/conversatorio-con-atletas-paraolimpicos\/\",\"name\":\"Conversatorio con atletas paraol\u00edmpicos - Tribunal Electoral de la Ciudad de M\u00e9xico\",\"isPartOf\":{\"@id\":\"https:\/\/www.tecdmx.org.mx\/#website\"},\"primaryImageOfPage\":{\"@id\":\"https:\/\/www.tecdmx.org.mx\/index.php\/eventos\/2019\/12\/03\/conversatorio-con-atletas-paraolimpicos\/#primaryimage\"},\"image\":{\"@id\":\"https:\/\/www.tecdmx.org.mx\/index.php\/eventos\/2019\/12\/03\/conversatorio-con-atletas-paraolimpicos\/#primaryimage\"},\"thumbnailUrl\":\"https:\/\/www.tecdmx.org.mx\/wp-content\/uploads\/2019\/12\/04-4.jpg\",\"datePublished\":\"2019-12-03T17:17:00+00:00\",\"dateModified\":\"2019-12-05T17:23:47+00:00\",\"author\":{\"@id\":\"https:\/\/www.tecdmx.org.mx\/#\/schema\/person\/208c898199fb3234203823c5f0cf31d6\"},\"breadcrumb\":{\"@id\":\"https:\/\/www.tecdmx.org.mx\/index.php\/eventos\/2019\/12\/03\/conversatorio-con-atletas-paraolimpicos\/#breadcrumb\"},\"inLanguage\":\"es\",\"potentialAction\":[{\"@type\":\"ReadAction\",\"target\":[\"https:\/\/www.tecdmx.org.mx\/index.php\/eventos\/2019\/12\/03\/conversatorio-con-atletas-paraolimpicos\/\"]}]},{\"@type\":\"ImageObject\",\"inLanguage\":\"es\",\"@id\":\"https:\/\/www.tecdmx.org.mx\/index.php\/eventos\/2019\/12\/03\/conversatorio-con-atletas-paraolimpicos\/#primaryimage\",\"url\":\"https:\/\/www.tecdmx.org.mx\/wp-content\/uploads\/2019\/12\/04-4.jpg\",\"contentUrl\":\"https:\/\/www.tecdmx.org.mx\/wp-content\/uploads\/2019\/12\/04-4.jpg\",\"width\":1280,\"height\":853},{\"@type\":\"BreadcrumbList\",\"@id\":\"https:\/\/www.tecdmx.org.mx\/index.php\/eventos\/2019\/12\/03\/conversatorio-con-atletas-paraolimpicos\/#breadcrumb\",\"itemListElement\":[{\"@type\":\"ListItem\",\"position\":1,\"name\":\"Portada\",\"item\":\"https:\/\/www.tecdmx.org.mx\/\"},{\"@type\":\"ListItem\",\"position\":2,\"name\":\"Conversatorio con atletas paraol\u00edmpicos\"}]},{\"@type\":\"WebSite\",\"@id\":\"https:\/\/www.tecdmx.org.mx\/#website\",\"url\":\"https:\/\/www.tecdmx.org.mx\/\",\"name\":\"Tribunal Electoral de la Ciudad de M\u00e9xico\",\"description\":\"25 a\u00f1os garantizando justicia en tu elecci\u00f3n\",\"potentialAction\":[{\"@type\":\"SearchAction\",\"target\":{\"@type\":\"EntryPoint\",\"urlTemplate\":\"https:\/\/www.tecdmx.org.mx\/?s={search_term_string}\"},\"query-input\":\"required name=search_term_string\"}],\"inLanguage\":\"es\"},{\"@type\":\"Person\",\"@id\":\"https:\/\/www.tecdmx.org.mx\/#\/schema\/person\/208c898199fb3234203823c5f0cf31d6\",\"name\":\"Difusion2025\",\"image\":{\"@type\":\"ImageObject\",\"inLanguage\":\"es\",\"@id\":\"https:\/\/www.tecdmx.org.mx\/#\/schema\/person\/image\/\",\"url\":\"https:\/\/secure.gravatar.com\/avatar\/6f7a4ba3acb418040e90a2eb99b5df28?s=96&d=mm&r=g\",\"contentUrl\":\"https:\/\/secure.gravatar.com\/avatar\/6f7a4ba3acb418040e90a2eb99b5df28?s=96&d=mm&r=g\",\"caption\":\"Difusion2025\"}}]}<\/script>\n<!-- \/ Yoast SEO plugin. -->","yoast_head_json":{"title":"Conversatorio con atletas paraol\u00edmpicos - Tribunal Electoral de la Ciudad de M\u00e9xico","robots":{"index":"index","follow":"follow","max-snippet":"max-snippet:-1","max-image-preview":"max-image-preview:large","max-video-preview":"max-video-preview:-1"},"canonical":"https:\/\/www.tecdmx.org.mx\/index.php\/eventos\/2019\/12\/03\/conversatorio-con-atletas-paraolimpicos\/","og_locale":"es_ES","og_type":"article","og_title":"Conversatorio con atletas paraol\u00edmpicos - Tribunal Electoral de la Ciudad de M\u00e9xico","og_description":"En el marco del D\u00eda Internacional de las Personas con Discapacidad, se llev\u00f3 a cabo un conversatorio con atletas paraol\u00edmpicos; un espacio de di\u00e1logo y reflexi\u00f3n con la funci\u00f3n de visibilizar y sensibilizar a la sociedad a fin se hacerla m\u00e1s incluyente y abierta a todas las realidades. Participaron las Magistradas Martha Alejandra Ch\u00e1vez Camarena y Martha Leticia Mercado Ram\u00edrez, y el Magistrado Juan Carlos S\u00e1nchez Le\u00f3n.","og_url":"https:\/\/www.tecdmx.org.mx\/index.php\/eventos\/2019\/12\/03\/conversatorio-con-atletas-paraolimpicos\/","og_site_name":"Tribunal Electoral de la Ciudad de M\u00e9xico","article_publisher":"https:\/\/www.facebook.com\/TECDMX\/","article_published_time":"2019-12-03T17:17:00+00:00","article_modified_time":"2019-12-05T17:23:47+00:00","og_image":[{"width":1280,"height":853,"url":"https:\/\/www.tecdmx.org.mx\/wp-content\/uploads\/2019\/12\/04-4.jpg","type":"image\/jpeg"}],"author":"Difusion2025","twitter_card":"summary_large_image","twitter_creator":"@tecdmx","twitter_site":"@tecdmx","twitter_misc":{"Escrito por":"Difusion2025"},"schema":{"@context":"https:\/\/schema.org","@graph":[{"@type":"WebPage","@id":"https:\/\/www.tecdmx.org.mx\/index.php\/eventos\/2019\/12\/03\/conversatorio-con-atletas-paraolimpicos\/","url":"https:\/\/www.tecdmx.org.mx\/index.php\/eventos\/2019\/12\/03\/conversatorio-con-atletas-paraolimpicos\/","name":"Conversatorio con atletas paraol\u00edmpicos - Tribunal Electoral de la Ciudad de M\u00e9xico","isPartOf":{"@id":"https:\/\/www.tecdmx.org.mx\/#website"},"primaryImageOfPage":{"@id":"https:\/\/www.tecdmx.org.mx\/index.php\/eventos\/2019\/12\/03\/conversatorio-con-atletas-paraolimpicos\/#primaryimage"},"image":{"@id":"https:\/\/www.tecdmx.org.mx\/index.php\/eventos\/2019\/12\/03\/conversatorio-con-atletas-paraolimpicos\/#primaryimage"},"thumbnailUrl":"https:\/\/www.tecdmx.org.mx\/wp-content\/uploads\/2019\/12\/04-4.jpg","datePublished":"2019-12-03T17:17:00+00:00","dateModified":"2019-12-05T17:23:47+00:00","author":{"@id":"https:\/\/www.tecdmx.org.mx\/#\/schema\/person\/208c898199fb3234203823c5f0cf31d6"},"breadcrumb":{"@id":"https:\/\/www.tecdmx.org.mx\/index.php\/eventos\/2019\/12\/03\/conversatorio-con-atletas-paraolimpicos\/#breadcrumb"},"inLanguage":"es","potentialAction":[{"@type":"ReadAction","target":["https:\/\/www.tecdmx.org.mx\/index.php\/eventos\/2019\/12\/03\/conversatorio-con-atletas-paraolimpicos\/"]}]},{"@type":"ImageObject","inLanguage":"es","@id":"https:\/\/www.tecdmx.org.mx\/index.php\/eventos\/2019\/12\/03\/conversatorio-con-atletas-paraolimpicos\/#primaryimage","url":"https:\/\/www.tecdmx.org.mx\/wp-content\/uploads\/2019\/12\/04-4.jpg","contentUrl":"https:\/\/www.tecdmx.org.mx\/wp-content\/uploads\/2019\/12\/04-4.jpg","width":1280,"height":853},{"@type":"BreadcrumbList","@id":"https:\/\/www.tecdmx.org.mx\/index.php\/eventos\/2019\/12\/03\/conversatorio-con-atletas-paraolimpicos\/#breadcrumb","itemListElement":[{"@type":"ListItem","position":1,"name":"Portada","item":"https:\/\/www.tecdmx.org.mx\/"},{"@type":"ListItem","position":2,"name":"Conversatorio con atletas paraol\u00edmpicos"}]},{"@type":"WebSite","@id":"https:\/\/www.tecdmx.org.mx\/#website","url":"https:\/\/www.tecdmx.org.mx\/","name":"Tribunal Electoral de la Ciudad de M\u00e9xico","description":"25 a\u00f1os garantizando justicia en tu elecci\u00f3n","potentialAction":[{"@type":"SearchAction","target":{"@type":"EntryPoint","urlTemplate":"https:\/\/www.tecdmx.org.mx\/?s={search_term_string}"},"query-input":"required name=search_term_string"}],"inLanguage":"es"},{"@type":"Person","@id":"https:\/\/www.tecdmx.org.mx\/#\/schema\/person\/208c898199fb3234203823c5f0cf31d6","name":"Difusion2025","image":{"@type":"ImageObject","inLanguage":"es","@id":"https:\/\/www.tecdmx.org.mx\/#\/schema\/person\/image\/","url":"https:\/\/secure.gravatar.com\/avatar\/6f7a4ba3acb418040e90a2eb99b5df28?s=96&d=mm&r=g","contentUrl":"https:\/\/secure.gravatar.com\/avatar\/6f7a4ba3acb418040e90a2eb99b5df28?s=96&d=mm&r=g","caption":"Difusion2025"}}]}},"_links":{"self":[{"href":"https:\/\/www.tecdmx.org.mx\/index.php\/wp-json\/wp\/v2\/posts\/16425"}],"collection":[{"href":"https:\/\/www.tecdmx.org.mx\/index.php\/wp-json\/wp\/v2\/posts"}],"about":[{"href":"https:\/\/www.tecdmx.org.mx\/index.php\/wp-json\/wp\/v2\/types\/post"}],"author":[{"embeddable":true,"href":"https:\/\/www.tecdmx.org.mx\/index.php\/wp-json\/wp\/v2\/users\/13"}],"replies":[{"embeddable":true,"href":"https:\/\/www.tecdmx.org.mx\/index.php\/wp-json\/wp\/v2\/comments?post=16425"}],"version-history":[{"count":3,"href":"https:\/\/www.tecdmx.org.mx\/index.php\/wp-json\/wp\/v2\/posts\/16425\/revisions"}],"predecessor-version":[{"id":16436,"href":"https:\/\/www.tecdmx.org.mx\/index.php\/wp-json\/wp\/v2\/posts\/16425\/revisions\/16436"}],"wp:featuredmedia":[{"embeddable":true,"href":"https:\/\/www.tecdmx.org.mx\/index.php\/wp-json\/wp\/v2\/media\/16429"}],"wp:attachment":[{"href":"https:\/\/www.tecdmx.org.mx\/index.php\/wp-json\/wp\/v2\/media?parent=16425"}],"wp:term":[{"taxonomy":"category","embeddable":true,"href":"https:\/\/www.tecdmx.org.mx\/index.php\/wp-json\/wp\/v2\/categories?post=16425"},{"taxonomy":"post_tag","embeddable":true,"href":"https:\/\/www.tecdmx.org.mx\/index.php\/wp-json\/wp\/v2\/tags?post=16425"}],"curies":[{"name":"wp","href":"https:\/\/api.w.org\/{rel}","templated":true}]}}