{"id":16665,"date":"2019-12-09T16:30:00","date_gmt":"2019-12-09T16:30:00","guid":{"rendered":"https:\/\/www.tecdmx.org.mx\/?p=16665"},"modified":"2019-12-12T16:30:58","modified_gmt":"2019-12-12T16:30:58","slug":"ceremonia-de-transferencia-de-presidencia-del-observatorio-de-participacion-politica-de-las-mujeres-en-la-ciudad-de-mexico","status":"publish","type":"post","link":"https:\/\/www.tecdmx.org.mx\/index.php\/eventos\/2019\/12\/09\/ceremonia-de-transferencia-de-presidencia-del-observatorio-de-participacion-politica-de-las-mujeres-en-la-ciudad-de-mexico\/","title":{"rendered":"Ceremonia de Transferencia de Presidencia del Observatorio de Participaci\u00f3n Pol\u00edtica de las Mujeres en la Ciudad de M\u00e9xico"},"content":{"rendered":"\n<p>El Magistrado Presidente Gustavo Anzaldo Hern\u00e1ndez, hizo entrega de la Presidencia del Observatorio de Participaci\u00f3n Pol\u00edtica de las Mujeres en la Ciudad de M\u00e9xico al Instituto Electoral de la Ciudad de M\u00e9xico, a cargo del Consejero Presidente Mario Vel\u00e1zquez Miranda. <\/p>\n\n\n\n<figure class=\"wp-block-gallery columns-2 is-cropped wp-block-gallery-1 is-layout-flex wp-block-gallery-is-layout-flex\"><ul class=\"blocks-gallery-grid\"><li class=\"blocks-gallery-item\"><figure><img loading=\"lazy\" decoding=\"async\" width=\"567\" height=\"350\" src=\"https:\/\/www.tecdmx.org.mx\/wp-content\/uploads\/2019\/12\/01-9-567x350.jpg\" alt=\"\" data-id=\"16666\" data-full-url=\"https:\/\/www.tecdmx.org.mx\/wp-content\/uploads\/2019\/12\/01-9.jpg\" data-link=\"https:\/\/www.tecdmx.org.mx\/?attachment_id=16666\" class=\"wp-image-16666\" srcset=\"https:\/\/www.tecdmx.org.mx\/wp-content\/uploads\/2019\/12\/01-9-405x250.jpg 405w, https:\/\/www.tecdmx.org.mx\/wp-content\/uploads\/2019\/12\/01-9-567x350.jpg 567w, https:\/\/www.tecdmx.org.mx\/wp-content\/uploads\/2019\/12\/01-9-768x474.jpg 768w, https:\/\/www.tecdmx.org.mx\/wp-content\/uploads\/2019\/12\/01-9.jpg 1280w\" sizes=\"(max-width: 567px) 100vw, 567px\" \/><\/figure><\/li><li class=\"blocks-gallery-item\"><figure><img loading=\"lazy\" decoding=\"async\" width=\"525\" height=\"350\" src=\"https:\/\/www.tecdmx.org.mx\/wp-content\/uploads\/2019\/12\/03-7-525x350.jpg\" alt=\"\" data-id=\"16668\" data-full-url=\"https:\/\/www.tecdmx.org.mx\/wp-content\/uploads\/2019\/12\/03-7.jpg\" data-link=\"https:\/\/www.tecdmx.org.mx\/?attachment_id=16668\" class=\"wp-image-16668\" srcset=\"https:\/\/www.tecdmx.org.mx\/wp-content\/uploads\/2019\/12\/03-7-375x250.jpg 375w, https:\/\/www.tecdmx.org.mx\/wp-content\/uploads\/2019\/12\/03-7-525x350.jpg 525w, https:\/\/www.tecdmx.org.mx\/wp-content\/uploads\/2019\/12\/03-7-768x512.jpg 768w, https:\/\/www.tecdmx.org.mx\/wp-content\/uploads\/2019\/12\/03-7.jpg 1280w\" sizes=\"(max-width: 525px) 100vw, 525px\" \/><\/figure><\/li><li class=\"blocks-gallery-item\"><figure><img loading=\"lazy\" decoding=\"async\" width=\"525\" height=\"350\" src=\"https:\/\/www.tecdmx.org.mx\/wp-content\/uploads\/2019\/12\/02-9-525x350.jpg\" alt=\"\" data-id=\"16667\" data-full-url=\"https:\/\/www.tecdmx.org.mx\/wp-content\/uploads\/2019\/12\/02-9.jpg\" data-link=\"https:\/\/www.tecdmx.org.mx\/?attachment_id=16667\" class=\"wp-image-16667\" srcset=\"https:\/\/www.tecdmx.org.mx\/wp-content\/uploads\/2019\/12\/02-9-375x250.jpg 375w, https:\/\/www.tecdmx.org.mx\/wp-content\/uploads\/2019\/12\/02-9-525x350.jpg 525w, https:\/\/www.tecdmx.org.mx\/wp-content\/uploads\/2019\/12\/02-9-768x512.jpg 768w, https:\/\/www.tecdmx.org.mx\/wp-content\/uploads\/2019\/12\/02-9.jpg 1280w\" sizes=\"(max-width: 525px) 100vw, 525px\" \/><\/figure><\/li><li class=\"blocks-gallery-item\"><figure><img loading=\"lazy\" decoding=\"async\" width=\"525\" height=\"350\" src=\"https:\/\/www.tecdmx.org.mx\/wp-content\/uploads\/2019\/12\/05-7-525x350.jpg\" alt=\"\" data-id=\"16670\" data-full-url=\"https:\/\/www.tecdmx.org.mx\/wp-content\/uploads\/2019\/12\/05-7.jpg\" data-link=\"https:\/\/www.tecdmx.org.mx\/?attachment_id=16670\" class=\"wp-image-16670\" srcset=\"https:\/\/www.tecdmx.org.mx\/wp-content\/uploads\/2019\/12\/05-7-375x250.jpg 375w, https:\/\/www.tecdmx.org.mx\/wp-content\/uploads\/2019\/12\/05-7-525x350.jpg 525w, https:\/\/www.tecdmx.org.mx\/wp-content\/uploads\/2019\/12\/05-7-768x512.jpg 768w, https:\/\/www.tecdmx.org.mx\/wp-content\/uploads\/2019\/12\/05-7.jpg 1280w\" sizes=\"(max-width: 525px) 100vw, 525px\" \/><\/figure><\/li><li class=\"blocks-gallery-item\"><figure><img loading=\"lazy\" decoding=\"async\" width=\"525\" height=\"350\" src=\"https:\/\/www.tecdmx.org.mx\/wp-content\/uploads\/2019\/12\/06-4-525x350.jpg\" alt=\"\" data-id=\"16671\" data-full-url=\"https:\/\/www.tecdmx.org.mx\/wp-content\/uploads\/2019\/12\/06-4.jpg\" data-link=\"https:\/\/www.tecdmx.org.mx\/?attachment_id=16671\" class=\"wp-image-16671\" srcset=\"https:\/\/www.tecdmx.org.mx\/wp-content\/uploads\/2019\/12\/06-4-375x250.jpg 375w, https:\/\/www.tecdmx.org.mx\/wp-content\/uploads\/2019\/12\/06-4-525x350.jpg 525w, https:\/\/www.tecdmx.org.mx\/wp-content\/uploads\/2019\/12\/06-4-768x512.jpg 768w, https:\/\/www.tecdmx.org.mx\/wp-content\/uploads\/2019\/12\/06-4.jpg 1280w\" sizes=\"(max-width: 525px) 100vw, 525px\" \/><\/figure><\/li><li class=\"blocks-gallery-item\"><figure><img loading=\"lazy\" decoding=\"async\" width=\"526\" height=\"350\" src=\"https:\/\/www.tecdmx.org.mx\/wp-content\/uploads\/2019\/12\/04-8-526x350.jpg\" alt=\"\" data-id=\"16669\" data-full-url=\"https:\/\/www.tecdmx.org.mx\/wp-content\/uploads\/2019\/12\/04-8.jpg\" data-link=\"https:\/\/www.tecdmx.org.mx\/?attachment_id=16669\" class=\"wp-image-16669\" srcset=\"https:\/\/www.tecdmx.org.mx\/wp-content\/uploads\/2019\/12\/04-8-375x250.jpg 375w, https:\/\/www.tecdmx.org.mx\/wp-content\/uploads\/2019\/12\/04-8-526x350.jpg 526w, https:\/\/www.tecdmx.org.mx\/wp-content\/uploads\/2019\/12\/04-8-768x512.jpg 768w, https:\/\/www.tecdmx.org.mx\/wp-content\/uploads\/2019\/12\/04-8.jpg 1024w\" sizes=\"(max-width: 526px) 100vw, 526px\" \/><\/figure><\/li><\/ul><\/figure>\n","protected":false},"excerpt":{"rendered":"<p>El Magistrado Presidente Gustavo Anzaldo Hern\u00e1ndez, hizo entrega de la Presidencia del Observatorio de Participaci\u00f3n Pol\u00edtica de las Mujeres en la Ciudad de M\u00e9xico al Instituto Electoral de la Ciudad de M\u00e9xico, a cargo del Consejero Presidente Mario Vel\u00e1zquez Miranda.<\/p>\n","protected":false},"author":13,"featured_media":16522,"comment_status":"open","ping_status":"open","sticky":false,"template":"","format":"standard","meta":{"_acf_changed":false,"_exactmetrics_skip_tracking":false,"_exactmetrics_sitenote_active":false,"_exactmetrics_sitenote_note":"","_exactmetrics_sitenote_category":0,"footnotes":""},"categories":[47,40],"tags":[],"acf":[],"yoast_head":"<!-- This site is optimized with the Yoast SEO plugin v22.3 - https:\/\/yoast.com\/wordpress\/plugins\/seo\/ -->\n<title>Ceremonia de Transferencia de Presidencia del Observatorio de Participaci\u00f3n Pol\u00edtica de las Mujeres en la Ciudad de M\u00e9xico - Tribunal Electoral de la Ciudad de M\u00e9xico<\/title>\n<meta name=\"robots\" content=\"index, follow, max-snippet:-1, max-image-preview:large, max-video-preview:-1\" \/>\n<link rel=\"canonical\" href=\"https:\/\/www.tecdmx.org.mx\/index.php\/eventos\/2019\/12\/09\/ceremonia-de-transferencia-de-presidencia-del-observatorio-de-participacion-politica-de-las-mujeres-en-la-ciudad-de-mexico\/\" \/>\n<meta property=\"og:locale\" content=\"es_ES\" \/>\n<meta property=\"og:type\" content=\"article\" \/>\n<meta property=\"og:title\" content=\"Ceremonia de Transferencia de Presidencia del Observatorio de Participaci\u00f3n Pol\u00edtica de las Mujeres en la Ciudad de M\u00e9xico - Tribunal Electoral de la Ciudad de M\u00e9xico\" \/>\n<meta property=\"og:description\" content=\"El Magistrado Presidente Gustavo Anzaldo Hern\u00e1ndez, hizo entrega de la Presidencia del Observatorio de Participaci\u00f3n Pol\u00edtica de las Mujeres en la Ciudad de M\u00e9xico al Instituto Electoral de la Ciudad de M\u00e9xico, a cargo del Consejero Presidente Mario Vel\u00e1zquez Miranda.\" \/>\n<meta property=\"og:url\" content=\"https:\/\/www.tecdmx.org.mx\/index.php\/eventos\/2019\/12\/09\/ceremonia-de-transferencia-de-presidencia-del-observatorio-de-participacion-politica-de-las-mujeres-en-la-ciudad-de-mexico\/\" \/>\n<meta property=\"og:site_name\" content=\"Tribunal Electoral de la Ciudad de M\u00e9xico\" \/>\n<meta property=\"article:publisher\" content=\"https:\/\/www.facebook.com\/TECDMX\/\" \/>\n<meta property=\"article:published_time\" content=\"2019-12-09T16:30:00+00:00\" \/>\n<meta property=\"article:modified_time\" content=\"2019-12-12T16:30:58+00:00\" \/>\n<meta property=\"og:image\" content=\"https:\/\/www.tecdmx.org.mx\/wp-content\/uploads\/2019\/12\/BW1I3003.jpg\" \/>\n\t<meta property=\"og:image:width\" content=\"600\" \/>\n\t<meta property=\"og:image:height\" content=\"280\" \/>\n\t<meta property=\"og:image:type\" content=\"image\/jpeg\" \/>\n<meta name=\"author\" content=\"Difusion2025\" \/>\n<meta name=\"twitter:card\" content=\"summary_large_image\" \/>\n<meta name=\"twitter:creator\" content=\"@tecdmx\" \/>\n<meta name=\"twitter:site\" content=\"@tecdmx\" \/>\n<meta name=\"twitter:label1\" content=\"Escrito por\" \/>\n\t<meta name=\"twitter:data1\" content=\"Difusion2025\" \/>\n<script type=\"application\/ld+json\" class=\"yoast-schema-graph\">{\"@context\":\"https:\/\/schema.org\",\"@graph\":[{\"@type\":\"WebPage\",\"@id\":\"https:\/\/www.tecdmx.org.mx\/index.php\/eventos\/2019\/12\/09\/ceremonia-de-transferencia-de-presidencia-del-observatorio-de-participacion-politica-de-las-mujeres-en-la-ciudad-de-mexico\/\",\"url\":\"https:\/\/www.tecdmx.org.mx\/index.php\/eventos\/2019\/12\/09\/ceremonia-de-transferencia-de-presidencia-del-observatorio-de-participacion-politica-de-las-mujeres-en-la-ciudad-de-mexico\/\",\"name\":\"Ceremonia de Transferencia de Presidencia del Observatorio de Participaci\u00f3n Pol\u00edtica de las Mujeres en la Ciudad de M\u00e9xico - Tribunal Electoral de la Ciudad de M\u00e9xico\",\"isPartOf\":{\"@id\":\"https:\/\/www.tecdmx.org.mx\/#website\"},\"primaryImageOfPage\":{\"@id\":\"https:\/\/www.tecdmx.org.mx\/index.php\/eventos\/2019\/12\/09\/ceremonia-de-transferencia-de-presidencia-del-observatorio-de-participacion-politica-de-las-mujeres-en-la-ciudad-de-mexico\/#primaryimage\"},\"image\":{\"@id\":\"https:\/\/www.tecdmx.org.mx\/index.php\/eventos\/2019\/12\/09\/ceremonia-de-transferencia-de-presidencia-del-observatorio-de-participacion-politica-de-las-mujeres-en-la-ciudad-de-mexico\/#primaryimage\"},\"thumbnailUrl\":\"https:\/\/www.tecdmx.org.mx\/wp-content\/uploads\/2019\/12\/BW1I3003.jpg\",\"datePublished\":\"2019-12-09T16:30:00+00:00\",\"dateModified\":\"2019-12-12T16:30:58+00:00\",\"author\":{\"@id\":\"https:\/\/www.tecdmx.org.mx\/#\/schema\/person\/208c898199fb3234203823c5f0cf31d6\"},\"breadcrumb\":{\"@id\":\"https:\/\/www.tecdmx.org.mx\/index.php\/eventos\/2019\/12\/09\/ceremonia-de-transferencia-de-presidencia-del-observatorio-de-participacion-politica-de-las-mujeres-en-la-ciudad-de-mexico\/#breadcrumb\"},\"inLanguage\":\"es\",\"potentialAction\":[{\"@type\":\"ReadAction\",\"target\":[\"https:\/\/www.tecdmx.org.mx\/index.php\/eventos\/2019\/12\/09\/ceremonia-de-transferencia-de-presidencia-del-observatorio-de-participacion-politica-de-las-mujeres-en-la-ciudad-de-mexico\/\"]}]},{\"@type\":\"ImageObject\",\"inLanguage\":\"es\",\"@id\":\"https:\/\/www.tecdmx.org.mx\/index.php\/eventos\/2019\/12\/09\/ceremonia-de-transferencia-de-presidencia-del-observatorio-de-participacion-politica-de-las-mujeres-en-la-ciudad-de-mexico\/#primaryimage\",\"url\":\"https:\/\/www.tecdmx.org.mx\/wp-content\/uploads\/2019\/12\/BW1I3003.jpg\",\"contentUrl\":\"https:\/\/www.tecdmx.org.mx\/wp-content\/uploads\/2019\/12\/BW1I3003.jpg\",\"width\":600,\"height\":280},{\"@type\":\"BreadcrumbList\",\"@id\":\"https:\/\/www.tecdmx.org.mx\/index.php\/eventos\/2019\/12\/09\/ceremonia-de-transferencia-de-presidencia-del-observatorio-de-participacion-politica-de-las-mujeres-en-la-ciudad-de-mexico\/#breadcrumb\",\"itemListElement\":[{\"@type\":\"ListItem\",\"position\":1,\"name\":\"Portada\",\"item\":\"https:\/\/www.tecdmx.org.mx\/\"},{\"@type\":\"ListItem\",\"position\":2,\"name\":\"Ceremonia de Transferencia de Presidencia del Observatorio de Participaci\u00f3n Pol\u00edtica de las Mujeres en la Ciudad de M\u00e9xico\"}]},{\"@type\":\"WebSite\",\"@id\":\"https:\/\/www.tecdmx.org.mx\/#website\",\"url\":\"https:\/\/www.tecdmx.org.mx\/\",\"name\":\"Tribunal Electoral de la Ciudad de M\u00e9xico\",\"description\":\"25 a\u00f1os garantizando justicia en tu elecci\u00f3n\",\"potentialAction\":[{\"@type\":\"SearchAction\",\"target\":{\"@type\":\"EntryPoint\",\"urlTemplate\":\"https:\/\/www.tecdmx.org.mx\/?s={search_term_string}\"},\"query-input\":\"required name=search_term_string\"}],\"inLanguage\":\"es\"},{\"@type\":\"Person\",\"@id\":\"https:\/\/www.tecdmx.org.mx\/#\/schema\/person\/208c898199fb3234203823c5f0cf31d6\",\"name\":\"Difusion2025\",\"image\":{\"@type\":\"ImageObject\",\"inLanguage\":\"es\",\"@id\":\"https:\/\/www.tecdmx.org.mx\/#\/schema\/person\/image\/\",\"url\":\"https:\/\/secure.gravatar.com\/avatar\/6f7a4ba3acb418040e90a2eb99b5df28?s=96&d=mm&r=g\",\"contentUrl\":\"https:\/\/secure.gravatar.com\/avatar\/6f7a4ba3acb418040e90a2eb99b5df28?s=96&d=mm&r=g\",\"caption\":\"Difusion2025\"}}]}<\/script>\n<!-- \/ Yoast SEO plugin. -->","yoast_head_json":{"title":"Ceremonia de Transferencia de Presidencia del Observatorio de Participaci\u00f3n Pol\u00edtica de las Mujeres en la Ciudad de M\u00e9xico - Tribunal Electoral de la Ciudad de M\u00e9xico","robots":{"index":"index","follow":"follow","max-snippet":"max-snippet:-1","max-image-preview":"max-image-preview:large","max-video-preview":"max-video-preview:-1"},"canonical":"https:\/\/www.tecdmx.org.mx\/index.php\/eventos\/2019\/12\/09\/ceremonia-de-transferencia-de-presidencia-del-observatorio-de-participacion-politica-de-las-mujeres-en-la-ciudad-de-mexico\/","og_locale":"es_ES","og_type":"article","og_title":"Ceremonia de Transferencia de Presidencia del Observatorio de Participaci\u00f3n Pol\u00edtica de las Mujeres en la Ciudad de M\u00e9xico - Tribunal Electoral de la Ciudad de M\u00e9xico","og_description":"El Magistrado Presidente Gustavo Anzaldo Hern\u00e1ndez, hizo entrega de la Presidencia del Observatorio de Participaci\u00f3n Pol\u00edtica de las Mujeres en la Ciudad de M\u00e9xico al Instituto Electoral de la Ciudad de M\u00e9xico, a cargo del Consejero Presidente Mario Vel\u00e1zquez Miranda.","og_url":"https:\/\/www.tecdmx.org.mx\/index.php\/eventos\/2019\/12\/09\/ceremonia-de-transferencia-de-presidencia-del-observatorio-de-participacion-politica-de-las-mujeres-en-la-ciudad-de-mexico\/","og_site_name":"Tribunal Electoral de la Ciudad de M\u00e9xico","article_publisher":"https:\/\/www.facebook.com\/TECDMX\/","article_published_time":"2019-12-09T16:30:00+00:00","article_modified_time":"2019-12-12T16:30:58+00:00","og_image":[{"width":600,"height":280,"url":"https:\/\/www.tecdmx.org.mx\/wp-content\/uploads\/2019\/12\/BW1I3003.jpg","type":"image\/jpeg"}],"author":"Difusion2025","twitter_card":"summary_large_image","twitter_creator":"@tecdmx","twitter_site":"@tecdmx","twitter_misc":{"Escrito por":"Difusion2025"},"schema":{"@context":"https:\/\/schema.org","@graph":[{"@type":"WebPage","@id":"https:\/\/www.tecdmx.org.mx\/index.php\/eventos\/2019\/12\/09\/ceremonia-de-transferencia-de-presidencia-del-observatorio-de-participacion-politica-de-las-mujeres-en-la-ciudad-de-mexico\/","url":"https:\/\/www.tecdmx.org.mx\/index.php\/eventos\/2019\/12\/09\/ceremonia-de-transferencia-de-presidencia-del-observatorio-de-participacion-politica-de-las-mujeres-en-la-ciudad-de-mexico\/","name":"Ceremonia de Transferencia de Presidencia del Observatorio de Participaci\u00f3n Pol\u00edtica de las Mujeres en la Ciudad de M\u00e9xico - Tribunal Electoral de la Ciudad de M\u00e9xico","isPartOf":{"@id":"https:\/\/www.tecdmx.org.mx\/#website"},"primaryImageOfPage":{"@id":"https:\/\/www.tecdmx.org.mx\/index.php\/eventos\/2019\/12\/09\/ceremonia-de-transferencia-de-presidencia-del-observatorio-de-participacion-politica-de-las-mujeres-en-la-ciudad-de-mexico\/#primaryimage"},"image":{"@id":"https:\/\/www.tecdmx.org.mx\/index.php\/eventos\/2019\/12\/09\/ceremonia-de-transferencia-de-presidencia-del-observatorio-de-participacion-politica-de-las-mujeres-en-la-ciudad-de-mexico\/#primaryimage"},"thumbnailUrl":"https:\/\/www.tecdmx.org.mx\/wp-content\/uploads\/2019\/12\/BW1I3003.jpg","datePublished":"2019-12-09T16:30:00+00:00","dateModified":"2019-12-12T16:30:58+00:00","author":{"@id":"https:\/\/www.tecdmx.org.mx\/#\/schema\/person\/208c898199fb3234203823c5f0cf31d6"},"breadcrumb":{"@id":"https:\/\/www.tecdmx.org.mx\/index.php\/eventos\/2019\/12\/09\/ceremonia-de-transferencia-de-presidencia-del-observatorio-de-participacion-politica-de-las-mujeres-en-la-ciudad-de-mexico\/#breadcrumb"},"inLanguage":"es","potentialAction":[{"@type":"ReadAction","target":["https:\/\/www.tecdmx.org.mx\/index.php\/eventos\/2019\/12\/09\/ceremonia-de-transferencia-de-presidencia-del-observatorio-de-participacion-politica-de-las-mujeres-en-la-ciudad-de-mexico\/"]}]},{"@type":"ImageObject","inLanguage":"es","@id":"https:\/\/www.tecdmx.org.mx\/index.php\/eventos\/2019\/12\/09\/ceremonia-de-transferencia-de-presidencia-del-observatorio-de-participacion-politica-de-las-mujeres-en-la-ciudad-de-mexico\/#primaryimage","url":"https:\/\/www.tecdmx.org.mx\/wp-content\/uploads\/2019\/12\/BW1I3003.jpg","contentUrl":"https:\/\/www.tecdmx.org.mx\/wp-content\/uploads\/2019\/12\/BW1I3003.jpg","width":600,"height":280},{"@type":"BreadcrumbList","@id":"https:\/\/www.tecdmx.org.mx\/index.php\/eventos\/2019\/12\/09\/ceremonia-de-transferencia-de-presidencia-del-observatorio-de-participacion-politica-de-las-mujeres-en-la-ciudad-de-mexico\/#breadcrumb","itemListElement":[{"@type":"ListItem","position":1,"name":"Portada","item":"https:\/\/www.tecdmx.org.mx\/"},{"@type":"ListItem","position":2,"name":"Ceremonia de Transferencia de Presidencia del Observatorio de Participaci\u00f3n Pol\u00edtica de las Mujeres en la Ciudad de M\u00e9xico"}]},{"@type":"WebSite","@id":"https:\/\/www.tecdmx.org.mx\/#website","url":"https:\/\/www.tecdmx.org.mx\/","name":"Tribunal Electoral de la Ciudad de M\u00e9xico","description":"25 a\u00f1os garantizando justicia en tu elecci\u00f3n","potentialAction":[{"@type":"SearchAction","target":{"@type":"EntryPoint","urlTemplate":"https:\/\/www.tecdmx.org.mx\/?s={search_term_string}"},"query-input":"required name=search_term_string"}],"inLanguage":"es"},{"@type":"Person","@id":"https:\/\/www.tecdmx.org.mx\/#\/schema\/person\/208c898199fb3234203823c5f0cf31d6","name":"Difusion2025","image":{"@type":"ImageObject","inLanguage":"es","@id":"https:\/\/www.tecdmx.org.mx\/#\/schema\/person\/image\/","url":"https:\/\/secure.gravatar.com\/avatar\/6f7a4ba3acb418040e90a2eb99b5df28?s=96&d=mm&r=g","contentUrl":"https:\/\/secure.gravatar.com\/avatar\/6f7a4ba3acb418040e90a2eb99b5df28?s=96&d=mm&r=g","caption":"Difusion2025"}}]}},"_links":{"self":[{"href":"https:\/\/www.tecdmx.org.mx\/index.php\/wp-json\/wp\/v2\/posts\/16665"}],"collection":[{"href":"https:\/\/www.tecdmx.org.mx\/index.php\/wp-json\/wp\/v2\/posts"}],"about":[{"href":"https:\/\/www.tecdmx.org.mx\/index.php\/wp-json\/wp\/v2\/types\/post"}],"author":[{"embeddable":true,"href":"https:\/\/www.tecdmx.org.mx\/index.php\/wp-json\/wp\/v2\/users\/13"}],"replies":[{"embeddable":true,"href":"https:\/\/www.tecdmx.org.mx\/index.php\/wp-json\/wp\/v2\/comments?post=16665"}],"version-history":[{"count":1,"href":"https:\/\/www.tecdmx.org.mx\/index.php\/wp-json\/wp\/v2\/posts\/16665\/revisions"}],"predecessor-version":[{"id":16672,"href":"https:\/\/www.tecdmx.org.mx\/index.php\/wp-json\/wp\/v2\/posts\/16665\/revisions\/16672"}],"wp:featuredmedia":[{"embeddable":true,"href":"https:\/\/www.tecdmx.org.mx\/index.php\/wp-json\/wp\/v2\/media\/16522"}],"wp:attachment":[{"href":"https:\/\/www.tecdmx.org.mx\/index.php\/wp-json\/wp\/v2\/media?parent=16665"}],"wp:term":[{"taxonomy":"category","embeddable":true,"href":"https:\/\/www.tecdmx.org.mx\/index.php\/wp-json\/wp\/v2\/categories?post=16665"},{"taxonomy":"post_tag","embeddable":true,"href":"https:\/\/www.tecdmx.org.mx\/index.php\/wp-json\/wp\/v2\/tags?post=16665"}],"curies":[{"name":"wp","href":"https:\/\/api.w.org\/{rel}","templated":true}]}}