{"id":16673,"date":"2019-12-11T16:34:00","date_gmt":"2019-12-11T16:34:00","guid":{"rendered":"https:\/\/www.tecdmx.org.mx\/?p=16673"},"modified":"2019-12-12T16:34:27","modified_gmt":"2019-12-12T16:34:27","slug":"conferencia-cedaw-y-el-acceso-a-la-justicia","status":"publish","type":"post","link":"https:\/\/www.tecdmx.org.mx\/index.php\/eventos\/2019\/12\/11\/conferencia-cedaw-y-el-acceso-a-la-justicia\/","title":{"rendered":"Conferencia: \u201cCEDAW y el acceso a la justicia\u201d"},"content":{"rendered":"\n<p>Se llev\u00f3 a cabo la conferencia de la Convenci\u00f3n sobre la Eliminaci\u00f3n de todas formas de Discriminaci\u00f3n contra la Mujer (CEDAW) y los Derechos Pol\u00edtico-Electorales encabezada por la Magistrada M. Alejandra Ch\u00e1vez Camarena. Participaron el Maestro Ernesto Santana Bracamontes, la Maestra Er\u00e9ndira Cruz Villegas Fuentes, la Magistrada Celia Mar\u00edn Sasaki, la Doctora Gloria Ram\u00edrez Hern\u00e1ndez y Magalys Arocha Dom\u00ednguez.<\/p>\n\n\n\n<figure class=\"wp-block-gallery columns-2 is-cropped wp-block-gallery-1 is-layout-flex wp-block-gallery-is-layout-flex\"><ul class=\"blocks-gallery-grid\"><li class=\"blocks-gallery-item\"><figure><img loading=\"lazy\" decoding=\"async\" width=\"525\" height=\"350\" src=\"https:\/\/www.tecdmx.org.mx\/wp-content\/uploads\/2019\/12\/02-10-525x350.jpg\" alt=\"\" data-id=\"16675\" data-full-url=\"https:\/\/www.tecdmx.org.mx\/wp-content\/uploads\/2019\/12\/02-10.jpg\" data-link=\"https:\/\/www.tecdmx.org.mx\/?attachment_id=16675\" class=\"wp-image-16675\" srcset=\"https:\/\/www.tecdmx.org.mx\/wp-content\/uploads\/2019\/12\/02-10-375x250.jpg 375w, https:\/\/www.tecdmx.org.mx\/wp-content\/uploads\/2019\/12\/02-10-525x350.jpg 525w, https:\/\/www.tecdmx.org.mx\/wp-content\/uploads\/2019\/12\/02-10-768x512.jpg 768w, https:\/\/www.tecdmx.org.mx\/wp-content\/uploads\/2019\/12\/02-10.jpg 1280w\" sizes=\"(max-width: 525px) 100vw, 525px\" \/><\/figure><\/li><li class=\"blocks-gallery-item\"><figure><img loading=\"lazy\" decoding=\"async\" width=\"525\" height=\"350\" src=\"https:\/\/www.tecdmx.org.mx\/wp-content\/uploads\/2019\/12\/03-8-525x350.jpg\" alt=\"\" data-id=\"16676\" data-full-url=\"https:\/\/www.tecdmx.org.mx\/wp-content\/uploads\/2019\/12\/03-8.jpg\" data-link=\"https:\/\/www.tecdmx.org.mx\/?attachment_id=16676\" class=\"wp-image-16676\" srcset=\"https:\/\/www.tecdmx.org.mx\/wp-content\/uploads\/2019\/12\/03-8-375x250.jpg 375w, https:\/\/www.tecdmx.org.mx\/wp-content\/uploads\/2019\/12\/03-8-525x350.jpg 525w, https:\/\/www.tecdmx.org.mx\/wp-content\/uploads\/2019\/12\/03-8-768x512.jpg 768w, https:\/\/www.tecdmx.org.mx\/wp-content\/uploads\/2019\/12\/03-8.jpg 1280w\" sizes=\"(max-width: 525px) 100vw, 525px\" \/><\/figure><\/li><li class=\"blocks-gallery-item\"><figure><img loading=\"lazy\" decoding=\"async\" width=\"302\" height=\"350\" src=\"https:\/\/www.tecdmx.org.mx\/wp-content\/uploads\/2019\/12\/04-9-302x350.jpg\" alt=\"\" data-id=\"16677\" data-full-url=\"https:\/\/www.tecdmx.org.mx\/wp-content\/uploads\/2019\/12\/04-9.jpg\" data-link=\"https:\/\/www.tecdmx.org.mx\/?attachment_id=16677\" class=\"wp-image-16677\" srcset=\"https:\/\/www.tecdmx.org.mx\/wp-content\/uploads\/2019\/12\/04-9-216x250.jpg 216w, https:\/\/www.tecdmx.org.mx\/wp-content\/uploads\/2019\/12\/04-9-302x350.jpg 302w, https:\/\/www.tecdmx.org.mx\/wp-content\/uploads\/2019\/12\/04-9-768x890.jpg 768w, https:\/\/www.tecdmx.org.mx\/wp-content\/uploads\/2019\/12\/04-9.jpg 1104w\" sizes=\"(max-width: 302px) 100vw, 302px\" \/><\/figure><\/li><li class=\"blocks-gallery-item\"><figure><img loading=\"lazy\" decoding=\"async\" width=\"525\" height=\"350\" src=\"https:\/\/www.tecdmx.org.mx\/wp-content\/uploads\/2019\/12\/05-8-525x350.jpg\" alt=\"\" data-id=\"16678\" data-full-url=\"https:\/\/www.tecdmx.org.mx\/wp-content\/uploads\/2019\/12\/05-8.jpg\" data-link=\"https:\/\/www.tecdmx.org.mx\/?attachment_id=16678\" class=\"wp-image-16678\" srcset=\"https:\/\/www.tecdmx.org.mx\/wp-content\/uploads\/2019\/12\/05-8-375x250.jpg 375w, https:\/\/www.tecdmx.org.mx\/wp-content\/uploads\/2019\/12\/05-8-525x350.jpg 525w, https:\/\/www.tecdmx.org.mx\/wp-content\/uploads\/2019\/12\/05-8-768x512.jpg 768w, https:\/\/www.tecdmx.org.mx\/wp-content\/uploads\/2019\/12\/05-8.jpg 1280w\" sizes=\"(max-width: 525px) 100vw, 525px\" \/><\/figure><\/li><\/ul><\/figure>\n","protected":false},"excerpt":{"rendered":"<p>Se llev\u00f3 a cabo la conferencia de la Convenci\u00f3n sobre la Eliminaci\u00f3n de todas formas de Discriminaci\u00f3n contra la Mujer (CEDAW) y los Derechos Pol\u00edtico-Electorales encabezada por la Magistrada M. Alejandra Ch\u00e1vez Camarena. Participaron el Maestro Ernesto Santana Bracamontes, la Maestra Er\u00e9ndira Cruz Villegas Fuentes, la Magistrada Celia Mar\u00edn Sasaki, la Doctora Gloria Ram\u00edrez Hern\u00e1ndez y Magalys Arocha Dom\u00ednguez.<\/p>\n","protected":false},"author":13,"featured_media":16675,"comment_status":"open","ping_status":"open","sticky":false,"template":"","format":"standard","meta":{"_acf_changed":false,"_exactmetrics_skip_tracking":false,"_exactmetrics_sitenote_active":false,"_exactmetrics_sitenote_note":"","_exactmetrics_sitenote_category":0,"footnotes":""},"categories":[47,40],"tags":[],"acf":[],"yoast_head":"<!-- This site is optimized with the Yoast SEO plugin v22.3 - https:\/\/yoast.com\/wordpress\/plugins\/seo\/ -->\n<title>Conferencia: \u201cCEDAW y el acceso a la justicia\u201d - Tribunal Electoral de la Ciudad de M\u00e9xico<\/title>\n<meta name=\"robots\" content=\"index, follow, max-snippet:-1, max-image-preview:large, max-video-preview:-1\" \/>\n<link rel=\"canonical\" href=\"https:\/\/www.tecdmx.org.mx\/index.php\/eventos\/2019\/12\/11\/conferencia-cedaw-y-el-acceso-a-la-justicia\/\" \/>\n<meta property=\"og:locale\" content=\"es_ES\" \/>\n<meta property=\"og:type\" content=\"article\" \/>\n<meta property=\"og:title\" content=\"Conferencia: \u201cCEDAW y el acceso a la justicia\u201d - Tribunal Electoral de la Ciudad de M\u00e9xico\" \/>\n<meta property=\"og:description\" content=\"Se llev\u00f3 a cabo la conferencia de la Convenci\u00f3n sobre la Eliminaci\u00f3n de todas formas de Discriminaci\u00f3n contra la Mujer (CEDAW) y los Derechos Pol\u00edtico-Electorales encabezada por la Magistrada M. Alejandra Ch\u00e1vez Camarena. Participaron el Maestro Ernesto Santana Bracamontes, la Maestra Er\u00e9ndira Cruz Villegas Fuentes, la Magistrada Celia Mar\u00edn Sasaki, la Doctora Gloria Ram\u00edrez Hern\u00e1ndez y Magalys Arocha Dom\u00ednguez.\" \/>\n<meta property=\"og:url\" content=\"https:\/\/www.tecdmx.org.mx\/index.php\/eventos\/2019\/12\/11\/conferencia-cedaw-y-el-acceso-a-la-justicia\/\" \/>\n<meta property=\"og:site_name\" content=\"Tribunal Electoral de la Ciudad de M\u00e9xico\" \/>\n<meta property=\"article:publisher\" content=\"https:\/\/www.facebook.com\/TECDMX\/\" \/>\n<meta property=\"article:published_time\" content=\"2019-12-11T16:34:00+00:00\" \/>\n<meta property=\"article:modified_time\" content=\"2019-12-12T16:34:27+00:00\" \/>\n<meta property=\"og:image\" content=\"https:\/\/www.tecdmx.org.mx\/wp-content\/uploads\/2019\/12\/02-10.jpg\" \/>\n\t<meta property=\"og:image:width\" content=\"1280\" \/>\n\t<meta property=\"og:image:height\" content=\"853\" \/>\n\t<meta property=\"og:image:type\" content=\"image\/jpeg\" \/>\n<meta name=\"author\" content=\"Difusion2025\" \/>\n<meta name=\"twitter:card\" content=\"summary_large_image\" \/>\n<meta name=\"twitter:creator\" content=\"@tecdmx\" \/>\n<meta name=\"twitter:site\" content=\"@tecdmx\" \/>\n<meta name=\"twitter:label1\" content=\"Escrito por\" \/>\n\t<meta name=\"twitter:data1\" content=\"Difusion2025\" \/>\n<script type=\"application\/ld+json\" class=\"yoast-schema-graph\">{\"@context\":\"https:\/\/schema.org\",\"@graph\":[{\"@type\":\"WebPage\",\"@id\":\"https:\/\/www.tecdmx.org.mx\/index.php\/eventos\/2019\/12\/11\/conferencia-cedaw-y-el-acceso-a-la-justicia\/\",\"url\":\"https:\/\/www.tecdmx.org.mx\/index.php\/eventos\/2019\/12\/11\/conferencia-cedaw-y-el-acceso-a-la-justicia\/\",\"name\":\"Conferencia: \u201cCEDAW y el acceso a la justicia\u201d - Tribunal Electoral de la Ciudad de M\u00e9xico\",\"isPartOf\":{\"@id\":\"https:\/\/www.tecdmx.org.mx\/#website\"},\"primaryImageOfPage\":{\"@id\":\"https:\/\/www.tecdmx.org.mx\/index.php\/eventos\/2019\/12\/11\/conferencia-cedaw-y-el-acceso-a-la-justicia\/#primaryimage\"},\"image\":{\"@id\":\"https:\/\/www.tecdmx.org.mx\/index.php\/eventos\/2019\/12\/11\/conferencia-cedaw-y-el-acceso-a-la-justicia\/#primaryimage\"},\"thumbnailUrl\":\"https:\/\/www.tecdmx.org.mx\/wp-content\/uploads\/2019\/12\/02-10.jpg\",\"datePublished\":\"2019-12-11T16:34:00+00:00\",\"dateModified\":\"2019-12-12T16:34:27+00:00\",\"author\":{\"@id\":\"https:\/\/www.tecdmx.org.mx\/#\/schema\/person\/208c898199fb3234203823c5f0cf31d6\"},\"breadcrumb\":{\"@id\":\"https:\/\/www.tecdmx.org.mx\/index.php\/eventos\/2019\/12\/11\/conferencia-cedaw-y-el-acceso-a-la-justicia\/#breadcrumb\"},\"inLanguage\":\"es\",\"potentialAction\":[{\"@type\":\"ReadAction\",\"target\":[\"https:\/\/www.tecdmx.org.mx\/index.php\/eventos\/2019\/12\/11\/conferencia-cedaw-y-el-acceso-a-la-justicia\/\"]}]},{\"@type\":\"ImageObject\",\"inLanguage\":\"es\",\"@id\":\"https:\/\/www.tecdmx.org.mx\/index.php\/eventos\/2019\/12\/11\/conferencia-cedaw-y-el-acceso-a-la-justicia\/#primaryimage\",\"url\":\"https:\/\/www.tecdmx.org.mx\/wp-content\/uploads\/2019\/12\/02-10.jpg\",\"contentUrl\":\"https:\/\/www.tecdmx.org.mx\/wp-content\/uploads\/2019\/12\/02-10.jpg\",\"width\":1280,\"height\":853},{\"@type\":\"BreadcrumbList\",\"@id\":\"https:\/\/www.tecdmx.org.mx\/index.php\/eventos\/2019\/12\/11\/conferencia-cedaw-y-el-acceso-a-la-justicia\/#breadcrumb\",\"itemListElement\":[{\"@type\":\"ListItem\",\"position\":1,\"name\":\"Portada\",\"item\":\"https:\/\/www.tecdmx.org.mx\/\"},{\"@type\":\"ListItem\",\"position\":2,\"name\":\"Conferencia: \u201cCEDAW y el acceso a la justicia\u201d\"}]},{\"@type\":\"WebSite\",\"@id\":\"https:\/\/www.tecdmx.org.mx\/#website\",\"url\":\"https:\/\/www.tecdmx.org.mx\/\",\"name\":\"Tribunal Electoral de la Ciudad de M\u00e9xico\",\"description\":\"25 a\u00f1os garantizando justicia en tu elecci\u00f3n\",\"potentialAction\":[{\"@type\":\"SearchAction\",\"target\":{\"@type\":\"EntryPoint\",\"urlTemplate\":\"https:\/\/www.tecdmx.org.mx\/?s={search_term_string}\"},\"query-input\":\"required name=search_term_string\"}],\"inLanguage\":\"es\"},{\"@type\":\"Person\",\"@id\":\"https:\/\/www.tecdmx.org.mx\/#\/schema\/person\/208c898199fb3234203823c5f0cf31d6\",\"name\":\"Difusion2025\",\"image\":{\"@type\":\"ImageObject\",\"inLanguage\":\"es\",\"@id\":\"https:\/\/www.tecdmx.org.mx\/#\/schema\/person\/image\/\",\"url\":\"https:\/\/secure.gravatar.com\/avatar\/6f7a4ba3acb418040e90a2eb99b5df28?s=96&d=mm&r=g\",\"contentUrl\":\"https:\/\/secure.gravatar.com\/avatar\/6f7a4ba3acb418040e90a2eb99b5df28?s=96&d=mm&r=g\",\"caption\":\"Difusion2025\"}}]}<\/script>\n<!-- \/ Yoast SEO plugin. -->","yoast_head_json":{"title":"Conferencia: \u201cCEDAW y el acceso a la justicia\u201d - Tribunal Electoral de la Ciudad de M\u00e9xico","robots":{"index":"index","follow":"follow","max-snippet":"max-snippet:-1","max-image-preview":"max-image-preview:large","max-video-preview":"max-video-preview:-1"},"canonical":"https:\/\/www.tecdmx.org.mx\/index.php\/eventos\/2019\/12\/11\/conferencia-cedaw-y-el-acceso-a-la-justicia\/","og_locale":"es_ES","og_type":"article","og_title":"Conferencia: \u201cCEDAW y el acceso a la justicia\u201d - Tribunal Electoral de la Ciudad de M\u00e9xico","og_description":"Se llev\u00f3 a cabo la conferencia de la Convenci\u00f3n sobre la Eliminaci\u00f3n de todas formas de Discriminaci\u00f3n contra la Mujer (CEDAW) y los Derechos Pol\u00edtico-Electorales encabezada por la Magistrada M. Alejandra Ch\u00e1vez Camarena. Participaron el Maestro Ernesto Santana Bracamontes, la Maestra Er\u00e9ndira Cruz Villegas Fuentes, la Magistrada Celia Mar\u00edn Sasaki, la Doctora Gloria Ram\u00edrez Hern\u00e1ndez y Magalys Arocha Dom\u00ednguez.","og_url":"https:\/\/www.tecdmx.org.mx\/index.php\/eventos\/2019\/12\/11\/conferencia-cedaw-y-el-acceso-a-la-justicia\/","og_site_name":"Tribunal Electoral de la Ciudad de M\u00e9xico","article_publisher":"https:\/\/www.facebook.com\/TECDMX\/","article_published_time":"2019-12-11T16:34:00+00:00","article_modified_time":"2019-12-12T16:34:27+00:00","og_image":[{"width":1280,"height":853,"url":"https:\/\/www.tecdmx.org.mx\/wp-content\/uploads\/2019\/12\/02-10.jpg","type":"image\/jpeg"}],"author":"Difusion2025","twitter_card":"summary_large_image","twitter_creator":"@tecdmx","twitter_site":"@tecdmx","twitter_misc":{"Escrito por":"Difusion2025"},"schema":{"@context":"https:\/\/schema.org","@graph":[{"@type":"WebPage","@id":"https:\/\/www.tecdmx.org.mx\/index.php\/eventos\/2019\/12\/11\/conferencia-cedaw-y-el-acceso-a-la-justicia\/","url":"https:\/\/www.tecdmx.org.mx\/index.php\/eventos\/2019\/12\/11\/conferencia-cedaw-y-el-acceso-a-la-justicia\/","name":"Conferencia: \u201cCEDAW y el acceso a la justicia\u201d - Tribunal Electoral de la Ciudad de M\u00e9xico","isPartOf":{"@id":"https:\/\/www.tecdmx.org.mx\/#website"},"primaryImageOfPage":{"@id":"https:\/\/www.tecdmx.org.mx\/index.php\/eventos\/2019\/12\/11\/conferencia-cedaw-y-el-acceso-a-la-justicia\/#primaryimage"},"image":{"@id":"https:\/\/www.tecdmx.org.mx\/index.php\/eventos\/2019\/12\/11\/conferencia-cedaw-y-el-acceso-a-la-justicia\/#primaryimage"},"thumbnailUrl":"https:\/\/www.tecdmx.org.mx\/wp-content\/uploads\/2019\/12\/02-10.jpg","datePublished":"2019-12-11T16:34:00+00:00","dateModified":"2019-12-12T16:34:27+00:00","author":{"@id":"https:\/\/www.tecdmx.org.mx\/#\/schema\/person\/208c898199fb3234203823c5f0cf31d6"},"breadcrumb":{"@id":"https:\/\/www.tecdmx.org.mx\/index.php\/eventos\/2019\/12\/11\/conferencia-cedaw-y-el-acceso-a-la-justicia\/#breadcrumb"},"inLanguage":"es","potentialAction":[{"@type":"ReadAction","target":["https:\/\/www.tecdmx.org.mx\/index.php\/eventos\/2019\/12\/11\/conferencia-cedaw-y-el-acceso-a-la-justicia\/"]}]},{"@type":"ImageObject","inLanguage":"es","@id":"https:\/\/www.tecdmx.org.mx\/index.php\/eventos\/2019\/12\/11\/conferencia-cedaw-y-el-acceso-a-la-justicia\/#primaryimage","url":"https:\/\/www.tecdmx.org.mx\/wp-content\/uploads\/2019\/12\/02-10.jpg","contentUrl":"https:\/\/www.tecdmx.org.mx\/wp-content\/uploads\/2019\/12\/02-10.jpg","width":1280,"height":853},{"@type":"BreadcrumbList","@id":"https:\/\/www.tecdmx.org.mx\/index.php\/eventos\/2019\/12\/11\/conferencia-cedaw-y-el-acceso-a-la-justicia\/#breadcrumb","itemListElement":[{"@type":"ListItem","position":1,"name":"Portada","item":"https:\/\/www.tecdmx.org.mx\/"},{"@type":"ListItem","position":2,"name":"Conferencia: \u201cCEDAW y el acceso a la justicia\u201d"}]},{"@type":"WebSite","@id":"https:\/\/www.tecdmx.org.mx\/#website","url":"https:\/\/www.tecdmx.org.mx\/","name":"Tribunal Electoral de la Ciudad de M\u00e9xico","description":"25 a\u00f1os garantizando justicia en tu elecci\u00f3n","potentialAction":[{"@type":"SearchAction","target":{"@type":"EntryPoint","urlTemplate":"https:\/\/www.tecdmx.org.mx\/?s={search_term_string}"},"query-input":"required name=search_term_string"}],"inLanguage":"es"},{"@type":"Person","@id":"https:\/\/www.tecdmx.org.mx\/#\/schema\/person\/208c898199fb3234203823c5f0cf31d6","name":"Difusion2025","image":{"@type":"ImageObject","inLanguage":"es","@id":"https:\/\/www.tecdmx.org.mx\/#\/schema\/person\/image\/","url":"https:\/\/secure.gravatar.com\/avatar\/6f7a4ba3acb418040e90a2eb99b5df28?s=96&d=mm&r=g","contentUrl":"https:\/\/secure.gravatar.com\/avatar\/6f7a4ba3acb418040e90a2eb99b5df28?s=96&d=mm&r=g","caption":"Difusion2025"}}]}},"_links":{"self":[{"href":"https:\/\/www.tecdmx.org.mx\/index.php\/wp-json\/wp\/v2\/posts\/16673"}],"collection":[{"href":"https:\/\/www.tecdmx.org.mx\/index.php\/wp-json\/wp\/v2\/posts"}],"about":[{"href":"https:\/\/www.tecdmx.org.mx\/index.php\/wp-json\/wp\/v2\/types\/post"}],"author":[{"embeddable":true,"href":"https:\/\/www.tecdmx.org.mx\/index.php\/wp-json\/wp\/v2\/users\/13"}],"replies":[{"embeddable":true,"href":"https:\/\/www.tecdmx.org.mx\/index.php\/wp-json\/wp\/v2\/comments?post=16673"}],"version-history":[{"count":1,"href":"https:\/\/www.tecdmx.org.mx\/index.php\/wp-json\/wp\/v2\/posts\/16673\/revisions"}],"predecessor-version":[{"id":16679,"href":"https:\/\/www.tecdmx.org.mx\/index.php\/wp-json\/wp\/v2\/posts\/16673\/revisions\/16679"}],"wp:featuredmedia":[{"embeddable":true,"href":"https:\/\/www.tecdmx.org.mx\/index.php\/wp-json\/wp\/v2\/media\/16675"}],"wp:attachment":[{"href":"https:\/\/www.tecdmx.org.mx\/index.php\/wp-json\/wp\/v2\/media?parent=16673"}],"wp:term":[{"taxonomy":"category","embeddable":true,"href":"https:\/\/www.tecdmx.org.mx\/index.php\/wp-json\/wp\/v2\/categories?post=16673"},{"taxonomy":"post_tag","embeddable":true,"href":"https:\/\/www.tecdmx.org.mx\/index.php\/wp-json\/wp\/v2\/tags?post=16673"}],"curies":[{"name":"wp","href":"https:\/\/api.w.org\/{rel}","templated":true}]}}