{"id":16685,"date":"2019-12-13T00:36:40","date_gmt":"2019-12-13T00:36:40","guid":{"rendered":"https:\/\/www.tecdmx.org.mx\/?p=16685"},"modified":"2019-12-13T00:36:41","modified_gmt":"2019-12-13T00:36:41","slug":"ordena-tecdmx-separar-del-cargo-a-dos-funcionarias-del-comite-ciudadano-de-la-colonia-guadalupe-tepeyac-en-la-alcaldia-gustavo-a-madero","status":"publish","type":"post","link":"https:\/\/www.tecdmx.org.mx\/index.php\/comunicados\/2019\/12\/13\/ordena-tecdmx-separar-del-cargo-a-dos-funcionarias-del-comite-ciudadano-de-la-colonia-guadalupe-tepeyac-en-la-alcaldia-gustavo-a-madero\/","title":{"rendered":"Ordena TECDMX separar del cargo a dos funcionarias del Comit\u00e9 Ciudadano de la colonia Guadalupe Tepeyac en la Alcald\u00eda Gustavo A. Madero"},"content":{"rendered":"\n<p>Las Magistraturas integrantes del Pleno del Tribunal Electoral de la Ciudad de M\u00e9xico (TECDMX) celebraron Sesi\u00f3n P\u00fablica, en la que resolvieron cuatro Juicios Electorales (JEL) y seis Juicios para la Protecci\u00f3n de los Derechos Pol\u00edtico-Electorales de la Ciudadan\u00eda (JLDC).<\/p>\n\n\n\n<p>En el juicio&nbsp;<strong>TECDMX-JEL-088\/2019<\/strong>, promovido por Alethia Freeman Saucedo quien controvert\u00eda&nbsp;la resoluci\u00f3n que recay\u00f3 al Recurso de Inconformidad emitida por la Junta Administrativa del Instituto Electoral de la Ciudad de M\u00e9xico (IECM), que a su vez, confirm\u00f3 la resoluci\u00f3n del Procedimiento Disciplinario Laboral instaurado por la parte actora en la que se declar\u00f3 la inexistencia de la infracci\u00f3n y responsabilidad atribuidas a una persona servidora p\u00fablica del propio Instituto, por presuntos actos constitutivos de violencia laboral; el Pleno determin\u00f3&nbsp;<strong>revocar la resoluci\u00f3n impugnada<\/strong>&nbsp;y, en v\u00eda de consecuencia, revocar la diversa emitida en el procedimiento originario.<\/p>\n\n\n\n<p>Lo anterior, al considerar que la autoridad sustanciadora&nbsp;omiti\u00f3 efectuar una inspecci\u00f3n al \u00e1rea en la que trabaja para verificar el cumplimiento efectivo de las medidas cautelares; asimismo, por la indebida actuaci\u00f3n por parte de diversos \u00f3rganos y funcionarios del Instituto Electoral local durante el Procedimiento Disciplinario Laboral; y, finalmente, porque la autoridad responsable no tom\u00f3 en cuenta la condici\u00f3n de mujer de la parte actora y existi\u00f3 una indebida valoraci\u00f3n de pruebas.<\/p>\n\n\n\n<p>Respecto del juicio&nbsp;<strong>TECDMX-JEL-092\/2019<\/strong>, promovido por V\u00edctor Israel Bernal Andrade en a trav\u00e9s del cual impugn\u00f3 la resoluci\u00f3n dictada por la Direcci\u00f3n Distrital 25 del IECM, en la que determin\u00f3 que los integrantes del Comit\u00e9 Ciudadano de la colonia Bosque Residencial Sur en la Alcald\u00eda de Xochimilco, no son responsables de la comisi\u00f3n de las conductas que se les imputaron; las Magistradas y Magistrados determinaron&nbsp;<strong>revocar la resoluci\u00f3n impugnada y ordenar a la Direcci\u00f3n distrital responsable emita una nueva<\/strong>, debido a que consideraron, contrario a la autoridad demandada, que los hechos no han sido \u201ccosa juzgada\u201d, sino que deban ser analizados por la autoridad responsable al corresponder a posibles omisiones en que han incurrido los integrantes del Comit\u00e9 Ciudadano.<\/p>\n\n\n\n<p>Sobre el juicio&nbsp;<strong>TECDMX-JLDC-1365\/2019<\/strong>, promovido por Rafael Flores Esquivel por la omisi\u00f3n de entregar el nombramiento como Subdelegado y el correspondiente pago de diversas prestaciones laborales atribuida a la Alcald\u00eda en Tlalpan; el Pleno consider\u00f3 que son&nbsp;<strong>infundadas dichas omisiones<\/strong>&nbsp;ya que el nombramiento de la parte actora como&nbsp;Autoridad Tradicional del Pueblo de San Miguel Ajusco, no le confiere el derecho de pertenecer a la estructura de la citada Alcald\u00eda, sino el de ser el representante y enlace como autoridad tradicional frente a la Alcald\u00eda, sin que ello signifique que exista un v\u00ednculo de subordinaci\u00f3n entre las partes.<\/p>\n\n\n\n<p>Al atender el juicio&nbsp;<strong>TECDMX-JLDC-1371\/2019 y sus acumulados<\/strong>, promovidos por la Organizaci\u00f3n \u201cSociedad, equidad y g\u00e9nero A.C.\u201d, en el que controvert\u00edan la aplicaci\u00f3n del Reglamento para el registro de partidos pol\u00edticos locales ante el IECM por parte de la Direcci\u00f3n Ejecutiva de Asociaciones Pol\u00edticas de este instituto en las Asambleas celebradas en las demarcaciones territoriales en Iztacalco, Venustiano Carranza, Azcapotzalco y Miguel Hidalgo; las Magistraturas resolvieron&nbsp;<strong>confirmar el acto impugnado<\/strong>&nbsp;debido a que para certificar el qu\u00f3rum el IECM debe hacerlo mediante el Padr\u00f3n Electoral, por lo que las personas que no se encontraran en \u00e9l no pod\u00edan ser registrados en las mencionadas Asambleas.<\/p>\n\n\n\n<p>En el juicio&nbsp;<strong>TECDMX-JEL-094\/2019<\/strong>, promovido por Mar\u00eda del Carmen Carolina Am\u00e9zquita Ben\u00edtez y Fernando Serrano Trejo, en el que controvert\u00edan la omisi\u00f3n de la Direcci\u00f3n Distrital 2 del IECM de capacitar, evaluar y vigilar el correcto funcionamiento del Comit\u00e9 Ciudadano de la colonia Guadalupe Tepeyac, as\u00ed como la transgresi\u00f3n a lo dispuesto por el art\u00edculo 213 fracci\u00f3n IV de la Ley de Participaci\u00f3n Ciudadana del Distrito Federal por parte de dos personas integrantes del referido comit\u00e9; el Pleno determin\u00f3 que son&nbsp;<strong>infundadas las omisiones de capacitaci\u00f3n y evaluaci\u00f3n<\/strong>&nbsp;pues se comprob\u00f3 que s\u00ed se realizaci\u00f3n, mientras que cuanto hace a lo relativo a la&nbsp;<strong>vigilancia<\/strong>&nbsp;se consider\u00f3&nbsp;<strong>inexistente<\/strong>&nbsp;pues no es parte de sus atribuciones.<\/p>\n\n\n\n<p>Por otra parte,&nbsp;en cuanto a la infracci\u00f3n que la parte promovente atribuye a dos integrantes del Comit\u00e9, se acredit\u00f3 que posteriormente a que estas tomaron protesta en el cargo se incorporaron a laborar en la hoy Alcald\u00eda Gustavo A. Madero, lo que resulta una conducta grave, por lo que el Pleno determin\u00f3 imponer como&nbsp;<strong>sanci\u00f3n la separaci\u00f3n o remoci\u00f3n del cargo del Comit\u00e9 Ciudadano.&nbsp;<\/strong><\/p>\n\n\n\n<p>Por otra parte, en el juicio&nbsp;<strong>TECDMX-JEL-097\/2019<\/strong>, promovido por Velibor Mart\u00ednez Hern\u00e1ndez, en su car\u00e1cter de Presidente de la Mesa Directiva del Consejo Ciudadano en la Alcald\u00eda \u00c1lvaro Obreg\u00f3n, quien controvirti\u00f3 el Acuerdo 079\/2019 del Consejo General del IECM, por el cual se aprob\u00f3 la Convocatoria \u00danica para la Elecci\u00f3n de las Comisiones de Participaci\u00f3n Comunitaria 2020 y la Consulta de Presupuesto Participativo 2020 y 2021 al considerar que afecta sus derechos y de los Comit\u00e9s Ciudadanos de dicha demarcaci\u00f3n; las Magistraturas resolvieron&nbsp;<strong>confirmar la citada convocatoria<\/strong>, pues no excluye la participaci\u00f3n y representaci\u00f3n de la ciudadan\u00eda, pues est\u00e1 representada a trav\u00e9s de los Comit\u00e9s Ciudadanos en el \u00d3rgano Dictaminador.<\/p>\n\n\n\n<p>Finalmente, en el juicio&nbsp;<strong>TECDMX-JLDC-1382\/2019<\/strong>, promovido por el Concejo Aut\u00f3nomo de Gobierno del Pueblo San Luis Tlaxialtemalco en contra del&nbsp;oficio emitido por el Director General de Participaci\u00f3n Ciudadana de la Alcald\u00eda Xochimilco; el Pleno determin\u00f3<strong>revocar dicho oficio<\/strong>&nbsp;pues el citado director no cuenta con las atribuciones para dar respuesta, sino que es una facultad conferida a la persona titular de la Alcald\u00eda, quien deber\u00e1 dar respuesta a la solicitud realizada por el Concejo del Pueblo.<\/p>\n\n\n\n<p><strong>o-O-o<\/strong><\/p>\n\n\n\n<p><strong>* Los criterios para las resoluciones de este Pleno son coincidentes.<\/strong><\/p>\n","protected":false},"excerpt":{"rendered":"<p>Las Magistraturas integrantes del Pleno del Tribunal Electoral de la Ciudad de M\u00e9xico (TECDMX) celebraron Sesi\u00f3n P\u00fablica, en la que resolvieron cuatro Juicios Electorales (JEL) y seis Juicios para la [&hellip;]<\/p>\n","protected":false},"author":13,"featured_media":16686,"comment_status":"open","ping_status":"open","sticky":false,"template":"","format":"standard","meta":{"_acf_changed":false,"_exactmetrics_skip_tracking":false,"_exactmetrics_sitenote_active":false,"_exactmetrics_sitenote_note":"","_exactmetrics_sitenote_category":0,"footnotes":""},"categories":[32,47],"tags":[],"acf":[],"yoast_head":"<!-- This site is optimized with the Yoast SEO plugin v22.3 - https:\/\/yoast.com\/wordpress\/plugins\/seo\/ -->\n<title>Ordena TECDMX separar del cargo a dos funcionarias del Comit\u00e9 Ciudadano de la colonia Guadalupe Tepeyac en la Alcald\u00eda Gustavo A. Madero - Tribunal Electoral de la Ciudad de M\u00e9xico<\/title>\n<meta name=\"robots\" content=\"index, follow, max-snippet:-1, max-image-preview:large, max-video-preview:-1\" \/>\n<link rel=\"canonical\" href=\"https:\/\/www.tecdmx.org.mx\/index.php\/comunicados\/2019\/12\/13\/ordena-tecdmx-separar-del-cargo-a-dos-funcionarias-del-comite-ciudadano-de-la-colonia-guadalupe-tepeyac-en-la-alcaldia-gustavo-a-madero\/\" \/>\n<meta property=\"og:locale\" content=\"es_ES\" \/>\n<meta property=\"og:type\" content=\"article\" \/>\n<meta property=\"og:title\" content=\"Ordena TECDMX separar del cargo a dos funcionarias del Comit\u00e9 Ciudadano de la colonia Guadalupe Tepeyac en la Alcald\u00eda Gustavo A. Madero - Tribunal Electoral de la Ciudad de M\u00e9xico\" \/>\n<meta property=\"og:description\" content=\"Las Magistraturas integrantes del Pleno del Tribunal Electoral de la Ciudad de M\u00e9xico (TECDMX) celebraron Sesi\u00f3n P\u00fablica, en la que resolvieron cuatro Juicios Electorales (JEL) y seis Juicios para la [&hellip;]\" \/>\n<meta property=\"og:url\" content=\"https:\/\/www.tecdmx.org.mx\/index.php\/comunicados\/2019\/12\/13\/ordena-tecdmx-separar-del-cargo-a-dos-funcionarias-del-comite-ciudadano-de-la-colonia-guadalupe-tepeyac-en-la-alcaldia-gustavo-a-madero\/\" \/>\n<meta property=\"og:site_name\" content=\"Tribunal Electoral de la Ciudad de M\u00e9xico\" \/>\n<meta property=\"article:publisher\" content=\"https:\/\/www.facebook.com\/TECDMX\/\" \/>\n<meta property=\"article:published_time\" content=\"2019-12-13T00:36:40+00:00\" \/>\n<meta property=\"article:modified_time\" content=\"2019-12-13T00:36:41+00:00\" \/>\n<meta property=\"og:image\" content=\"https:\/\/www.tecdmx.org.mx\/wp-content\/uploads\/2019\/12\/Foto-SP-scaled.jpg\" \/>\n\t<meta property=\"og:image:width\" content=\"2560\" \/>\n\t<meta property=\"og:image:height\" content=\"1707\" \/>\n\t<meta property=\"og:image:type\" content=\"image\/jpeg\" \/>\n<meta name=\"author\" content=\"Difusion2025\" \/>\n<meta name=\"twitter:card\" content=\"summary_large_image\" \/>\n<meta name=\"twitter:creator\" content=\"@tecdmx\" \/>\n<meta name=\"twitter:site\" content=\"@tecdmx\" \/>\n<meta name=\"twitter:label1\" content=\"Escrito por\" \/>\n\t<meta name=\"twitter:data1\" content=\"Difusion2025\" \/>\n\t<meta name=\"twitter:label2\" content=\"Tiempo de lectura\" \/>\n\t<meta name=\"twitter:data2\" content=\"5 minutos\" \/>\n<script type=\"application\/ld+json\" class=\"yoast-schema-graph\">{\"@context\":\"https:\/\/schema.org\",\"@graph\":[{\"@type\":\"WebPage\",\"@id\":\"https:\/\/www.tecdmx.org.mx\/index.php\/comunicados\/2019\/12\/13\/ordena-tecdmx-separar-del-cargo-a-dos-funcionarias-del-comite-ciudadano-de-la-colonia-guadalupe-tepeyac-en-la-alcaldia-gustavo-a-madero\/\",\"url\":\"https:\/\/www.tecdmx.org.mx\/index.php\/comunicados\/2019\/12\/13\/ordena-tecdmx-separar-del-cargo-a-dos-funcionarias-del-comite-ciudadano-de-la-colonia-guadalupe-tepeyac-en-la-alcaldia-gustavo-a-madero\/\",\"name\":\"Ordena TECDMX separar del cargo a dos funcionarias del Comit\u00e9 Ciudadano de la colonia Guadalupe Tepeyac en la Alcald\u00eda Gustavo A. Madero - Tribunal Electoral de la Ciudad de M\u00e9xico\",\"isPartOf\":{\"@id\":\"https:\/\/www.tecdmx.org.mx\/#website\"},\"primaryImageOfPage\":{\"@id\":\"https:\/\/www.tecdmx.org.mx\/index.php\/comunicados\/2019\/12\/13\/ordena-tecdmx-separar-del-cargo-a-dos-funcionarias-del-comite-ciudadano-de-la-colonia-guadalupe-tepeyac-en-la-alcaldia-gustavo-a-madero\/#primaryimage\"},\"image\":{\"@id\":\"https:\/\/www.tecdmx.org.mx\/index.php\/comunicados\/2019\/12\/13\/ordena-tecdmx-separar-del-cargo-a-dos-funcionarias-del-comite-ciudadano-de-la-colonia-guadalupe-tepeyac-en-la-alcaldia-gustavo-a-madero\/#primaryimage\"},\"thumbnailUrl\":\"https:\/\/www.tecdmx.org.mx\/wp-content\/uploads\/2019\/12\/Foto-SP-scaled.jpg\",\"datePublished\":\"2019-12-13T00:36:40+00:00\",\"dateModified\":\"2019-12-13T00:36:41+00:00\",\"author\":{\"@id\":\"https:\/\/www.tecdmx.org.mx\/#\/schema\/person\/208c898199fb3234203823c5f0cf31d6\"},\"breadcrumb\":{\"@id\":\"https:\/\/www.tecdmx.org.mx\/index.php\/comunicados\/2019\/12\/13\/ordena-tecdmx-separar-del-cargo-a-dos-funcionarias-del-comite-ciudadano-de-la-colonia-guadalupe-tepeyac-en-la-alcaldia-gustavo-a-madero\/#breadcrumb\"},\"inLanguage\":\"es\",\"potentialAction\":[{\"@type\":\"ReadAction\",\"target\":[\"https:\/\/www.tecdmx.org.mx\/index.php\/comunicados\/2019\/12\/13\/ordena-tecdmx-separar-del-cargo-a-dos-funcionarias-del-comite-ciudadano-de-la-colonia-guadalupe-tepeyac-en-la-alcaldia-gustavo-a-madero\/\"]}]},{\"@type\":\"ImageObject\",\"inLanguage\":\"es\",\"@id\":\"https:\/\/www.tecdmx.org.mx\/index.php\/comunicados\/2019\/12\/13\/ordena-tecdmx-separar-del-cargo-a-dos-funcionarias-del-comite-ciudadano-de-la-colonia-guadalupe-tepeyac-en-la-alcaldia-gustavo-a-madero\/#primaryimage\",\"url\":\"https:\/\/www.tecdmx.org.mx\/wp-content\/uploads\/2019\/12\/Foto-SP-scaled.jpg\",\"contentUrl\":\"https:\/\/www.tecdmx.org.mx\/wp-content\/uploads\/2019\/12\/Foto-SP-scaled.jpg\",\"width\":2560,\"height\":1707},{\"@type\":\"BreadcrumbList\",\"@id\":\"https:\/\/www.tecdmx.org.mx\/index.php\/comunicados\/2019\/12\/13\/ordena-tecdmx-separar-del-cargo-a-dos-funcionarias-del-comite-ciudadano-de-la-colonia-guadalupe-tepeyac-en-la-alcaldia-gustavo-a-madero\/#breadcrumb\",\"itemListElement\":[{\"@type\":\"ListItem\",\"position\":1,\"name\":\"Portada\",\"item\":\"https:\/\/www.tecdmx.org.mx\/\"},{\"@type\":\"ListItem\",\"position\":2,\"name\":\"Ordena TECDMX separar del cargo a dos funcionarias del Comit\u00e9 Ciudadano de la colonia Guadalupe Tepeyac en la Alcald\u00eda Gustavo A. Madero\"}]},{\"@type\":\"WebSite\",\"@id\":\"https:\/\/www.tecdmx.org.mx\/#website\",\"url\":\"https:\/\/www.tecdmx.org.mx\/\",\"name\":\"Tribunal Electoral de la Ciudad de M\u00e9xico\",\"description\":\"25 a\u00f1os garantizando justicia en tu elecci\u00f3n\",\"potentialAction\":[{\"@type\":\"SearchAction\",\"target\":{\"@type\":\"EntryPoint\",\"urlTemplate\":\"https:\/\/www.tecdmx.org.mx\/?s={search_term_string}\"},\"query-input\":\"required name=search_term_string\"}],\"inLanguage\":\"es\"},{\"@type\":\"Person\",\"@id\":\"https:\/\/www.tecdmx.org.mx\/#\/schema\/person\/208c898199fb3234203823c5f0cf31d6\",\"name\":\"Difusion2025\",\"image\":{\"@type\":\"ImageObject\",\"inLanguage\":\"es\",\"@id\":\"https:\/\/www.tecdmx.org.mx\/#\/schema\/person\/image\/\",\"url\":\"https:\/\/secure.gravatar.com\/avatar\/6f7a4ba3acb418040e90a2eb99b5df28?s=96&d=mm&r=g\",\"contentUrl\":\"https:\/\/secure.gravatar.com\/avatar\/6f7a4ba3acb418040e90a2eb99b5df28?s=96&d=mm&r=g\",\"caption\":\"Difusion2025\"}}]}<\/script>\n<!-- \/ Yoast SEO plugin. -->","yoast_head_json":{"title":"Ordena TECDMX separar del cargo a dos funcionarias del Comit\u00e9 Ciudadano de la colonia Guadalupe Tepeyac en la Alcald\u00eda Gustavo A. Madero - Tribunal Electoral de la Ciudad de M\u00e9xico","robots":{"index":"index","follow":"follow","max-snippet":"max-snippet:-1","max-image-preview":"max-image-preview:large","max-video-preview":"max-video-preview:-1"},"canonical":"https:\/\/www.tecdmx.org.mx\/index.php\/comunicados\/2019\/12\/13\/ordena-tecdmx-separar-del-cargo-a-dos-funcionarias-del-comite-ciudadano-de-la-colonia-guadalupe-tepeyac-en-la-alcaldia-gustavo-a-madero\/","og_locale":"es_ES","og_type":"article","og_title":"Ordena TECDMX separar del cargo a dos funcionarias del Comit\u00e9 Ciudadano de la colonia Guadalupe Tepeyac en la Alcald\u00eda Gustavo A. Madero - Tribunal Electoral de la Ciudad de M\u00e9xico","og_description":"Las Magistraturas integrantes del Pleno del Tribunal Electoral de la Ciudad de M\u00e9xico (TECDMX) celebraron Sesi\u00f3n P\u00fablica, en la que resolvieron cuatro Juicios Electorales (JEL) y seis Juicios para la [&hellip;]","og_url":"https:\/\/www.tecdmx.org.mx\/index.php\/comunicados\/2019\/12\/13\/ordena-tecdmx-separar-del-cargo-a-dos-funcionarias-del-comite-ciudadano-de-la-colonia-guadalupe-tepeyac-en-la-alcaldia-gustavo-a-madero\/","og_site_name":"Tribunal Electoral de la Ciudad de M\u00e9xico","article_publisher":"https:\/\/www.facebook.com\/TECDMX\/","article_published_time":"2019-12-13T00:36:40+00:00","article_modified_time":"2019-12-13T00:36:41+00:00","og_image":[{"width":2560,"height":1707,"url":"https:\/\/www.tecdmx.org.mx\/wp-content\/uploads\/2019\/12\/Foto-SP-scaled.jpg","type":"image\/jpeg"}],"author":"Difusion2025","twitter_card":"summary_large_image","twitter_creator":"@tecdmx","twitter_site":"@tecdmx","twitter_misc":{"Escrito por":"Difusion2025","Tiempo de lectura":"5 minutos"},"schema":{"@context":"https:\/\/schema.org","@graph":[{"@type":"WebPage","@id":"https:\/\/www.tecdmx.org.mx\/index.php\/comunicados\/2019\/12\/13\/ordena-tecdmx-separar-del-cargo-a-dos-funcionarias-del-comite-ciudadano-de-la-colonia-guadalupe-tepeyac-en-la-alcaldia-gustavo-a-madero\/","url":"https:\/\/www.tecdmx.org.mx\/index.php\/comunicados\/2019\/12\/13\/ordena-tecdmx-separar-del-cargo-a-dos-funcionarias-del-comite-ciudadano-de-la-colonia-guadalupe-tepeyac-en-la-alcaldia-gustavo-a-madero\/","name":"Ordena TECDMX separar del cargo a dos funcionarias del Comit\u00e9 Ciudadano de la colonia Guadalupe Tepeyac en la Alcald\u00eda Gustavo A. Madero - Tribunal Electoral de la Ciudad de M\u00e9xico","isPartOf":{"@id":"https:\/\/www.tecdmx.org.mx\/#website"},"primaryImageOfPage":{"@id":"https:\/\/www.tecdmx.org.mx\/index.php\/comunicados\/2019\/12\/13\/ordena-tecdmx-separar-del-cargo-a-dos-funcionarias-del-comite-ciudadano-de-la-colonia-guadalupe-tepeyac-en-la-alcaldia-gustavo-a-madero\/#primaryimage"},"image":{"@id":"https:\/\/www.tecdmx.org.mx\/index.php\/comunicados\/2019\/12\/13\/ordena-tecdmx-separar-del-cargo-a-dos-funcionarias-del-comite-ciudadano-de-la-colonia-guadalupe-tepeyac-en-la-alcaldia-gustavo-a-madero\/#primaryimage"},"thumbnailUrl":"https:\/\/www.tecdmx.org.mx\/wp-content\/uploads\/2019\/12\/Foto-SP-scaled.jpg","datePublished":"2019-12-13T00:36:40+00:00","dateModified":"2019-12-13T00:36:41+00:00","author":{"@id":"https:\/\/www.tecdmx.org.mx\/#\/schema\/person\/208c898199fb3234203823c5f0cf31d6"},"breadcrumb":{"@id":"https:\/\/www.tecdmx.org.mx\/index.php\/comunicados\/2019\/12\/13\/ordena-tecdmx-separar-del-cargo-a-dos-funcionarias-del-comite-ciudadano-de-la-colonia-guadalupe-tepeyac-en-la-alcaldia-gustavo-a-madero\/#breadcrumb"},"inLanguage":"es","potentialAction":[{"@type":"ReadAction","target":["https:\/\/www.tecdmx.org.mx\/index.php\/comunicados\/2019\/12\/13\/ordena-tecdmx-separar-del-cargo-a-dos-funcionarias-del-comite-ciudadano-de-la-colonia-guadalupe-tepeyac-en-la-alcaldia-gustavo-a-madero\/"]}]},{"@type":"ImageObject","inLanguage":"es","@id":"https:\/\/www.tecdmx.org.mx\/index.php\/comunicados\/2019\/12\/13\/ordena-tecdmx-separar-del-cargo-a-dos-funcionarias-del-comite-ciudadano-de-la-colonia-guadalupe-tepeyac-en-la-alcaldia-gustavo-a-madero\/#primaryimage","url":"https:\/\/www.tecdmx.org.mx\/wp-content\/uploads\/2019\/12\/Foto-SP-scaled.jpg","contentUrl":"https:\/\/www.tecdmx.org.mx\/wp-content\/uploads\/2019\/12\/Foto-SP-scaled.jpg","width":2560,"height":1707},{"@type":"BreadcrumbList","@id":"https:\/\/www.tecdmx.org.mx\/index.php\/comunicados\/2019\/12\/13\/ordena-tecdmx-separar-del-cargo-a-dos-funcionarias-del-comite-ciudadano-de-la-colonia-guadalupe-tepeyac-en-la-alcaldia-gustavo-a-madero\/#breadcrumb","itemListElement":[{"@type":"ListItem","position":1,"name":"Portada","item":"https:\/\/www.tecdmx.org.mx\/"},{"@type":"ListItem","position":2,"name":"Ordena TECDMX separar del cargo a dos funcionarias del Comit\u00e9 Ciudadano de la colonia Guadalupe Tepeyac en la Alcald\u00eda Gustavo A. Madero"}]},{"@type":"WebSite","@id":"https:\/\/www.tecdmx.org.mx\/#website","url":"https:\/\/www.tecdmx.org.mx\/","name":"Tribunal Electoral de la Ciudad de M\u00e9xico","description":"25 a\u00f1os garantizando justicia en tu elecci\u00f3n","potentialAction":[{"@type":"SearchAction","target":{"@type":"EntryPoint","urlTemplate":"https:\/\/www.tecdmx.org.mx\/?s={search_term_string}"},"query-input":"required name=search_term_string"}],"inLanguage":"es"},{"@type":"Person","@id":"https:\/\/www.tecdmx.org.mx\/#\/schema\/person\/208c898199fb3234203823c5f0cf31d6","name":"Difusion2025","image":{"@type":"ImageObject","inLanguage":"es","@id":"https:\/\/www.tecdmx.org.mx\/#\/schema\/person\/image\/","url":"https:\/\/secure.gravatar.com\/avatar\/6f7a4ba3acb418040e90a2eb99b5df28?s=96&d=mm&r=g","contentUrl":"https:\/\/secure.gravatar.com\/avatar\/6f7a4ba3acb418040e90a2eb99b5df28?s=96&d=mm&r=g","caption":"Difusion2025"}}]}},"_links":{"self":[{"href":"https:\/\/www.tecdmx.org.mx\/index.php\/wp-json\/wp\/v2\/posts\/16685"}],"collection":[{"href":"https:\/\/www.tecdmx.org.mx\/index.php\/wp-json\/wp\/v2\/posts"}],"about":[{"href":"https:\/\/www.tecdmx.org.mx\/index.php\/wp-json\/wp\/v2\/types\/post"}],"author":[{"embeddable":true,"href":"https:\/\/www.tecdmx.org.mx\/index.php\/wp-json\/wp\/v2\/users\/13"}],"replies":[{"embeddable":true,"href":"https:\/\/www.tecdmx.org.mx\/index.php\/wp-json\/wp\/v2\/comments?post=16685"}],"version-history":[{"count":2,"href":"https:\/\/www.tecdmx.org.mx\/index.php\/wp-json\/wp\/v2\/posts\/16685\/revisions"}],"predecessor-version":[{"id":16688,"href":"https:\/\/www.tecdmx.org.mx\/index.php\/wp-json\/wp\/v2\/posts\/16685\/revisions\/16688"}],"wp:featuredmedia":[{"embeddable":true,"href":"https:\/\/www.tecdmx.org.mx\/index.php\/wp-json\/wp\/v2\/media\/16686"}],"wp:attachment":[{"href":"https:\/\/www.tecdmx.org.mx\/index.php\/wp-json\/wp\/v2\/media?parent=16685"}],"wp:term":[{"taxonomy":"category","embeddable":true,"href":"https:\/\/www.tecdmx.org.mx\/index.php\/wp-json\/wp\/v2\/categories?post=16685"},{"taxonomy":"post_tag","embeddable":true,"href":"https:\/\/www.tecdmx.org.mx\/index.php\/wp-json\/wp\/v2\/tags?post=16685"}],"curies":[{"name":"wp","href":"https:\/\/api.w.org\/{rel}","templated":true}]}}