{"id":16830,"date":"2019-12-18T19:45:00","date_gmt":"2019-12-18T19:45:00","guid":{"rendered":"https:\/\/www.tecdmx.org.mx\/?p=16830"},"modified":"2019-12-19T19:45:53","modified_gmt":"2019-12-19T19:45:53","slug":"4a-sesion-ordinaria-del-comite-de-genero-y-derechos-humanos-del-tecdmx","status":"publish","type":"post","link":"https:\/\/www.tecdmx.org.mx\/index.php\/eventos\/2019\/12\/18\/4a-sesion-ordinaria-del-comite-de-genero-y-derechos-humanos-del-tecdmx\/","title":{"rendered":"4\u00aa Sesi\u00f3n Ordinaria del Comit\u00e9 de G\u00e9nero y Derechos Humanos del TECDMX"},"content":{"rendered":"\n<p>Se llev\u00f3 a cabo la 4\u00aa Sesi\u00f3n Ordinaria de 2019 del Comit\u00e9 de G\u00e9nero y Derechos Humanos del TECDMX, en el que se present\u00f3 el Informe de Actividades tanto al interior como de car\u00e1cter interinstitucional. La sesi\u00f3n fue encabezada por la Magistrada Martha Alejandra Ch\u00e1vez Camarena y cont\u00f3 con la participaci\u00f3n del Magistrado Presidente, Gustavo Anzaldo Hern\u00e1ndez, y los Magistrados Juan Carlos S\u00e1nchez Le\u00f3n y Armando Ambriz Hern\u00e1ndez.<\/p>\n\n\n\n<figure class=\"wp-block-gallery columns-2 is-cropped wp-block-gallery-1 is-layout-flex wp-block-gallery-is-layout-flex\"><ul class=\"blocks-gallery-grid\"><li class=\"blocks-gallery-item\"><figure><img loading=\"lazy\" decoding=\"async\" width=\"525\" height=\"350\" src=\"https:\/\/www.tecdmx.org.mx\/wp-content\/uploads\/2019\/12\/02-14-525x350.jpg\" alt=\"\" data-id=\"16834\" data-full-url=\"https:\/\/www.tecdmx.org.mx\/wp-content\/uploads\/2019\/12\/02-14.jpg\" data-link=\"https:\/\/www.tecdmx.org.mx\/?attachment_id=16834\" class=\"wp-image-16834\" srcset=\"https:\/\/www.tecdmx.org.mx\/wp-content\/uploads\/2019\/12\/02-14-375x250.jpg 375w, https:\/\/www.tecdmx.org.mx\/wp-content\/uploads\/2019\/12\/02-14-525x350.jpg 525w, https:\/\/www.tecdmx.org.mx\/wp-content\/uploads\/2019\/12\/02-14-768x512.jpg 768w, https:\/\/www.tecdmx.org.mx\/wp-content\/uploads\/2019\/12\/02-14.jpg 1280w\" sizes=\"(max-width: 525px) 100vw, 525px\" \/><\/figure><\/li><li class=\"blocks-gallery-item\"><figure><img loading=\"lazy\" decoding=\"async\" width=\"525\" height=\"350\" src=\"https:\/\/www.tecdmx.org.mx\/wp-content\/uploads\/2019\/12\/03-11-525x350.jpg\" alt=\"\" data-id=\"16835\" data-full-url=\"https:\/\/www.tecdmx.org.mx\/wp-content\/uploads\/2019\/12\/03-11.jpg\" data-link=\"https:\/\/www.tecdmx.org.mx\/?attachment_id=16835\" class=\"wp-image-16835\" srcset=\"https:\/\/www.tecdmx.org.mx\/wp-content\/uploads\/2019\/12\/03-11-375x250.jpg 375w, https:\/\/www.tecdmx.org.mx\/wp-content\/uploads\/2019\/12\/03-11-525x350.jpg 525w, https:\/\/www.tecdmx.org.mx\/wp-content\/uploads\/2019\/12\/03-11-768x512.jpg 768w, https:\/\/www.tecdmx.org.mx\/wp-content\/uploads\/2019\/12\/03-11.jpg 1280w\" sizes=\"(max-width: 525px) 100vw, 525px\" \/><\/figure><\/li><\/ul><\/figure>\n","protected":false},"excerpt":{"rendered":"<p>Se llev\u00f3 a cabo la 4\u00aa Sesi\u00f3n Ordinaria de 2019 del Comit\u00e9 de G\u00e9nero y Derechos Humanos del TECDMX, en el que se present\u00f3 el Informe de Actividades tanto al interior como de car\u00e1cter interinstitucional. La sesi\u00f3n fue encabezada por la Magistrada Martha Alejandra Ch\u00e1vez Camarena y cont\u00f3 con la participaci\u00f3n del Magistrado Presidente, Gustavo Anzaldo Hern\u00e1ndez, y los Magistrados Juan Carlos S\u00e1nchez Le\u00f3n y Armando Ambriz Hern\u00e1ndez.<\/p>\n","protected":false},"author":13,"featured_media":16832,"comment_status":"open","ping_status":"open","sticky":false,"template":"","format":"standard","meta":{"_acf_changed":false,"_exactmetrics_skip_tracking":false,"_exactmetrics_sitenote_active":false,"_exactmetrics_sitenote_note":"","_exactmetrics_sitenote_category":0,"footnotes":""},"categories":[47,40],"tags":[],"acf":[],"yoast_head":"<!-- This site is optimized with the Yoast SEO plugin v22.3 - https:\/\/yoast.com\/wordpress\/plugins\/seo\/ -->\n<title>4\u00aa Sesi\u00f3n Ordinaria del Comit\u00e9 de G\u00e9nero y Derechos Humanos del TECDMX - Tribunal Electoral de la Ciudad de M\u00e9xico<\/title>\n<meta name=\"robots\" content=\"index, follow, max-snippet:-1, max-image-preview:large, max-video-preview:-1\" \/>\n<link rel=\"canonical\" href=\"https:\/\/www.tecdmx.org.mx\/index.php\/eventos\/2019\/12\/18\/4a-sesion-ordinaria-del-comite-de-genero-y-derechos-humanos-del-tecdmx\/\" \/>\n<meta property=\"og:locale\" content=\"es_ES\" \/>\n<meta property=\"og:type\" content=\"article\" \/>\n<meta property=\"og:title\" content=\"4\u00aa Sesi\u00f3n Ordinaria del Comit\u00e9 de G\u00e9nero y Derechos Humanos del TECDMX - Tribunal Electoral de la Ciudad de M\u00e9xico\" \/>\n<meta property=\"og:description\" content=\"Se llev\u00f3 a cabo la 4\u00aa Sesi\u00f3n Ordinaria de 2019 del Comit\u00e9 de G\u00e9nero y Derechos Humanos del TECDMX, en el que se present\u00f3 el Informe de Actividades tanto al interior como de car\u00e1cter interinstitucional. La sesi\u00f3n fue encabezada por la Magistrada Martha Alejandra Ch\u00e1vez Camarena y cont\u00f3 con la participaci\u00f3n del Magistrado Presidente, Gustavo Anzaldo Hern\u00e1ndez, y los Magistrados Juan Carlos S\u00e1nchez Le\u00f3n y Armando Ambriz Hern\u00e1ndez.\" \/>\n<meta property=\"og:url\" content=\"https:\/\/www.tecdmx.org.mx\/index.php\/eventos\/2019\/12\/18\/4a-sesion-ordinaria-del-comite-de-genero-y-derechos-humanos-del-tecdmx\/\" \/>\n<meta property=\"og:site_name\" content=\"Tribunal Electoral de la Ciudad de M\u00e9xico\" \/>\n<meta property=\"article:publisher\" content=\"https:\/\/www.facebook.com\/TECDMX\/\" \/>\n<meta property=\"article:published_time\" content=\"2019-12-18T19:45:00+00:00\" \/>\n<meta property=\"article:modified_time\" content=\"2019-12-19T19:45:53+00:00\" \/>\n<meta property=\"og:image\" content=\"https:\/\/www.tecdmx.org.mx\/wp-content\/uploads\/2019\/12\/02-13.jpg\" \/>\n\t<meta property=\"og:image:width\" content=\"1280\" \/>\n\t<meta property=\"og:image:height\" content=\"853\" \/>\n\t<meta property=\"og:image:type\" content=\"image\/jpeg\" \/>\n<meta name=\"author\" content=\"Difusion2025\" \/>\n<meta name=\"twitter:card\" content=\"summary_large_image\" \/>\n<meta name=\"twitter:creator\" content=\"@tecdmx\" \/>\n<meta name=\"twitter:site\" content=\"@tecdmx\" \/>\n<meta name=\"twitter:label1\" content=\"Escrito por\" \/>\n\t<meta name=\"twitter:data1\" content=\"Difusion2025\" \/>\n<script type=\"application\/ld+json\" class=\"yoast-schema-graph\">{\"@context\":\"https:\/\/schema.org\",\"@graph\":[{\"@type\":\"WebPage\",\"@id\":\"https:\/\/www.tecdmx.org.mx\/index.php\/eventos\/2019\/12\/18\/4a-sesion-ordinaria-del-comite-de-genero-y-derechos-humanos-del-tecdmx\/\",\"url\":\"https:\/\/www.tecdmx.org.mx\/index.php\/eventos\/2019\/12\/18\/4a-sesion-ordinaria-del-comite-de-genero-y-derechos-humanos-del-tecdmx\/\",\"name\":\"4\u00aa Sesi\u00f3n Ordinaria del Comit\u00e9 de G\u00e9nero y Derechos Humanos del TECDMX - Tribunal Electoral de la Ciudad de M\u00e9xico\",\"isPartOf\":{\"@id\":\"https:\/\/www.tecdmx.org.mx\/#website\"},\"primaryImageOfPage\":{\"@id\":\"https:\/\/www.tecdmx.org.mx\/index.php\/eventos\/2019\/12\/18\/4a-sesion-ordinaria-del-comite-de-genero-y-derechos-humanos-del-tecdmx\/#primaryimage\"},\"image\":{\"@id\":\"https:\/\/www.tecdmx.org.mx\/index.php\/eventos\/2019\/12\/18\/4a-sesion-ordinaria-del-comite-de-genero-y-derechos-humanos-del-tecdmx\/#primaryimage\"},\"thumbnailUrl\":\"https:\/\/www.tecdmx.org.mx\/wp-content\/uploads\/2019\/12\/02-13.jpg\",\"datePublished\":\"2019-12-18T19:45:00+00:00\",\"dateModified\":\"2019-12-19T19:45:53+00:00\",\"author\":{\"@id\":\"https:\/\/www.tecdmx.org.mx\/#\/schema\/person\/208c898199fb3234203823c5f0cf31d6\"},\"breadcrumb\":{\"@id\":\"https:\/\/www.tecdmx.org.mx\/index.php\/eventos\/2019\/12\/18\/4a-sesion-ordinaria-del-comite-de-genero-y-derechos-humanos-del-tecdmx\/#breadcrumb\"},\"inLanguage\":\"es\",\"potentialAction\":[{\"@type\":\"ReadAction\",\"target\":[\"https:\/\/www.tecdmx.org.mx\/index.php\/eventos\/2019\/12\/18\/4a-sesion-ordinaria-del-comite-de-genero-y-derechos-humanos-del-tecdmx\/\"]}]},{\"@type\":\"ImageObject\",\"inLanguage\":\"es\",\"@id\":\"https:\/\/www.tecdmx.org.mx\/index.php\/eventos\/2019\/12\/18\/4a-sesion-ordinaria-del-comite-de-genero-y-derechos-humanos-del-tecdmx\/#primaryimage\",\"url\":\"https:\/\/www.tecdmx.org.mx\/wp-content\/uploads\/2019\/12\/02-13.jpg\",\"contentUrl\":\"https:\/\/www.tecdmx.org.mx\/wp-content\/uploads\/2019\/12\/02-13.jpg\",\"width\":1280,\"height\":853},{\"@type\":\"BreadcrumbList\",\"@id\":\"https:\/\/www.tecdmx.org.mx\/index.php\/eventos\/2019\/12\/18\/4a-sesion-ordinaria-del-comite-de-genero-y-derechos-humanos-del-tecdmx\/#breadcrumb\",\"itemListElement\":[{\"@type\":\"ListItem\",\"position\":1,\"name\":\"Portada\",\"item\":\"https:\/\/www.tecdmx.org.mx\/\"},{\"@type\":\"ListItem\",\"position\":2,\"name\":\"4\u00aa Sesi\u00f3n Ordinaria del Comit\u00e9 de G\u00e9nero y Derechos Humanos del TECDMX\"}]},{\"@type\":\"WebSite\",\"@id\":\"https:\/\/www.tecdmx.org.mx\/#website\",\"url\":\"https:\/\/www.tecdmx.org.mx\/\",\"name\":\"Tribunal Electoral de la Ciudad de M\u00e9xico\",\"description\":\"25 a\u00f1os garantizando justicia en tu elecci\u00f3n\",\"potentialAction\":[{\"@type\":\"SearchAction\",\"target\":{\"@type\":\"EntryPoint\",\"urlTemplate\":\"https:\/\/www.tecdmx.org.mx\/?s={search_term_string}\"},\"query-input\":\"required name=search_term_string\"}],\"inLanguage\":\"es\"},{\"@type\":\"Person\",\"@id\":\"https:\/\/www.tecdmx.org.mx\/#\/schema\/person\/208c898199fb3234203823c5f0cf31d6\",\"name\":\"Difusion2025\",\"image\":{\"@type\":\"ImageObject\",\"inLanguage\":\"es\",\"@id\":\"https:\/\/www.tecdmx.org.mx\/#\/schema\/person\/image\/\",\"url\":\"https:\/\/secure.gravatar.com\/avatar\/6f7a4ba3acb418040e90a2eb99b5df28?s=96&d=mm&r=g\",\"contentUrl\":\"https:\/\/secure.gravatar.com\/avatar\/6f7a4ba3acb418040e90a2eb99b5df28?s=96&d=mm&r=g\",\"caption\":\"Difusion2025\"}}]}<\/script>\n<!-- \/ Yoast SEO plugin. -->","yoast_head_json":{"title":"4\u00aa Sesi\u00f3n Ordinaria del Comit\u00e9 de G\u00e9nero y Derechos Humanos del TECDMX - Tribunal Electoral de la Ciudad de M\u00e9xico","robots":{"index":"index","follow":"follow","max-snippet":"max-snippet:-1","max-image-preview":"max-image-preview:large","max-video-preview":"max-video-preview:-1"},"canonical":"https:\/\/www.tecdmx.org.mx\/index.php\/eventos\/2019\/12\/18\/4a-sesion-ordinaria-del-comite-de-genero-y-derechos-humanos-del-tecdmx\/","og_locale":"es_ES","og_type":"article","og_title":"4\u00aa Sesi\u00f3n Ordinaria del Comit\u00e9 de G\u00e9nero y Derechos Humanos del TECDMX - Tribunal Electoral de la Ciudad de M\u00e9xico","og_description":"Se llev\u00f3 a cabo la 4\u00aa Sesi\u00f3n Ordinaria de 2019 del Comit\u00e9 de G\u00e9nero y Derechos Humanos del TECDMX, en el que se present\u00f3 el Informe de Actividades tanto al interior como de car\u00e1cter interinstitucional. La sesi\u00f3n fue encabezada por la Magistrada Martha Alejandra Ch\u00e1vez Camarena y cont\u00f3 con la participaci\u00f3n del Magistrado Presidente, Gustavo Anzaldo Hern\u00e1ndez, y los Magistrados Juan Carlos S\u00e1nchez Le\u00f3n y Armando Ambriz Hern\u00e1ndez.","og_url":"https:\/\/www.tecdmx.org.mx\/index.php\/eventos\/2019\/12\/18\/4a-sesion-ordinaria-del-comite-de-genero-y-derechos-humanos-del-tecdmx\/","og_site_name":"Tribunal Electoral de la Ciudad de M\u00e9xico","article_publisher":"https:\/\/www.facebook.com\/TECDMX\/","article_published_time":"2019-12-18T19:45:00+00:00","article_modified_time":"2019-12-19T19:45:53+00:00","og_image":[{"width":1280,"height":853,"url":"https:\/\/www.tecdmx.org.mx\/wp-content\/uploads\/2019\/12\/02-13.jpg","type":"image\/jpeg"}],"author":"Difusion2025","twitter_card":"summary_large_image","twitter_creator":"@tecdmx","twitter_site":"@tecdmx","twitter_misc":{"Escrito por":"Difusion2025"},"schema":{"@context":"https:\/\/schema.org","@graph":[{"@type":"WebPage","@id":"https:\/\/www.tecdmx.org.mx\/index.php\/eventos\/2019\/12\/18\/4a-sesion-ordinaria-del-comite-de-genero-y-derechos-humanos-del-tecdmx\/","url":"https:\/\/www.tecdmx.org.mx\/index.php\/eventos\/2019\/12\/18\/4a-sesion-ordinaria-del-comite-de-genero-y-derechos-humanos-del-tecdmx\/","name":"4\u00aa Sesi\u00f3n Ordinaria del Comit\u00e9 de G\u00e9nero y Derechos Humanos del TECDMX - Tribunal Electoral de la Ciudad de M\u00e9xico","isPartOf":{"@id":"https:\/\/www.tecdmx.org.mx\/#website"},"primaryImageOfPage":{"@id":"https:\/\/www.tecdmx.org.mx\/index.php\/eventos\/2019\/12\/18\/4a-sesion-ordinaria-del-comite-de-genero-y-derechos-humanos-del-tecdmx\/#primaryimage"},"image":{"@id":"https:\/\/www.tecdmx.org.mx\/index.php\/eventos\/2019\/12\/18\/4a-sesion-ordinaria-del-comite-de-genero-y-derechos-humanos-del-tecdmx\/#primaryimage"},"thumbnailUrl":"https:\/\/www.tecdmx.org.mx\/wp-content\/uploads\/2019\/12\/02-13.jpg","datePublished":"2019-12-18T19:45:00+00:00","dateModified":"2019-12-19T19:45:53+00:00","author":{"@id":"https:\/\/www.tecdmx.org.mx\/#\/schema\/person\/208c898199fb3234203823c5f0cf31d6"},"breadcrumb":{"@id":"https:\/\/www.tecdmx.org.mx\/index.php\/eventos\/2019\/12\/18\/4a-sesion-ordinaria-del-comite-de-genero-y-derechos-humanos-del-tecdmx\/#breadcrumb"},"inLanguage":"es","potentialAction":[{"@type":"ReadAction","target":["https:\/\/www.tecdmx.org.mx\/index.php\/eventos\/2019\/12\/18\/4a-sesion-ordinaria-del-comite-de-genero-y-derechos-humanos-del-tecdmx\/"]}]},{"@type":"ImageObject","inLanguage":"es","@id":"https:\/\/www.tecdmx.org.mx\/index.php\/eventos\/2019\/12\/18\/4a-sesion-ordinaria-del-comite-de-genero-y-derechos-humanos-del-tecdmx\/#primaryimage","url":"https:\/\/www.tecdmx.org.mx\/wp-content\/uploads\/2019\/12\/02-13.jpg","contentUrl":"https:\/\/www.tecdmx.org.mx\/wp-content\/uploads\/2019\/12\/02-13.jpg","width":1280,"height":853},{"@type":"BreadcrumbList","@id":"https:\/\/www.tecdmx.org.mx\/index.php\/eventos\/2019\/12\/18\/4a-sesion-ordinaria-del-comite-de-genero-y-derechos-humanos-del-tecdmx\/#breadcrumb","itemListElement":[{"@type":"ListItem","position":1,"name":"Portada","item":"https:\/\/www.tecdmx.org.mx\/"},{"@type":"ListItem","position":2,"name":"4\u00aa Sesi\u00f3n Ordinaria del Comit\u00e9 de G\u00e9nero y Derechos Humanos del TECDMX"}]},{"@type":"WebSite","@id":"https:\/\/www.tecdmx.org.mx\/#website","url":"https:\/\/www.tecdmx.org.mx\/","name":"Tribunal Electoral de la Ciudad de M\u00e9xico","description":"25 a\u00f1os garantizando justicia en tu elecci\u00f3n","potentialAction":[{"@type":"SearchAction","target":{"@type":"EntryPoint","urlTemplate":"https:\/\/www.tecdmx.org.mx\/?s={search_term_string}"},"query-input":"required name=search_term_string"}],"inLanguage":"es"},{"@type":"Person","@id":"https:\/\/www.tecdmx.org.mx\/#\/schema\/person\/208c898199fb3234203823c5f0cf31d6","name":"Difusion2025","image":{"@type":"ImageObject","inLanguage":"es","@id":"https:\/\/www.tecdmx.org.mx\/#\/schema\/person\/image\/","url":"https:\/\/secure.gravatar.com\/avatar\/6f7a4ba3acb418040e90a2eb99b5df28?s=96&d=mm&r=g","contentUrl":"https:\/\/secure.gravatar.com\/avatar\/6f7a4ba3acb418040e90a2eb99b5df28?s=96&d=mm&r=g","caption":"Difusion2025"}}]}},"_links":{"self":[{"href":"https:\/\/www.tecdmx.org.mx\/index.php\/wp-json\/wp\/v2\/posts\/16830"}],"collection":[{"href":"https:\/\/www.tecdmx.org.mx\/index.php\/wp-json\/wp\/v2\/posts"}],"about":[{"href":"https:\/\/www.tecdmx.org.mx\/index.php\/wp-json\/wp\/v2\/types\/post"}],"author":[{"embeddable":true,"href":"https:\/\/www.tecdmx.org.mx\/index.php\/wp-json\/wp\/v2\/users\/13"}],"replies":[{"embeddable":true,"href":"https:\/\/www.tecdmx.org.mx\/index.php\/wp-json\/wp\/v2\/comments?post=16830"}],"version-history":[{"count":1,"href":"https:\/\/www.tecdmx.org.mx\/index.php\/wp-json\/wp\/v2\/posts\/16830\/revisions"}],"predecessor-version":[{"id":16836,"href":"https:\/\/www.tecdmx.org.mx\/index.php\/wp-json\/wp\/v2\/posts\/16830\/revisions\/16836"}],"wp:featuredmedia":[{"embeddable":true,"href":"https:\/\/www.tecdmx.org.mx\/index.php\/wp-json\/wp\/v2\/media\/16832"}],"wp:attachment":[{"href":"https:\/\/www.tecdmx.org.mx\/index.php\/wp-json\/wp\/v2\/media?parent=16830"}],"wp:term":[{"taxonomy":"category","embeddable":true,"href":"https:\/\/www.tecdmx.org.mx\/index.php\/wp-json\/wp\/v2\/categories?post=16830"},{"taxonomy":"post_tag","embeddable":true,"href":"https:\/\/www.tecdmx.org.mx\/index.php\/wp-json\/wp\/v2\/tags?post=16830"}],"curies":[{"name":"wp","href":"https:\/\/api.w.org\/{rel}","templated":true}]}}