{"id":16837,"date":"2019-12-19T20:39:21","date_gmt":"2019-12-19T20:39:21","guid":{"rendered":"https:\/\/www.tecdmx.org.mx\/?p=16837"},"modified":"2019-12-19T20:39:23","modified_gmt":"2019-12-19T20:39:23","slug":"resuelve-tecdmx-convocatorias-relativas-al-pueblo-san-pedro-martir","status":"publish","type":"post","link":"https:\/\/www.tecdmx.org.mx\/index.php\/comunicados\/2019\/12\/19\/resuelve-tecdmx-convocatorias-relativas-al-pueblo-san-pedro-martir\/","title":{"rendered":"Resuelve TECDMX Convocatorias relativas al Pueblo San Pedro M\u00e1rtir"},"content":{"rendered":"\n<p><strong>Resuelve TECDMX Convocatorias relativas al Pueblo San Pedro M\u00e1rtir<\/strong><\/p>\n\n\n\n<p>\u00b7&nbsp;&nbsp;&nbsp;&nbsp;&nbsp;&nbsp;&nbsp;Las diversas convocatorias fueron emitidas por la Alcald\u00eda de Tlalpan y la&nbsp;Comisi\u00f3n Sociocultural y Deportiva del Pueblo San Pedro M\u00e1rtir.<\/p>\n\n\n\n<p>\u00b7&nbsp;&nbsp;&nbsp;&nbsp;&nbsp;&nbsp;&nbsp;Se tom\u00f3 por no presentada una demanda que controvert\u00eda un Informe relacionado con la selecci\u00f3n de personal eventual para el IECM en 2020.<\/p>\n\n\n\n<p>El Pleno del Tribunal Electoral de la Ciudad de M\u00e9xico (TECDMX), celebr\u00f3 Sesi\u00f3n P\u00fablica con el fin de resolver un Juicio Electoral (JEL) y dos Juicios para la Protecci\u00f3n de los Derechos Pol\u00edtico-Electorales de la Ciudadan\u00eda (JLDC).<\/p>\n\n\n\n<p>Al resolver el juicio&nbsp;<strong>TECDMX-JLDC-1376\/2019<\/strong>, promovido por Juan Felipe Nava Garc\u00eda, en el que controvirti\u00f3&nbsp;la convocatoria para la Asamblea General Comunitaria del Pueblo de San Pedro M\u00e1rtir, al considerar que la Comisi\u00f3n Sociocultural y Deportiva de dicho pueblo carece de atribuciones para convocar a una Asamblea General para llevar a cabo la designaci\u00f3n de autoridades tradicionales; el Pleno determin\u00f3&nbsp;<strong>confirmar la Convocatoria<\/strong>.<\/p>\n\n\n\n<p>Lo anterior, al considerar infundados los agravios ya que, dicha Asamblea, fue realizada para informar sobre el estado que guardaban las instalaciones de la Subdelegaci\u00f3n hasta ese momento y no para realizar actos tendentes a la elecci\u00f3n de la autoridad tradicional de la comunidad.&nbsp;&nbsp;<\/p>\n\n\n\n<p>Sobre el juicio&nbsp;<strong>TECDMX-JLDC-1379\/2019<\/strong>, promovido por Julieta Mart\u00ednez Ju\u00e1rez en contra de la Convocatoria a la Asamblea General del Pueblo de San Pedro M\u00e1rtir emitida por la Alcald\u00eda de Tlalpan con el objeto de determinar qu\u00e9 \u00f3rgano autoriza la asamblea para la firma de la convocatoria con la que se dar\u00e1 inici\u00f3 a los actos de cumplimiento y ejecuci\u00f3n de la sentencia del Juicio de la Ciudadan\u00eda 141\/2019 de la Sala Regional Ciudad de M\u00e9xico del Tribunal Electoral del Poder Judicial de la Federaci\u00f3n; el Pleno determin\u00f3&nbsp;<strong>confirmar la Convocatoria.<\/strong><\/p>\n\n\n\n<p>Lo anterior, ya que tanto la Convocatoria como la mencionada Asamblea tienen el car\u00e1cter de previas, pues su objeto era determinar el \u00f3rgano interno que fungir\u00eda como representante del Pueblo, el cual, una vez determinado, en conjunto con el Instituto Electoral de la Ciudad de M\u00e9xico y la Alcald\u00eda de Tlalpan, convocar\u00edan a la celebraci\u00f3n de la asamblea general a la que se refiriere la sentencia del Juicio de la Ciudadan\u00eda Federal.<\/p>\n\n\n\n<p>Finalmente, respecto del juicio&nbsp;<strong>TECDMX-JEL-098\/2019<\/strong>,&nbsp;promovido por Salvador Osorio Sol\u00eds, quien impugn\u00f3&nbsp;el resultado contenido en el Informe de la Unidad T\u00e9cnica del Centro de Formaci\u00f3n y Desarrollo del Instituto Electoral de la Ciudad de M\u00e9xico sobre el Examen de Conocimientos T\u00e9cnico y Pr\u00e1ctico del Primer Concurso de Oposici\u00f3n Abierto para seleccionar Personal Eventual para los \u00d3rganos Desconcentrados durante el Ejercicio Fiscal 2020; las Magistraturas resolvieron&nbsp;<strong>tener por no presentada la demanda<\/strong>, ya que&nbsp;la parte actora present\u00f3 un escrito de desistimiento ante este \u00d3rgano Jurisdiccional.<\/p>\n\n\n\n<p><strong>o-O-o<\/strong><\/p>\n\n\n\n<p><strong>* Los criterios para las resoluciones de este Pleno son coincidentes.<\/strong><\/p>\n","protected":false},"excerpt":{"rendered":"<p>Resuelve TECDMX Convocatorias relativas al Pueblo San Pedro M\u00e1rtir<\/p>\n<p>\u00b7       Las diversas convocatorias fueron emitidas por la Alcald\u00eda de Tlalpan y la Comisi\u00f3n Sociocultural y Deportiva del Pueblo San Pedro M\u00e1rtir.<br \/>\n\u00b7       Se tom\u00f3 por no presentada una demanda que controvert\u00eda un Informe relacionado con la selecci\u00f3n de personal eventual para el IECM en 2020.<\/p>\n","protected":false},"author":13,"featured_media":16839,"comment_status":"open","ping_status":"open","sticky":false,"template":"","format":"standard","meta":{"_acf_changed":false,"_exactmetrics_skip_tracking":false,"_exactmetrics_sitenote_active":false,"_exactmetrics_sitenote_note":"","_exactmetrics_sitenote_category":0,"footnotes":""},"categories":[32,47],"tags":[],"acf":[],"yoast_head":"<!-- This site is optimized with the Yoast SEO plugin v22.3 - https:\/\/yoast.com\/wordpress\/plugins\/seo\/ -->\n<title>Resuelve TECDMX Convocatorias relativas al Pueblo San Pedro M\u00e1rtir - Tribunal Electoral de la Ciudad de M\u00e9xico<\/title>\n<meta name=\"robots\" content=\"index, follow, max-snippet:-1, max-image-preview:large, max-video-preview:-1\" \/>\n<link rel=\"canonical\" href=\"https:\/\/www.tecdmx.org.mx\/index.php\/comunicados\/2019\/12\/19\/resuelve-tecdmx-convocatorias-relativas-al-pueblo-san-pedro-martir\/\" \/>\n<meta property=\"og:locale\" content=\"es_ES\" \/>\n<meta property=\"og:type\" content=\"article\" \/>\n<meta property=\"og:title\" content=\"Resuelve TECDMX Convocatorias relativas al Pueblo San Pedro M\u00e1rtir - Tribunal Electoral de la Ciudad de M\u00e9xico\" \/>\n<meta property=\"og:description\" content=\"Resuelve TECDMX Convocatorias relativas al Pueblo San Pedro M\u00e1rtir \u00b7    Las diversas convocatorias fueron emitidas por la Alcald\u00eda de Tlalpan y la Comisi\u00f3n Sociocultural y Deportiva del Pueblo San Pedro M\u00e1rtir. \u00b7    Se tom\u00f3 por no presentada una demanda que controvert\u00eda un Informe relacionado con la selecci\u00f3n de personal eventual para el IECM en 2020.\" \/>\n<meta property=\"og:url\" content=\"https:\/\/www.tecdmx.org.mx\/index.php\/comunicados\/2019\/12\/19\/resuelve-tecdmx-convocatorias-relativas-al-pueblo-san-pedro-martir\/\" \/>\n<meta property=\"og:site_name\" content=\"Tribunal Electoral de la Ciudad de M\u00e9xico\" \/>\n<meta property=\"article:publisher\" content=\"https:\/\/www.facebook.com\/TECDMX\/\" \/>\n<meta property=\"article:published_time\" content=\"2019-12-19T20:39:21+00:00\" \/>\n<meta property=\"article:modified_time\" content=\"2019-12-19T20:39:23+00:00\" \/>\n<meta property=\"og:image\" content=\"https:\/\/www.tecdmx.org.mx\/wp-content\/uploads\/2019\/12\/SP_19_dic.png\" \/>\n\t<meta property=\"og:image:width\" content=\"1128\" \/>\n\t<meta property=\"og:image:height\" content=\"542\" \/>\n\t<meta property=\"og:image:type\" content=\"image\/png\" \/>\n<meta name=\"author\" content=\"Difusion2025\" \/>\n<meta name=\"twitter:card\" content=\"summary_large_image\" \/>\n<meta name=\"twitter:creator\" content=\"@tecdmx\" \/>\n<meta name=\"twitter:site\" content=\"@tecdmx\" \/>\n<meta name=\"twitter:label1\" content=\"Escrito por\" \/>\n\t<meta name=\"twitter:data1\" content=\"Difusion2025\" \/>\n\t<meta name=\"twitter:label2\" content=\"Tiempo de lectura\" \/>\n\t<meta name=\"twitter:data2\" content=\"3 minutos\" \/>\n<script type=\"application\/ld+json\" class=\"yoast-schema-graph\">{\"@context\":\"https:\/\/schema.org\",\"@graph\":[{\"@type\":\"WebPage\",\"@id\":\"https:\/\/www.tecdmx.org.mx\/index.php\/comunicados\/2019\/12\/19\/resuelve-tecdmx-convocatorias-relativas-al-pueblo-san-pedro-martir\/\",\"url\":\"https:\/\/www.tecdmx.org.mx\/index.php\/comunicados\/2019\/12\/19\/resuelve-tecdmx-convocatorias-relativas-al-pueblo-san-pedro-martir\/\",\"name\":\"Resuelve TECDMX Convocatorias relativas al Pueblo San Pedro M\u00e1rtir - Tribunal Electoral de la Ciudad de M\u00e9xico\",\"isPartOf\":{\"@id\":\"https:\/\/www.tecdmx.org.mx\/#website\"},\"primaryImageOfPage\":{\"@id\":\"https:\/\/www.tecdmx.org.mx\/index.php\/comunicados\/2019\/12\/19\/resuelve-tecdmx-convocatorias-relativas-al-pueblo-san-pedro-martir\/#primaryimage\"},\"image\":{\"@id\":\"https:\/\/www.tecdmx.org.mx\/index.php\/comunicados\/2019\/12\/19\/resuelve-tecdmx-convocatorias-relativas-al-pueblo-san-pedro-martir\/#primaryimage\"},\"thumbnailUrl\":\"https:\/\/www.tecdmx.org.mx\/wp-content\/uploads\/2019\/12\/SP_19_dic.png\",\"datePublished\":\"2019-12-19T20:39:21+00:00\",\"dateModified\":\"2019-12-19T20:39:23+00:00\",\"author\":{\"@id\":\"https:\/\/www.tecdmx.org.mx\/#\/schema\/person\/208c898199fb3234203823c5f0cf31d6\"},\"breadcrumb\":{\"@id\":\"https:\/\/www.tecdmx.org.mx\/index.php\/comunicados\/2019\/12\/19\/resuelve-tecdmx-convocatorias-relativas-al-pueblo-san-pedro-martir\/#breadcrumb\"},\"inLanguage\":\"es\",\"potentialAction\":[{\"@type\":\"ReadAction\",\"target\":[\"https:\/\/www.tecdmx.org.mx\/index.php\/comunicados\/2019\/12\/19\/resuelve-tecdmx-convocatorias-relativas-al-pueblo-san-pedro-martir\/\"]}]},{\"@type\":\"ImageObject\",\"inLanguage\":\"es\",\"@id\":\"https:\/\/www.tecdmx.org.mx\/index.php\/comunicados\/2019\/12\/19\/resuelve-tecdmx-convocatorias-relativas-al-pueblo-san-pedro-martir\/#primaryimage\",\"url\":\"https:\/\/www.tecdmx.org.mx\/wp-content\/uploads\/2019\/12\/SP_19_dic.png\",\"contentUrl\":\"https:\/\/www.tecdmx.org.mx\/wp-content\/uploads\/2019\/12\/SP_19_dic.png\",\"width\":1128,\"height\":542},{\"@type\":\"BreadcrumbList\",\"@id\":\"https:\/\/www.tecdmx.org.mx\/index.php\/comunicados\/2019\/12\/19\/resuelve-tecdmx-convocatorias-relativas-al-pueblo-san-pedro-martir\/#breadcrumb\",\"itemListElement\":[{\"@type\":\"ListItem\",\"position\":1,\"name\":\"Portada\",\"item\":\"https:\/\/www.tecdmx.org.mx\/\"},{\"@type\":\"ListItem\",\"position\":2,\"name\":\"Resuelve TECDMX Convocatorias relativas al Pueblo San Pedro M\u00e1rtir\"}]},{\"@type\":\"WebSite\",\"@id\":\"https:\/\/www.tecdmx.org.mx\/#website\",\"url\":\"https:\/\/www.tecdmx.org.mx\/\",\"name\":\"Tribunal Electoral de la Ciudad de M\u00e9xico\",\"description\":\"25 a\u00f1os garantizando justicia en tu elecci\u00f3n\",\"potentialAction\":[{\"@type\":\"SearchAction\",\"target\":{\"@type\":\"EntryPoint\",\"urlTemplate\":\"https:\/\/www.tecdmx.org.mx\/?s={search_term_string}\"},\"query-input\":\"required name=search_term_string\"}],\"inLanguage\":\"es\"},{\"@type\":\"Person\",\"@id\":\"https:\/\/www.tecdmx.org.mx\/#\/schema\/person\/208c898199fb3234203823c5f0cf31d6\",\"name\":\"Difusion2025\",\"image\":{\"@type\":\"ImageObject\",\"inLanguage\":\"es\",\"@id\":\"https:\/\/www.tecdmx.org.mx\/#\/schema\/person\/image\/\",\"url\":\"https:\/\/secure.gravatar.com\/avatar\/6f7a4ba3acb418040e90a2eb99b5df28?s=96&d=mm&r=g\",\"contentUrl\":\"https:\/\/secure.gravatar.com\/avatar\/6f7a4ba3acb418040e90a2eb99b5df28?s=96&d=mm&r=g\",\"caption\":\"Difusion2025\"}}]}<\/script>\n<!-- \/ Yoast SEO plugin. -->","yoast_head_json":{"title":"Resuelve TECDMX Convocatorias relativas al Pueblo San Pedro M\u00e1rtir - Tribunal Electoral de la Ciudad de M\u00e9xico","robots":{"index":"index","follow":"follow","max-snippet":"max-snippet:-1","max-image-preview":"max-image-preview:large","max-video-preview":"max-video-preview:-1"},"canonical":"https:\/\/www.tecdmx.org.mx\/index.php\/comunicados\/2019\/12\/19\/resuelve-tecdmx-convocatorias-relativas-al-pueblo-san-pedro-martir\/","og_locale":"es_ES","og_type":"article","og_title":"Resuelve TECDMX Convocatorias relativas al Pueblo San Pedro M\u00e1rtir - Tribunal Electoral de la Ciudad de M\u00e9xico","og_description":"Resuelve TECDMX Convocatorias relativas al Pueblo San Pedro M\u00e1rtir \u00b7    Las diversas convocatorias fueron emitidas por la Alcald\u00eda de Tlalpan y la Comisi\u00f3n Sociocultural y Deportiva del Pueblo San Pedro M\u00e1rtir. \u00b7    Se tom\u00f3 por no presentada una demanda que controvert\u00eda un Informe relacionado con la selecci\u00f3n de personal eventual para el IECM en 2020.","og_url":"https:\/\/www.tecdmx.org.mx\/index.php\/comunicados\/2019\/12\/19\/resuelve-tecdmx-convocatorias-relativas-al-pueblo-san-pedro-martir\/","og_site_name":"Tribunal Electoral de la Ciudad de M\u00e9xico","article_publisher":"https:\/\/www.facebook.com\/TECDMX\/","article_published_time":"2019-12-19T20:39:21+00:00","article_modified_time":"2019-12-19T20:39:23+00:00","og_image":[{"width":1128,"height":542,"url":"https:\/\/www.tecdmx.org.mx\/wp-content\/uploads\/2019\/12\/SP_19_dic.png","type":"image\/png"}],"author":"Difusion2025","twitter_card":"summary_large_image","twitter_creator":"@tecdmx","twitter_site":"@tecdmx","twitter_misc":{"Escrito por":"Difusion2025","Tiempo de lectura":"3 minutos"},"schema":{"@context":"https:\/\/schema.org","@graph":[{"@type":"WebPage","@id":"https:\/\/www.tecdmx.org.mx\/index.php\/comunicados\/2019\/12\/19\/resuelve-tecdmx-convocatorias-relativas-al-pueblo-san-pedro-martir\/","url":"https:\/\/www.tecdmx.org.mx\/index.php\/comunicados\/2019\/12\/19\/resuelve-tecdmx-convocatorias-relativas-al-pueblo-san-pedro-martir\/","name":"Resuelve TECDMX Convocatorias relativas al Pueblo San Pedro M\u00e1rtir - Tribunal Electoral de la Ciudad de M\u00e9xico","isPartOf":{"@id":"https:\/\/www.tecdmx.org.mx\/#website"},"primaryImageOfPage":{"@id":"https:\/\/www.tecdmx.org.mx\/index.php\/comunicados\/2019\/12\/19\/resuelve-tecdmx-convocatorias-relativas-al-pueblo-san-pedro-martir\/#primaryimage"},"image":{"@id":"https:\/\/www.tecdmx.org.mx\/index.php\/comunicados\/2019\/12\/19\/resuelve-tecdmx-convocatorias-relativas-al-pueblo-san-pedro-martir\/#primaryimage"},"thumbnailUrl":"https:\/\/www.tecdmx.org.mx\/wp-content\/uploads\/2019\/12\/SP_19_dic.png","datePublished":"2019-12-19T20:39:21+00:00","dateModified":"2019-12-19T20:39:23+00:00","author":{"@id":"https:\/\/www.tecdmx.org.mx\/#\/schema\/person\/208c898199fb3234203823c5f0cf31d6"},"breadcrumb":{"@id":"https:\/\/www.tecdmx.org.mx\/index.php\/comunicados\/2019\/12\/19\/resuelve-tecdmx-convocatorias-relativas-al-pueblo-san-pedro-martir\/#breadcrumb"},"inLanguage":"es","potentialAction":[{"@type":"ReadAction","target":["https:\/\/www.tecdmx.org.mx\/index.php\/comunicados\/2019\/12\/19\/resuelve-tecdmx-convocatorias-relativas-al-pueblo-san-pedro-martir\/"]}]},{"@type":"ImageObject","inLanguage":"es","@id":"https:\/\/www.tecdmx.org.mx\/index.php\/comunicados\/2019\/12\/19\/resuelve-tecdmx-convocatorias-relativas-al-pueblo-san-pedro-martir\/#primaryimage","url":"https:\/\/www.tecdmx.org.mx\/wp-content\/uploads\/2019\/12\/SP_19_dic.png","contentUrl":"https:\/\/www.tecdmx.org.mx\/wp-content\/uploads\/2019\/12\/SP_19_dic.png","width":1128,"height":542},{"@type":"BreadcrumbList","@id":"https:\/\/www.tecdmx.org.mx\/index.php\/comunicados\/2019\/12\/19\/resuelve-tecdmx-convocatorias-relativas-al-pueblo-san-pedro-martir\/#breadcrumb","itemListElement":[{"@type":"ListItem","position":1,"name":"Portada","item":"https:\/\/www.tecdmx.org.mx\/"},{"@type":"ListItem","position":2,"name":"Resuelve TECDMX Convocatorias relativas al Pueblo San Pedro M\u00e1rtir"}]},{"@type":"WebSite","@id":"https:\/\/www.tecdmx.org.mx\/#website","url":"https:\/\/www.tecdmx.org.mx\/","name":"Tribunal Electoral de la Ciudad de M\u00e9xico","description":"25 a\u00f1os garantizando justicia en tu elecci\u00f3n","potentialAction":[{"@type":"SearchAction","target":{"@type":"EntryPoint","urlTemplate":"https:\/\/www.tecdmx.org.mx\/?s={search_term_string}"},"query-input":"required name=search_term_string"}],"inLanguage":"es"},{"@type":"Person","@id":"https:\/\/www.tecdmx.org.mx\/#\/schema\/person\/208c898199fb3234203823c5f0cf31d6","name":"Difusion2025","image":{"@type":"ImageObject","inLanguage":"es","@id":"https:\/\/www.tecdmx.org.mx\/#\/schema\/person\/image\/","url":"https:\/\/secure.gravatar.com\/avatar\/6f7a4ba3acb418040e90a2eb99b5df28?s=96&d=mm&r=g","contentUrl":"https:\/\/secure.gravatar.com\/avatar\/6f7a4ba3acb418040e90a2eb99b5df28?s=96&d=mm&r=g","caption":"Difusion2025"}}]}},"_links":{"self":[{"href":"https:\/\/www.tecdmx.org.mx\/index.php\/wp-json\/wp\/v2\/posts\/16837"}],"collection":[{"href":"https:\/\/www.tecdmx.org.mx\/index.php\/wp-json\/wp\/v2\/posts"}],"about":[{"href":"https:\/\/www.tecdmx.org.mx\/index.php\/wp-json\/wp\/v2\/types\/post"}],"author":[{"embeddable":true,"href":"https:\/\/www.tecdmx.org.mx\/index.php\/wp-json\/wp\/v2\/users\/13"}],"replies":[{"embeddable":true,"href":"https:\/\/www.tecdmx.org.mx\/index.php\/wp-json\/wp\/v2\/comments?post=16837"}],"version-history":[{"count":2,"href":"https:\/\/www.tecdmx.org.mx\/index.php\/wp-json\/wp\/v2\/posts\/16837\/revisions"}],"predecessor-version":[{"id":16841,"href":"https:\/\/www.tecdmx.org.mx\/index.php\/wp-json\/wp\/v2\/posts\/16837\/revisions\/16841"}],"wp:featuredmedia":[{"embeddable":true,"href":"https:\/\/www.tecdmx.org.mx\/index.php\/wp-json\/wp\/v2\/media\/16839"}],"wp:attachment":[{"href":"https:\/\/www.tecdmx.org.mx\/index.php\/wp-json\/wp\/v2\/media?parent=16837"}],"wp:term":[{"taxonomy":"category","embeddable":true,"href":"https:\/\/www.tecdmx.org.mx\/index.php\/wp-json\/wp\/v2\/categories?post=16837"},{"taxonomy":"post_tag","embeddable":true,"href":"https:\/\/www.tecdmx.org.mx\/index.php\/wp-json\/wp\/v2\/tags?post=16837"}],"curies":[{"name":"wp","href":"https:\/\/api.w.org\/{rel}","templated":true}]}}