{"id":17250,"date":"2020-01-14T20:55:20","date_gmt":"2020-01-14T20:55:20","guid":{"rendered":"https:\/\/www.tecdmx.org.mx\/?p=17250"},"modified":"2020-01-14T22:11:44","modified_gmt":"2020-01-14T22:11:44","slug":"conferencia-una-mirada-antropologica-sobre-los-retos-y-desafios-en-democracia-politica-y-justicia-social","status":"publish","type":"post","link":"https:\/\/www.tecdmx.org.mx\/index.php\/eventos\/2020\/01\/14\/conferencia-una-mirada-antropologica-sobre-los-retos-y-desafios-en-democracia-politica-y-justicia-social\/","title":{"rendered":"Conferencia \u201cUna mirada antropol\u00f3gica sobre los retos y desaf\u00edos en democracia, pol\u00edtica y  justicia social\u201d"},"content":{"rendered":"\n<p>El d\u00eda de hoy 14 de enero, en el Pleno del TECDMX la doctora Marta Lamas Encabo imparti\u00f3 la conferencia: \u201cUna mirada antropol\u00f3gica sobre los retos y desaf\u00edos en democracia, pol\u00edtica y justicia social\u201d. Asistieron al evento la Magistrada Martha Leticia Mercado Ram\u00edrez y los Magistrados Armando Ambriz Hern\u00e1ndez y Juan Carlos S\u00e1nchez Le\u00f3n.<\/p>\n\n\n\n<iframe id=\"iframePlayerCustom\" src=\"https:\/\/player.cdnmedia.tv\/embed\/ba03734cd5\/8d9d9172-d116-e925-87fd-933ec72d4032\"frameborder=\"0\" allowfullscreen=\"\"><\/iframe>\n\n\n\n<figure class=\"wp-block-gallery columns-2 is-cropped wp-block-gallery-1 is-layout-flex wp-block-gallery-is-layout-flex\"><ul class=\"blocks-gallery-grid\"><li class=\"blocks-gallery-item\"><figure><img loading=\"lazy\" decoding=\"async\" width=\"545\" height=\"350\" src=\"https:\/\/www.tecdmx.org.mx\/wp-content\/uploads\/2020\/01\/ML_1-545x350.jpg\" alt=\"\" data-id=\"17256\" data-full-url=\"https:\/\/www.tecdmx.org.mx\/wp-content\/uploads\/2020\/01\/ML_1.jpg\" data-link=\"https:\/\/www.tecdmx.org.mx\/ml_1\/\" class=\"wp-image-17256\" srcset=\"https:\/\/www.tecdmx.org.mx\/wp-content\/uploads\/2020\/01\/ML_1-390x250.jpg 390w, https:\/\/www.tecdmx.org.mx\/wp-content\/uploads\/2020\/01\/ML_1-545x350.jpg 545w, https:\/\/www.tecdmx.org.mx\/wp-content\/uploads\/2020\/01\/ML_1.jpg 600w\" sizes=\"(max-width: 545px) 100vw, 545px\" \/><\/figure><\/li><li class=\"blocks-gallery-item\"><figure><img loading=\"lazy\" decoding=\"async\" width=\"507\" height=\"350\" src=\"https:\/\/www.tecdmx.org.mx\/wp-content\/uploads\/2020\/01\/ML_2-507x350.jpg\" alt=\"\" data-id=\"17255\" data-full-url=\"https:\/\/www.tecdmx.org.mx\/wp-content\/uploads\/2020\/01\/ML_2.jpg\" data-link=\"https:\/\/www.tecdmx.org.mx\/ml_2\/\" class=\"wp-image-17255\" srcset=\"https:\/\/www.tecdmx.org.mx\/wp-content\/uploads\/2020\/01\/ML_2-362x250.jpg 362w, https:\/\/www.tecdmx.org.mx\/wp-content\/uploads\/2020\/01\/ML_2-507x350.jpg 507w, https:\/\/www.tecdmx.org.mx\/wp-content\/uploads\/2020\/01\/ML_2.jpg 600w\" sizes=\"(max-width: 507px) 100vw, 507px\" \/><\/figure><\/li><li class=\"blocks-gallery-item\"><figure><img loading=\"lazy\" decoding=\"async\" width=\"525\" height=\"350\" src=\"https:\/\/www.tecdmx.org.mx\/wp-content\/uploads\/2020\/01\/ML_3.-525x350.jpg\" alt=\"\" data-id=\"17254\" data-full-url=\"https:\/\/www.tecdmx.org.mx\/wp-content\/uploads\/2020\/01\/ML_3..jpg\" data-link=\"https:\/\/www.tecdmx.org.mx\/ml_3-2\/\" class=\"wp-image-17254\" srcset=\"https:\/\/www.tecdmx.org.mx\/wp-content\/uploads\/2020\/01\/ML_3.-375x250.jpg 375w, https:\/\/www.tecdmx.org.mx\/wp-content\/uploads\/2020\/01\/ML_3.-525x350.jpg 525w, https:\/\/www.tecdmx.org.mx\/wp-content\/uploads\/2020\/01\/ML_3..jpg 600w\" sizes=\"(max-width: 525px) 100vw, 525px\" \/><\/figure><\/li><li class=\"blocks-gallery-item\"><figure><img loading=\"lazy\" decoding=\"async\" width=\"525\" height=\"350\" src=\"https:\/\/www.tecdmx.org.mx\/wp-content\/uploads\/2020\/01\/ML_4-1-525x350.jpg\" alt=\"\" data-id=\"17253\" data-full-url=\"https:\/\/www.tecdmx.org.mx\/wp-content\/uploads\/2020\/01\/ML_4-1.jpg\" data-link=\"https:\/\/www.tecdmx.org.mx\/ml_4-2\/\" class=\"wp-image-17253\" srcset=\"https:\/\/www.tecdmx.org.mx\/wp-content\/uploads\/2020\/01\/ML_4-1-375x250.jpg 375w, https:\/\/www.tecdmx.org.mx\/wp-content\/uploads\/2020\/01\/ML_4-1-525x350.jpg 525w, https:\/\/www.tecdmx.org.mx\/wp-content\/uploads\/2020\/01\/ML_4-1.jpg 600w\" sizes=\"(max-width: 525px) 100vw, 525px\" \/><\/figure><\/li><li class=\"blocks-gallery-item\"><figure><img loading=\"lazy\" decoding=\"async\" width=\"525\" height=\"350\" src=\"https:\/\/www.tecdmx.org.mx\/wp-content\/uploads\/2020\/01\/ML_5-525x350.jpg\" alt=\"\" data-id=\"17252\" data-full-url=\"https:\/\/www.tecdmx.org.mx\/wp-content\/uploads\/2020\/01\/ML_5.jpg\" data-link=\"https:\/\/www.tecdmx.org.mx\/ml_5\/\" class=\"wp-image-17252\" srcset=\"https:\/\/www.tecdmx.org.mx\/wp-content\/uploads\/2020\/01\/ML_5-375x250.jpg 375w, https:\/\/www.tecdmx.org.mx\/wp-content\/uploads\/2020\/01\/ML_5-525x350.jpg 525w, https:\/\/www.tecdmx.org.mx\/wp-content\/uploads\/2020\/01\/ML_5.jpg 600w\" sizes=\"(max-width: 525px) 100vw, 525px\" \/><\/figure><\/li><li class=\"blocks-gallery-item\"><figure><img loading=\"lazy\" decoding=\"async\" width=\"525\" height=\"350\" src=\"https:\/\/www.tecdmx.org.mx\/wp-content\/uploads\/2020\/01\/ML_6-525x350.jpg\" alt=\"\" data-id=\"17251\" data-full-url=\"https:\/\/www.tecdmx.org.mx\/wp-content\/uploads\/2020\/01\/ML_6.jpg\" data-link=\"https:\/\/www.tecdmx.org.mx\/ml_6\/\" class=\"wp-image-17251\" srcset=\"https:\/\/www.tecdmx.org.mx\/wp-content\/uploads\/2020\/01\/ML_6-375x250.jpg 375w, https:\/\/www.tecdmx.org.mx\/wp-content\/uploads\/2020\/01\/ML_6-525x350.jpg 525w, https:\/\/www.tecdmx.org.mx\/wp-content\/uploads\/2020\/01\/ML_6.jpg 600w\" sizes=\"(max-width: 525px) 100vw, 525px\" \/><\/figure><\/li><\/ul><\/figure>\n","protected":false},"excerpt":{"rendered":"<p>Conferencia \u201cUna mirada antropol\u00f3gica sobre los retos y desaf\u00edos en democracia, pol\u00edtica y  justicia social\u201d<\/p>\n","protected":false},"author":13,"featured_media":17256,"comment_status":"open","ping_status":"open","sticky":false,"template":"","format":"standard","meta":{"_acf_changed":false,"_exactmetrics_skip_tracking":false,"_exactmetrics_sitenote_active":false,"_exactmetrics_sitenote_note":"","_exactmetrics_sitenote_category":0,"footnotes":""},"categories":[47,40],"tags":[],"acf":[],"yoast_head":"<!-- This site is optimized with the Yoast SEO plugin v22.3 - https:\/\/yoast.com\/wordpress\/plugins\/seo\/ -->\n<title>Conferencia \u201cUna mirada antropol\u00f3gica sobre los retos y desaf\u00edos en democracia, pol\u00edtica y justicia social\u201d - Tribunal Electoral de la Ciudad de M\u00e9xico<\/title>\n<meta name=\"robots\" content=\"index, follow, max-snippet:-1, max-image-preview:large, max-video-preview:-1\" \/>\n<link rel=\"canonical\" href=\"https:\/\/www.tecdmx.org.mx\/index.php\/eventos\/2020\/01\/14\/conferencia-una-mirada-antropologica-sobre-los-retos-y-desafios-en-democracia-politica-y-justicia-social\/\" \/>\n<meta property=\"og:locale\" content=\"es_ES\" \/>\n<meta property=\"og:type\" content=\"article\" \/>\n<meta property=\"og:title\" content=\"Conferencia \u201cUna mirada antropol\u00f3gica sobre los retos y desaf\u00edos en democracia, pol\u00edtica y justicia social\u201d - Tribunal Electoral de la Ciudad de M\u00e9xico\" \/>\n<meta property=\"og:description\" content=\"Conferencia \u201cUna mirada antropol\u00f3gica sobre los retos y desaf\u00edos en democracia, pol\u00edtica y justicia social\u201d\" \/>\n<meta property=\"og:url\" content=\"https:\/\/www.tecdmx.org.mx\/index.php\/eventos\/2020\/01\/14\/conferencia-una-mirada-antropologica-sobre-los-retos-y-desafios-en-democracia-politica-y-justicia-social\/\" \/>\n<meta property=\"og:site_name\" content=\"Tribunal Electoral de la Ciudad de M\u00e9xico\" \/>\n<meta property=\"article:publisher\" content=\"https:\/\/www.facebook.com\/TECDMX\/\" \/>\n<meta property=\"article:published_time\" content=\"2020-01-14T20:55:20+00:00\" \/>\n<meta property=\"article:modified_time\" content=\"2020-01-14T22:11:44+00:00\" \/>\n<meta property=\"og:image\" content=\"https:\/\/www.tecdmx.org.mx\/wp-content\/uploads\/2020\/01\/ML_1.jpg\" \/>\n\t<meta property=\"og:image:width\" content=\"600\" \/>\n\t<meta property=\"og:image:height\" content=\"385\" \/>\n\t<meta property=\"og:image:type\" content=\"image\/jpeg\" \/>\n<meta name=\"author\" content=\"Difusion2025\" \/>\n<meta name=\"twitter:card\" content=\"summary_large_image\" \/>\n<meta name=\"twitter:creator\" content=\"@tecdmx\" \/>\n<meta name=\"twitter:site\" content=\"@tecdmx\" \/>\n<meta name=\"twitter:label1\" content=\"Escrito por\" \/>\n\t<meta name=\"twitter:data1\" content=\"Difusion2025\" \/>\n<script type=\"application\/ld+json\" class=\"yoast-schema-graph\">{\"@context\":\"https:\/\/schema.org\",\"@graph\":[{\"@type\":\"WebPage\",\"@id\":\"https:\/\/www.tecdmx.org.mx\/index.php\/eventos\/2020\/01\/14\/conferencia-una-mirada-antropologica-sobre-los-retos-y-desafios-en-democracia-politica-y-justicia-social\/\",\"url\":\"https:\/\/www.tecdmx.org.mx\/index.php\/eventos\/2020\/01\/14\/conferencia-una-mirada-antropologica-sobre-los-retos-y-desafios-en-democracia-politica-y-justicia-social\/\",\"name\":\"Conferencia \u201cUna mirada antropol\u00f3gica sobre los retos y desaf\u00edos en democracia, pol\u00edtica y justicia social\u201d - Tribunal Electoral de la Ciudad de M\u00e9xico\",\"isPartOf\":{\"@id\":\"https:\/\/www.tecdmx.org.mx\/#website\"},\"primaryImageOfPage\":{\"@id\":\"https:\/\/www.tecdmx.org.mx\/index.php\/eventos\/2020\/01\/14\/conferencia-una-mirada-antropologica-sobre-los-retos-y-desafios-en-democracia-politica-y-justicia-social\/#primaryimage\"},\"image\":{\"@id\":\"https:\/\/www.tecdmx.org.mx\/index.php\/eventos\/2020\/01\/14\/conferencia-una-mirada-antropologica-sobre-los-retos-y-desafios-en-democracia-politica-y-justicia-social\/#primaryimage\"},\"thumbnailUrl\":\"https:\/\/www.tecdmx.org.mx\/wp-content\/uploads\/2020\/01\/ML_1.jpg\",\"datePublished\":\"2020-01-14T20:55:20+00:00\",\"dateModified\":\"2020-01-14T22:11:44+00:00\",\"author\":{\"@id\":\"https:\/\/www.tecdmx.org.mx\/#\/schema\/person\/208c898199fb3234203823c5f0cf31d6\"},\"breadcrumb\":{\"@id\":\"https:\/\/www.tecdmx.org.mx\/index.php\/eventos\/2020\/01\/14\/conferencia-una-mirada-antropologica-sobre-los-retos-y-desafios-en-democracia-politica-y-justicia-social\/#breadcrumb\"},\"inLanguage\":\"es\",\"potentialAction\":[{\"@type\":\"ReadAction\",\"target\":[\"https:\/\/www.tecdmx.org.mx\/index.php\/eventos\/2020\/01\/14\/conferencia-una-mirada-antropologica-sobre-los-retos-y-desafios-en-democracia-politica-y-justicia-social\/\"]}]},{\"@type\":\"ImageObject\",\"inLanguage\":\"es\",\"@id\":\"https:\/\/www.tecdmx.org.mx\/index.php\/eventos\/2020\/01\/14\/conferencia-una-mirada-antropologica-sobre-los-retos-y-desafios-en-democracia-politica-y-justicia-social\/#primaryimage\",\"url\":\"https:\/\/www.tecdmx.org.mx\/wp-content\/uploads\/2020\/01\/ML_1.jpg\",\"contentUrl\":\"https:\/\/www.tecdmx.org.mx\/wp-content\/uploads\/2020\/01\/ML_1.jpg\",\"width\":600,\"height\":385},{\"@type\":\"BreadcrumbList\",\"@id\":\"https:\/\/www.tecdmx.org.mx\/index.php\/eventos\/2020\/01\/14\/conferencia-una-mirada-antropologica-sobre-los-retos-y-desafios-en-democracia-politica-y-justicia-social\/#breadcrumb\",\"itemListElement\":[{\"@type\":\"ListItem\",\"position\":1,\"name\":\"Portada\",\"item\":\"https:\/\/www.tecdmx.org.mx\/\"},{\"@type\":\"ListItem\",\"position\":2,\"name\":\"Conferencia \u201cUna mirada antropol\u00f3gica sobre los retos y desaf\u00edos en democracia, pol\u00edtica y justicia social\u201d\"}]},{\"@type\":\"WebSite\",\"@id\":\"https:\/\/www.tecdmx.org.mx\/#website\",\"url\":\"https:\/\/www.tecdmx.org.mx\/\",\"name\":\"Tribunal Electoral de la Ciudad de M\u00e9xico\",\"description\":\"25 a\u00f1os garantizando justicia en tu elecci\u00f3n\",\"potentialAction\":[{\"@type\":\"SearchAction\",\"target\":{\"@type\":\"EntryPoint\",\"urlTemplate\":\"https:\/\/www.tecdmx.org.mx\/?s={search_term_string}\"},\"query-input\":\"required name=search_term_string\"}],\"inLanguage\":\"es\"},{\"@type\":\"Person\",\"@id\":\"https:\/\/www.tecdmx.org.mx\/#\/schema\/person\/208c898199fb3234203823c5f0cf31d6\",\"name\":\"Difusion2025\",\"image\":{\"@type\":\"ImageObject\",\"inLanguage\":\"es\",\"@id\":\"https:\/\/www.tecdmx.org.mx\/#\/schema\/person\/image\/\",\"url\":\"https:\/\/secure.gravatar.com\/avatar\/6f7a4ba3acb418040e90a2eb99b5df28?s=96&d=mm&r=g\",\"contentUrl\":\"https:\/\/secure.gravatar.com\/avatar\/6f7a4ba3acb418040e90a2eb99b5df28?s=96&d=mm&r=g\",\"caption\":\"Difusion2025\"}}]}<\/script>\n<!-- \/ Yoast SEO plugin. -->","yoast_head_json":{"title":"Conferencia \u201cUna mirada antropol\u00f3gica sobre los retos y desaf\u00edos en democracia, pol\u00edtica y justicia social\u201d - Tribunal Electoral de la Ciudad de M\u00e9xico","robots":{"index":"index","follow":"follow","max-snippet":"max-snippet:-1","max-image-preview":"max-image-preview:large","max-video-preview":"max-video-preview:-1"},"canonical":"https:\/\/www.tecdmx.org.mx\/index.php\/eventos\/2020\/01\/14\/conferencia-una-mirada-antropologica-sobre-los-retos-y-desafios-en-democracia-politica-y-justicia-social\/","og_locale":"es_ES","og_type":"article","og_title":"Conferencia \u201cUna mirada antropol\u00f3gica sobre los retos y desaf\u00edos en democracia, pol\u00edtica y justicia social\u201d - Tribunal Electoral de la Ciudad de M\u00e9xico","og_description":"Conferencia \u201cUna mirada antropol\u00f3gica sobre los retos y desaf\u00edos en democracia, pol\u00edtica y justicia social\u201d","og_url":"https:\/\/www.tecdmx.org.mx\/index.php\/eventos\/2020\/01\/14\/conferencia-una-mirada-antropologica-sobre-los-retos-y-desafios-en-democracia-politica-y-justicia-social\/","og_site_name":"Tribunal Electoral de la Ciudad de M\u00e9xico","article_publisher":"https:\/\/www.facebook.com\/TECDMX\/","article_published_time":"2020-01-14T20:55:20+00:00","article_modified_time":"2020-01-14T22:11:44+00:00","og_image":[{"width":600,"height":385,"url":"https:\/\/www.tecdmx.org.mx\/wp-content\/uploads\/2020\/01\/ML_1.jpg","type":"image\/jpeg"}],"author":"Difusion2025","twitter_card":"summary_large_image","twitter_creator":"@tecdmx","twitter_site":"@tecdmx","twitter_misc":{"Escrito por":"Difusion2025"},"schema":{"@context":"https:\/\/schema.org","@graph":[{"@type":"WebPage","@id":"https:\/\/www.tecdmx.org.mx\/index.php\/eventos\/2020\/01\/14\/conferencia-una-mirada-antropologica-sobre-los-retos-y-desafios-en-democracia-politica-y-justicia-social\/","url":"https:\/\/www.tecdmx.org.mx\/index.php\/eventos\/2020\/01\/14\/conferencia-una-mirada-antropologica-sobre-los-retos-y-desafios-en-democracia-politica-y-justicia-social\/","name":"Conferencia \u201cUna mirada antropol\u00f3gica sobre los retos y desaf\u00edos en democracia, pol\u00edtica y justicia social\u201d - Tribunal Electoral de la Ciudad de M\u00e9xico","isPartOf":{"@id":"https:\/\/www.tecdmx.org.mx\/#website"},"primaryImageOfPage":{"@id":"https:\/\/www.tecdmx.org.mx\/index.php\/eventos\/2020\/01\/14\/conferencia-una-mirada-antropologica-sobre-los-retos-y-desafios-en-democracia-politica-y-justicia-social\/#primaryimage"},"image":{"@id":"https:\/\/www.tecdmx.org.mx\/index.php\/eventos\/2020\/01\/14\/conferencia-una-mirada-antropologica-sobre-los-retos-y-desafios-en-democracia-politica-y-justicia-social\/#primaryimage"},"thumbnailUrl":"https:\/\/www.tecdmx.org.mx\/wp-content\/uploads\/2020\/01\/ML_1.jpg","datePublished":"2020-01-14T20:55:20+00:00","dateModified":"2020-01-14T22:11:44+00:00","author":{"@id":"https:\/\/www.tecdmx.org.mx\/#\/schema\/person\/208c898199fb3234203823c5f0cf31d6"},"breadcrumb":{"@id":"https:\/\/www.tecdmx.org.mx\/index.php\/eventos\/2020\/01\/14\/conferencia-una-mirada-antropologica-sobre-los-retos-y-desafios-en-democracia-politica-y-justicia-social\/#breadcrumb"},"inLanguage":"es","potentialAction":[{"@type":"ReadAction","target":["https:\/\/www.tecdmx.org.mx\/index.php\/eventos\/2020\/01\/14\/conferencia-una-mirada-antropologica-sobre-los-retos-y-desafios-en-democracia-politica-y-justicia-social\/"]}]},{"@type":"ImageObject","inLanguage":"es","@id":"https:\/\/www.tecdmx.org.mx\/index.php\/eventos\/2020\/01\/14\/conferencia-una-mirada-antropologica-sobre-los-retos-y-desafios-en-democracia-politica-y-justicia-social\/#primaryimage","url":"https:\/\/www.tecdmx.org.mx\/wp-content\/uploads\/2020\/01\/ML_1.jpg","contentUrl":"https:\/\/www.tecdmx.org.mx\/wp-content\/uploads\/2020\/01\/ML_1.jpg","width":600,"height":385},{"@type":"BreadcrumbList","@id":"https:\/\/www.tecdmx.org.mx\/index.php\/eventos\/2020\/01\/14\/conferencia-una-mirada-antropologica-sobre-los-retos-y-desafios-en-democracia-politica-y-justicia-social\/#breadcrumb","itemListElement":[{"@type":"ListItem","position":1,"name":"Portada","item":"https:\/\/www.tecdmx.org.mx\/"},{"@type":"ListItem","position":2,"name":"Conferencia \u201cUna mirada antropol\u00f3gica sobre los retos y desaf\u00edos en democracia, pol\u00edtica y justicia social\u201d"}]},{"@type":"WebSite","@id":"https:\/\/www.tecdmx.org.mx\/#website","url":"https:\/\/www.tecdmx.org.mx\/","name":"Tribunal Electoral de la Ciudad de M\u00e9xico","description":"25 a\u00f1os garantizando justicia en tu elecci\u00f3n","potentialAction":[{"@type":"SearchAction","target":{"@type":"EntryPoint","urlTemplate":"https:\/\/www.tecdmx.org.mx\/?s={search_term_string}"},"query-input":"required name=search_term_string"}],"inLanguage":"es"},{"@type":"Person","@id":"https:\/\/www.tecdmx.org.mx\/#\/schema\/person\/208c898199fb3234203823c5f0cf31d6","name":"Difusion2025","image":{"@type":"ImageObject","inLanguage":"es","@id":"https:\/\/www.tecdmx.org.mx\/#\/schema\/person\/image\/","url":"https:\/\/secure.gravatar.com\/avatar\/6f7a4ba3acb418040e90a2eb99b5df28?s=96&d=mm&r=g","contentUrl":"https:\/\/secure.gravatar.com\/avatar\/6f7a4ba3acb418040e90a2eb99b5df28?s=96&d=mm&r=g","caption":"Difusion2025"}}]}},"_links":{"self":[{"href":"https:\/\/www.tecdmx.org.mx\/index.php\/wp-json\/wp\/v2\/posts\/17250"}],"collection":[{"href":"https:\/\/www.tecdmx.org.mx\/index.php\/wp-json\/wp\/v2\/posts"}],"about":[{"href":"https:\/\/www.tecdmx.org.mx\/index.php\/wp-json\/wp\/v2\/types\/post"}],"author":[{"embeddable":true,"href":"https:\/\/www.tecdmx.org.mx\/index.php\/wp-json\/wp\/v2\/users\/13"}],"replies":[{"embeddable":true,"href":"https:\/\/www.tecdmx.org.mx\/index.php\/wp-json\/wp\/v2\/comments?post=17250"}],"version-history":[{"count":4,"href":"https:\/\/www.tecdmx.org.mx\/index.php\/wp-json\/wp\/v2\/posts\/17250\/revisions"}],"predecessor-version":[{"id":17260,"href":"https:\/\/www.tecdmx.org.mx\/index.php\/wp-json\/wp\/v2\/posts\/17250\/revisions\/17260"}],"wp:featuredmedia":[{"embeddable":true,"href":"https:\/\/www.tecdmx.org.mx\/index.php\/wp-json\/wp\/v2\/media\/17256"}],"wp:attachment":[{"href":"https:\/\/www.tecdmx.org.mx\/index.php\/wp-json\/wp\/v2\/media?parent=17250"}],"wp:term":[{"taxonomy":"category","embeddable":true,"href":"https:\/\/www.tecdmx.org.mx\/index.php\/wp-json\/wp\/v2\/categories?post=17250"},{"taxonomy":"post_tag","embeddable":true,"href":"https:\/\/www.tecdmx.org.mx\/index.php\/wp-json\/wp\/v2\/tags?post=17250"}],"curies":[{"name":"wp","href":"https:\/\/api.w.org\/{rel}","templated":true}]}}