{"id":17617,"date":"2020-01-30T23:06:19","date_gmt":"2020-01-30T23:06:19","guid":{"rendered":"https:\/\/www.tecdmx.org.mx\/?p=17617"},"modified":"2020-01-30T23:07:51","modified_gmt":"2020-01-30T23:07:51","slug":"resuelve-tecdmx-confirmar-resolucion-del-iecm-respecto-de-un-procedimiento-sancionador-relativo-a-la-jefa-de-gobierno","status":"publish","type":"post","link":"https:\/\/www.tecdmx.org.mx\/index.php\/comunicados\/2020\/01\/30\/resuelve-tecdmx-confirmar-resolucion-del-iecm-respecto-de-un-procedimiento-sancionador-relativo-a-la-jefa-de-gobierno\/","title":{"rendered":"Resuelve TECDMX confirmar resoluci\u00f3n del IECM respecto de un procedimiento sancionador relativo a la Jefa de Gobierno."},"content":{"rendered":"\n<p>El Pleno del Tribunal Electoral de la Ciudad de\nM\u00e9xico (TECDMX) celebr\u00f3 Sesi\u00f3n P\u00fablica en la que se resolvieron cinco Juicios\nElectorales (JEL) y un Juicio para la Protecci\u00f3n de los Derechos\nPol\u00edtico-Electorales de la Ciudadan\u00eda (JLDC).<\/p>\n\n\n\n<p>Al resolver el juicio TECDMX-JEL-099 y su\nacumulado JEL-102, ambos de 2019, promovidos por Julio C\u00e9sar Sosa L\u00f3pez, quien\ncontrovirti\u00f3 la resoluci\u00f3n emitida por el Consejo General del Instituto\nElectoral de la Ciudad de M\u00e9xico, en el procedimiento ordinario sancionador 5\ndel a\u00f1o pasado en el que denunci\u00f3 a Javier Ariel Hidalgo Ponce, en su car\u00e1cter\nde Diputado Federal, por la repartici\u00f3n de tr\u00edpticos en los que se difundi\u00f3 su\ninforme de labores; el Pleno resolvi\u00f3 lo siguiente:<\/p>\n\n\n\n<p>\u00b7&nbsp;&nbsp;&nbsp;&nbsp;&nbsp;&nbsp;\nSobreseer el agravio en el que se controvert\u00eda la v\u00eda en la que el IECM\nsustanci\u00f3 el procedimiento sancionador.<\/p>\n\n\n\n<p>\u00b7&nbsp;&nbsp;&nbsp;&nbsp;&nbsp;&nbsp;\nRevocar parcialmente la resoluci\u00f3n combatida en lo conducente al estudio\nde la conducta relacionada con el informe de labores y modificar el estudio de\nla promoci\u00f3n personalizada conforme lo razonado en la sentencia y vincular al\nIECM para que, en el \u00e1mbito de su competencia, atienda los planteamientos de\nJulio C\u00e9sar Sosa en atenci\u00f3n al principio de exhaustividad.<\/p>\n\n\n\n<p>\u00b7&nbsp;&nbsp;&nbsp;&nbsp;&nbsp;&nbsp;\nInstruir al IECM determinar o pronunciarse si debe o no iniciar un\nprocedimiento sancionador por el posible uso de recursos p\u00fablicos atribu\u00edble a\nJavier Hidalgo Ponce, Diputado Federal.<\/p>\n\n\n\n<p>Sobre el juicio TECDMX-JEL-100\/2019, promovido\npor Federico D\u00f6ring Casar a fin de controvertir la resoluci\u00f3n emitida por el\nConsejo General del IECM, en el Procedimiento Ordinario Sancionador 6 de 2019\ninstruido en contra de la Jefa de Gobierno, Claudia Sheinbaum Pardo, por la\npresunta promoci\u00f3n personalizada y uso de recursos p\u00fablicos por la difusi\u00f3n de\nsu nombre e imagen en el portal electr\u00f3nico del Gobierno de la CDMX; el Pleno\ndetermin\u00f3 confirmar la resoluci\u00f3n del IECM al considerar los agravios de la\nparte actora como infundados. <\/p>\n\n\n\n<p>Por otra parte, al resolver los juicios\nTECDMX-JEL-006 y TECDMX-JEL-009, ambos de 2020, promovidos por V\u00edctor Israel\nBernal Andrade, quien controvirti\u00f3, en el primero de ellos, la resoluci\u00f3n de la\nDirecci\u00f3n Distrital 25 del IECM dictada en cumplimiento a lo ordenado por este\nTribunal en el Juicio Electoral 092\/2019; en la que dicha Direcci\u00f3n determin\u00f3\nque las personas integrantes del Comit\u00e9 Ciudadano en la colonia Bosques\nResidencial del Sur no son responsables de la comisi\u00f3n de las conductas\natribuidas dentro del expediente 005\/2019; mientras que en el segundo\ncontrovirti\u00f3 el incumplimiento por parte del citado Comit\u00e9 a la resoluci\u00f3n\nemitida por la Direcci\u00f3n Distrital en el aludido expediente; el Pleno determin\u00f3\ndesechar de plano las demandas.<\/p>\n\n\n\n<p>Lo anterior, al actualizarse una causal de nulidad\nconsistente en que los juicios quedaron sin materia, toda vez que el\nPleno de este \u00d3rgano Jurisdiccional aprob\u00f3 un Acuerdo de Incumplimiento de\nSentencia en el Juicio Electoral 092\/2019, en el que se determin\u00f3, entre otras\ncuestiones, que no se ha dado cumplimiento a dicha resoluci\u00f3n, ordenando a la\nautoridad responsable que emitiera una nueva en la que atendiera en su\ntotalidad los lineamientos ordenados.<\/p>\n\n\n\n<p>Finalmente, en el juicio TECDMX-JLDC-004\/2020,\npromovido por la Asociaci\u00f3n Civil \u201cSociedad, Equidad y G\u00e9nero, A.C.\u201d en contra\ndel Acta Circunstanciada correspondiente\na la Asamblea del 30 de noviembre de 2019 en la Demarcaci\u00f3n Territorial\nIztapalapa, derivado de la supuesta indebida aplicaci\u00f3n del art\u00edculo 24 del\nReglamento para el Registro de Partidos Pol\u00edticos ante el Instituto Electoral\nde la Ciudad de M\u00e9xico; el Pleno determin\u00f3 desechar de plano la demanda al\nhaber sido presentado de forma extempor\u00e1nea.<\/p>\n\n\n\n<p><strong>o-O-o<\/strong><\/p>\n\n\n\n<p><strong>* Los\ncriterios para las resoluciones de este Pleno son coincidentes.<\/strong><\/p>\n","protected":false},"excerpt":{"rendered":"<p>El Pleno del Tribunal Electoral de la Ciudad de M\u00e9xico (TECDMX) celebr\u00f3 Sesi\u00f3n P\u00fablica en la que se resolvieron cinco Juicios Electorales (JEL) y un Juicio para la Protecci\u00f3n de los Derechos Pol\u00edtico-Electorales de la Ciudadan\u00eda (JLDC).<\/p>\n","protected":false},"author":13,"featured_media":17618,"comment_status":"open","ping_status":"open","sticky":false,"template":"","format":"standard","meta":{"_acf_changed":false,"_exactmetrics_skip_tracking":false,"_exactmetrics_sitenote_active":false,"_exactmetrics_sitenote_note":"","_exactmetrics_sitenote_category":0,"footnotes":""},"categories":[32,47],"tags":[],"acf":[],"yoast_head":"<!-- This site is optimized with the Yoast SEO plugin v22.3 - https:\/\/yoast.com\/wordpress\/plugins\/seo\/ -->\n<title>Resuelve TECDMX confirmar resoluci\u00f3n del IECM respecto de un procedimiento sancionador relativo a la Jefa de Gobierno. - Tribunal Electoral de la Ciudad de M\u00e9xico<\/title>\n<meta name=\"robots\" content=\"index, follow, max-snippet:-1, max-image-preview:large, max-video-preview:-1\" \/>\n<link rel=\"canonical\" href=\"https:\/\/www.tecdmx.org.mx\/index.php\/comunicados\/2020\/01\/30\/resuelve-tecdmx-confirmar-resolucion-del-iecm-respecto-de-un-procedimiento-sancionador-relativo-a-la-jefa-de-gobierno\/\" \/>\n<meta property=\"og:locale\" content=\"es_ES\" \/>\n<meta property=\"og:type\" content=\"article\" \/>\n<meta property=\"og:title\" content=\"Resuelve TECDMX confirmar resoluci\u00f3n del IECM respecto de un procedimiento sancionador relativo a la Jefa de Gobierno. - Tribunal Electoral de la Ciudad de M\u00e9xico\" \/>\n<meta property=\"og:description\" content=\"El Pleno del Tribunal Electoral de la Ciudad de M\u00e9xico (TECDMX) celebr\u00f3 Sesi\u00f3n P\u00fablica en la que se resolvieron cinco Juicios Electorales (JEL) y un Juicio para la Protecci\u00f3n de los Derechos Pol\u00edtico-Electorales de la Ciudadan\u00eda (JLDC).\" \/>\n<meta property=\"og:url\" content=\"https:\/\/www.tecdmx.org.mx\/index.php\/comunicados\/2020\/01\/30\/resuelve-tecdmx-confirmar-resolucion-del-iecm-respecto-de-un-procedimiento-sancionador-relativo-a-la-jefa-de-gobierno\/\" \/>\n<meta property=\"og:site_name\" content=\"Tribunal Electoral de la Ciudad de M\u00e9xico\" \/>\n<meta property=\"article:publisher\" content=\"https:\/\/www.facebook.com\/TECDMX\/\" \/>\n<meta property=\"article:published_time\" content=\"2020-01-30T23:06:19+00:00\" \/>\n<meta property=\"article:modified_time\" content=\"2020-01-30T23:07:51+00:00\" \/>\n<meta property=\"og:image\" content=\"https:\/\/www.tecdmx.org.mx\/wp-content\/uploads\/2020\/01\/Imagen-SP-300120.png\" \/>\n\t<meta property=\"og:image:width\" content=\"580\" \/>\n\t<meta property=\"og:image:height\" content=\"231\" \/>\n\t<meta property=\"og:image:type\" content=\"image\/png\" \/>\n<meta name=\"author\" content=\"Difusion2025\" \/>\n<meta name=\"twitter:card\" content=\"summary_large_image\" \/>\n<meta name=\"twitter:creator\" content=\"@tecdmx\" \/>\n<meta name=\"twitter:site\" content=\"@tecdmx\" \/>\n<meta name=\"twitter:label1\" content=\"Escrito por\" \/>\n\t<meta name=\"twitter:data1\" content=\"Difusion2025\" \/>\n\t<meta name=\"twitter:label2\" content=\"Tiempo de lectura\" \/>\n\t<meta name=\"twitter:data2\" content=\"3 minutos\" \/>\n<script type=\"application\/ld+json\" class=\"yoast-schema-graph\">{\"@context\":\"https:\/\/schema.org\",\"@graph\":[{\"@type\":\"WebPage\",\"@id\":\"https:\/\/www.tecdmx.org.mx\/index.php\/comunicados\/2020\/01\/30\/resuelve-tecdmx-confirmar-resolucion-del-iecm-respecto-de-un-procedimiento-sancionador-relativo-a-la-jefa-de-gobierno\/\",\"url\":\"https:\/\/www.tecdmx.org.mx\/index.php\/comunicados\/2020\/01\/30\/resuelve-tecdmx-confirmar-resolucion-del-iecm-respecto-de-un-procedimiento-sancionador-relativo-a-la-jefa-de-gobierno\/\",\"name\":\"Resuelve TECDMX confirmar resoluci\u00f3n del IECM respecto de un procedimiento sancionador relativo a la Jefa de Gobierno. - Tribunal Electoral de la Ciudad de M\u00e9xico\",\"isPartOf\":{\"@id\":\"https:\/\/www.tecdmx.org.mx\/#website\"},\"primaryImageOfPage\":{\"@id\":\"https:\/\/www.tecdmx.org.mx\/index.php\/comunicados\/2020\/01\/30\/resuelve-tecdmx-confirmar-resolucion-del-iecm-respecto-de-un-procedimiento-sancionador-relativo-a-la-jefa-de-gobierno\/#primaryimage\"},\"image\":{\"@id\":\"https:\/\/www.tecdmx.org.mx\/index.php\/comunicados\/2020\/01\/30\/resuelve-tecdmx-confirmar-resolucion-del-iecm-respecto-de-un-procedimiento-sancionador-relativo-a-la-jefa-de-gobierno\/#primaryimage\"},\"thumbnailUrl\":\"https:\/\/www.tecdmx.org.mx\/wp-content\/uploads\/2020\/01\/Imagen-SP-300120.png\",\"datePublished\":\"2020-01-30T23:06:19+00:00\",\"dateModified\":\"2020-01-30T23:07:51+00:00\",\"author\":{\"@id\":\"https:\/\/www.tecdmx.org.mx\/#\/schema\/person\/208c898199fb3234203823c5f0cf31d6\"},\"breadcrumb\":{\"@id\":\"https:\/\/www.tecdmx.org.mx\/index.php\/comunicados\/2020\/01\/30\/resuelve-tecdmx-confirmar-resolucion-del-iecm-respecto-de-un-procedimiento-sancionador-relativo-a-la-jefa-de-gobierno\/#breadcrumb\"},\"inLanguage\":\"es\",\"potentialAction\":[{\"@type\":\"ReadAction\",\"target\":[\"https:\/\/www.tecdmx.org.mx\/index.php\/comunicados\/2020\/01\/30\/resuelve-tecdmx-confirmar-resolucion-del-iecm-respecto-de-un-procedimiento-sancionador-relativo-a-la-jefa-de-gobierno\/\"]}]},{\"@type\":\"ImageObject\",\"inLanguage\":\"es\",\"@id\":\"https:\/\/www.tecdmx.org.mx\/index.php\/comunicados\/2020\/01\/30\/resuelve-tecdmx-confirmar-resolucion-del-iecm-respecto-de-un-procedimiento-sancionador-relativo-a-la-jefa-de-gobierno\/#primaryimage\",\"url\":\"https:\/\/www.tecdmx.org.mx\/wp-content\/uploads\/2020\/01\/Imagen-SP-300120.png\",\"contentUrl\":\"https:\/\/www.tecdmx.org.mx\/wp-content\/uploads\/2020\/01\/Imagen-SP-300120.png\",\"width\":580,\"height\":231},{\"@type\":\"BreadcrumbList\",\"@id\":\"https:\/\/www.tecdmx.org.mx\/index.php\/comunicados\/2020\/01\/30\/resuelve-tecdmx-confirmar-resolucion-del-iecm-respecto-de-un-procedimiento-sancionador-relativo-a-la-jefa-de-gobierno\/#breadcrumb\",\"itemListElement\":[{\"@type\":\"ListItem\",\"position\":1,\"name\":\"Portada\",\"item\":\"https:\/\/www.tecdmx.org.mx\/\"},{\"@type\":\"ListItem\",\"position\":2,\"name\":\"Resuelve TECDMX confirmar resoluci\u00f3n del IECM respecto de un procedimiento sancionador relativo a la Jefa de Gobierno.\"}]},{\"@type\":\"WebSite\",\"@id\":\"https:\/\/www.tecdmx.org.mx\/#website\",\"url\":\"https:\/\/www.tecdmx.org.mx\/\",\"name\":\"Tribunal Electoral de la Ciudad de M\u00e9xico\",\"description\":\"25 a\u00f1os garantizando justicia en tu elecci\u00f3n\",\"potentialAction\":[{\"@type\":\"SearchAction\",\"target\":{\"@type\":\"EntryPoint\",\"urlTemplate\":\"https:\/\/www.tecdmx.org.mx\/?s={search_term_string}\"},\"query-input\":\"required name=search_term_string\"}],\"inLanguage\":\"es\"},{\"@type\":\"Person\",\"@id\":\"https:\/\/www.tecdmx.org.mx\/#\/schema\/person\/208c898199fb3234203823c5f0cf31d6\",\"name\":\"Difusion2025\",\"image\":{\"@type\":\"ImageObject\",\"inLanguage\":\"es\",\"@id\":\"https:\/\/www.tecdmx.org.mx\/#\/schema\/person\/image\/\",\"url\":\"https:\/\/secure.gravatar.com\/avatar\/6f7a4ba3acb418040e90a2eb99b5df28?s=96&d=mm&r=g\",\"contentUrl\":\"https:\/\/secure.gravatar.com\/avatar\/6f7a4ba3acb418040e90a2eb99b5df28?s=96&d=mm&r=g\",\"caption\":\"Difusion2025\"}}]}<\/script>\n<!-- \/ Yoast SEO plugin. -->","yoast_head_json":{"title":"Resuelve TECDMX confirmar resoluci\u00f3n del IECM respecto de un procedimiento sancionador relativo a la Jefa de Gobierno. - Tribunal Electoral de la Ciudad de M\u00e9xico","robots":{"index":"index","follow":"follow","max-snippet":"max-snippet:-1","max-image-preview":"max-image-preview:large","max-video-preview":"max-video-preview:-1"},"canonical":"https:\/\/www.tecdmx.org.mx\/index.php\/comunicados\/2020\/01\/30\/resuelve-tecdmx-confirmar-resolucion-del-iecm-respecto-de-un-procedimiento-sancionador-relativo-a-la-jefa-de-gobierno\/","og_locale":"es_ES","og_type":"article","og_title":"Resuelve TECDMX confirmar resoluci\u00f3n del IECM respecto de un procedimiento sancionador relativo a la Jefa de Gobierno. - Tribunal Electoral de la Ciudad de M\u00e9xico","og_description":"El Pleno del Tribunal Electoral de la Ciudad de M\u00e9xico (TECDMX) celebr\u00f3 Sesi\u00f3n P\u00fablica en la que se resolvieron cinco Juicios Electorales (JEL) y un Juicio para la Protecci\u00f3n de los Derechos Pol\u00edtico-Electorales de la Ciudadan\u00eda (JLDC).","og_url":"https:\/\/www.tecdmx.org.mx\/index.php\/comunicados\/2020\/01\/30\/resuelve-tecdmx-confirmar-resolucion-del-iecm-respecto-de-un-procedimiento-sancionador-relativo-a-la-jefa-de-gobierno\/","og_site_name":"Tribunal Electoral de la Ciudad de M\u00e9xico","article_publisher":"https:\/\/www.facebook.com\/TECDMX\/","article_published_time":"2020-01-30T23:06:19+00:00","article_modified_time":"2020-01-30T23:07:51+00:00","og_image":[{"width":580,"height":231,"url":"https:\/\/www.tecdmx.org.mx\/wp-content\/uploads\/2020\/01\/Imagen-SP-300120.png","type":"image\/png"}],"author":"Difusion2025","twitter_card":"summary_large_image","twitter_creator":"@tecdmx","twitter_site":"@tecdmx","twitter_misc":{"Escrito por":"Difusion2025","Tiempo de lectura":"3 minutos"},"schema":{"@context":"https:\/\/schema.org","@graph":[{"@type":"WebPage","@id":"https:\/\/www.tecdmx.org.mx\/index.php\/comunicados\/2020\/01\/30\/resuelve-tecdmx-confirmar-resolucion-del-iecm-respecto-de-un-procedimiento-sancionador-relativo-a-la-jefa-de-gobierno\/","url":"https:\/\/www.tecdmx.org.mx\/index.php\/comunicados\/2020\/01\/30\/resuelve-tecdmx-confirmar-resolucion-del-iecm-respecto-de-un-procedimiento-sancionador-relativo-a-la-jefa-de-gobierno\/","name":"Resuelve TECDMX confirmar resoluci\u00f3n del IECM respecto de un procedimiento sancionador relativo a la Jefa de Gobierno. - Tribunal Electoral de la Ciudad de M\u00e9xico","isPartOf":{"@id":"https:\/\/www.tecdmx.org.mx\/#website"},"primaryImageOfPage":{"@id":"https:\/\/www.tecdmx.org.mx\/index.php\/comunicados\/2020\/01\/30\/resuelve-tecdmx-confirmar-resolucion-del-iecm-respecto-de-un-procedimiento-sancionador-relativo-a-la-jefa-de-gobierno\/#primaryimage"},"image":{"@id":"https:\/\/www.tecdmx.org.mx\/index.php\/comunicados\/2020\/01\/30\/resuelve-tecdmx-confirmar-resolucion-del-iecm-respecto-de-un-procedimiento-sancionador-relativo-a-la-jefa-de-gobierno\/#primaryimage"},"thumbnailUrl":"https:\/\/www.tecdmx.org.mx\/wp-content\/uploads\/2020\/01\/Imagen-SP-300120.png","datePublished":"2020-01-30T23:06:19+00:00","dateModified":"2020-01-30T23:07:51+00:00","author":{"@id":"https:\/\/www.tecdmx.org.mx\/#\/schema\/person\/208c898199fb3234203823c5f0cf31d6"},"breadcrumb":{"@id":"https:\/\/www.tecdmx.org.mx\/index.php\/comunicados\/2020\/01\/30\/resuelve-tecdmx-confirmar-resolucion-del-iecm-respecto-de-un-procedimiento-sancionador-relativo-a-la-jefa-de-gobierno\/#breadcrumb"},"inLanguage":"es","potentialAction":[{"@type":"ReadAction","target":["https:\/\/www.tecdmx.org.mx\/index.php\/comunicados\/2020\/01\/30\/resuelve-tecdmx-confirmar-resolucion-del-iecm-respecto-de-un-procedimiento-sancionador-relativo-a-la-jefa-de-gobierno\/"]}]},{"@type":"ImageObject","inLanguage":"es","@id":"https:\/\/www.tecdmx.org.mx\/index.php\/comunicados\/2020\/01\/30\/resuelve-tecdmx-confirmar-resolucion-del-iecm-respecto-de-un-procedimiento-sancionador-relativo-a-la-jefa-de-gobierno\/#primaryimage","url":"https:\/\/www.tecdmx.org.mx\/wp-content\/uploads\/2020\/01\/Imagen-SP-300120.png","contentUrl":"https:\/\/www.tecdmx.org.mx\/wp-content\/uploads\/2020\/01\/Imagen-SP-300120.png","width":580,"height":231},{"@type":"BreadcrumbList","@id":"https:\/\/www.tecdmx.org.mx\/index.php\/comunicados\/2020\/01\/30\/resuelve-tecdmx-confirmar-resolucion-del-iecm-respecto-de-un-procedimiento-sancionador-relativo-a-la-jefa-de-gobierno\/#breadcrumb","itemListElement":[{"@type":"ListItem","position":1,"name":"Portada","item":"https:\/\/www.tecdmx.org.mx\/"},{"@type":"ListItem","position":2,"name":"Resuelve TECDMX confirmar resoluci\u00f3n del IECM respecto de un procedimiento sancionador relativo a la Jefa de Gobierno."}]},{"@type":"WebSite","@id":"https:\/\/www.tecdmx.org.mx\/#website","url":"https:\/\/www.tecdmx.org.mx\/","name":"Tribunal Electoral de la Ciudad de M\u00e9xico","description":"25 a\u00f1os garantizando justicia en tu elecci\u00f3n","potentialAction":[{"@type":"SearchAction","target":{"@type":"EntryPoint","urlTemplate":"https:\/\/www.tecdmx.org.mx\/?s={search_term_string}"},"query-input":"required name=search_term_string"}],"inLanguage":"es"},{"@type":"Person","@id":"https:\/\/www.tecdmx.org.mx\/#\/schema\/person\/208c898199fb3234203823c5f0cf31d6","name":"Difusion2025","image":{"@type":"ImageObject","inLanguage":"es","@id":"https:\/\/www.tecdmx.org.mx\/#\/schema\/person\/image\/","url":"https:\/\/secure.gravatar.com\/avatar\/6f7a4ba3acb418040e90a2eb99b5df28?s=96&d=mm&r=g","contentUrl":"https:\/\/secure.gravatar.com\/avatar\/6f7a4ba3acb418040e90a2eb99b5df28?s=96&d=mm&r=g","caption":"Difusion2025"}}]}},"_links":{"self":[{"href":"https:\/\/www.tecdmx.org.mx\/index.php\/wp-json\/wp\/v2\/posts\/17617"}],"collection":[{"href":"https:\/\/www.tecdmx.org.mx\/index.php\/wp-json\/wp\/v2\/posts"}],"about":[{"href":"https:\/\/www.tecdmx.org.mx\/index.php\/wp-json\/wp\/v2\/types\/post"}],"author":[{"embeddable":true,"href":"https:\/\/www.tecdmx.org.mx\/index.php\/wp-json\/wp\/v2\/users\/13"}],"replies":[{"embeddable":true,"href":"https:\/\/www.tecdmx.org.mx\/index.php\/wp-json\/wp\/v2\/comments?post=17617"}],"version-history":[{"count":2,"href":"https:\/\/www.tecdmx.org.mx\/index.php\/wp-json\/wp\/v2\/posts\/17617\/revisions"}],"predecessor-version":[{"id":17620,"href":"https:\/\/www.tecdmx.org.mx\/index.php\/wp-json\/wp\/v2\/posts\/17617\/revisions\/17620"}],"wp:featuredmedia":[{"embeddable":true,"href":"https:\/\/www.tecdmx.org.mx\/index.php\/wp-json\/wp\/v2\/media\/17618"}],"wp:attachment":[{"href":"https:\/\/www.tecdmx.org.mx\/index.php\/wp-json\/wp\/v2\/media?parent=17617"}],"wp:term":[{"taxonomy":"category","embeddable":true,"href":"https:\/\/www.tecdmx.org.mx\/index.php\/wp-json\/wp\/v2\/categories?post=17617"},{"taxonomy":"post_tag","embeddable":true,"href":"https:\/\/www.tecdmx.org.mx\/index.php\/wp-json\/wp\/v2\/tags?post=17617"}],"curies":[{"name":"wp","href":"https:\/\/api.w.org\/{rel}","templated":true}]}}