{"id":17678,"date":"2020-02-05T22:49:00","date_gmt":"2020-02-05T22:49:00","guid":{"rendered":"https:\/\/www.tecdmx.org.mx\/?p=17678"},"modified":"2020-02-05T22:49:01","modified_gmt":"2020-02-05T22:49:01","slug":"plan-de-trabajo-para-la-determinacion-de-las-circunscripciones-en-las-demarcaciones-territoriales-de-la-cdmx","status":"publish","type":"post","link":"https:\/\/www.tecdmx.org.mx\/index.php\/eventos\/2020\/02\/05\/plan-de-trabajo-para-la-determinacion-de-las-circunscripciones-en-las-demarcaciones-territoriales-de-la-cdmx\/","title":{"rendered":"Plan de Trabajo para la determinaci\u00f3n de las circunscripciones en las demarcaciones territoriales de la CDMX"},"content":{"rendered":"\n<p>El Magistrado Presidente Gustavo Anzaldo Hern\u00e1ndez, asisti\u00f3 a la reuni\u00f3n de trabajo en el Instituto Electoral de la Ciudad de M\u00e9xico, donde se present\u00f3 el Plan de Trabajo para la determinaci\u00f3n de las circunscripciones en las demarcaciones territoriales de la CDMX para el proceso electoral local ordinario 2020-2021.<\/p>\n\n\n\n<figure class=\"wp-block-gallery columns-2 is-cropped wp-block-gallery-1 is-layout-flex wp-block-gallery-is-layout-flex\"><ul class=\"blocks-gallery-grid\"><li class=\"blocks-gallery-item\"><figure><img loading=\"lazy\" decoding=\"async\" width=\"507\" height=\"350\" src=\"https:\/\/www.tecdmx.org.mx\/wp-content\/uploads\/2020\/02\/IECM-03-507x350.png\" alt=\"\" data-id=\"17679\" data-full-url=\"https:\/\/www.tecdmx.org.mx\/wp-content\/uploads\/2020\/02\/IECM-03.png\" data-link=\"https:\/\/www.tecdmx.org.mx\/?attachment_id=17679\" class=\"wp-image-17679\" srcset=\"https:\/\/www.tecdmx.org.mx\/wp-content\/uploads\/2020\/02\/IECM-03-362x250.png 362w, https:\/\/www.tecdmx.org.mx\/wp-content\/uploads\/2020\/02\/IECM-03-507x350.png 507w, https:\/\/www.tecdmx.org.mx\/wp-content\/uploads\/2020\/02\/IECM-03-768x530.png 768w, https:\/\/www.tecdmx.org.mx\/wp-content\/uploads\/2020\/02\/IECM-03-1536x1060.png 1536w, https:\/\/www.tecdmx.org.mx\/wp-content\/uploads\/2020\/02\/IECM-03.png 1858w\" sizes=\"(max-width: 507px) 100vw, 507px\" \/><\/figure><\/li><li class=\"blocks-gallery-item\"><figure><img loading=\"lazy\" decoding=\"async\" width=\"562\" height=\"350\" src=\"https:\/\/www.tecdmx.org.mx\/wp-content\/uploads\/2020\/02\/IECM-02-562x350.png\" alt=\"\" data-id=\"17680\" data-full-url=\"https:\/\/www.tecdmx.org.mx\/wp-content\/uploads\/2020\/02\/IECM-02.png\" data-link=\"https:\/\/www.tecdmx.org.mx\/?attachment_id=17680\" class=\"wp-image-17680\" srcset=\"https:\/\/www.tecdmx.org.mx\/wp-content\/uploads\/2020\/02\/IECM-02-402x250.png 402w, https:\/\/www.tecdmx.org.mx\/wp-content\/uploads\/2020\/02\/IECM-02-562x350.png 562w, https:\/\/www.tecdmx.org.mx\/wp-content\/uploads\/2020\/02\/IECM-02-768x478.png 768w, https:\/\/www.tecdmx.org.mx\/wp-content\/uploads\/2020\/02\/IECM-02-1536x956.png 1536w, https:\/\/www.tecdmx.org.mx\/wp-content\/uploads\/2020\/02\/IECM-02.png 1880w\" sizes=\"(max-width: 562px) 100vw, 562px\" \/><\/figure><\/li><li class=\"blocks-gallery-item\"><figure><img loading=\"lazy\" decoding=\"async\" width=\"781\" height=\"350\" src=\"https:\/\/www.tecdmx.org.mx\/wp-content\/uploads\/2020\/02\/IECM-01-781x350.png\" alt=\"\" data-id=\"17681\" data-full-url=\"https:\/\/www.tecdmx.org.mx\/wp-content\/uploads\/2020\/02\/IECM-01.png\" data-link=\"https:\/\/www.tecdmx.org.mx\/?attachment_id=17681\" class=\"wp-image-17681\" srcset=\"https:\/\/www.tecdmx.org.mx\/wp-content\/uploads\/2020\/02\/IECM-01-446x200.png 446w, https:\/\/www.tecdmx.org.mx\/wp-content\/uploads\/2020\/02\/IECM-01-781x350.png 781w, https:\/\/www.tecdmx.org.mx\/wp-content\/uploads\/2020\/02\/IECM-01-768x344.png 768w, https:\/\/www.tecdmx.org.mx\/wp-content\/uploads\/2020\/02\/IECM-01-1536x689.png 1536w, https:\/\/www.tecdmx.org.mx\/wp-content\/uploads\/2020\/02\/IECM-01.png 1878w\" sizes=\"(max-width: 781px) 100vw, 781px\" \/><\/figure><\/li><\/ul><\/figure>\n","protected":false},"excerpt":{"rendered":"<p>El Magistrado Presidente Gustavo Anzaldo Hern\u00e1ndez, asisti\u00f3&#8230;<\/p>\n","protected":false},"author":13,"featured_media":17680,"comment_status":"open","ping_status":"open","sticky":false,"template":"","format":"standard","meta":{"_acf_changed":false,"_exactmetrics_skip_tracking":false,"_exactmetrics_sitenote_active":false,"_exactmetrics_sitenote_note":"","_exactmetrics_sitenote_category":0,"footnotes":""},"categories":[47,40],"tags":[],"acf":[],"yoast_head":"<!-- This site is optimized with the Yoast SEO plugin v22.3 - https:\/\/yoast.com\/wordpress\/plugins\/seo\/ -->\n<title>Plan de Trabajo para la determinaci\u00f3n de las circunscripciones en las demarcaciones territoriales de la CDMX - Tribunal Electoral de la Ciudad de M\u00e9xico<\/title>\n<meta name=\"robots\" content=\"index, follow, max-snippet:-1, max-image-preview:large, max-video-preview:-1\" \/>\n<link rel=\"canonical\" href=\"https:\/\/www.tecdmx.org.mx\/index.php\/eventos\/2020\/02\/05\/plan-de-trabajo-para-la-determinacion-de-las-circunscripciones-en-las-demarcaciones-territoriales-de-la-cdmx\/\" \/>\n<meta property=\"og:locale\" content=\"es_ES\" \/>\n<meta property=\"og:type\" content=\"article\" \/>\n<meta property=\"og:title\" content=\"Plan de Trabajo para la determinaci\u00f3n de las circunscripciones en las demarcaciones territoriales de la CDMX - Tribunal Electoral de la Ciudad de M\u00e9xico\" \/>\n<meta property=\"og:description\" content=\"El Magistrado Presidente Gustavo Anzaldo Hern\u00e1ndez, asisti\u00f3...\" \/>\n<meta property=\"og:url\" content=\"https:\/\/www.tecdmx.org.mx\/index.php\/eventos\/2020\/02\/05\/plan-de-trabajo-para-la-determinacion-de-las-circunscripciones-en-las-demarcaciones-territoriales-de-la-cdmx\/\" \/>\n<meta property=\"og:site_name\" content=\"Tribunal Electoral de la Ciudad de M\u00e9xico\" \/>\n<meta property=\"article:publisher\" content=\"https:\/\/www.facebook.com\/TECDMX\/\" \/>\n<meta property=\"article:published_time\" content=\"2020-02-05T22:49:00+00:00\" \/>\n<meta property=\"article:modified_time\" content=\"2020-02-05T22:49:01+00:00\" \/>\n<meta property=\"og:image\" content=\"https:\/\/www.tecdmx.org.mx\/wp-content\/uploads\/2020\/02\/IECM-02-562x350.png\" \/>\n\t<meta property=\"og:image:width\" content=\"562\" \/>\n\t<meta property=\"og:image:height\" content=\"350\" \/>\n\t<meta property=\"og:image:type\" content=\"image\/png\" \/>\n<meta name=\"author\" content=\"Difusion2025\" \/>\n<meta name=\"twitter:card\" content=\"summary_large_image\" \/>\n<meta name=\"twitter:creator\" content=\"@tecdmx\" \/>\n<meta name=\"twitter:site\" content=\"@tecdmx\" \/>\n<meta name=\"twitter:label1\" content=\"Escrito por\" \/>\n\t<meta name=\"twitter:data1\" content=\"Difusion2025\" \/>\n<script type=\"application\/ld+json\" class=\"yoast-schema-graph\">{\"@context\":\"https:\/\/schema.org\",\"@graph\":[{\"@type\":\"WebPage\",\"@id\":\"https:\/\/www.tecdmx.org.mx\/index.php\/eventos\/2020\/02\/05\/plan-de-trabajo-para-la-determinacion-de-las-circunscripciones-en-las-demarcaciones-territoriales-de-la-cdmx\/\",\"url\":\"https:\/\/www.tecdmx.org.mx\/index.php\/eventos\/2020\/02\/05\/plan-de-trabajo-para-la-determinacion-de-las-circunscripciones-en-las-demarcaciones-territoriales-de-la-cdmx\/\",\"name\":\"Plan de Trabajo para la determinaci\u00f3n de las circunscripciones en las demarcaciones territoriales de la CDMX - Tribunal Electoral de la Ciudad de M\u00e9xico\",\"isPartOf\":{\"@id\":\"https:\/\/www.tecdmx.org.mx\/#website\"},\"primaryImageOfPage\":{\"@id\":\"https:\/\/www.tecdmx.org.mx\/index.php\/eventos\/2020\/02\/05\/plan-de-trabajo-para-la-determinacion-de-las-circunscripciones-en-las-demarcaciones-territoriales-de-la-cdmx\/#primaryimage\"},\"image\":{\"@id\":\"https:\/\/www.tecdmx.org.mx\/index.php\/eventos\/2020\/02\/05\/plan-de-trabajo-para-la-determinacion-de-las-circunscripciones-en-las-demarcaciones-territoriales-de-la-cdmx\/#primaryimage\"},\"thumbnailUrl\":\"https:\/\/www.tecdmx.org.mx\/wp-content\/uploads\/2020\/02\/IECM-02.png\",\"datePublished\":\"2020-02-05T22:49:00+00:00\",\"dateModified\":\"2020-02-05T22:49:01+00:00\",\"author\":{\"@id\":\"https:\/\/www.tecdmx.org.mx\/#\/schema\/person\/208c898199fb3234203823c5f0cf31d6\"},\"breadcrumb\":{\"@id\":\"https:\/\/www.tecdmx.org.mx\/index.php\/eventos\/2020\/02\/05\/plan-de-trabajo-para-la-determinacion-de-las-circunscripciones-en-las-demarcaciones-territoriales-de-la-cdmx\/#breadcrumb\"},\"inLanguage\":\"es\",\"potentialAction\":[{\"@type\":\"ReadAction\",\"target\":[\"https:\/\/www.tecdmx.org.mx\/index.php\/eventos\/2020\/02\/05\/plan-de-trabajo-para-la-determinacion-de-las-circunscripciones-en-las-demarcaciones-territoriales-de-la-cdmx\/\"]}]},{\"@type\":\"ImageObject\",\"inLanguage\":\"es\",\"@id\":\"https:\/\/www.tecdmx.org.mx\/index.php\/eventos\/2020\/02\/05\/plan-de-trabajo-para-la-determinacion-de-las-circunscripciones-en-las-demarcaciones-territoriales-de-la-cdmx\/#primaryimage\",\"url\":\"https:\/\/www.tecdmx.org.mx\/wp-content\/uploads\/2020\/02\/IECM-02.png\",\"contentUrl\":\"https:\/\/www.tecdmx.org.mx\/wp-content\/uploads\/2020\/02\/IECM-02.png\",\"width\":1880,\"height\":1170},{\"@type\":\"BreadcrumbList\",\"@id\":\"https:\/\/www.tecdmx.org.mx\/index.php\/eventos\/2020\/02\/05\/plan-de-trabajo-para-la-determinacion-de-las-circunscripciones-en-las-demarcaciones-territoriales-de-la-cdmx\/#breadcrumb\",\"itemListElement\":[{\"@type\":\"ListItem\",\"position\":1,\"name\":\"Portada\",\"item\":\"https:\/\/www.tecdmx.org.mx\/\"},{\"@type\":\"ListItem\",\"position\":2,\"name\":\"Plan de Trabajo para la determinaci\u00f3n de las circunscripciones en las demarcaciones territoriales de la CDMX\"}]},{\"@type\":\"WebSite\",\"@id\":\"https:\/\/www.tecdmx.org.mx\/#website\",\"url\":\"https:\/\/www.tecdmx.org.mx\/\",\"name\":\"Tribunal Electoral de la Ciudad de M\u00e9xico\",\"description\":\"25 a\u00f1os garantizando justicia en tu elecci\u00f3n\",\"potentialAction\":[{\"@type\":\"SearchAction\",\"target\":{\"@type\":\"EntryPoint\",\"urlTemplate\":\"https:\/\/www.tecdmx.org.mx\/?s={search_term_string}\"},\"query-input\":\"required name=search_term_string\"}],\"inLanguage\":\"es\"},{\"@type\":\"Person\",\"@id\":\"https:\/\/www.tecdmx.org.mx\/#\/schema\/person\/208c898199fb3234203823c5f0cf31d6\",\"name\":\"Difusion2025\",\"image\":{\"@type\":\"ImageObject\",\"inLanguage\":\"es\",\"@id\":\"https:\/\/www.tecdmx.org.mx\/#\/schema\/person\/image\/\",\"url\":\"https:\/\/secure.gravatar.com\/avatar\/6f7a4ba3acb418040e90a2eb99b5df28?s=96&d=mm&r=g\",\"contentUrl\":\"https:\/\/secure.gravatar.com\/avatar\/6f7a4ba3acb418040e90a2eb99b5df28?s=96&d=mm&r=g\",\"caption\":\"Difusion2025\"}}]}<\/script>\n<!-- \/ Yoast SEO plugin. -->","yoast_head_json":{"title":"Plan de Trabajo para la determinaci\u00f3n de las circunscripciones en las demarcaciones territoriales de la CDMX - Tribunal Electoral de la Ciudad de M\u00e9xico","robots":{"index":"index","follow":"follow","max-snippet":"max-snippet:-1","max-image-preview":"max-image-preview:large","max-video-preview":"max-video-preview:-1"},"canonical":"https:\/\/www.tecdmx.org.mx\/index.php\/eventos\/2020\/02\/05\/plan-de-trabajo-para-la-determinacion-de-las-circunscripciones-en-las-demarcaciones-territoriales-de-la-cdmx\/","og_locale":"es_ES","og_type":"article","og_title":"Plan de Trabajo para la determinaci\u00f3n de las circunscripciones en las demarcaciones territoriales de la CDMX - Tribunal Electoral de la Ciudad de M\u00e9xico","og_description":"El Magistrado Presidente Gustavo Anzaldo Hern\u00e1ndez, asisti\u00f3...","og_url":"https:\/\/www.tecdmx.org.mx\/index.php\/eventos\/2020\/02\/05\/plan-de-trabajo-para-la-determinacion-de-las-circunscripciones-en-las-demarcaciones-territoriales-de-la-cdmx\/","og_site_name":"Tribunal Electoral de la Ciudad de M\u00e9xico","article_publisher":"https:\/\/www.facebook.com\/TECDMX\/","article_published_time":"2020-02-05T22:49:00+00:00","article_modified_time":"2020-02-05T22:49:01+00:00","og_image":[{"width":562,"height":350,"url":"https:\/\/www.tecdmx.org.mx\/wp-content\/uploads\/2020\/02\/IECM-02-562x350.png","type":"image\/png"}],"author":"Difusion2025","twitter_card":"summary_large_image","twitter_creator":"@tecdmx","twitter_site":"@tecdmx","twitter_misc":{"Escrito por":"Difusion2025"},"schema":{"@context":"https:\/\/schema.org","@graph":[{"@type":"WebPage","@id":"https:\/\/www.tecdmx.org.mx\/index.php\/eventos\/2020\/02\/05\/plan-de-trabajo-para-la-determinacion-de-las-circunscripciones-en-las-demarcaciones-territoriales-de-la-cdmx\/","url":"https:\/\/www.tecdmx.org.mx\/index.php\/eventos\/2020\/02\/05\/plan-de-trabajo-para-la-determinacion-de-las-circunscripciones-en-las-demarcaciones-territoriales-de-la-cdmx\/","name":"Plan de Trabajo para la determinaci\u00f3n de las circunscripciones en las demarcaciones territoriales de la CDMX - Tribunal Electoral de la Ciudad de M\u00e9xico","isPartOf":{"@id":"https:\/\/www.tecdmx.org.mx\/#website"},"primaryImageOfPage":{"@id":"https:\/\/www.tecdmx.org.mx\/index.php\/eventos\/2020\/02\/05\/plan-de-trabajo-para-la-determinacion-de-las-circunscripciones-en-las-demarcaciones-territoriales-de-la-cdmx\/#primaryimage"},"image":{"@id":"https:\/\/www.tecdmx.org.mx\/index.php\/eventos\/2020\/02\/05\/plan-de-trabajo-para-la-determinacion-de-las-circunscripciones-en-las-demarcaciones-territoriales-de-la-cdmx\/#primaryimage"},"thumbnailUrl":"https:\/\/www.tecdmx.org.mx\/wp-content\/uploads\/2020\/02\/IECM-02.png","datePublished":"2020-02-05T22:49:00+00:00","dateModified":"2020-02-05T22:49:01+00:00","author":{"@id":"https:\/\/www.tecdmx.org.mx\/#\/schema\/person\/208c898199fb3234203823c5f0cf31d6"},"breadcrumb":{"@id":"https:\/\/www.tecdmx.org.mx\/index.php\/eventos\/2020\/02\/05\/plan-de-trabajo-para-la-determinacion-de-las-circunscripciones-en-las-demarcaciones-territoriales-de-la-cdmx\/#breadcrumb"},"inLanguage":"es","potentialAction":[{"@type":"ReadAction","target":["https:\/\/www.tecdmx.org.mx\/index.php\/eventos\/2020\/02\/05\/plan-de-trabajo-para-la-determinacion-de-las-circunscripciones-en-las-demarcaciones-territoriales-de-la-cdmx\/"]}]},{"@type":"ImageObject","inLanguage":"es","@id":"https:\/\/www.tecdmx.org.mx\/index.php\/eventos\/2020\/02\/05\/plan-de-trabajo-para-la-determinacion-de-las-circunscripciones-en-las-demarcaciones-territoriales-de-la-cdmx\/#primaryimage","url":"https:\/\/www.tecdmx.org.mx\/wp-content\/uploads\/2020\/02\/IECM-02.png","contentUrl":"https:\/\/www.tecdmx.org.mx\/wp-content\/uploads\/2020\/02\/IECM-02.png","width":1880,"height":1170},{"@type":"BreadcrumbList","@id":"https:\/\/www.tecdmx.org.mx\/index.php\/eventos\/2020\/02\/05\/plan-de-trabajo-para-la-determinacion-de-las-circunscripciones-en-las-demarcaciones-territoriales-de-la-cdmx\/#breadcrumb","itemListElement":[{"@type":"ListItem","position":1,"name":"Portada","item":"https:\/\/www.tecdmx.org.mx\/"},{"@type":"ListItem","position":2,"name":"Plan de Trabajo para la determinaci\u00f3n de las circunscripciones en las demarcaciones territoriales de la CDMX"}]},{"@type":"WebSite","@id":"https:\/\/www.tecdmx.org.mx\/#website","url":"https:\/\/www.tecdmx.org.mx\/","name":"Tribunal Electoral de la Ciudad de M\u00e9xico","description":"25 a\u00f1os garantizando justicia en tu elecci\u00f3n","potentialAction":[{"@type":"SearchAction","target":{"@type":"EntryPoint","urlTemplate":"https:\/\/www.tecdmx.org.mx\/?s={search_term_string}"},"query-input":"required name=search_term_string"}],"inLanguage":"es"},{"@type":"Person","@id":"https:\/\/www.tecdmx.org.mx\/#\/schema\/person\/208c898199fb3234203823c5f0cf31d6","name":"Difusion2025","image":{"@type":"ImageObject","inLanguage":"es","@id":"https:\/\/www.tecdmx.org.mx\/#\/schema\/person\/image\/","url":"https:\/\/secure.gravatar.com\/avatar\/6f7a4ba3acb418040e90a2eb99b5df28?s=96&d=mm&r=g","contentUrl":"https:\/\/secure.gravatar.com\/avatar\/6f7a4ba3acb418040e90a2eb99b5df28?s=96&d=mm&r=g","caption":"Difusion2025"}}]}},"_links":{"self":[{"href":"https:\/\/www.tecdmx.org.mx\/index.php\/wp-json\/wp\/v2\/posts\/17678"}],"collection":[{"href":"https:\/\/www.tecdmx.org.mx\/index.php\/wp-json\/wp\/v2\/posts"}],"about":[{"href":"https:\/\/www.tecdmx.org.mx\/index.php\/wp-json\/wp\/v2\/types\/post"}],"author":[{"embeddable":true,"href":"https:\/\/www.tecdmx.org.mx\/index.php\/wp-json\/wp\/v2\/users\/13"}],"replies":[{"embeddable":true,"href":"https:\/\/www.tecdmx.org.mx\/index.php\/wp-json\/wp\/v2\/comments?post=17678"}],"version-history":[{"count":1,"href":"https:\/\/www.tecdmx.org.mx\/index.php\/wp-json\/wp\/v2\/posts\/17678\/revisions"}],"predecessor-version":[{"id":17682,"href":"https:\/\/www.tecdmx.org.mx\/index.php\/wp-json\/wp\/v2\/posts\/17678\/revisions\/17682"}],"wp:featuredmedia":[{"embeddable":true,"href":"https:\/\/www.tecdmx.org.mx\/index.php\/wp-json\/wp\/v2\/media\/17680"}],"wp:attachment":[{"href":"https:\/\/www.tecdmx.org.mx\/index.php\/wp-json\/wp\/v2\/media?parent=17678"}],"wp:term":[{"taxonomy":"category","embeddable":true,"href":"https:\/\/www.tecdmx.org.mx\/index.php\/wp-json\/wp\/v2\/categories?post=17678"},{"taxonomy":"post_tag","embeddable":true,"href":"https:\/\/www.tecdmx.org.mx\/index.php\/wp-json\/wp\/v2\/tags?post=17678"}],"curies":[{"name":"wp","href":"https:\/\/api.w.org\/{rel}","templated":true}]}}