{"id":17686,"date":"2020-02-06T16:03:39","date_gmt":"2020-02-06T16:03:39","guid":{"rendered":"https:\/\/www.tecdmx.org.mx\/?p=17686"},"modified":"2020-02-06T16:03:40","modified_gmt":"2020-02-06T16:03:40","slug":"sentencias-del-tecdmx-van-por-inclusion-de-personas-con-discapacidad","status":"publish","type":"post","link":"https:\/\/www.tecdmx.org.mx\/index.php\/destacados\/2020\/02\/06\/sentencias-del-tecdmx-van-por-inclusion-de-personas-con-discapacidad\/","title":{"rendered":"Sentencias del TECDMX van por inclusi\u00f3n de personas con discapacidad"},"content":{"rendered":"\n<p>\u00b7&nbsp;&nbsp;&nbsp;&nbsp;&nbsp;&nbsp;&nbsp;Se llev\u00f3 a cabo la presentaci\u00f3n del libro \u201cDignidad y Discapacidad. Una perspectiva desde los derechos humanos\u201d.<\/p>\n\n\n\n<p>\u00b7&nbsp;&nbsp;&nbsp;&nbsp;&nbsp;&nbsp;&nbsp;La obra busca poner a la dignidad como el recuerdo permanente que la persona humana es el centro del derecho.<\/p>\n\n\n\n<p>Esta tarde, en las instalaciones del Tribunal Electoral de la Ciudad de M\u00e9xico (TECDMX) se llev\u00f3 a cabo la presentaci\u00f3n del libro \u201cDignidad y Discapacidad. Una perspectiva desde los derechos humanos\u201d del Dr. Enrique Belda P\u00e9rez-Pedrero.<\/p>\n\n\n\n<p>La Magistrada Martha Leticia Mercado Ram\u00edrez, integrante del Pleno del TECDMX, fungi\u00f3 como moderadora y destac\u00f3 el trabajo de este \u00d3rgano Jurisdiccional como un tribunal de avanzada, tiene el firme compromiso de asumir como propia la agenda de la inclusi\u00f3n, siendo un ejemplo de ello la visibilizaci\u00f3n de las personas con discapacidad a trav\u00e9s de las sentencias que emite.<\/p>\n\n\n\n<p>Por su parte, el Dr. Enrique Belda, autor de la obra, consider\u00f3 que la grandeza que tiene la dignidad es su car\u00e1cter inaprensible, siendo un resorte en el marco legal constitucional para que acompa\u00f1e a los derechos.<\/p>\n\n\n\n<p>Asimismo, es importante destacar que se debe completar la teor\u00eda de los derechos humanos con una mirada que incorpore la dignidad y la inclusi\u00f3n para vivificarlos, pues los derechos humanos se han construido desde la generalidad y no la diversidad.<\/p>\n\n\n\n<p>Al hacer uso de la voz, la Magistrada de la Sala Regional Especializada del Tribunal Electoral del Poder Judicial de la Federaci\u00f3n, Carmen Carre\u00f3n Castro, afirm\u00f3 que no se tiene que ser discapacitado o tener un familiar con alguna discapacidad para ser parte de la lucha y el trabajo cotidiano en pro de sus derechos, pues las desventajas y desequilibrios nos comprometen a buscar la accesibilidad y sensibilizaci\u00f3n hacia estas personas.<\/p>\n\n\n\n<p>Por su parte, el Dr. Clicerio Coello Garc\u00e9s, al hacer referencia sobre la definici\u00f3n del voto, en el que se afirma que es un derecho que tienen todas las personas, consider\u00f3 que se requieren eliminar las barreras f\u00e1cticas, formales y materiales que impiden el ejercicio de los derechos, con dignidad, de las personas con discapacidad.<\/p>\n\n\n\n<p>Finalmente, el Magistrado de la Sala Regional Toluca del Tribunal Electoral del Poder Judicial de la Federaci\u00f3n, Alejandro David Avante Ju\u00e1rez, reflexion\u00f3 que el estigma de la discapacidad genera muchos problemas y debemos asumir que no existen dignidades diferentes para personas con o sin discapacidad, sino que es una misma dignidad para todas las personas.<\/p>\n\n\n\n<p>Durante el evento se vertieron reflexiones sobre los avances que se han tenido en el acceso de las personas con discapacidad al ejercicio de sus derechos pol\u00edtico-electorales a trav\u00e9s de sentencias y resoluciones de las autoridades electorales, como pueden ser la interpretaci\u00f3n en Lengua de Se\u00f1as Mexicana, la inclusi\u00f3n de subt\u00edtulos en la propaganda pol\u00edtico-electoral y de gobierno, as\u00ed como avances en papeler\u00eda y materiales que favorecen el acceso de las personas con discapacidad para ejercer su voto, entre otras.<\/p>\n\n\n\n<p><strong>o-O-o<\/strong><\/p>\n","protected":false},"excerpt":{"rendered":"<p>\u00b7       Se llev\u00f3 a cabo la presentaci\u00f3n del libro \u201cDignidad y Discapacidad. Una perspectiva desde los derechos humanos\u201d.<br \/>\n\u00b7       La obra busca poner a la dignidad como el recuerdo permanente que la persona humana es el centro del derecho.<\/p>\n","protected":false},"author":13,"featured_media":17687,"comment_status":"open","ping_status":"open","sticky":false,"template":"","format":"standard","meta":{"_acf_changed":false,"_exactmetrics_skip_tracking":false,"_exactmetrics_sitenote_active":false,"_exactmetrics_sitenote_note":"","_exactmetrics_sitenote_category":0,"footnotes":""},"categories":[32,47],"tags":[],"acf":[],"yoast_head":"<!-- This site is optimized with the Yoast SEO plugin v22.3 - https:\/\/yoast.com\/wordpress\/plugins\/seo\/ -->\n<title>Sentencias del TECDMX van por inclusi\u00f3n de personas con discapacidad - Tribunal Electoral de la Ciudad de M\u00e9xico<\/title>\n<meta name=\"robots\" content=\"index, follow, max-snippet:-1, max-image-preview:large, max-video-preview:-1\" \/>\n<link rel=\"canonical\" href=\"https:\/\/www.tecdmx.org.mx\/index.php\/destacados\/2020\/02\/06\/sentencias-del-tecdmx-van-por-inclusion-de-personas-con-discapacidad\/\" \/>\n<meta property=\"og:locale\" content=\"es_ES\" \/>\n<meta property=\"og:type\" content=\"article\" \/>\n<meta property=\"og:title\" content=\"Sentencias del TECDMX van por inclusi\u00f3n de personas con discapacidad - Tribunal Electoral de la Ciudad de M\u00e9xico\" \/>\n<meta property=\"og:description\" content=\"\u00b7    Se llev\u00f3 a cabo la presentaci\u00f3n del libro \u201cDignidad y Discapacidad. Una perspectiva desde los derechos humanos\u201d. \u00b7    La obra busca poner a la dignidad como el recuerdo permanente que la persona humana es el centro del derecho.\" \/>\n<meta property=\"og:url\" content=\"https:\/\/www.tecdmx.org.mx\/index.php\/destacados\/2020\/02\/06\/sentencias-del-tecdmx-van-por-inclusion-de-personas-con-discapacidad\/\" \/>\n<meta property=\"og:site_name\" content=\"Tribunal Electoral de la Ciudad de M\u00e9xico\" \/>\n<meta property=\"article:publisher\" content=\"https:\/\/www.facebook.com\/TECDMX\/\" \/>\n<meta property=\"article:published_time\" content=\"2020-02-06T16:03:39+00:00\" \/>\n<meta property=\"article:modified_time\" content=\"2020-02-06T16:03:40+00:00\" \/>\n<meta property=\"og:image\" content=\"https:\/\/www.tecdmx.org.mx\/wp-content\/uploads\/2020\/02\/presnetacion-538x350.png\" \/>\n\t<meta property=\"og:image:width\" content=\"538\" \/>\n\t<meta property=\"og:image:height\" content=\"350\" \/>\n\t<meta property=\"og:image:type\" content=\"image\/png\" \/>\n<meta name=\"author\" content=\"Difusion2025\" \/>\n<meta name=\"twitter:card\" content=\"summary_large_image\" \/>\n<meta name=\"twitter:creator\" content=\"@tecdmx\" \/>\n<meta name=\"twitter:site\" content=\"@tecdmx\" \/>\n<meta name=\"twitter:label1\" content=\"Escrito por\" \/>\n\t<meta name=\"twitter:data1\" content=\"Difusion2025\" \/>\n\t<meta name=\"twitter:label2\" content=\"Tiempo de lectura\" \/>\n\t<meta name=\"twitter:data2\" content=\"3 minutos\" \/>\n<script type=\"application\/ld+json\" class=\"yoast-schema-graph\">{\"@context\":\"https:\/\/schema.org\",\"@graph\":[{\"@type\":\"WebPage\",\"@id\":\"https:\/\/www.tecdmx.org.mx\/index.php\/destacados\/2020\/02\/06\/sentencias-del-tecdmx-van-por-inclusion-de-personas-con-discapacidad\/\",\"url\":\"https:\/\/www.tecdmx.org.mx\/index.php\/destacados\/2020\/02\/06\/sentencias-del-tecdmx-van-por-inclusion-de-personas-con-discapacidad\/\",\"name\":\"Sentencias del TECDMX van por inclusi\u00f3n de personas con discapacidad - Tribunal Electoral de la Ciudad de M\u00e9xico\",\"isPartOf\":{\"@id\":\"https:\/\/www.tecdmx.org.mx\/#website\"},\"primaryImageOfPage\":{\"@id\":\"https:\/\/www.tecdmx.org.mx\/index.php\/destacados\/2020\/02\/06\/sentencias-del-tecdmx-van-por-inclusion-de-personas-con-discapacidad\/#primaryimage\"},\"image\":{\"@id\":\"https:\/\/www.tecdmx.org.mx\/index.php\/destacados\/2020\/02\/06\/sentencias-del-tecdmx-van-por-inclusion-de-personas-con-discapacidad\/#primaryimage\"},\"thumbnailUrl\":\"https:\/\/www.tecdmx.org.mx\/wp-content\/uploads\/2020\/02\/presnetacion.png\",\"datePublished\":\"2020-02-06T16:03:39+00:00\",\"dateModified\":\"2020-02-06T16:03:40+00:00\",\"author\":{\"@id\":\"https:\/\/www.tecdmx.org.mx\/#\/schema\/person\/208c898199fb3234203823c5f0cf31d6\"},\"breadcrumb\":{\"@id\":\"https:\/\/www.tecdmx.org.mx\/index.php\/destacados\/2020\/02\/06\/sentencias-del-tecdmx-van-por-inclusion-de-personas-con-discapacidad\/#breadcrumb\"},\"inLanguage\":\"es\",\"potentialAction\":[{\"@type\":\"ReadAction\",\"target\":[\"https:\/\/www.tecdmx.org.mx\/index.php\/destacados\/2020\/02\/06\/sentencias-del-tecdmx-van-por-inclusion-de-personas-con-discapacidad\/\"]}]},{\"@type\":\"ImageObject\",\"inLanguage\":\"es\",\"@id\":\"https:\/\/www.tecdmx.org.mx\/index.php\/destacados\/2020\/02\/06\/sentencias-del-tecdmx-van-por-inclusion-de-personas-con-discapacidad\/#primaryimage\",\"url\":\"https:\/\/www.tecdmx.org.mx\/wp-content\/uploads\/2020\/02\/presnetacion.png\",\"contentUrl\":\"https:\/\/www.tecdmx.org.mx\/wp-content\/uploads\/2020\/02\/presnetacion.png\",\"width\":2026,\"height\":1318},{\"@type\":\"BreadcrumbList\",\"@id\":\"https:\/\/www.tecdmx.org.mx\/index.php\/destacados\/2020\/02\/06\/sentencias-del-tecdmx-van-por-inclusion-de-personas-con-discapacidad\/#breadcrumb\",\"itemListElement\":[{\"@type\":\"ListItem\",\"position\":1,\"name\":\"Portada\",\"item\":\"https:\/\/www.tecdmx.org.mx\/\"},{\"@type\":\"ListItem\",\"position\":2,\"name\":\"Sentencias del TECDMX van por inclusi\u00f3n de personas con discapacidad\"}]},{\"@type\":\"WebSite\",\"@id\":\"https:\/\/www.tecdmx.org.mx\/#website\",\"url\":\"https:\/\/www.tecdmx.org.mx\/\",\"name\":\"Tribunal Electoral de la Ciudad de M\u00e9xico\",\"description\":\"25 a\u00f1os garantizando justicia en tu elecci\u00f3n\",\"potentialAction\":[{\"@type\":\"SearchAction\",\"target\":{\"@type\":\"EntryPoint\",\"urlTemplate\":\"https:\/\/www.tecdmx.org.mx\/?s={search_term_string}\"},\"query-input\":\"required name=search_term_string\"}],\"inLanguage\":\"es\"},{\"@type\":\"Person\",\"@id\":\"https:\/\/www.tecdmx.org.mx\/#\/schema\/person\/208c898199fb3234203823c5f0cf31d6\",\"name\":\"Difusion2025\",\"image\":{\"@type\":\"ImageObject\",\"inLanguage\":\"es\",\"@id\":\"https:\/\/www.tecdmx.org.mx\/#\/schema\/person\/image\/\",\"url\":\"https:\/\/secure.gravatar.com\/avatar\/6f7a4ba3acb418040e90a2eb99b5df28?s=96&d=mm&r=g\",\"contentUrl\":\"https:\/\/secure.gravatar.com\/avatar\/6f7a4ba3acb418040e90a2eb99b5df28?s=96&d=mm&r=g\",\"caption\":\"Difusion2025\"}}]}<\/script>\n<!-- \/ Yoast SEO plugin. -->","yoast_head_json":{"title":"Sentencias del TECDMX van por inclusi\u00f3n de personas con discapacidad - Tribunal Electoral de la Ciudad de M\u00e9xico","robots":{"index":"index","follow":"follow","max-snippet":"max-snippet:-1","max-image-preview":"max-image-preview:large","max-video-preview":"max-video-preview:-1"},"canonical":"https:\/\/www.tecdmx.org.mx\/index.php\/destacados\/2020\/02\/06\/sentencias-del-tecdmx-van-por-inclusion-de-personas-con-discapacidad\/","og_locale":"es_ES","og_type":"article","og_title":"Sentencias del TECDMX van por inclusi\u00f3n de personas con discapacidad - Tribunal Electoral de la Ciudad de M\u00e9xico","og_description":"\u00b7    Se llev\u00f3 a cabo la presentaci\u00f3n del libro \u201cDignidad y Discapacidad. Una perspectiva desde los derechos humanos\u201d. \u00b7    La obra busca poner a la dignidad como el recuerdo permanente que la persona humana es el centro del derecho.","og_url":"https:\/\/www.tecdmx.org.mx\/index.php\/destacados\/2020\/02\/06\/sentencias-del-tecdmx-van-por-inclusion-de-personas-con-discapacidad\/","og_site_name":"Tribunal Electoral de la Ciudad de M\u00e9xico","article_publisher":"https:\/\/www.facebook.com\/TECDMX\/","article_published_time":"2020-02-06T16:03:39+00:00","article_modified_time":"2020-02-06T16:03:40+00:00","og_image":[{"width":538,"height":350,"url":"https:\/\/www.tecdmx.org.mx\/wp-content\/uploads\/2020\/02\/presnetacion-538x350.png","type":"image\/png"}],"author":"Difusion2025","twitter_card":"summary_large_image","twitter_creator":"@tecdmx","twitter_site":"@tecdmx","twitter_misc":{"Escrito por":"Difusion2025","Tiempo de lectura":"3 minutos"},"schema":{"@context":"https:\/\/schema.org","@graph":[{"@type":"WebPage","@id":"https:\/\/www.tecdmx.org.mx\/index.php\/destacados\/2020\/02\/06\/sentencias-del-tecdmx-van-por-inclusion-de-personas-con-discapacidad\/","url":"https:\/\/www.tecdmx.org.mx\/index.php\/destacados\/2020\/02\/06\/sentencias-del-tecdmx-van-por-inclusion-de-personas-con-discapacidad\/","name":"Sentencias del TECDMX van por inclusi\u00f3n de personas con discapacidad - Tribunal Electoral de la Ciudad de M\u00e9xico","isPartOf":{"@id":"https:\/\/www.tecdmx.org.mx\/#website"},"primaryImageOfPage":{"@id":"https:\/\/www.tecdmx.org.mx\/index.php\/destacados\/2020\/02\/06\/sentencias-del-tecdmx-van-por-inclusion-de-personas-con-discapacidad\/#primaryimage"},"image":{"@id":"https:\/\/www.tecdmx.org.mx\/index.php\/destacados\/2020\/02\/06\/sentencias-del-tecdmx-van-por-inclusion-de-personas-con-discapacidad\/#primaryimage"},"thumbnailUrl":"https:\/\/www.tecdmx.org.mx\/wp-content\/uploads\/2020\/02\/presnetacion.png","datePublished":"2020-02-06T16:03:39+00:00","dateModified":"2020-02-06T16:03:40+00:00","author":{"@id":"https:\/\/www.tecdmx.org.mx\/#\/schema\/person\/208c898199fb3234203823c5f0cf31d6"},"breadcrumb":{"@id":"https:\/\/www.tecdmx.org.mx\/index.php\/destacados\/2020\/02\/06\/sentencias-del-tecdmx-van-por-inclusion-de-personas-con-discapacidad\/#breadcrumb"},"inLanguage":"es","potentialAction":[{"@type":"ReadAction","target":["https:\/\/www.tecdmx.org.mx\/index.php\/destacados\/2020\/02\/06\/sentencias-del-tecdmx-van-por-inclusion-de-personas-con-discapacidad\/"]}]},{"@type":"ImageObject","inLanguage":"es","@id":"https:\/\/www.tecdmx.org.mx\/index.php\/destacados\/2020\/02\/06\/sentencias-del-tecdmx-van-por-inclusion-de-personas-con-discapacidad\/#primaryimage","url":"https:\/\/www.tecdmx.org.mx\/wp-content\/uploads\/2020\/02\/presnetacion.png","contentUrl":"https:\/\/www.tecdmx.org.mx\/wp-content\/uploads\/2020\/02\/presnetacion.png","width":2026,"height":1318},{"@type":"BreadcrumbList","@id":"https:\/\/www.tecdmx.org.mx\/index.php\/destacados\/2020\/02\/06\/sentencias-del-tecdmx-van-por-inclusion-de-personas-con-discapacidad\/#breadcrumb","itemListElement":[{"@type":"ListItem","position":1,"name":"Portada","item":"https:\/\/www.tecdmx.org.mx\/"},{"@type":"ListItem","position":2,"name":"Sentencias del TECDMX van por inclusi\u00f3n de personas con discapacidad"}]},{"@type":"WebSite","@id":"https:\/\/www.tecdmx.org.mx\/#website","url":"https:\/\/www.tecdmx.org.mx\/","name":"Tribunal Electoral de la Ciudad de M\u00e9xico","description":"25 a\u00f1os garantizando justicia en tu elecci\u00f3n","potentialAction":[{"@type":"SearchAction","target":{"@type":"EntryPoint","urlTemplate":"https:\/\/www.tecdmx.org.mx\/?s={search_term_string}"},"query-input":"required name=search_term_string"}],"inLanguage":"es"},{"@type":"Person","@id":"https:\/\/www.tecdmx.org.mx\/#\/schema\/person\/208c898199fb3234203823c5f0cf31d6","name":"Difusion2025","image":{"@type":"ImageObject","inLanguage":"es","@id":"https:\/\/www.tecdmx.org.mx\/#\/schema\/person\/image\/","url":"https:\/\/secure.gravatar.com\/avatar\/6f7a4ba3acb418040e90a2eb99b5df28?s=96&d=mm&r=g","contentUrl":"https:\/\/secure.gravatar.com\/avatar\/6f7a4ba3acb418040e90a2eb99b5df28?s=96&d=mm&r=g","caption":"Difusion2025"}}]}},"_links":{"self":[{"href":"https:\/\/www.tecdmx.org.mx\/index.php\/wp-json\/wp\/v2\/posts\/17686"}],"collection":[{"href":"https:\/\/www.tecdmx.org.mx\/index.php\/wp-json\/wp\/v2\/posts"}],"about":[{"href":"https:\/\/www.tecdmx.org.mx\/index.php\/wp-json\/wp\/v2\/types\/post"}],"author":[{"embeddable":true,"href":"https:\/\/www.tecdmx.org.mx\/index.php\/wp-json\/wp\/v2\/users\/13"}],"replies":[{"embeddable":true,"href":"https:\/\/www.tecdmx.org.mx\/index.php\/wp-json\/wp\/v2\/comments?post=17686"}],"version-history":[{"count":1,"href":"https:\/\/www.tecdmx.org.mx\/index.php\/wp-json\/wp\/v2\/posts\/17686\/revisions"}],"predecessor-version":[{"id":17688,"href":"https:\/\/www.tecdmx.org.mx\/index.php\/wp-json\/wp\/v2\/posts\/17686\/revisions\/17688"}],"wp:featuredmedia":[{"embeddable":true,"href":"https:\/\/www.tecdmx.org.mx\/index.php\/wp-json\/wp\/v2\/media\/17687"}],"wp:attachment":[{"href":"https:\/\/www.tecdmx.org.mx\/index.php\/wp-json\/wp\/v2\/media?parent=17686"}],"wp:term":[{"taxonomy":"category","embeddable":true,"href":"https:\/\/www.tecdmx.org.mx\/index.php\/wp-json\/wp\/v2\/categories?post=17686"},{"taxonomy":"post_tag","embeddable":true,"href":"https:\/\/www.tecdmx.org.mx\/index.php\/wp-json\/wp\/v2\/tags?post=17686"}],"curies":[{"name":"wp","href":"https:\/\/api.w.org\/{rel}","templated":true}]}}