{"id":17701,"date":"2020-02-07T16:15:54","date_gmt":"2020-02-07T16:15:54","guid":{"rendered":"https:\/\/www.tecdmx.org.mx\/?p=17701"},"modified":"2020-02-07T16:15:55","modified_gmt":"2020-02-07T16:15:55","slug":"resuelve-tecdmx-asignacion-de-plaza-eventual-en-el-iecm-con-medida-afirmativa-en-favor-de-las-mujeres","status":"publish","type":"post","link":"https:\/\/www.tecdmx.org.mx\/index.php\/comunicados\/2020\/02\/07\/resuelve-tecdmx-asignacion-de-plaza-eventual-en-el-iecm-con-medida-afirmativa-en-favor-de-las-mujeres\/","title":{"rendered":"Resuelve TECDMX asignaci\u00f3n de plaza eventual en el IECM con medida afirmativa en favor de las mujeres"},"content":{"rendered":"\n<p>\u00b7&nbsp;&nbsp;&nbsp;&nbsp;&nbsp;&nbsp;&nbsp;La resoluci\u00f3n se dio en el marco de los resultados del Concurso de Oposici\u00f3n Abierto para seleccionar al personal eventual que apoyar\u00e1 a los \u00d3rganos Desconcentrados durante el ejercicio fiscal 2020.<\/p>\n\n\n\n<p>El Pleno del Tribunal Electoral de la Ciudad de M\u00e9xico (TECDMX) celebr\u00f3 Sesi\u00f3n P\u00fablica en la que se resolvieron dos Juicios para la Protecci\u00f3n de los Derechos Pol\u00edtico-Electorales de la Ciudadan\u00eda (JLDC) y un Juicio Electoral (JEL).<\/p>\n\n\n\n<p>Al resolver el juicio electoral TECDMX-JEL-005\/2020, promovido por Briseida Miranda Padilla, en el que controvirti\u00f3 el acuerdo 160 de 2019 emitido por la Junta Administrativa del Instituto Electoral de la Ciudad de M\u00e9xico (IECM), por el que se aprueba la designaci\u00f3n de personas ganadoras y listas de reserva del Primer Concurso de Oposici\u00f3n Abierto para seleccionar al personal eventual que apoyar\u00e1 a los \u00d3rganos Desconcentrados durante el ejercicio fiscal 2020; las Magistradas y Magistrados determinaron revocar el citado acuerdo.<\/p>\n\n\n\n<p>Lo anterior, al considerar que&nbsp;el IECM debi\u00f3 tomar en cuenta que Miranda Padilla obtuvo mejor calificaci\u00f3n que la persona que fue asignada en la tercera posici\u00f3n para el cargo de administrativo especializado A, de ah\u00ed que, se debi\u00f3 asignar a la ahora actora en dicho cargo, como una medida afirmativa en favor de las mujeres.<\/p>\n\n\n\n<p>Por otra parte, al resolver los juicios TECDMX-JLDC-01 y TECDMX-JLDC-02, ambos de 2020, promovidos por diversos militantes del PRI, en los que controvert\u00edan resoluciones emitidas por la Comisi\u00f3n Nacional de Justicia Partidaria de dicho instituto pol\u00edtico, en los cuales determin\u00f3 desechar de plano&nbsp;el Juicio para la Protecci\u00f3n de los Derechos Partidarios del Militante, al haber sido promovidos de manera extempor\u00e1nea; las Magistraturas determinaron confirmar las resoluciones.<\/p>\n\n\n\n<p>Esto, ya que las partes actoras no presentaron prueba alguna relativa a la falta de autenticidad de la notificaci\u00f3n, o bien, alg\u00fan medio probatorio para acreditar la inexistencia de su publicaci\u00f3n.<\/p>\n\n\n\n<p><strong>o-O-o<\/strong><\/p>\n\n\n\n<p><strong>* Los criterios para las resoluciones de este Pleno son coincidentes.<\/strong><\/p>\n","protected":false},"excerpt":{"rendered":"<p>\u00b7       La resoluci\u00f3n se dio en el marco de los resultados del Concurso de Oposici\u00f3n Abierto para seleccionar al personal eventual que apoyar\u00e1 a los \u00d3rganos Desconcentrados durante el ejercicio fiscal 2020.<\/p>\n","protected":false},"author":13,"featured_media":17702,"comment_status":"open","ping_status":"open","sticky":false,"template":"","format":"standard","meta":{"_acf_changed":false,"_exactmetrics_skip_tracking":false,"_exactmetrics_sitenote_active":false,"_exactmetrics_sitenote_note":"","_exactmetrics_sitenote_category":0,"footnotes":""},"categories":[32,47],"tags":[],"acf":[],"yoast_head":"<!-- This site is optimized with the Yoast SEO plugin v22.3 - https:\/\/yoast.com\/wordpress\/plugins\/seo\/ -->\n<title>Resuelve TECDMX asignaci\u00f3n de plaza eventual en el IECM con medida afirmativa en favor de las mujeres - Tribunal Electoral de la Ciudad de M\u00e9xico<\/title>\n<meta name=\"robots\" content=\"index, follow, max-snippet:-1, max-image-preview:large, max-video-preview:-1\" \/>\n<link rel=\"canonical\" href=\"https:\/\/www.tecdmx.org.mx\/index.php\/comunicados\/2020\/02\/07\/resuelve-tecdmx-asignacion-de-plaza-eventual-en-el-iecm-con-medida-afirmativa-en-favor-de-las-mujeres\/\" \/>\n<meta property=\"og:locale\" content=\"es_ES\" \/>\n<meta property=\"og:type\" content=\"article\" \/>\n<meta property=\"og:title\" content=\"Resuelve TECDMX asignaci\u00f3n de plaza eventual en el IECM con medida afirmativa en favor de las mujeres - Tribunal Electoral de la Ciudad de M\u00e9xico\" \/>\n<meta property=\"og:description\" content=\"\u00b7    La resoluci\u00f3n se dio en el marco de los resultados del Concurso de Oposici\u00f3n Abierto para seleccionar al personal eventual que apoyar\u00e1 a los \u00d3rganos Desconcentrados durante el ejercicio fiscal 2020.\" \/>\n<meta property=\"og:url\" content=\"https:\/\/www.tecdmx.org.mx\/index.php\/comunicados\/2020\/02\/07\/resuelve-tecdmx-asignacion-de-plaza-eventual-en-el-iecm-con-medida-afirmativa-en-favor-de-las-mujeres\/\" \/>\n<meta property=\"og:site_name\" content=\"Tribunal Electoral de la Ciudad de M\u00e9xico\" \/>\n<meta property=\"article:publisher\" content=\"https:\/\/www.facebook.com\/TECDMX\/\" \/>\n<meta property=\"article:published_time\" content=\"2020-02-07T16:15:54+00:00\" \/>\n<meta property=\"article:modified_time\" content=\"2020-02-07T16:15:55+00:00\" \/>\n<meta property=\"og:image\" content=\"https:\/\/www.tecdmx.org.mx\/wp-content\/uploads\/2020\/02\/sp-6feb.png\" \/>\n\t<meta property=\"og:image:width\" content=\"834\" \/>\n\t<meta property=\"og:image:height\" content=\"554\" \/>\n\t<meta property=\"og:image:type\" content=\"image\/png\" \/>\n<meta name=\"author\" content=\"Difusion2025\" \/>\n<meta name=\"twitter:card\" content=\"summary_large_image\" \/>\n<meta name=\"twitter:creator\" content=\"@tecdmx\" \/>\n<meta name=\"twitter:site\" content=\"@tecdmx\" \/>\n<meta name=\"twitter:label1\" content=\"Escrito por\" \/>\n\t<meta name=\"twitter:data1\" content=\"Difusion2025\" \/>\n\t<meta name=\"twitter:label2\" content=\"Tiempo de lectura\" \/>\n\t<meta name=\"twitter:data2\" content=\"2 minutos\" \/>\n<script type=\"application\/ld+json\" class=\"yoast-schema-graph\">{\"@context\":\"https:\/\/schema.org\",\"@graph\":[{\"@type\":\"WebPage\",\"@id\":\"https:\/\/www.tecdmx.org.mx\/index.php\/comunicados\/2020\/02\/07\/resuelve-tecdmx-asignacion-de-plaza-eventual-en-el-iecm-con-medida-afirmativa-en-favor-de-las-mujeres\/\",\"url\":\"https:\/\/www.tecdmx.org.mx\/index.php\/comunicados\/2020\/02\/07\/resuelve-tecdmx-asignacion-de-plaza-eventual-en-el-iecm-con-medida-afirmativa-en-favor-de-las-mujeres\/\",\"name\":\"Resuelve TECDMX asignaci\u00f3n de plaza eventual en el IECM con medida afirmativa en favor de las mujeres - Tribunal Electoral de la Ciudad de M\u00e9xico\",\"isPartOf\":{\"@id\":\"https:\/\/www.tecdmx.org.mx\/#website\"},\"primaryImageOfPage\":{\"@id\":\"https:\/\/www.tecdmx.org.mx\/index.php\/comunicados\/2020\/02\/07\/resuelve-tecdmx-asignacion-de-plaza-eventual-en-el-iecm-con-medida-afirmativa-en-favor-de-las-mujeres\/#primaryimage\"},\"image\":{\"@id\":\"https:\/\/www.tecdmx.org.mx\/index.php\/comunicados\/2020\/02\/07\/resuelve-tecdmx-asignacion-de-plaza-eventual-en-el-iecm-con-medida-afirmativa-en-favor-de-las-mujeres\/#primaryimage\"},\"thumbnailUrl\":\"https:\/\/www.tecdmx.org.mx\/wp-content\/uploads\/2020\/02\/sp-6feb.png\",\"datePublished\":\"2020-02-07T16:15:54+00:00\",\"dateModified\":\"2020-02-07T16:15:55+00:00\",\"author\":{\"@id\":\"https:\/\/www.tecdmx.org.mx\/#\/schema\/person\/208c898199fb3234203823c5f0cf31d6\"},\"breadcrumb\":{\"@id\":\"https:\/\/www.tecdmx.org.mx\/index.php\/comunicados\/2020\/02\/07\/resuelve-tecdmx-asignacion-de-plaza-eventual-en-el-iecm-con-medida-afirmativa-en-favor-de-las-mujeres\/#breadcrumb\"},\"inLanguage\":\"es\",\"potentialAction\":[{\"@type\":\"ReadAction\",\"target\":[\"https:\/\/www.tecdmx.org.mx\/index.php\/comunicados\/2020\/02\/07\/resuelve-tecdmx-asignacion-de-plaza-eventual-en-el-iecm-con-medida-afirmativa-en-favor-de-las-mujeres\/\"]}]},{\"@type\":\"ImageObject\",\"inLanguage\":\"es\",\"@id\":\"https:\/\/www.tecdmx.org.mx\/index.php\/comunicados\/2020\/02\/07\/resuelve-tecdmx-asignacion-de-plaza-eventual-en-el-iecm-con-medida-afirmativa-en-favor-de-las-mujeres\/#primaryimage\",\"url\":\"https:\/\/www.tecdmx.org.mx\/wp-content\/uploads\/2020\/02\/sp-6feb.png\",\"contentUrl\":\"https:\/\/www.tecdmx.org.mx\/wp-content\/uploads\/2020\/02\/sp-6feb.png\",\"width\":834,\"height\":554},{\"@type\":\"BreadcrumbList\",\"@id\":\"https:\/\/www.tecdmx.org.mx\/index.php\/comunicados\/2020\/02\/07\/resuelve-tecdmx-asignacion-de-plaza-eventual-en-el-iecm-con-medida-afirmativa-en-favor-de-las-mujeres\/#breadcrumb\",\"itemListElement\":[{\"@type\":\"ListItem\",\"position\":1,\"name\":\"Portada\",\"item\":\"https:\/\/www.tecdmx.org.mx\/\"},{\"@type\":\"ListItem\",\"position\":2,\"name\":\"Resuelve TECDMX asignaci\u00f3n de plaza eventual en el IECM con medida afirmativa en favor de las mujeres\"}]},{\"@type\":\"WebSite\",\"@id\":\"https:\/\/www.tecdmx.org.mx\/#website\",\"url\":\"https:\/\/www.tecdmx.org.mx\/\",\"name\":\"Tribunal Electoral de la Ciudad de M\u00e9xico\",\"description\":\"25 a\u00f1os garantizando justicia en tu elecci\u00f3n\",\"potentialAction\":[{\"@type\":\"SearchAction\",\"target\":{\"@type\":\"EntryPoint\",\"urlTemplate\":\"https:\/\/www.tecdmx.org.mx\/?s={search_term_string}\"},\"query-input\":\"required name=search_term_string\"}],\"inLanguage\":\"es\"},{\"@type\":\"Person\",\"@id\":\"https:\/\/www.tecdmx.org.mx\/#\/schema\/person\/208c898199fb3234203823c5f0cf31d6\",\"name\":\"Difusion2025\",\"image\":{\"@type\":\"ImageObject\",\"inLanguage\":\"es\",\"@id\":\"https:\/\/www.tecdmx.org.mx\/#\/schema\/person\/image\/\",\"url\":\"https:\/\/secure.gravatar.com\/avatar\/6f7a4ba3acb418040e90a2eb99b5df28?s=96&d=mm&r=g\",\"contentUrl\":\"https:\/\/secure.gravatar.com\/avatar\/6f7a4ba3acb418040e90a2eb99b5df28?s=96&d=mm&r=g\",\"caption\":\"Difusion2025\"}}]}<\/script>\n<!-- \/ Yoast SEO plugin. -->","yoast_head_json":{"title":"Resuelve TECDMX asignaci\u00f3n de plaza eventual en el IECM con medida afirmativa en favor de las mujeres - Tribunal Electoral de la Ciudad de M\u00e9xico","robots":{"index":"index","follow":"follow","max-snippet":"max-snippet:-1","max-image-preview":"max-image-preview:large","max-video-preview":"max-video-preview:-1"},"canonical":"https:\/\/www.tecdmx.org.mx\/index.php\/comunicados\/2020\/02\/07\/resuelve-tecdmx-asignacion-de-plaza-eventual-en-el-iecm-con-medida-afirmativa-en-favor-de-las-mujeres\/","og_locale":"es_ES","og_type":"article","og_title":"Resuelve TECDMX asignaci\u00f3n de plaza eventual en el IECM con medida afirmativa en favor de las mujeres - Tribunal Electoral de la Ciudad de M\u00e9xico","og_description":"\u00b7    La resoluci\u00f3n se dio en el marco de los resultados del Concurso de Oposici\u00f3n Abierto para seleccionar al personal eventual que apoyar\u00e1 a los \u00d3rganos Desconcentrados durante el ejercicio fiscal 2020.","og_url":"https:\/\/www.tecdmx.org.mx\/index.php\/comunicados\/2020\/02\/07\/resuelve-tecdmx-asignacion-de-plaza-eventual-en-el-iecm-con-medida-afirmativa-en-favor-de-las-mujeres\/","og_site_name":"Tribunal Electoral de la Ciudad de M\u00e9xico","article_publisher":"https:\/\/www.facebook.com\/TECDMX\/","article_published_time":"2020-02-07T16:15:54+00:00","article_modified_time":"2020-02-07T16:15:55+00:00","og_image":[{"width":834,"height":554,"url":"https:\/\/www.tecdmx.org.mx\/wp-content\/uploads\/2020\/02\/sp-6feb.png","type":"image\/png"}],"author":"Difusion2025","twitter_card":"summary_large_image","twitter_creator":"@tecdmx","twitter_site":"@tecdmx","twitter_misc":{"Escrito por":"Difusion2025","Tiempo de lectura":"2 minutos"},"schema":{"@context":"https:\/\/schema.org","@graph":[{"@type":"WebPage","@id":"https:\/\/www.tecdmx.org.mx\/index.php\/comunicados\/2020\/02\/07\/resuelve-tecdmx-asignacion-de-plaza-eventual-en-el-iecm-con-medida-afirmativa-en-favor-de-las-mujeres\/","url":"https:\/\/www.tecdmx.org.mx\/index.php\/comunicados\/2020\/02\/07\/resuelve-tecdmx-asignacion-de-plaza-eventual-en-el-iecm-con-medida-afirmativa-en-favor-de-las-mujeres\/","name":"Resuelve TECDMX asignaci\u00f3n de plaza eventual en el IECM con medida afirmativa en favor de las mujeres - Tribunal Electoral de la Ciudad de M\u00e9xico","isPartOf":{"@id":"https:\/\/www.tecdmx.org.mx\/#website"},"primaryImageOfPage":{"@id":"https:\/\/www.tecdmx.org.mx\/index.php\/comunicados\/2020\/02\/07\/resuelve-tecdmx-asignacion-de-plaza-eventual-en-el-iecm-con-medida-afirmativa-en-favor-de-las-mujeres\/#primaryimage"},"image":{"@id":"https:\/\/www.tecdmx.org.mx\/index.php\/comunicados\/2020\/02\/07\/resuelve-tecdmx-asignacion-de-plaza-eventual-en-el-iecm-con-medida-afirmativa-en-favor-de-las-mujeres\/#primaryimage"},"thumbnailUrl":"https:\/\/www.tecdmx.org.mx\/wp-content\/uploads\/2020\/02\/sp-6feb.png","datePublished":"2020-02-07T16:15:54+00:00","dateModified":"2020-02-07T16:15:55+00:00","author":{"@id":"https:\/\/www.tecdmx.org.mx\/#\/schema\/person\/208c898199fb3234203823c5f0cf31d6"},"breadcrumb":{"@id":"https:\/\/www.tecdmx.org.mx\/index.php\/comunicados\/2020\/02\/07\/resuelve-tecdmx-asignacion-de-plaza-eventual-en-el-iecm-con-medida-afirmativa-en-favor-de-las-mujeres\/#breadcrumb"},"inLanguage":"es","potentialAction":[{"@type":"ReadAction","target":["https:\/\/www.tecdmx.org.mx\/index.php\/comunicados\/2020\/02\/07\/resuelve-tecdmx-asignacion-de-plaza-eventual-en-el-iecm-con-medida-afirmativa-en-favor-de-las-mujeres\/"]}]},{"@type":"ImageObject","inLanguage":"es","@id":"https:\/\/www.tecdmx.org.mx\/index.php\/comunicados\/2020\/02\/07\/resuelve-tecdmx-asignacion-de-plaza-eventual-en-el-iecm-con-medida-afirmativa-en-favor-de-las-mujeres\/#primaryimage","url":"https:\/\/www.tecdmx.org.mx\/wp-content\/uploads\/2020\/02\/sp-6feb.png","contentUrl":"https:\/\/www.tecdmx.org.mx\/wp-content\/uploads\/2020\/02\/sp-6feb.png","width":834,"height":554},{"@type":"BreadcrumbList","@id":"https:\/\/www.tecdmx.org.mx\/index.php\/comunicados\/2020\/02\/07\/resuelve-tecdmx-asignacion-de-plaza-eventual-en-el-iecm-con-medida-afirmativa-en-favor-de-las-mujeres\/#breadcrumb","itemListElement":[{"@type":"ListItem","position":1,"name":"Portada","item":"https:\/\/www.tecdmx.org.mx\/"},{"@type":"ListItem","position":2,"name":"Resuelve TECDMX asignaci\u00f3n de plaza eventual en el IECM con medida afirmativa en favor de las mujeres"}]},{"@type":"WebSite","@id":"https:\/\/www.tecdmx.org.mx\/#website","url":"https:\/\/www.tecdmx.org.mx\/","name":"Tribunal Electoral de la Ciudad de M\u00e9xico","description":"25 a\u00f1os garantizando justicia en tu elecci\u00f3n","potentialAction":[{"@type":"SearchAction","target":{"@type":"EntryPoint","urlTemplate":"https:\/\/www.tecdmx.org.mx\/?s={search_term_string}"},"query-input":"required name=search_term_string"}],"inLanguage":"es"},{"@type":"Person","@id":"https:\/\/www.tecdmx.org.mx\/#\/schema\/person\/208c898199fb3234203823c5f0cf31d6","name":"Difusion2025","image":{"@type":"ImageObject","inLanguage":"es","@id":"https:\/\/www.tecdmx.org.mx\/#\/schema\/person\/image\/","url":"https:\/\/secure.gravatar.com\/avatar\/6f7a4ba3acb418040e90a2eb99b5df28?s=96&d=mm&r=g","contentUrl":"https:\/\/secure.gravatar.com\/avatar\/6f7a4ba3acb418040e90a2eb99b5df28?s=96&d=mm&r=g","caption":"Difusion2025"}}]}},"_links":{"self":[{"href":"https:\/\/www.tecdmx.org.mx\/index.php\/wp-json\/wp\/v2\/posts\/17701"}],"collection":[{"href":"https:\/\/www.tecdmx.org.mx\/index.php\/wp-json\/wp\/v2\/posts"}],"about":[{"href":"https:\/\/www.tecdmx.org.mx\/index.php\/wp-json\/wp\/v2\/types\/post"}],"author":[{"embeddable":true,"href":"https:\/\/www.tecdmx.org.mx\/index.php\/wp-json\/wp\/v2\/users\/13"}],"replies":[{"embeddable":true,"href":"https:\/\/www.tecdmx.org.mx\/index.php\/wp-json\/wp\/v2\/comments?post=17701"}],"version-history":[{"count":2,"href":"https:\/\/www.tecdmx.org.mx\/index.php\/wp-json\/wp\/v2\/posts\/17701\/revisions"}],"predecessor-version":[{"id":17704,"href":"https:\/\/www.tecdmx.org.mx\/index.php\/wp-json\/wp\/v2\/posts\/17701\/revisions\/17704"}],"wp:featuredmedia":[{"embeddable":true,"href":"https:\/\/www.tecdmx.org.mx\/index.php\/wp-json\/wp\/v2\/media\/17702"}],"wp:attachment":[{"href":"https:\/\/www.tecdmx.org.mx\/index.php\/wp-json\/wp\/v2\/media?parent=17701"}],"wp:term":[{"taxonomy":"category","embeddable":true,"href":"https:\/\/www.tecdmx.org.mx\/index.php\/wp-json\/wp\/v2\/categories?post=17701"},{"taxonomy":"post_tag","embeddable":true,"href":"https:\/\/www.tecdmx.org.mx\/index.php\/wp-json\/wp\/v2\/tags?post=17701"}],"curies":[{"name":"wp","href":"https:\/\/api.w.org\/{rel}","templated":true}]}}