{"id":17803,"date":"2020-02-11T23:23:29","date_gmt":"2020-02-11T23:23:29","guid":{"rendered":"https:\/\/www.tecdmx.org.mx\/?p=17803"},"modified":"2020-02-12T19:12:47","modified_gmt":"2020-02-12T19:12:47","slug":"tecdmx-y-copred-suman-esfuerzos-en-pro-de-la-participacion-ciudadana-y-la-no-discriminacion","status":"publish","type":"post","link":"https:\/\/www.tecdmx.org.mx\/index.php\/comunicados\/2020\/02\/11\/tecdmx-y-copred-suman-esfuerzos-en-pro-de-la-participacion-ciudadana-y-la-no-discriminacion\/","title":{"rendered":"TECDMX y COPRED suman esfuerzos en pro de la participaci\u00f3n ciudadana y la no discriminaci\u00f3n"},"content":{"rendered":"\n<p>\u00b7&nbsp;&nbsp;&nbsp;&nbsp;&nbsp;&nbsp;&nbsp;El instrumento fue signado por el Magistrado Presidente, Gustavo Anzaldo Hern\u00e1ndez, y la Presidenta, Geraldina Gonz\u00e1lez de la Vega Hern\u00e1ndez.<\/p>\n\n\n\n<p>\u00b7&nbsp;&nbsp;&nbsp;&nbsp;&nbsp;&nbsp;&nbsp;Este convenio contempla el trabajo conjunto entre ambas instituciones para difundir temas pol\u00edtico-electorales con enfoques de igualdad y no discriminaci\u00f3n.<\/p>\n\n\n\n<p>El Tribunal Electoral de la Ciudad de M\u00e9xico (TECDMX) y el Consejo para Prevenir y Eliminar la Discriminaci\u00f3n de la Ciudad de M\u00e9xico (Copred) sumar\u00e1n experiencia y esfuerzos para la formaci\u00f3n, capacitaci\u00f3n y promoci\u00f3n de pol\u00edticas para prevenir y eliminar la discriminaci\u00f3n en el ejercicio de los derechos pol\u00edtico-electorales con enfoque de igualdad sustantiva y no discriminaci\u00f3n, tras la firma de un Convenio de Colaboraci\u00f3n entre ambas.<\/p>\n\n\n\n<p>Al hacer uso de la voz, el Magistrado Presidente, Gustavo Anzaldo Hern\u00e1ndez, destac\u00f3 la importancia de este convenio y enlist\u00f3 diversas actividades emprendidas por este \u00d3rgano Jurisdiccional en materia de igualdad, no discriminaci\u00f3n y acceso de las personas con discapacidad a la justicia electoral. Resalt\u00f3 que los efectos de este instrumento, adem\u00e1s de beneficiar a la ciudadan\u00eda, incluir\u00e1 mejoras al interior del TECDMX.<\/p>\n\n\n\n<p>\u201cEn un primer momento los esfuerzos que se pueden coordinar con el Copred tendr\u00e1n un efecto positivo para la instituci\u00f3n, para las personas servidoras p\u00fablicas de este Tribunal Electoral. Este \u00d3rgano Jurisdiccional ha establecido esfuerzos para implementar acciones encaminadas a generar conciencia sobre la importancia que tiene el cumplimiento del principio de igualdad y no discriminaci\u00f3n\u201d, afirm\u00f3 el Magistrado Presidente, Gustavo Anzaldo Hern\u00e1ndez<\/p>\n\n\n\n<p>Por su parte, la Maestra Geraldina Gonz\u00e1lez de la Vega Hern\u00e1ndez, presidenta del Consejo para la Prevenci\u00f3n y Eliminaci\u00f3n de la Discriminaci\u00f3n de la Ciudad de M\u00e9xico, record\u00f3 la importancia de que en una ciudad democr\u00e1tica, todas las personas tengan garantizados sus derechos, as\u00ed como la toma de medidas afirmativas para los grupos de atenci\u00f3n prioritaria en la Ciudad.<\/p>\n\n\n\n<p>\u201cPara nosotras y nosotros en el Copred, es muy importante la colaboraci\u00f3n interinstitucional para garantizar el ejercicio de los derechos pol\u00edtico-electorales, sobre todo de cara a las elecciones del pr\u00f3ximo a\u00f1o\u201d, se\u00f1al\u00f3 De la Vega Hern\u00e1ndez.<\/p>\n\n\n\n<p>Con este convenio, ambas instituciones se comprometen a trabajar de manera conjunta en la difusi\u00f3n de la cultura democr\u00e1tica para el ejercicio y protecci\u00f3n de los derechos pol\u00edtico-electorales, as\u00ed como de pol\u00edticas p\u00fablicas de prevenci\u00f3n y eliminaci\u00f3n de la discriminaci\u00f3n, focalizada a los grupos de atenci\u00f3n prioritaria de la Ciudad de M\u00e9xico.<\/p>\n\n\n\n<p>En el marco de sus atribuciones, trabajar\u00e1n para evitar cualquier conducta discriminatoria que, por origen \u00e9tnico o nacional, g\u00e9nero, edad, condici\u00f3n social, salud, religi\u00f3n, preferencias sexuales, estado civil o cualquier otra circunstancia, atente contra la dignidad humana.<\/p>\n\n\n\n<p>El evento tambi\u00e9n cont\u00f3 con la participaci\u00f3n de las Magistradas M. Alejandra Ch\u00e1vez Camarena y Martha Mercado Ram\u00edrez, as\u00ed como los Magistrados Armando Ambriz Hern\u00e1ndez y Juan Carlos S\u00e1nchez Le\u00f3n.<\/p>\n\n\n\n<p>Mediante estas acciones, se promueve el trabajo coordinado interinstitucional para garantizar los derechos humanos de quienes viven y transitan en la Ciudad de M\u00e9xico, as\u00ed como construir entre todas y todos una sociedad incluyente y libre de actos discriminatorios.<\/p>\n\n\n\n<iframe loading=\"lazy\" id=\"iframePlayerCustom\" src=\"https:\/\/player.cdnmedia.tv\/embed\/ba03734cd5\/f360d939-287b-5724-cdb3-61af3bfe6b9a\" width=\"480px\" height=\"270px\" frameborder=\"0\" allowfullscreen><\/iframe>\n\n\n\n<figure class=\"wp-block-gallery columns-2 is-cropped wp-block-gallery-1 is-layout-flex wp-block-gallery-is-layout-flex\"><ul class=\"blocks-gallery-grid\"><li class=\"blocks-gallery-item\"><figure><img loading=\"lazy\" decoding=\"async\" width=\"797\" height=\"350\" src=\"https:\/\/www.tecdmx.org.mx\/wp-content\/uploads\/2020\/02\/Copred_04-797x350.png\" alt=\"\" data-id=\"17813\" data-full-url=\"https:\/\/www.tecdmx.org.mx\/wp-content\/uploads\/2020\/02\/Copred_04.png\" data-link=\"https:\/\/www.tecdmx.org.mx\/index.php\/comunicados\/2020\/02\/11\/tecdmx-y-copred-suman-esfuerzos-en-pro-de-la-participacion-ciudadana-y-la-no-discriminacion\/attachment\/copred_04\/\" class=\"wp-image-17813\" srcset=\"https:\/\/www.tecdmx.org.mx\/wp-content\/uploads\/2020\/02\/Copred_04-446x196.png 446w, https:\/\/www.tecdmx.org.mx\/wp-content\/uploads\/2020\/02\/Copred_04-797x350.png 797w, https:\/\/www.tecdmx.org.mx\/wp-content\/uploads\/2020\/02\/Copred_04-768x337.png 768w, https:\/\/www.tecdmx.org.mx\/wp-content\/uploads\/2020\/02\/Copred_04-1536x675.png 1536w, https:\/\/www.tecdmx.org.mx\/wp-content\/uploads\/2020\/02\/Copred_04.png 1880w\" sizes=\"(max-width: 797px) 100vw, 797px\" \/><\/figure><\/li><li class=\"blocks-gallery-item\"><figure><img loading=\"lazy\" decoding=\"async\" width=\"695\" height=\"350\" src=\"https:\/\/www.tecdmx.org.mx\/wp-content\/uploads\/2020\/02\/Copred_03-695x350.png\" alt=\"\" data-id=\"17814\" data-full-url=\"https:\/\/www.tecdmx.org.mx\/wp-content\/uploads\/2020\/02\/Copred_03.png\" data-link=\"https:\/\/www.tecdmx.org.mx\/index.php\/comunicados\/2020\/02\/11\/tecdmx-y-copred-suman-esfuerzos-en-pro-de-la-participacion-ciudadana-y-la-no-discriminacion\/attachment\/copred_03\/\" class=\"wp-image-17814\" srcset=\"https:\/\/www.tecdmx.org.mx\/wp-content\/uploads\/2020\/02\/Copred_03-446x225.png 446w, https:\/\/www.tecdmx.org.mx\/wp-content\/uploads\/2020\/02\/Copred_03-695x350.png 695w, https:\/\/www.tecdmx.org.mx\/wp-content\/uploads\/2020\/02\/Copred_03-768x387.png 768w, https:\/\/www.tecdmx.org.mx\/wp-content\/uploads\/2020\/02\/Copred_03-1536x774.png 1536w, https:\/\/www.tecdmx.org.mx\/wp-content\/uploads\/2020\/02\/Copred_03.png 1862w\" sizes=\"(max-width: 695px) 100vw, 695px\" \/><\/figure><\/li><li class=\"blocks-gallery-item\"><figure><img loading=\"lazy\" decoding=\"async\" width=\"550\" height=\"350\" src=\"https:\/\/www.tecdmx.org.mx\/wp-content\/uploads\/2020\/02\/Copred_02-550x350.png\" alt=\"\" data-id=\"17815\" data-full-url=\"https:\/\/www.tecdmx.org.mx\/wp-content\/uploads\/2020\/02\/Copred_02.png\" data-link=\"https:\/\/www.tecdmx.org.mx\/index.php\/comunicados\/2020\/02\/11\/tecdmx-y-copred-suman-esfuerzos-en-pro-de-la-participacion-ciudadana-y-la-no-discriminacion\/attachment\/copred_02\/\" class=\"wp-image-17815\" srcset=\"https:\/\/www.tecdmx.org.mx\/wp-content\/uploads\/2020\/02\/Copred_02-393x250.png 393w, https:\/\/www.tecdmx.org.mx\/wp-content\/uploads\/2020\/02\/Copred_02-550x350.png 550w, https:\/\/www.tecdmx.org.mx\/wp-content\/uploads\/2020\/02\/Copred_02-768x488.png 768w, https:\/\/www.tecdmx.org.mx\/wp-content\/uploads\/2020\/02\/Copred_02-1536x977.png 1536w, https:\/\/www.tecdmx.org.mx\/wp-content\/uploads\/2020\/02\/Copred_02.png 1862w\" sizes=\"(max-width: 550px) 100vw, 550px\" \/><\/figure><\/li><li class=\"blocks-gallery-item\"><figure><img loading=\"lazy\" decoding=\"async\" width=\"736\" height=\"350\" src=\"https:\/\/www.tecdmx.org.mx\/wp-content\/uploads\/2020\/02\/Copred_01-736x350.png\" alt=\"\" data-id=\"17816\" data-full-url=\"https:\/\/www.tecdmx.org.mx\/wp-content\/uploads\/2020\/02\/Copred_01.png\" data-link=\"https:\/\/www.tecdmx.org.mx\/index.php\/comunicados\/2020\/02\/11\/tecdmx-y-copred-suman-esfuerzos-en-pro-de-la-participacion-ciudadana-y-la-no-discriminacion\/attachment\/copred_01\/\" class=\"wp-image-17816\" srcset=\"https:\/\/www.tecdmx.org.mx\/wp-content\/uploads\/2020\/02\/Copred_01-446x212.png 446w, https:\/\/www.tecdmx.org.mx\/wp-content\/uploads\/2020\/02\/Copred_01-736x350.png 736w, https:\/\/www.tecdmx.org.mx\/wp-content\/uploads\/2020\/02\/Copred_01-768x365.png 768w, https:\/\/www.tecdmx.org.mx\/wp-content\/uploads\/2020\/02\/Copred_01-1536x731.png 1536w, https:\/\/www.tecdmx.org.mx\/wp-content\/uploads\/2020\/02\/Copred_01.png 1858w\" sizes=\"(max-width: 736px) 100vw, 736px\" \/><\/figure><\/li><\/ul><\/figure>\n","protected":false},"excerpt":{"rendered":"<p>\u00b7       El instrumento fue signado por el Magistrado Presidente, Gustavo Anzaldo Hern\u00e1ndez, y la Presidenta, Geraldina Gonz\u00e1lez de la Vega Hern\u00e1ndez.<\/p>\n","protected":false},"author":13,"featured_media":17804,"comment_status":"open","ping_status":"open","sticky":false,"template":"","format":"standard","meta":{"_acf_changed":false,"_exactmetrics_skip_tracking":false,"_exactmetrics_sitenote_active":false,"_exactmetrics_sitenote_note":"","_exactmetrics_sitenote_category":0,"footnotes":""},"categories":[32,47,40],"tags":[],"acf":[],"yoast_head":"<!-- This site is optimized with the Yoast SEO plugin v22.3 - https:\/\/yoast.com\/wordpress\/plugins\/seo\/ -->\n<title>TECDMX y COPRED suman esfuerzos en pro de la participaci\u00f3n ciudadana y la no discriminaci\u00f3n - Tribunal Electoral de la Ciudad de M\u00e9xico<\/title>\n<meta name=\"robots\" content=\"index, follow, max-snippet:-1, max-image-preview:large, max-video-preview:-1\" \/>\n<link rel=\"canonical\" href=\"https:\/\/www.tecdmx.org.mx\/index.php\/comunicados\/2020\/02\/11\/tecdmx-y-copred-suman-esfuerzos-en-pro-de-la-participacion-ciudadana-y-la-no-discriminacion\/\" \/>\n<meta property=\"og:locale\" content=\"es_ES\" \/>\n<meta property=\"og:type\" content=\"article\" \/>\n<meta property=\"og:title\" content=\"TECDMX y COPRED suman esfuerzos en pro de la participaci\u00f3n ciudadana y la no discriminaci\u00f3n - Tribunal Electoral de la Ciudad de M\u00e9xico\" \/>\n<meta property=\"og:description\" content=\"\u00b7    El instrumento fue signado por el Magistrado Presidente, Gustavo Anzaldo Hern\u00e1ndez, y la Presidenta, Geraldina Gonz\u00e1lez de la Vega Hern\u00e1ndez.\" \/>\n<meta property=\"og:url\" content=\"https:\/\/www.tecdmx.org.mx\/index.php\/comunicados\/2020\/02\/11\/tecdmx-y-copred-suman-esfuerzos-en-pro-de-la-participacion-ciudadana-y-la-no-discriminacion\/\" \/>\n<meta property=\"og:site_name\" content=\"Tribunal Electoral de la Ciudad de M\u00e9xico\" \/>\n<meta property=\"article:publisher\" content=\"https:\/\/www.facebook.com\/TECDMX\/\" \/>\n<meta property=\"article:published_time\" content=\"2020-02-11T23:23:29+00:00\" \/>\n<meta property=\"article:modified_time\" content=\"2020-02-12T19:12:47+00:00\" \/>\n<meta property=\"og:image\" content=\"https:\/\/www.tecdmx.org.mx\/wp-content\/uploads\/2020\/02\/Copred.png\" \/>\n\t<meta property=\"og:image:width\" content=\"1118\" \/>\n\t<meta property=\"og:image:height\" content=\"548\" \/>\n\t<meta property=\"og:image:type\" content=\"image\/png\" \/>\n<meta name=\"author\" content=\"Difusion2025\" \/>\n<meta name=\"twitter:card\" content=\"summary_large_image\" \/>\n<meta name=\"twitter:creator\" content=\"@tecdmx\" \/>\n<meta name=\"twitter:site\" content=\"@tecdmx\" \/>\n<meta name=\"twitter:label1\" content=\"Escrito por\" \/>\n\t<meta name=\"twitter:data1\" content=\"Difusion2025\" \/>\n\t<meta name=\"twitter:label2\" content=\"Tiempo de lectura\" \/>\n\t<meta name=\"twitter:data2\" content=\"3 minutos\" \/>\n<script type=\"application\/ld+json\" class=\"yoast-schema-graph\">{\"@context\":\"https:\/\/schema.org\",\"@graph\":[{\"@type\":\"WebPage\",\"@id\":\"https:\/\/www.tecdmx.org.mx\/index.php\/comunicados\/2020\/02\/11\/tecdmx-y-copred-suman-esfuerzos-en-pro-de-la-participacion-ciudadana-y-la-no-discriminacion\/\",\"url\":\"https:\/\/www.tecdmx.org.mx\/index.php\/comunicados\/2020\/02\/11\/tecdmx-y-copred-suman-esfuerzos-en-pro-de-la-participacion-ciudadana-y-la-no-discriminacion\/\",\"name\":\"TECDMX y COPRED suman esfuerzos en pro de la participaci\u00f3n ciudadana y la no discriminaci\u00f3n - Tribunal Electoral de la Ciudad de M\u00e9xico\",\"isPartOf\":{\"@id\":\"https:\/\/www.tecdmx.org.mx\/#website\"},\"primaryImageOfPage\":{\"@id\":\"https:\/\/www.tecdmx.org.mx\/index.php\/comunicados\/2020\/02\/11\/tecdmx-y-copred-suman-esfuerzos-en-pro-de-la-participacion-ciudadana-y-la-no-discriminacion\/#primaryimage\"},\"image\":{\"@id\":\"https:\/\/www.tecdmx.org.mx\/index.php\/comunicados\/2020\/02\/11\/tecdmx-y-copred-suman-esfuerzos-en-pro-de-la-participacion-ciudadana-y-la-no-discriminacion\/#primaryimage\"},\"thumbnailUrl\":\"https:\/\/www.tecdmx.org.mx\/wp-content\/uploads\/2020\/02\/Copred.png\",\"datePublished\":\"2020-02-11T23:23:29+00:00\",\"dateModified\":\"2020-02-12T19:12:47+00:00\",\"author\":{\"@id\":\"https:\/\/www.tecdmx.org.mx\/#\/schema\/person\/208c898199fb3234203823c5f0cf31d6\"},\"breadcrumb\":{\"@id\":\"https:\/\/www.tecdmx.org.mx\/index.php\/comunicados\/2020\/02\/11\/tecdmx-y-copred-suman-esfuerzos-en-pro-de-la-participacion-ciudadana-y-la-no-discriminacion\/#breadcrumb\"},\"inLanguage\":\"es\",\"potentialAction\":[{\"@type\":\"ReadAction\",\"target\":[\"https:\/\/www.tecdmx.org.mx\/index.php\/comunicados\/2020\/02\/11\/tecdmx-y-copred-suman-esfuerzos-en-pro-de-la-participacion-ciudadana-y-la-no-discriminacion\/\"]}]},{\"@type\":\"ImageObject\",\"inLanguage\":\"es\",\"@id\":\"https:\/\/www.tecdmx.org.mx\/index.php\/comunicados\/2020\/02\/11\/tecdmx-y-copred-suman-esfuerzos-en-pro-de-la-participacion-ciudadana-y-la-no-discriminacion\/#primaryimage\",\"url\":\"https:\/\/www.tecdmx.org.mx\/wp-content\/uploads\/2020\/02\/Copred.png\",\"contentUrl\":\"https:\/\/www.tecdmx.org.mx\/wp-content\/uploads\/2020\/02\/Copred.png\",\"width\":1118,\"height\":548},{\"@type\":\"BreadcrumbList\",\"@id\":\"https:\/\/www.tecdmx.org.mx\/index.php\/comunicados\/2020\/02\/11\/tecdmx-y-copred-suman-esfuerzos-en-pro-de-la-participacion-ciudadana-y-la-no-discriminacion\/#breadcrumb\",\"itemListElement\":[{\"@type\":\"ListItem\",\"position\":1,\"name\":\"Portada\",\"item\":\"https:\/\/www.tecdmx.org.mx\/\"},{\"@type\":\"ListItem\",\"position\":2,\"name\":\"TECDMX y COPRED suman esfuerzos en pro de la participaci\u00f3n ciudadana y la no discriminaci\u00f3n\"}]},{\"@type\":\"WebSite\",\"@id\":\"https:\/\/www.tecdmx.org.mx\/#website\",\"url\":\"https:\/\/www.tecdmx.org.mx\/\",\"name\":\"Tribunal Electoral de la Ciudad de M\u00e9xico\",\"description\":\"25 a\u00f1os garantizando justicia en tu elecci\u00f3n\",\"potentialAction\":[{\"@type\":\"SearchAction\",\"target\":{\"@type\":\"EntryPoint\",\"urlTemplate\":\"https:\/\/www.tecdmx.org.mx\/?s={search_term_string}\"},\"query-input\":\"required name=search_term_string\"}],\"inLanguage\":\"es\"},{\"@type\":\"Person\",\"@id\":\"https:\/\/www.tecdmx.org.mx\/#\/schema\/person\/208c898199fb3234203823c5f0cf31d6\",\"name\":\"Difusion2025\",\"image\":{\"@type\":\"ImageObject\",\"inLanguage\":\"es\",\"@id\":\"https:\/\/www.tecdmx.org.mx\/#\/schema\/person\/image\/\",\"url\":\"https:\/\/secure.gravatar.com\/avatar\/6f7a4ba3acb418040e90a2eb99b5df28?s=96&d=mm&r=g\",\"contentUrl\":\"https:\/\/secure.gravatar.com\/avatar\/6f7a4ba3acb418040e90a2eb99b5df28?s=96&d=mm&r=g\",\"caption\":\"Difusion2025\"}}]}<\/script>\n<!-- \/ Yoast SEO plugin. -->","yoast_head_json":{"title":"TECDMX y COPRED suman esfuerzos en pro de la participaci\u00f3n ciudadana y la no discriminaci\u00f3n - Tribunal Electoral de la Ciudad de M\u00e9xico","robots":{"index":"index","follow":"follow","max-snippet":"max-snippet:-1","max-image-preview":"max-image-preview:large","max-video-preview":"max-video-preview:-1"},"canonical":"https:\/\/www.tecdmx.org.mx\/index.php\/comunicados\/2020\/02\/11\/tecdmx-y-copred-suman-esfuerzos-en-pro-de-la-participacion-ciudadana-y-la-no-discriminacion\/","og_locale":"es_ES","og_type":"article","og_title":"TECDMX y COPRED suman esfuerzos en pro de la participaci\u00f3n ciudadana y la no discriminaci\u00f3n - Tribunal Electoral de la Ciudad de M\u00e9xico","og_description":"\u00b7    El instrumento fue signado por el Magistrado Presidente, Gustavo Anzaldo Hern\u00e1ndez, y la Presidenta, Geraldina Gonz\u00e1lez de la Vega Hern\u00e1ndez.","og_url":"https:\/\/www.tecdmx.org.mx\/index.php\/comunicados\/2020\/02\/11\/tecdmx-y-copred-suman-esfuerzos-en-pro-de-la-participacion-ciudadana-y-la-no-discriminacion\/","og_site_name":"Tribunal Electoral de la Ciudad de M\u00e9xico","article_publisher":"https:\/\/www.facebook.com\/TECDMX\/","article_published_time":"2020-02-11T23:23:29+00:00","article_modified_time":"2020-02-12T19:12:47+00:00","og_image":[{"width":1118,"height":548,"url":"https:\/\/www.tecdmx.org.mx\/wp-content\/uploads\/2020\/02\/Copred.png","type":"image\/png"}],"author":"Difusion2025","twitter_card":"summary_large_image","twitter_creator":"@tecdmx","twitter_site":"@tecdmx","twitter_misc":{"Escrito por":"Difusion2025","Tiempo de lectura":"3 minutos"},"schema":{"@context":"https:\/\/schema.org","@graph":[{"@type":"WebPage","@id":"https:\/\/www.tecdmx.org.mx\/index.php\/comunicados\/2020\/02\/11\/tecdmx-y-copred-suman-esfuerzos-en-pro-de-la-participacion-ciudadana-y-la-no-discriminacion\/","url":"https:\/\/www.tecdmx.org.mx\/index.php\/comunicados\/2020\/02\/11\/tecdmx-y-copred-suman-esfuerzos-en-pro-de-la-participacion-ciudadana-y-la-no-discriminacion\/","name":"TECDMX y COPRED suman esfuerzos en pro de la participaci\u00f3n ciudadana y la no discriminaci\u00f3n - Tribunal Electoral de la Ciudad de M\u00e9xico","isPartOf":{"@id":"https:\/\/www.tecdmx.org.mx\/#website"},"primaryImageOfPage":{"@id":"https:\/\/www.tecdmx.org.mx\/index.php\/comunicados\/2020\/02\/11\/tecdmx-y-copred-suman-esfuerzos-en-pro-de-la-participacion-ciudadana-y-la-no-discriminacion\/#primaryimage"},"image":{"@id":"https:\/\/www.tecdmx.org.mx\/index.php\/comunicados\/2020\/02\/11\/tecdmx-y-copred-suman-esfuerzos-en-pro-de-la-participacion-ciudadana-y-la-no-discriminacion\/#primaryimage"},"thumbnailUrl":"https:\/\/www.tecdmx.org.mx\/wp-content\/uploads\/2020\/02\/Copred.png","datePublished":"2020-02-11T23:23:29+00:00","dateModified":"2020-02-12T19:12:47+00:00","author":{"@id":"https:\/\/www.tecdmx.org.mx\/#\/schema\/person\/208c898199fb3234203823c5f0cf31d6"},"breadcrumb":{"@id":"https:\/\/www.tecdmx.org.mx\/index.php\/comunicados\/2020\/02\/11\/tecdmx-y-copred-suman-esfuerzos-en-pro-de-la-participacion-ciudadana-y-la-no-discriminacion\/#breadcrumb"},"inLanguage":"es","potentialAction":[{"@type":"ReadAction","target":["https:\/\/www.tecdmx.org.mx\/index.php\/comunicados\/2020\/02\/11\/tecdmx-y-copred-suman-esfuerzos-en-pro-de-la-participacion-ciudadana-y-la-no-discriminacion\/"]}]},{"@type":"ImageObject","inLanguage":"es","@id":"https:\/\/www.tecdmx.org.mx\/index.php\/comunicados\/2020\/02\/11\/tecdmx-y-copred-suman-esfuerzos-en-pro-de-la-participacion-ciudadana-y-la-no-discriminacion\/#primaryimage","url":"https:\/\/www.tecdmx.org.mx\/wp-content\/uploads\/2020\/02\/Copred.png","contentUrl":"https:\/\/www.tecdmx.org.mx\/wp-content\/uploads\/2020\/02\/Copred.png","width":1118,"height":548},{"@type":"BreadcrumbList","@id":"https:\/\/www.tecdmx.org.mx\/index.php\/comunicados\/2020\/02\/11\/tecdmx-y-copred-suman-esfuerzos-en-pro-de-la-participacion-ciudadana-y-la-no-discriminacion\/#breadcrumb","itemListElement":[{"@type":"ListItem","position":1,"name":"Portada","item":"https:\/\/www.tecdmx.org.mx\/"},{"@type":"ListItem","position":2,"name":"TECDMX y COPRED suman esfuerzos en pro de la participaci\u00f3n ciudadana y la no discriminaci\u00f3n"}]},{"@type":"WebSite","@id":"https:\/\/www.tecdmx.org.mx\/#website","url":"https:\/\/www.tecdmx.org.mx\/","name":"Tribunal Electoral de la Ciudad de M\u00e9xico","description":"25 a\u00f1os garantizando justicia en tu elecci\u00f3n","potentialAction":[{"@type":"SearchAction","target":{"@type":"EntryPoint","urlTemplate":"https:\/\/www.tecdmx.org.mx\/?s={search_term_string}"},"query-input":"required name=search_term_string"}],"inLanguage":"es"},{"@type":"Person","@id":"https:\/\/www.tecdmx.org.mx\/#\/schema\/person\/208c898199fb3234203823c5f0cf31d6","name":"Difusion2025","image":{"@type":"ImageObject","inLanguage":"es","@id":"https:\/\/www.tecdmx.org.mx\/#\/schema\/person\/image\/","url":"https:\/\/secure.gravatar.com\/avatar\/6f7a4ba3acb418040e90a2eb99b5df28?s=96&d=mm&r=g","contentUrl":"https:\/\/secure.gravatar.com\/avatar\/6f7a4ba3acb418040e90a2eb99b5df28?s=96&d=mm&r=g","caption":"Difusion2025"}}]}},"_links":{"self":[{"href":"https:\/\/www.tecdmx.org.mx\/index.php\/wp-json\/wp\/v2\/posts\/17803"}],"collection":[{"href":"https:\/\/www.tecdmx.org.mx\/index.php\/wp-json\/wp\/v2\/posts"}],"about":[{"href":"https:\/\/www.tecdmx.org.mx\/index.php\/wp-json\/wp\/v2\/types\/post"}],"author":[{"embeddable":true,"href":"https:\/\/www.tecdmx.org.mx\/index.php\/wp-json\/wp\/v2\/users\/13"}],"replies":[{"embeddable":true,"href":"https:\/\/www.tecdmx.org.mx\/index.php\/wp-json\/wp\/v2\/comments?post=17803"}],"version-history":[{"count":4,"href":"https:\/\/www.tecdmx.org.mx\/index.php\/wp-json\/wp\/v2\/posts\/17803\/revisions"}],"predecessor-version":[{"id":17818,"href":"https:\/\/www.tecdmx.org.mx\/index.php\/wp-json\/wp\/v2\/posts\/17803\/revisions\/17818"}],"wp:featuredmedia":[{"embeddable":true,"href":"https:\/\/www.tecdmx.org.mx\/index.php\/wp-json\/wp\/v2\/media\/17804"}],"wp:attachment":[{"href":"https:\/\/www.tecdmx.org.mx\/index.php\/wp-json\/wp\/v2\/media?parent=17803"}],"wp:term":[{"taxonomy":"category","embeddable":true,"href":"https:\/\/www.tecdmx.org.mx\/index.php\/wp-json\/wp\/v2\/categories?post=17803"},{"taxonomy":"post_tag","embeddable":true,"href":"https:\/\/www.tecdmx.org.mx\/index.php\/wp-json\/wp\/v2\/tags?post=17803"}],"curies":[{"name":"wp","href":"https:\/\/api.w.org\/{rel}","templated":true}]}}