{"id":17807,"date":"2020-02-12T18:46:15","date_gmt":"2020-02-12T18:46:15","guid":{"rendered":"https:\/\/www.tecdmx.org.mx\/?p=17807"},"modified":"2020-02-12T18:46:16","modified_gmt":"2020-02-12T18:46:16","slug":"encuentro-la-democracia-electoral-y-los-retos-de-la-nueva-decada","status":"publish","type":"post","link":"https:\/\/www.tecdmx.org.mx\/index.php\/destacados\/2020\/02\/12\/encuentro-la-democracia-electoral-y-los-retos-de-la-nueva-decada\/","title":{"rendered":"Encuentro \u201cLa Democracia Electoral y los Retos de la Nueva D\u00e9cada"},"content":{"rendered":"\n<p>El Magistrado Presidente, Gustavo Anzaldo Hern\u00e1ndez, participo en el Encuentro \u201cLa Democracia Electoral y los Retos de la Nueva D\u00e9cada celebrado en el Castillo de Chapultepec, destaco que la certificaci\u00f3n obtenida por el Instituto Electoral de la Ciudad de M\u00e9xico es un blindaje ante las descalificaciones que se realizan sin contar con los elementos necesarios, ante el escenario de desconfianza institucional que vivimos actualmente.<\/p>\n\n\n\n<figure class=\"wp-block-gallery columns-2 is-cropped wp-block-gallery-1 is-layout-flex wp-block-gallery-is-layout-flex\"><ul class=\"blocks-gallery-grid\"><li class=\"blocks-gallery-item\"><figure><img loading=\"lazy\" decoding=\"async\" width=\"599\" height=\"350\" src=\"https:\/\/www.tecdmx.org.mx\/wp-content\/uploads\/2020\/02\/CC_02-599x350.png\" alt=\"\" data-id=\"17808\" data-full-url=\"https:\/\/www.tecdmx.org.mx\/wp-content\/uploads\/2020\/02\/CC_02.png\" data-link=\"https:\/\/www.tecdmx.org.mx\/?attachment_id=17808\" class=\"wp-image-17808\" srcset=\"https:\/\/www.tecdmx.org.mx\/wp-content\/uploads\/2020\/02\/CC_02-428x250.png 428w, https:\/\/www.tecdmx.org.mx\/wp-content\/uploads\/2020\/02\/CC_02-599x350.png 599w, https:\/\/www.tecdmx.org.mx\/wp-content\/uploads\/2020\/02\/CC_02-768x449.png 768w, https:\/\/www.tecdmx.org.mx\/wp-content\/uploads\/2020\/02\/CC_02-1536x897.png 1536w, https:\/\/www.tecdmx.org.mx\/wp-content\/uploads\/2020\/02\/CC_02.png 2010w\" sizes=\"(max-width: 599px) 100vw, 599px\" \/><\/figure><\/li><li class=\"blocks-gallery-item\"><figure><img loading=\"lazy\" decoding=\"async\" width=\"625\" height=\"350\" src=\"https:\/\/www.tecdmx.org.mx\/wp-content\/uploads\/2020\/02\/CC_01-625x350.png\" alt=\"\" data-id=\"17809\" data-full-url=\"https:\/\/www.tecdmx.org.mx\/wp-content\/uploads\/2020\/02\/CC_01.png\" data-link=\"https:\/\/www.tecdmx.org.mx\/?attachment_id=17809\" class=\"wp-image-17809\" srcset=\"https:\/\/www.tecdmx.org.mx\/wp-content\/uploads\/2020\/02\/CC_01-446x250.png 446w, https:\/\/www.tecdmx.org.mx\/wp-content\/uploads\/2020\/02\/CC_01-625x350.png 625w, https:\/\/www.tecdmx.org.mx\/wp-content\/uploads\/2020\/02\/CC_01-768x430.png 768w, https:\/\/www.tecdmx.org.mx\/wp-content\/uploads\/2020\/02\/CC_01-1536x861.png 1536w, https:\/\/www.tecdmx.org.mx\/wp-content\/uploads\/2020\/02\/CC_01.png 2020w\" sizes=\"(max-width: 625px) 100vw, 625px\" \/><\/figure><\/li><\/ul><\/figure>\n","protected":false},"excerpt":{"rendered":"<p>El Magistrado Presidente, Gustavo Anzaldo Hern\u00e1ndez, participo en el Encuentro \u201cLa Democracia Electoral&#8230;<\/p>\n","protected":false},"author":13,"featured_media":17808,"comment_status":"open","ping_status":"open","sticky":false,"template":"","format":"standard","meta":{"_acf_changed":false,"_exactmetrics_skip_tracking":false,"_exactmetrics_sitenote_active":false,"_exactmetrics_sitenote_note":"","_exactmetrics_sitenote_category":0,"footnotes":""},"categories":[47,40],"tags":[],"acf":[],"yoast_head":"<!-- This site is optimized with the Yoast SEO plugin v22.3 - https:\/\/yoast.com\/wordpress\/plugins\/seo\/ -->\n<title>Encuentro \u201cLa Democracia Electoral y los Retos de la Nueva D\u00e9cada - Tribunal Electoral de la Ciudad de M\u00e9xico<\/title>\n<meta name=\"robots\" content=\"index, follow, max-snippet:-1, max-image-preview:large, max-video-preview:-1\" \/>\n<link rel=\"canonical\" href=\"https:\/\/www.tecdmx.org.mx\/index.php\/destacados\/2020\/02\/12\/encuentro-la-democracia-electoral-y-los-retos-de-la-nueva-decada\/\" \/>\n<meta property=\"og:locale\" content=\"es_ES\" \/>\n<meta property=\"og:type\" content=\"article\" \/>\n<meta property=\"og:title\" content=\"Encuentro \u201cLa Democracia Electoral y los Retos de la Nueva D\u00e9cada - Tribunal Electoral de la Ciudad de M\u00e9xico\" \/>\n<meta property=\"og:description\" content=\"El Magistrado Presidente, Gustavo Anzaldo Hern\u00e1ndez, participo en el Encuentro \u201cLa Democracia Electoral...\" \/>\n<meta property=\"og:url\" content=\"https:\/\/www.tecdmx.org.mx\/index.php\/destacados\/2020\/02\/12\/encuentro-la-democracia-electoral-y-los-retos-de-la-nueva-decada\/\" \/>\n<meta property=\"og:site_name\" content=\"Tribunal Electoral de la Ciudad de M\u00e9xico\" \/>\n<meta property=\"article:publisher\" content=\"https:\/\/www.facebook.com\/TECDMX\/\" \/>\n<meta property=\"article:published_time\" content=\"2020-02-12T18:46:15+00:00\" \/>\n<meta property=\"article:modified_time\" content=\"2020-02-12T18:46:16+00:00\" \/>\n<meta property=\"og:image\" content=\"https:\/\/www.tecdmx.org.mx\/wp-content\/uploads\/2020\/02\/CC_02-599x350.png\" \/>\n\t<meta property=\"og:image:width\" content=\"599\" \/>\n\t<meta property=\"og:image:height\" content=\"350\" \/>\n\t<meta property=\"og:image:type\" content=\"image\/png\" \/>\n<meta name=\"author\" content=\"Difusion2025\" \/>\n<meta name=\"twitter:card\" content=\"summary_large_image\" \/>\n<meta name=\"twitter:creator\" content=\"@tecdmx\" \/>\n<meta name=\"twitter:site\" content=\"@tecdmx\" \/>\n<meta name=\"twitter:label1\" content=\"Escrito por\" \/>\n\t<meta name=\"twitter:data1\" content=\"Difusion2025\" \/>\n<script type=\"application\/ld+json\" class=\"yoast-schema-graph\">{\"@context\":\"https:\/\/schema.org\",\"@graph\":[{\"@type\":\"WebPage\",\"@id\":\"https:\/\/www.tecdmx.org.mx\/index.php\/destacados\/2020\/02\/12\/encuentro-la-democracia-electoral-y-los-retos-de-la-nueva-decada\/\",\"url\":\"https:\/\/www.tecdmx.org.mx\/index.php\/destacados\/2020\/02\/12\/encuentro-la-democracia-electoral-y-los-retos-de-la-nueva-decada\/\",\"name\":\"Encuentro \u201cLa Democracia Electoral y los Retos de la Nueva D\u00e9cada - Tribunal Electoral de la Ciudad de M\u00e9xico\",\"isPartOf\":{\"@id\":\"https:\/\/www.tecdmx.org.mx\/#website\"},\"primaryImageOfPage\":{\"@id\":\"https:\/\/www.tecdmx.org.mx\/index.php\/destacados\/2020\/02\/12\/encuentro-la-democracia-electoral-y-los-retos-de-la-nueva-decada\/#primaryimage\"},\"image\":{\"@id\":\"https:\/\/www.tecdmx.org.mx\/index.php\/destacados\/2020\/02\/12\/encuentro-la-democracia-electoral-y-los-retos-de-la-nueva-decada\/#primaryimage\"},\"thumbnailUrl\":\"https:\/\/www.tecdmx.org.mx\/wp-content\/uploads\/2020\/02\/CC_02.png\",\"datePublished\":\"2020-02-12T18:46:15+00:00\",\"dateModified\":\"2020-02-12T18:46:16+00:00\",\"author\":{\"@id\":\"https:\/\/www.tecdmx.org.mx\/#\/schema\/person\/208c898199fb3234203823c5f0cf31d6\"},\"breadcrumb\":{\"@id\":\"https:\/\/www.tecdmx.org.mx\/index.php\/destacados\/2020\/02\/12\/encuentro-la-democracia-electoral-y-los-retos-de-la-nueva-decada\/#breadcrumb\"},\"inLanguage\":\"es\",\"potentialAction\":[{\"@type\":\"ReadAction\",\"target\":[\"https:\/\/www.tecdmx.org.mx\/index.php\/destacados\/2020\/02\/12\/encuentro-la-democracia-electoral-y-los-retos-de-la-nueva-decada\/\"]}]},{\"@type\":\"ImageObject\",\"inLanguage\":\"es\",\"@id\":\"https:\/\/www.tecdmx.org.mx\/index.php\/destacados\/2020\/02\/12\/encuentro-la-democracia-electoral-y-los-retos-de-la-nueva-decada\/#primaryimage\",\"url\":\"https:\/\/www.tecdmx.org.mx\/wp-content\/uploads\/2020\/02\/CC_02.png\",\"contentUrl\":\"https:\/\/www.tecdmx.org.mx\/wp-content\/uploads\/2020\/02\/CC_02.png\",\"width\":2010,\"height\":1174},{\"@type\":\"BreadcrumbList\",\"@id\":\"https:\/\/www.tecdmx.org.mx\/index.php\/destacados\/2020\/02\/12\/encuentro-la-democracia-electoral-y-los-retos-de-la-nueva-decada\/#breadcrumb\",\"itemListElement\":[{\"@type\":\"ListItem\",\"position\":1,\"name\":\"Portada\",\"item\":\"https:\/\/www.tecdmx.org.mx\/\"},{\"@type\":\"ListItem\",\"position\":2,\"name\":\"Encuentro \u201cLa Democracia Electoral y los Retos de la Nueva D\u00e9cada\"}]},{\"@type\":\"WebSite\",\"@id\":\"https:\/\/www.tecdmx.org.mx\/#website\",\"url\":\"https:\/\/www.tecdmx.org.mx\/\",\"name\":\"Tribunal Electoral de la Ciudad de M\u00e9xico\",\"description\":\"25 a\u00f1os garantizando justicia en tu elecci\u00f3n\",\"potentialAction\":[{\"@type\":\"SearchAction\",\"target\":{\"@type\":\"EntryPoint\",\"urlTemplate\":\"https:\/\/www.tecdmx.org.mx\/?s={search_term_string}\"},\"query-input\":\"required name=search_term_string\"}],\"inLanguage\":\"es\"},{\"@type\":\"Person\",\"@id\":\"https:\/\/www.tecdmx.org.mx\/#\/schema\/person\/208c898199fb3234203823c5f0cf31d6\",\"name\":\"Difusion2025\",\"image\":{\"@type\":\"ImageObject\",\"inLanguage\":\"es\",\"@id\":\"https:\/\/www.tecdmx.org.mx\/#\/schema\/person\/image\/\",\"url\":\"https:\/\/secure.gravatar.com\/avatar\/6f7a4ba3acb418040e90a2eb99b5df28?s=96&d=mm&r=g\",\"contentUrl\":\"https:\/\/secure.gravatar.com\/avatar\/6f7a4ba3acb418040e90a2eb99b5df28?s=96&d=mm&r=g\",\"caption\":\"Difusion2025\"}}]}<\/script>\n<!-- \/ Yoast SEO plugin. -->","yoast_head_json":{"title":"Encuentro \u201cLa Democracia Electoral y los Retos de la Nueva D\u00e9cada - Tribunal Electoral de la Ciudad de M\u00e9xico","robots":{"index":"index","follow":"follow","max-snippet":"max-snippet:-1","max-image-preview":"max-image-preview:large","max-video-preview":"max-video-preview:-1"},"canonical":"https:\/\/www.tecdmx.org.mx\/index.php\/destacados\/2020\/02\/12\/encuentro-la-democracia-electoral-y-los-retos-de-la-nueva-decada\/","og_locale":"es_ES","og_type":"article","og_title":"Encuentro \u201cLa Democracia Electoral y los Retos de la Nueva D\u00e9cada - Tribunal Electoral de la Ciudad de M\u00e9xico","og_description":"El Magistrado Presidente, Gustavo Anzaldo Hern\u00e1ndez, participo en el Encuentro \u201cLa Democracia Electoral...","og_url":"https:\/\/www.tecdmx.org.mx\/index.php\/destacados\/2020\/02\/12\/encuentro-la-democracia-electoral-y-los-retos-de-la-nueva-decada\/","og_site_name":"Tribunal Electoral de la Ciudad de M\u00e9xico","article_publisher":"https:\/\/www.facebook.com\/TECDMX\/","article_published_time":"2020-02-12T18:46:15+00:00","article_modified_time":"2020-02-12T18:46:16+00:00","og_image":[{"width":599,"height":350,"url":"https:\/\/www.tecdmx.org.mx\/wp-content\/uploads\/2020\/02\/CC_02-599x350.png","type":"image\/png"}],"author":"Difusion2025","twitter_card":"summary_large_image","twitter_creator":"@tecdmx","twitter_site":"@tecdmx","twitter_misc":{"Escrito por":"Difusion2025"},"schema":{"@context":"https:\/\/schema.org","@graph":[{"@type":"WebPage","@id":"https:\/\/www.tecdmx.org.mx\/index.php\/destacados\/2020\/02\/12\/encuentro-la-democracia-electoral-y-los-retos-de-la-nueva-decada\/","url":"https:\/\/www.tecdmx.org.mx\/index.php\/destacados\/2020\/02\/12\/encuentro-la-democracia-electoral-y-los-retos-de-la-nueva-decada\/","name":"Encuentro \u201cLa Democracia Electoral y los Retos de la Nueva D\u00e9cada - Tribunal Electoral de la Ciudad de M\u00e9xico","isPartOf":{"@id":"https:\/\/www.tecdmx.org.mx\/#website"},"primaryImageOfPage":{"@id":"https:\/\/www.tecdmx.org.mx\/index.php\/destacados\/2020\/02\/12\/encuentro-la-democracia-electoral-y-los-retos-de-la-nueva-decada\/#primaryimage"},"image":{"@id":"https:\/\/www.tecdmx.org.mx\/index.php\/destacados\/2020\/02\/12\/encuentro-la-democracia-electoral-y-los-retos-de-la-nueva-decada\/#primaryimage"},"thumbnailUrl":"https:\/\/www.tecdmx.org.mx\/wp-content\/uploads\/2020\/02\/CC_02.png","datePublished":"2020-02-12T18:46:15+00:00","dateModified":"2020-02-12T18:46:16+00:00","author":{"@id":"https:\/\/www.tecdmx.org.mx\/#\/schema\/person\/208c898199fb3234203823c5f0cf31d6"},"breadcrumb":{"@id":"https:\/\/www.tecdmx.org.mx\/index.php\/destacados\/2020\/02\/12\/encuentro-la-democracia-electoral-y-los-retos-de-la-nueva-decada\/#breadcrumb"},"inLanguage":"es","potentialAction":[{"@type":"ReadAction","target":["https:\/\/www.tecdmx.org.mx\/index.php\/destacados\/2020\/02\/12\/encuentro-la-democracia-electoral-y-los-retos-de-la-nueva-decada\/"]}]},{"@type":"ImageObject","inLanguage":"es","@id":"https:\/\/www.tecdmx.org.mx\/index.php\/destacados\/2020\/02\/12\/encuentro-la-democracia-electoral-y-los-retos-de-la-nueva-decada\/#primaryimage","url":"https:\/\/www.tecdmx.org.mx\/wp-content\/uploads\/2020\/02\/CC_02.png","contentUrl":"https:\/\/www.tecdmx.org.mx\/wp-content\/uploads\/2020\/02\/CC_02.png","width":2010,"height":1174},{"@type":"BreadcrumbList","@id":"https:\/\/www.tecdmx.org.mx\/index.php\/destacados\/2020\/02\/12\/encuentro-la-democracia-electoral-y-los-retos-de-la-nueva-decada\/#breadcrumb","itemListElement":[{"@type":"ListItem","position":1,"name":"Portada","item":"https:\/\/www.tecdmx.org.mx\/"},{"@type":"ListItem","position":2,"name":"Encuentro \u201cLa Democracia Electoral y los Retos de la Nueva D\u00e9cada"}]},{"@type":"WebSite","@id":"https:\/\/www.tecdmx.org.mx\/#website","url":"https:\/\/www.tecdmx.org.mx\/","name":"Tribunal Electoral de la Ciudad de M\u00e9xico","description":"25 a\u00f1os garantizando justicia en tu elecci\u00f3n","potentialAction":[{"@type":"SearchAction","target":{"@type":"EntryPoint","urlTemplate":"https:\/\/www.tecdmx.org.mx\/?s={search_term_string}"},"query-input":"required name=search_term_string"}],"inLanguage":"es"},{"@type":"Person","@id":"https:\/\/www.tecdmx.org.mx\/#\/schema\/person\/208c898199fb3234203823c5f0cf31d6","name":"Difusion2025","image":{"@type":"ImageObject","inLanguage":"es","@id":"https:\/\/www.tecdmx.org.mx\/#\/schema\/person\/image\/","url":"https:\/\/secure.gravatar.com\/avatar\/6f7a4ba3acb418040e90a2eb99b5df28?s=96&d=mm&r=g","contentUrl":"https:\/\/secure.gravatar.com\/avatar\/6f7a4ba3acb418040e90a2eb99b5df28?s=96&d=mm&r=g","caption":"Difusion2025"}}]}},"_links":{"self":[{"href":"https:\/\/www.tecdmx.org.mx\/index.php\/wp-json\/wp\/v2\/posts\/17807"}],"collection":[{"href":"https:\/\/www.tecdmx.org.mx\/index.php\/wp-json\/wp\/v2\/posts"}],"about":[{"href":"https:\/\/www.tecdmx.org.mx\/index.php\/wp-json\/wp\/v2\/types\/post"}],"author":[{"embeddable":true,"href":"https:\/\/www.tecdmx.org.mx\/index.php\/wp-json\/wp\/v2\/users\/13"}],"replies":[{"embeddable":true,"href":"https:\/\/www.tecdmx.org.mx\/index.php\/wp-json\/wp\/v2\/comments?post=17807"}],"version-history":[{"count":1,"href":"https:\/\/www.tecdmx.org.mx\/index.php\/wp-json\/wp\/v2\/posts\/17807\/revisions"}],"predecessor-version":[{"id":17810,"href":"https:\/\/www.tecdmx.org.mx\/index.php\/wp-json\/wp\/v2\/posts\/17807\/revisions\/17810"}],"wp:featuredmedia":[{"embeddable":true,"href":"https:\/\/www.tecdmx.org.mx\/index.php\/wp-json\/wp\/v2\/media\/17808"}],"wp:attachment":[{"href":"https:\/\/www.tecdmx.org.mx\/index.php\/wp-json\/wp\/v2\/media?parent=17807"}],"wp:term":[{"taxonomy":"category","embeddable":true,"href":"https:\/\/www.tecdmx.org.mx\/index.php\/wp-json\/wp\/v2\/categories?post=17807"},{"taxonomy":"post_tag","embeddable":true,"href":"https:\/\/www.tecdmx.org.mx\/index.php\/wp-json\/wp\/v2\/tags?post=17807"}],"curies":[{"name":"wp","href":"https:\/\/api.w.org\/{rel}","templated":true}]}}