{"id":18126,"date":"2020-02-26T19:20:00","date_gmt":"2020-02-26T19:20:00","guid":{"rendered":"https:\/\/www.tecdmx.org.mx\/?p=18126"},"modified":"2020-02-29T19:21:10","modified_gmt":"2020-02-29T19:21:10","slug":"el-tecdmx-organiza-un-espacio-de-reflexion-sobre-violencia-politica-y-participacion-de-las-mujeres-en-el-proceso-electoral-2020-2021","status":"publish","type":"post","link":"https:\/\/www.tecdmx.org.mx\/index.php\/eventos\/2020\/02\/26\/el-tecdmx-organiza-un-espacio-de-reflexion-sobre-violencia-politica-y-participacion-de-las-mujeres-en-el-proceso-electoral-2020-2021\/","title":{"rendered":"El TECDMX organiza un espacio de reflexi\u00f3n sobre violencia pol\u00edtica y participaci\u00f3n de las mujeres en el Proceso Electoral 2020-2021"},"content":{"rendered":"\n<p>Inicia el foro \u201cEvoluci\u00f3n de los Derechos Pol\u00edtico-Electorales de la mujer en la Ciudad de<\/p>\n\n\n\n<p>M\u00e9xico\u201d<\/p>\n\n\n\n<p>\u2022 Participan la Presidenta de la Mesa Directiva del Congreso capitalino, as\u00ed como los<\/p>\n\n\n\n<p>Presidentes del IECM y el INFO-CDMX<\/p>\n\n\n\n<p>Como parte de su compromiso con la progresividad de los derechos, la paridad de g\u00e9nero y la<\/p>\n\n\n\n<p>igualdad sustantiva, el Tribunal Electoral de la Ciudad de M\u00e9xico (TECDMX) organiz\u00f3 el Foro Evoluci\u00f3n<\/p>\n\n\n\n<p>de los Derechos Pol\u00edtico-Electorales de la mujer en la Ciudad de M\u00e9xico.<\/p>\n\n\n\n<p>Durante la ceremonia de inauguraci\u00f3n, el Magistrado Presidente del TECDMX Gustavo Anzaldo<\/p>\n\n\n\n<p>Hern\u00e1ndez, afirm\u00f3 que este tipo de espacios de reflexi\u00f3n resulta muy positivo, sobre todo en la<\/p>\n\n\n\n<p>v\u00edspera del Proceso Electoral 2020-2021, que iniciar\u00e1 en septiembre pr\u00f3ximo.<\/p>\n\n\n\n<p>El Magistrado Anzaldo mencion\u00f3 que \u201cla soluci\u00f3n de un problema como el que nos enfrenta la<\/p>\n\n\n\n<p>violencia pol\u00edtica y la participaci\u00f3n de las mujeres en la Ciudad de M\u00e9xico tiene un presupuesto<\/p>\n\n\n\n<p>indispensable, el conocimiento de los asuntos. A trav\u00e9s de un ejercicio acad\u00e9mico como este Foro,<\/p>\n\n\n\n<p>podemos dar informaci\u00f3n y capacitaci\u00f3n para llegar a un estado que nos permita avanzar en la<\/p>\n\n\n\n<p>organizaci\u00f3n y desarrollo de los procesos electorales\u201d.<\/p>\n\n\n\n<p>Agradeci\u00f3 a la Presidenta de la Mesa Directiva del Congreso de la Ciudad de M\u00e9xico, Diputada Isabela<\/p>\n\n\n\n<p>Rosales Herrera; al Consejero Mario Vel\u00e1zquez, Presidente del Instituto Electoral de la Ciudad de<\/p>\n\n\n\n<p>M\u00e9xico (IECM) y el Comisionado Julio C\u00e9sar Bonilla, Presidente del Instituto de Transparencia, Acceso<\/p>\n\n\n\n<p>a la Informaci\u00f3n P\u00fablica, Protecci\u00f3n de Datos Personales y Rendici\u00f3n de Cuentas de la Ciudad de<\/p>\n\n\n\n<p>M\u00e9xico (INFO), el haber estado presentes en esta inauguraci\u00f3n.<\/p>\n\n\n\n<p>En su mensaje, el Magistrado Presidente destac\u00f3 que el acompa\u00f1amiento del Legislativo local<\/p>\n\n\n\n<p>significa un voto de confianza al trabajo del Tribunal y una oportunidad para mostrar las acciones que<\/p>\n\n\n\n<p>se est\u00e1n realizando.<\/p>\n\n\n\n<p>Por su parte, la Diputada Isabela Rosales asegur\u00f3 que la evoluci\u00f3n del papel pol\u00edtico de la mujer ha<\/p>\n\n\n\n<p>llegado hasta el logro del desarrollo de la democracia paritaria, la cual permite la inclusi\u00f3n igualitaria<\/p>\n\n\n\n<p>en los procesos de competencia electoral.<\/p>\n\n\n\n<p>\u201cTras cada elecci\u00f3n, nos acercamos a una mayor paridad de g\u00e9nero en los puestos. Esperamos que,<\/p>\n\n\n\n<p>pr\u00f3ximamente, la totalidad de los mismos en la administraci\u00f3n p\u00fablica implementen protocolos de<\/p>\n\n\n\n<p>paridad de g\u00e9nero, siguiendo el ejemplo de la Suprema Corte de Justicia de la Naci\u00f3n\u201d, dijo la<\/p>\n\n\n\n<p>legisladora Rosales Herrera.<\/p>\n\n\n\n<p>La Magistrada y presidenta del Comit\u00e9 de G\u00e9nero y Derechos Humanos del TECDMX, M. Alejandra<\/p>\n\n\n\n<p>Ch\u00e1vez Camarena, mencion\u00f3 que la democracia mexicana se encuentra ante un horizonte dual. Por<\/p>\n\n\n\n<p>una parte, se han perfeccionado las redes de interlocuci\u00f3n social en cuanto a sus derechos; por otra,<\/p>\n\n\n\n<p>se han exacerbado las pr\u00e1cticas discriminatorias en contra de mujeres y las ni\u00f1as, lo que ha llevado<\/p>\n\n\n\n<p>un clima de violencia sin precedentes.<\/p>\n\n\n\n<p>Los grandes objetivos del foro son: \u201cla promoci\u00f3n de la igualdad sustantiva, la paridad y la perspectiva<\/p>\n\n\n\n<p>de g\u00e9nero en la arquitectura institucional de la entidad, con el prop\u00f3sito de proteger la dignidad<\/p>\n\n\n\n<p>humana, as\u00ed como la legitimidad democr\u00e1tica. Contribuir a corregir las circunstancias sociales de<\/p>\n\n\n\n<p>desigualdad y, al mismo tiempo, salvaguardar el derecho de las mujeres y las ni\u00f1as a una vida libre,<\/p>\n\n\n\n<p>digna, paritaria y sin violencia\u201d, afirm\u00f3 la Magistrada Ch\u00e1vez Camarena.<\/p>\n\n\n\n<p>El Consejero Presidente del IECM, Mario Vel\u00e1zquez Miranda, consider\u00f3 que la actuaci\u00f3n de los<\/p>\n\n\n\n<p>\u00d3rganos Jurisdiccionales ha tenido una clara evoluci\u00f3n para alcanzar lo que mandata la Constituci\u00f3n<\/p>\n\n\n\n<p>en materia de paridad y es as\u00ed como resulta la integraci\u00f3n igualitaria del Legislativo y la conformaci\u00f3n<\/p>\n\n\n\n<p>de las Alcald\u00edas.<\/p>\n\n\n\n<p>\u201cEl ejercicio de los derechos pol\u00edticos de las mujeres se ha cumplimentado a golpe de sentencias\u201d,<\/p>\n\n\n\n<p>afirm\u00f3 el Consejero Presidente.<\/p>\n\n\n\n<p>En su oportunidad, el Comisionado Presidente del INFO, Julio C\u00e9sar Bonilla, asegur\u00f3 que la<\/p>\n\n\n\n<p>participaci\u00f3n de la mujer tiene que ser una pol\u00edtica p\u00fablica permanente y progresiva, la cual &#8220;no<\/p>\n\n\n\n<p>podemos dejar atr\u00e1s&#8221;.<\/p>\n\n\n\n<p>Hoy m\u00e1s que nunca, a\u00f1adi\u00f3 Bonilla Guti\u00e9rrez, las instituciones y la sociedad tenemos que construir<\/p>\n\n\n\n<p>una alianza estrat\u00e9gica para el fortalecimiento de la participaci\u00f3n pol\u00edtica de las mujeres en los<\/p>\n\n\n\n<p>asuntos p\u00fablicos, \u201cy en eso no debemos dar un paso atr\u00e1s&#8221;.<\/p>\n\n\n\n<p>A lo largo de este foro (26 y 27 de febrero) se llevar\u00e1n a cabo mesas de an\u00e1lisis sobre temas vinculados<\/p>\n\n\n\n<figure class=\"wp-block-gallery columns-3 is-cropped wp-block-gallery-1 is-layout-flex wp-block-gallery-is-layout-flex\"><ul class=\"blocks-gallery-grid\"><li class=\"blocks-gallery-item\"><figure><img loading=\"lazy\" decoding=\"async\" width=\"525\" height=\"350\" src=\"https:\/\/www.tecdmx.org.mx\/wp-content\/uploads\/2020\/02\/WhatsApp-Image-2020-02-27-at-17.08.46-1-525x350.jpeg\" alt=\"\" data-id=\"18127\" data-full-url=\"https:\/\/www.tecdmx.org.mx\/wp-content\/uploads\/2020\/02\/WhatsApp-Image-2020-02-27-at-17.08.46-1.jpeg\" data-link=\"https:\/\/www.tecdmx.org.mx\/?attachment_id=18127\" class=\"wp-image-18127\" srcset=\"https:\/\/www.tecdmx.org.mx\/wp-content\/uploads\/2020\/02\/WhatsApp-Image-2020-02-27-at-17.08.46-1-375x250.jpeg 375w, https:\/\/www.tecdmx.org.mx\/wp-content\/uploads\/2020\/02\/WhatsApp-Image-2020-02-27-at-17.08.46-1-525x350.jpeg 525w, https:\/\/www.tecdmx.org.mx\/wp-content\/uploads\/2020\/02\/WhatsApp-Image-2020-02-27-at-17.08.46-1-768x512.jpeg 768w, https:\/\/www.tecdmx.org.mx\/wp-content\/uploads\/2020\/02\/WhatsApp-Image-2020-02-27-at-17.08.46-1.jpeg 1280w\" sizes=\"(max-width: 525px) 100vw, 525px\" \/><\/figure><\/li><li class=\"blocks-gallery-item\"><figure><img loading=\"lazy\" decoding=\"async\" width=\"525\" height=\"350\" src=\"https:\/\/www.tecdmx.org.mx\/wp-content\/uploads\/2020\/02\/WhatsApp-Image-2020-02-27-at-17.08.46-3-525x350.jpeg\" alt=\"\" data-id=\"18128\" data-full-url=\"https:\/\/www.tecdmx.org.mx\/wp-content\/uploads\/2020\/02\/WhatsApp-Image-2020-02-27-at-17.08.46-3.jpeg\" data-link=\"https:\/\/www.tecdmx.org.mx\/?attachment_id=18128\" class=\"wp-image-18128\" srcset=\"https:\/\/www.tecdmx.org.mx\/wp-content\/uploads\/2020\/02\/WhatsApp-Image-2020-02-27-at-17.08.46-3-375x250.jpeg 375w, https:\/\/www.tecdmx.org.mx\/wp-content\/uploads\/2020\/02\/WhatsApp-Image-2020-02-27-at-17.08.46-3-525x350.jpeg 525w, https:\/\/www.tecdmx.org.mx\/wp-content\/uploads\/2020\/02\/WhatsApp-Image-2020-02-27-at-17.08.46-3-768x512.jpeg 768w, https:\/\/www.tecdmx.org.mx\/wp-content\/uploads\/2020\/02\/WhatsApp-Image-2020-02-27-at-17.08.46-3.jpeg 1280w\" sizes=\"(max-width: 525px) 100vw, 525px\" \/><\/figure><\/li><li class=\"blocks-gallery-item\"><figure><img loading=\"lazy\" decoding=\"async\" width=\"525\" height=\"350\" src=\"https:\/\/www.tecdmx.org.mx\/wp-content\/uploads\/2020\/02\/WhatsApp-Image-2020-02-27-at-17.08.46-6-525x350.jpeg\" alt=\"\" data-id=\"18129\" data-full-url=\"https:\/\/www.tecdmx.org.mx\/wp-content\/uploads\/2020\/02\/WhatsApp-Image-2020-02-27-at-17.08.46-6.jpeg\" data-link=\"https:\/\/www.tecdmx.org.mx\/?attachment_id=18129\" class=\"wp-image-18129\" srcset=\"https:\/\/www.tecdmx.org.mx\/wp-content\/uploads\/2020\/02\/WhatsApp-Image-2020-02-27-at-17.08.46-6-375x250.jpeg 375w, https:\/\/www.tecdmx.org.mx\/wp-content\/uploads\/2020\/02\/WhatsApp-Image-2020-02-27-at-17.08.46-6-525x350.jpeg 525w, https:\/\/www.tecdmx.org.mx\/wp-content\/uploads\/2020\/02\/WhatsApp-Image-2020-02-27-at-17.08.46-6-768x512.jpeg 768w, https:\/\/www.tecdmx.org.mx\/wp-content\/uploads\/2020\/02\/WhatsApp-Image-2020-02-27-at-17.08.46-6.jpeg 1280w\" sizes=\"(max-width: 525px) 100vw, 525px\" \/><\/figure><\/li><li class=\"blocks-gallery-item\"><figure><img loading=\"lazy\" decoding=\"async\" width=\"486\" height=\"350\" src=\"https:\/\/www.tecdmx.org.mx\/wp-content\/uploads\/2020\/02\/WhatsApp-Image-2020-02-27-at-17.08.46-486x350.jpeg\" alt=\"\" data-id=\"18130\" data-full-url=\"https:\/\/www.tecdmx.org.mx\/wp-content\/uploads\/2020\/02\/WhatsApp-Image-2020-02-27-at-17.08.46.jpeg\" data-link=\"https:\/\/www.tecdmx.org.mx\/?attachment_id=18130\" class=\"wp-image-18130\" srcset=\"https:\/\/www.tecdmx.org.mx\/wp-content\/uploads\/2020\/02\/WhatsApp-Image-2020-02-27-at-17.08.46-347x250.jpeg 347w, https:\/\/www.tecdmx.org.mx\/wp-content\/uploads\/2020\/02\/WhatsApp-Image-2020-02-27-at-17.08.46-486x350.jpeg 486w, https:\/\/www.tecdmx.org.mx\/wp-content\/uploads\/2020\/02\/WhatsApp-Image-2020-02-27-at-17.08.46-768x553.jpeg 768w, https:\/\/www.tecdmx.org.mx\/wp-content\/uploads\/2020\/02\/WhatsApp-Image-2020-02-27-at-17.08.46.jpeg 1280w\" sizes=\"(max-width: 486px) 100vw, 486px\" \/><\/figure><\/li><li class=\"blocks-gallery-item\"><figure><img loading=\"lazy\" decoding=\"async\" width=\"233\" height=\"350\" src=\"https:\/\/www.tecdmx.org.mx\/wp-content\/uploads\/2020\/02\/WhatsApp-Image-2020-02-27-at-17.08.47-2-233x350.jpeg\" alt=\"\" data-id=\"18131\" data-full-url=\"https:\/\/www.tecdmx.org.mx\/wp-content\/uploads\/2020\/02\/WhatsApp-Image-2020-02-27-at-17.08.47-2.jpeg\" data-link=\"https:\/\/www.tecdmx.org.mx\/?attachment_id=18131\" class=\"wp-image-18131\" srcset=\"https:\/\/www.tecdmx.org.mx\/wp-content\/uploads\/2020\/02\/WhatsApp-Image-2020-02-27-at-17.08.47-2-167x250.jpeg 167w, https:\/\/www.tecdmx.org.mx\/wp-content\/uploads\/2020\/02\/WhatsApp-Image-2020-02-27-at-17.08.47-2-233x350.jpeg 233w, https:\/\/www.tecdmx.org.mx\/wp-content\/uploads\/2020\/02\/WhatsApp-Image-2020-02-27-at-17.08.47-2-768x1152.jpeg 768w, https:\/\/www.tecdmx.org.mx\/wp-content\/uploads\/2020\/02\/WhatsApp-Image-2020-02-27-at-17.08.47-2.jpeg 853w\" sizes=\"(max-width: 233px) 100vw, 233px\" \/><\/figure><\/li><li class=\"blocks-gallery-item\"><figure><img loading=\"lazy\" decoding=\"async\" width=\"573\" height=\"350\" src=\"https:\/\/www.tecdmx.org.mx\/wp-content\/uploads\/2020\/02\/WhatsApp-Image-2020-02-27-at-17.08.47-3-573x350.jpeg\" alt=\"\" data-id=\"18132\" data-full-url=\"https:\/\/www.tecdmx.org.mx\/wp-content\/uploads\/2020\/02\/WhatsApp-Image-2020-02-27-at-17.08.47-3.jpeg\" data-link=\"https:\/\/www.tecdmx.org.mx\/?attachment_id=18132\" class=\"wp-image-18132\" srcset=\"https:\/\/www.tecdmx.org.mx\/wp-content\/uploads\/2020\/02\/WhatsApp-Image-2020-02-27-at-17.08.47-3-409x250.jpeg 409w, https:\/\/www.tecdmx.org.mx\/wp-content\/uploads\/2020\/02\/WhatsApp-Image-2020-02-27-at-17.08.47-3-573x350.jpeg 573w, https:\/\/www.tecdmx.org.mx\/wp-content\/uploads\/2020\/02\/WhatsApp-Image-2020-02-27-at-17.08.47-3-768x470.jpeg 768w, https:\/\/www.tecdmx.org.mx\/wp-content\/uploads\/2020\/02\/WhatsApp-Image-2020-02-27-at-17.08.47-3.jpeg 1024w\" sizes=\"(max-width: 573px) 100vw, 573px\" \/><\/figure><\/li><li class=\"blocks-gallery-item\"><figure><img loading=\"lazy\" decoding=\"async\" width=\"525\" height=\"350\" src=\"https:\/\/www.tecdmx.org.mx\/wp-content\/uploads\/2020\/02\/WhatsApp-Image-2020-02-27-at-17.08.47-4-525x350.jpeg\" alt=\"\" data-id=\"18133\" data-full-url=\"https:\/\/www.tecdmx.org.mx\/wp-content\/uploads\/2020\/02\/WhatsApp-Image-2020-02-27-at-17.08.47-4.jpeg\" data-link=\"https:\/\/www.tecdmx.org.mx\/?attachment_id=18133\" class=\"wp-image-18133\" srcset=\"https:\/\/www.tecdmx.org.mx\/wp-content\/uploads\/2020\/02\/WhatsApp-Image-2020-02-27-at-17.08.47-4-375x250.jpeg 375w, https:\/\/www.tecdmx.org.mx\/wp-content\/uploads\/2020\/02\/WhatsApp-Image-2020-02-27-at-17.08.47-4-525x350.jpeg 525w, https:\/\/www.tecdmx.org.mx\/wp-content\/uploads\/2020\/02\/WhatsApp-Image-2020-02-27-at-17.08.47-4-768x512.jpeg 768w, https:\/\/www.tecdmx.org.mx\/wp-content\/uploads\/2020\/02\/WhatsApp-Image-2020-02-27-at-17.08.47-4.jpeg 1280w\" sizes=\"(max-width: 525px) 100vw, 525px\" \/><\/figure><\/li><li class=\"blocks-gallery-item\"><figure><img loading=\"lazy\" decoding=\"async\" width=\"525\" height=\"350\" src=\"https:\/\/www.tecdmx.org.mx\/wp-content\/uploads\/2020\/02\/WhatsApp-Image-2020-02-27-at-17.08.47-5-525x350.jpeg\" alt=\"\" data-id=\"18134\" data-full-url=\"https:\/\/www.tecdmx.org.mx\/wp-content\/uploads\/2020\/02\/WhatsApp-Image-2020-02-27-at-17.08.47-5.jpeg\" data-link=\"https:\/\/www.tecdmx.org.mx\/?attachment_id=18134\" class=\"wp-image-18134\" srcset=\"https:\/\/www.tecdmx.org.mx\/wp-content\/uploads\/2020\/02\/WhatsApp-Image-2020-02-27-at-17.08.47-5-375x250.jpeg 375w, https:\/\/www.tecdmx.org.mx\/wp-content\/uploads\/2020\/02\/WhatsApp-Image-2020-02-27-at-17.08.47-5-525x350.jpeg 525w, https:\/\/www.tecdmx.org.mx\/wp-content\/uploads\/2020\/02\/WhatsApp-Image-2020-02-27-at-17.08.47-5-768x512.jpeg 768w, https:\/\/www.tecdmx.org.mx\/wp-content\/uploads\/2020\/02\/WhatsApp-Image-2020-02-27-at-17.08.47-5.jpeg 1280w\" sizes=\"(max-width: 525px) 100vw, 525px\" \/><\/figure><\/li><li class=\"blocks-gallery-item\"><figure><img loading=\"lazy\" decoding=\"async\" width=\"525\" height=\"350\" src=\"https:\/\/www.tecdmx.org.mx\/wp-content\/uploads\/2020\/02\/WhatsApp-Image-2020-02-27-at-17.08.47-6-525x350.jpeg\" alt=\"\" data-id=\"18135\" data-full-url=\"https:\/\/www.tecdmx.org.mx\/wp-content\/uploads\/2020\/02\/WhatsApp-Image-2020-02-27-at-17.08.47-6.jpeg\" data-link=\"https:\/\/www.tecdmx.org.mx\/?attachment_id=18135\" class=\"wp-image-18135\" srcset=\"https:\/\/www.tecdmx.org.mx\/wp-content\/uploads\/2020\/02\/WhatsApp-Image-2020-02-27-at-17.08.47-6-375x250.jpeg 375w, https:\/\/www.tecdmx.org.mx\/wp-content\/uploads\/2020\/02\/WhatsApp-Image-2020-02-27-at-17.08.47-6-525x350.jpeg 525w, https:\/\/www.tecdmx.org.mx\/wp-content\/uploads\/2020\/02\/WhatsApp-Image-2020-02-27-at-17.08.47-6-768x512.jpeg 768w, https:\/\/www.tecdmx.org.mx\/wp-content\/uploads\/2020\/02\/WhatsApp-Image-2020-02-27-at-17.08.47-6.jpeg 1280w\" sizes=\"(max-width: 525px) 100vw, 525px\" \/><\/figure><\/li><li class=\"blocks-gallery-item\"><figure><img loading=\"lazy\" decoding=\"async\" width=\"525\" height=\"350\" src=\"https:\/\/www.tecdmx.org.mx\/wp-content\/uploads\/2020\/02\/WhatsApp-Image-2020-02-27-at-17.08.47-7-525x350.jpeg\" alt=\"\" data-id=\"18136\" data-full-url=\"https:\/\/www.tecdmx.org.mx\/wp-content\/uploads\/2020\/02\/WhatsApp-Image-2020-02-27-at-17.08.47-7.jpeg\" data-link=\"https:\/\/www.tecdmx.org.mx\/?attachment_id=18136\" class=\"wp-image-18136\" srcset=\"https:\/\/www.tecdmx.org.mx\/wp-content\/uploads\/2020\/02\/WhatsApp-Image-2020-02-27-at-17.08.47-7-375x250.jpeg 375w, https:\/\/www.tecdmx.org.mx\/wp-content\/uploads\/2020\/02\/WhatsApp-Image-2020-02-27-at-17.08.47-7-525x350.jpeg 525w, https:\/\/www.tecdmx.org.mx\/wp-content\/uploads\/2020\/02\/WhatsApp-Image-2020-02-27-at-17.08.47-7-768x512.jpeg 768w, https:\/\/www.tecdmx.org.mx\/wp-content\/uploads\/2020\/02\/WhatsApp-Image-2020-02-27-at-17.08.47-7.jpeg 1280w\" sizes=\"(max-width: 525px) 100vw, 525px\" \/><\/figure><\/li><li class=\"blocks-gallery-item\"><figure><img loading=\"lazy\" decoding=\"async\" width=\"233\" height=\"350\" src=\"https:\/\/www.tecdmx.org.mx\/wp-content\/uploads\/2020\/02\/WhatsApp-Image-2020-02-27-at-17.08.47-233x350.jpeg\" alt=\"\" data-id=\"18137\" data-full-url=\"https:\/\/www.tecdmx.org.mx\/wp-content\/uploads\/2020\/02\/WhatsApp-Image-2020-02-27-at-17.08.47.jpeg\" data-link=\"https:\/\/www.tecdmx.org.mx\/?attachment_id=18137\" class=\"wp-image-18137\" srcset=\"https:\/\/www.tecdmx.org.mx\/wp-content\/uploads\/2020\/02\/WhatsApp-Image-2020-02-27-at-17.08.47-167x250.jpeg 167w, https:\/\/www.tecdmx.org.mx\/wp-content\/uploads\/2020\/02\/WhatsApp-Image-2020-02-27-at-17.08.47-233x350.jpeg 233w, https:\/\/www.tecdmx.org.mx\/wp-content\/uploads\/2020\/02\/WhatsApp-Image-2020-02-27-at-17.08.47-768x1152.jpeg 768w, https:\/\/www.tecdmx.org.mx\/wp-content\/uploads\/2020\/02\/WhatsApp-Image-2020-02-27-at-17.08.47.jpeg 853w\" sizes=\"(max-width: 233px) 100vw, 233px\" \/><\/figure><\/li><li class=\"blocks-gallery-item\"><figure><img loading=\"lazy\" decoding=\"async\" width=\"396\" height=\"350\" src=\"https:\/\/www.tecdmx.org.mx\/wp-content\/uploads\/2020\/02\/WhatsApp-Image-2020-02-27-at-17.08.48-396x350.jpeg\" alt=\"\" data-id=\"18138\" data-full-url=\"https:\/\/www.tecdmx.org.mx\/wp-content\/uploads\/2020\/02\/WhatsApp-Image-2020-02-27-at-17.08.48.jpeg\" data-link=\"https:\/\/www.tecdmx.org.mx\/?attachment_id=18138\" class=\"wp-image-18138\" srcset=\"https:\/\/www.tecdmx.org.mx\/wp-content\/uploads\/2020\/02\/WhatsApp-Image-2020-02-27-at-17.08.48-283x250.jpeg 283w, https:\/\/www.tecdmx.org.mx\/wp-content\/uploads\/2020\/02\/WhatsApp-Image-2020-02-27-at-17.08.48-396x350.jpeg 396w, https:\/\/www.tecdmx.org.mx\/wp-content\/uploads\/2020\/02\/WhatsApp-Image-2020-02-27-at-17.08.48-768x680.jpeg 768w, https:\/\/www.tecdmx.org.mx\/wp-content\/uploads\/2020\/02\/WhatsApp-Image-2020-02-27-at-17.08.48.jpeg 1024w\" sizes=\"(max-width: 396px) 100vw, 396px\" \/><\/figure><\/li><\/ul><\/figure>\n\n\n\n<p>con los derechos pol\u00edtico-electorales de las mujeres, participaci\u00f3n pol\u00edtica, grupos en situaci\u00f3n de<\/p>\n\n\n\n<p>vulnerabilidad y la justicia social.<\/p>\n\n\n\n<p>o-O-o<\/p>\n","protected":false},"excerpt":{"rendered":"<p>Inicia el foro \u201cEvoluci\u00f3n de los Derechos Pol\u00edtico-Electorales de la mujer en la Ciudad de<br \/>\nM\u00e9xico\u201d<\/p>\n","protected":false},"author":13,"featured_media":18132,"comment_status":"open","ping_status":"open","sticky":false,"template":"","format":"standard","meta":{"_acf_changed":false,"_exactmetrics_skip_tracking":false,"_exactmetrics_sitenote_active":false,"_exactmetrics_sitenote_note":"","_exactmetrics_sitenote_category":0,"footnotes":""},"categories":[32,47,40],"tags":[],"acf":[],"yoast_head":"<!-- This site is optimized with the Yoast SEO plugin v22.3 - https:\/\/yoast.com\/wordpress\/plugins\/seo\/ -->\n<title>El TECDMX organiza un espacio de reflexi\u00f3n sobre violencia pol\u00edtica y participaci\u00f3n de las mujeres en el Proceso Electoral 2020-2021 - Tribunal Electoral de la Ciudad de M\u00e9xico<\/title>\n<meta name=\"robots\" content=\"index, follow, max-snippet:-1, max-image-preview:large, max-video-preview:-1\" \/>\n<link rel=\"canonical\" href=\"https:\/\/www.tecdmx.org.mx\/index.php\/eventos\/2020\/02\/26\/el-tecdmx-organiza-un-espacio-de-reflexion-sobre-violencia-politica-y-participacion-de-las-mujeres-en-el-proceso-electoral-2020-2021\/\" \/>\n<meta property=\"og:locale\" content=\"es_ES\" \/>\n<meta property=\"og:type\" content=\"article\" \/>\n<meta property=\"og:title\" content=\"El TECDMX organiza un espacio de reflexi\u00f3n sobre violencia pol\u00edtica y participaci\u00f3n de las mujeres en el Proceso Electoral 2020-2021 - Tribunal Electoral de la Ciudad de M\u00e9xico\" \/>\n<meta property=\"og:description\" content=\"Inicia el foro \u201cEvoluci\u00f3n de los Derechos Pol\u00edtico-Electorales de la mujer en la Ciudad de M\u00e9xico\u201d\" \/>\n<meta property=\"og:url\" content=\"https:\/\/www.tecdmx.org.mx\/index.php\/eventos\/2020\/02\/26\/el-tecdmx-organiza-un-espacio-de-reflexion-sobre-violencia-politica-y-participacion-de-las-mujeres-en-el-proceso-electoral-2020-2021\/\" \/>\n<meta property=\"og:site_name\" content=\"Tribunal Electoral de la Ciudad de M\u00e9xico\" \/>\n<meta property=\"article:publisher\" content=\"https:\/\/www.facebook.com\/TECDMX\/\" \/>\n<meta property=\"article:published_time\" content=\"2020-02-26T19:20:00+00:00\" \/>\n<meta property=\"article:modified_time\" content=\"2020-02-29T19:21:10+00:00\" \/>\n<meta property=\"og:image\" content=\"https:\/\/www.tecdmx.org.mx\/wp-content\/uploads\/2020\/02\/WhatsApp-Image-2020-02-27-at-17.08.47-3.jpeg\" \/>\n\t<meta property=\"og:image:width\" content=\"1024\" \/>\n\t<meta property=\"og:image:height\" content=\"626\" \/>\n\t<meta property=\"og:image:type\" content=\"image\/jpeg\" \/>\n<meta name=\"author\" content=\"Difusion2025\" \/>\n<meta name=\"twitter:card\" content=\"summary_large_image\" \/>\n<meta name=\"twitter:creator\" content=\"@tecdmx\" \/>\n<meta name=\"twitter:site\" content=\"@tecdmx\" \/>\n<meta name=\"twitter:label1\" content=\"Escrito por\" \/>\n\t<meta name=\"twitter:data1\" content=\"Difusion2025\" \/>\n\t<meta name=\"twitter:label2\" content=\"Tiempo de lectura\" \/>\n\t<meta name=\"twitter:data2\" content=\"4 minutos\" \/>\n<script type=\"application\/ld+json\" class=\"yoast-schema-graph\">{\"@context\":\"https:\/\/schema.org\",\"@graph\":[{\"@type\":\"WebPage\",\"@id\":\"https:\/\/www.tecdmx.org.mx\/index.php\/eventos\/2020\/02\/26\/el-tecdmx-organiza-un-espacio-de-reflexion-sobre-violencia-politica-y-participacion-de-las-mujeres-en-el-proceso-electoral-2020-2021\/\",\"url\":\"https:\/\/www.tecdmx.org.mx\/index.php\/eventos\/2020\/02\/26\/el-tecdmx-organiza-un-espacio-de-reflexion-sobre-violencia-politica-y-participacion-de-las-mujeres-en-el-proceso-electoral-2020-2021\/\",\"name\":\"El TECDMX organiza un espacio de reflexi\u00f3n sobre violencia pol\u00edtica y participaci\u00f3n de las mujeres en el Proceso Electoral 2020-2021 - Tribunal Electoral de la Ciudad de M\u00e9xico\",\"isPartOf\":{\"@id\":\"https:\/\/www.tecdmx.org.mx\/#website\"},\"primaryImageOfPage\":{\"@id\":\"https:\/\/www.tecdmx.org.mx\/index.php\/eventos\/2020\/02\/26\/el-tecdmx-organiza-un-espacio-de-reflexion-sobre-violencia-politica-y-participacion-de-las-mujeres-en-el-proceso-electoral-2020-2021\/#primaryimage\"},\"image\":{\"@id\":\"https:\/\/www.tecdmx.org.mx\/index.php\/eventos\/2020\/02\/26\/el-tecdmx-organiza-un-espacio-de-reflexion-sobre-violencia-politica-y-participacion-de-las-mujeres-en-el-proceso-electoral-2020-2021\/#primaryimage\"},\"thumbnailUrl\":\"https:\/\/www.tecdmx.org.mx\/wp-content\/uploads\/2020\/02\/WhatsApp-Image-2020-02-27-at-17.08.47-3.jpeg\",\"datePublished\":\"2020-02-26T19:20:00+00:00\",\"dateModified\":\"2020-02-29T19:21:10+00:00\",\"author\":{\"@id\":\"https:\/\/www.tecdmx.org.mx\/#\/schema\/person\/208c898199fb3234203823c5f0cf31d6\"},\"breadcrumb\":{\"@id\":\"https:\/\/www.tecdmx.org.mx\/index.php\/eventos\/2020\/02\/26\/el-tecdmx-organiza-un-espacio-de-reflexion-sobre-violencia-politica-y-participacion-de-las-mujeres-en-el-proceso-electoral-2020-2021\/#breadcrumb\"},\"inLanguage\":\"es\",\"potentialAction\":[{\"@type\":\"ReadAction\",\"target\":[\"https:\/\/www.tecdmx.org.mx\/index.php\/eventos\/2020\/02\/26\/el-tecdmx-organiza-un-espacio-de-reflexion-sobre-violencia-politica-y-participacion-de-las-mujeres-en-el-proceso-electoral-2020-2021\/\"]}]},{\"@type\":\"ImageObject\",\"inLanguage\":\"es\",\"@id\":\"https:\/\/www.tecdmx.org.mx\/index.php\/eventos\/2020\/02\/26\/el-tecdmx-organiza-un-espacio-de-reflexion-sobre-violencia-politica-y-participacion-de-las-mujeres-en-el-proceso-electoral-2020-2021\/#primaryimage\",\"url\":\"https:\/\/www.tecdmx.org.mx\/wp-content\/uploads\/2020\/02\/WhatsApp-Image-2020-02-27-at-17.08.47-3.jpeg\",\"contentUrl\":\"https:\/\/www.tecdmx.org.mx\/wp-content\/uploads\/2020\/02\/WhatsApp-Image-2020-02-27-at-17.08.47-3.jpeg\",\"width\":1024,\"height\":626},{\"@type\":\"BreadcrumbList\",\"@id\":\"https:\/\/www.tecdmx.org.mx\/index.php\/eventos\/2020\/02\/26\/el-tecdmx-organiza-un-espacio-de-reflexion-sobre-violencia-politica-y-participacion-de-las-mujeres-en-el-proceso-electoral-2020-2021\/#breadcrumb\",\"itemListElement\":[{\"@type\":\"ListItem\",\"position\":1,\"name\":\"Portada\",\"item\":\"https:\/\/www.tecdmx.org.mx\/\"},{\"@type\":\"ListItem\",\"position\":2,\"name\":\"El TECDMX organiza un espacio de reflexi\u00f3n sobre violencia pol\u00edtica y participaci\u00f3n de las mujeres en el Proceso Electoral 2020-2021\"}]},{\"@type\":\"WebSite\",\"@id\":\"https:\/\/www.tecdmx.org.mx\/#website\",\"url\":\"https:\/\/www.tecdmx.org.mx\/\",\"name\":\"Tribunal Electoral de la Ciudad de M\u00e9xico\",\"description\":\"25 a\u00f1os garantizando justicia en tu elecci\u00f3n\",\"potentialAction\":[{\"@type\":\"SearchAction\",\"target\":{\"@type\":\"EntryPoint\",\"urlTemplate\":\"https:\/\/www.tecdmx.org.mx\/?s={search_term_string}\"},\"query-input\":\"required name=search_term_string\"}],\"inLanguage\":\"es\"},{\"@type\":\"Person\",\"@id\":\"https:\/\/www.tecdmx.org.mx\/#\/schema\/person\/208c898199fb3234203823c5f0cf31d6\",\"name\":\"Difusion2025\",\"image\":{\"@type\":\"ImageObject\",\"inLanguage\":\"es\",\"@id\":\"https:\/\/www.tecdmx.org.mx\/#\/schema\/person\/image\/\",\"url\":\"https:\/\/secure.gravatar.com\/avatar\/6f7a4ba3acb418040e90a2eb99b5df28?s=96&d=mm&r=g\",\"contentUrl\":\"https:\/\/secure.gravatar.com\/avatar\/6f7a4ba3acb418040e90a2eb99b5df28?s=96&d=mm&r=g\",\"caption\":\"Difusion2025\"}}]}<\/script>\n<!-- \/ Yoast SEO plugin. -->","yoast_head_json":{"title":"El TECDMX organiza un espacio de reflexi\u00f3n sobre violencia pol\u00edtica y participaci\u00f3n de las mujeres en el Proceso Electoral 2020-2021 - Tribunal Electoral de la Ciudad de M\u00e9xico","robots":{"index":"index","follow":"follow","max-snippet":"max-snippet:-1","max-image-preview":"max-image-preview:large","max-video-preview":"max-video-preview:-1"},"canonical":"https:\/\/www.tecdmx.org.mx\/index.php\/eventos\/2020\/02\/26\/el-tecdmx-organiza-un-espacio-de-reflexion-sobre-violencia-politica-y-participacion-de-las-mujeres-en-el-proceso-electoral-2020-2021\/","og_locale":"es_ES","og_type":"article","og_title":"El TECDMX organiza un espacio de reflexi\u00f3n sobre violencia pol\u00edtica y participaci\u00f3n de las mujeres en el Proceso Electoral 2020-2021 - Tribunal Electoral de la Ciudad de M\u00e9xico","og_description":"Inicia el foro \u201cEvoluci\u00f3n de los Derechos Pol\u00edtico-Electorales de la mujer en la Ciudad de M\u00e9xico\u201d","og_url":"https:\/\/www.tecdmx.org.mx\/index.php\/eventos\/2020\/02\/26\/el-tecdmx-organiza-un-espacio-de-reflexion-sobre-violencia-politica-y-participacion-de-las-mujeres-en-el-proceso-electoral-2020-2021\/","og_site_name":"Tribunal Electoral de la Ciudad de M\u00e9xico","article_publisher":"https:\/\/www.facebook.com\/TECDMX\/","article_published_time":"2020-02-26T19:20:00+00:00","article_modified_time":"2020-02-29T19:21:10+00:00","og_image":[{"width":1024,"height":626,"url":"https:\/\/www.tecdmx.org.mx\/wp-content\/uploads\/2020\/02\/WhatsApp-Image-2020-02-27-at-17.08.47-3.jpeg","type":"image\/jpeg"}],"author":"Difusion2025","twitter_card":"summary_large_image","twitter_creator":"@tecdmx","twitter_site":"@tecdmx","twitter_misc":{"Escrito por":"Difusion2025","Tiempo de lectura":"4 minutos"},"schema":{"@context":"https:\/\/schema.org","@graph":[{"@type":"WebPage","@id":"https:\/\/www.tecdmx.org.mx\/index.php\/eventos\/2020\/02\/26\/el-tecdmx-organiza-un-espacio-de-reflexion-sobre-violencia-politica-y-participacion-de-las-mujeres-en-el-proceso-electoral-2020-2021\/","url":"https:\/\/www.tecdmx.org.mx\/index.php\/eventos\/2020\/02\/26\/el-tecdmx-organiza-un-espacio-de-reflexion-sobre-violencia-politica-y-participacion-de-las-mujeres-en-el-proceso-electoral-2020-2021\/","name":"El TECDMX organiza un espacio de reflexi\u00f3n sobre violencia pol\u00edtica y participaci\u00f3n de las mujeres en el Proceso Electoral 2020-2021 - Tribunal Electoral de la Ciudad de M\u00e9xico","isPartOf":{"@id":"https:\/\/www.tecdmx.org.mx\/#website"},"primaryImageOfPage":{"@id":"https:\/\/www.tecdmx.org.mx\/index.php\/eventos\/2020\/02\/26\/el-tecdmx-organiza-un-espacio-de-reflexion-sobre-violencia-politica-y-participacion-de-las-mujeres-en-el-proceso-electoral-2020-2021\/#primaryimage"},"image":{"@id":"https:\/\/www.tecdmx.org.mx\/index.php\/eventos\/2020\/02\/26\/el-tecdmx-organiza-un-espacio-de-reflexion-sobre-violencia-politica-y-participacion-de-las-mujeres-en-el-proceso-electoral-2020-2021\/#primaryimage"},"thumbnailUrl":"https:\/\/www.tecdmx.org.mx\/wp-content\/uploads\/2020\/02\/WhatsApp-Image-2020-02-27-at-17.08.47-3.jpeg","datePublished":"2020-02-26T19:20:00+00:00","dateModified":"2020-02-29T19:21:10+00:00","author":{"@id":"https:\/\/www.tecdmx.org.mx\/#\/schema\/person\/208c898199fb3234203823c5f0cf31d6"},"breadcrumb":{"@id":"https:\/\/www.tecdmx.org.mx\/index.php\/eventos\/2020\/02\/26\/el-tecdmx-organiza-un-espacio-de-reflexion-sobre-violencia-politica-y-participacion-de-las-mujeres-en-el-proceso-electoral-2020-2021\/#breadcrumb"},"inLanguage":"es","potentialAction":[{"@type":"ReadAction","target":["https:\/\/www.tecdmx.org.mx\/index.php\/eventos\/2020\/02\/26\/el-tecdmx-organiza-un-espacio-de-reflexion-sobre-violencia-politica-y-participacion-de-las-mujeres-en-el-proceso-electoral-2020-2021\/"]}]},{"@type":"ImageObject","inLanguage":"es","@id":"https:\/\/www.tecdmx.org.mx\/index.php\/eventos\/2020\/02\/26\/el-tecdmx-organiza-un-espacio-de-reflexion-sobre-violencia-politica-y-participacion-de-las-mujeres-en-el-proceso-electoral-2020-2021\/#primaryimage","url":"https:\/\/www.tecdmx.org.mx\/wp-content\/uploads\/2020\/02\/WhatsApp-Image-2020-02-27-at-17.08.47-3.jpeg","contentUrl":"https:\/\/www.tecdmx.org.mx\/wp-content\/uploads\/2020\/02\/WhatsApp-Image-2020-02-27-at-17.08.47-3.jpeg","width":1024,"height":626},{"@type":"BreadcrumbList","@id":"https:\/\/www.tecdmx.org.mx\/index.php\/eventos\/2020\/02\/26\/el-tecdmx-organiza-un-espacio-de-reflexion-sobre-violencia-politica-y-participacion-de-las-mujeres-en-el-proceso-electoral-2020-2021\/#breadcrumb","itemListElement":[{"@type":"ListItem","position":1,"name":"Portada","item":"https:\/\/www.tecdmx.org.mx\/"},{"@type":"ListItem","position":2,"name":"El TECDMX organiza un espacio de reflexi\u00f3n sobre violencia pol\u00edtica y participaci\u00f3n de las mujeres en el Proceso Electoral 2020-2021"}]},{"@type":"WebSite","@id":"https:\/\/www.tecdmx.org.mx\/#website","url":"https:\/\/www.tecdmx.org.mx\/","name":"Tribunal Electoral de la Ciudad de M\u00e9xico","description":"25 a\u00f1os garantizando justicia en tu elecci\u00f3n","potentialAction":[{"@type":"SearchAction","target":{"@type":"EntryPoint","urlTemplate":"https:\/\/www.tecdmx.org.mx\/?s={search_term_string}"},"query-input":"required name=search_term_string"}],"inLanguage":"es"},{"@type":"Person","@id":"https:\/\/www.tecdmx.org.mx\/#\/schema\/person\/208c898199fb3234203823c5f0cf31d6","name":"Difusion2025","image":{"@type":"ImageObject","inLanguage":"es","@id":"https:\/\/www.tecdmx.org.mx\/#\/schema\/person\/image\/","url":"https:\/\/secure.gravatar.com\/avatar\/6f7a4ba3acb418040e90a2eb99b5df28?s=96&d=mm&r=g","contentUrl":"https:\/\/secure.gravatar.com\/avatar\/6f7a4ba3acb418040e90a2eb99b5df28?s=96&d=mm&r=g","caption":"Difusion2025"}}]}},"_links":{"self":[{"href":"https:\/\/www.tecdmx.org.mx\/index.php\/wp-json\/wp\/v2\/posts\/18126"}],"collection":[{"href":"https:\/\/www.tecdmx.org.mx\/index.php\/wp-json\/wp\/v2\/posts"}],"about":[{"href":"https:\/\/www.tecdmx.org.mx\/index.php\/wp-json\/wp\/v2\/types\/post"}],"author":[{"embeddable":true,"href":"https:\/\/www.tecdmx.org.mx\/index.php\/wp-json\/wp\/v2\/users\/13"}],"replies":[{"embeddable":true,"href":"https:\/\/www.tecdmx.org.mx\/index.php\/wp-json\/wp\/v2\/comments?post=18126"}],"version-history":[{"count":1,"href":"https:\/\/www.tecdmx.org.mx\/index.php\/wp-json\/wp\/v2\/posts\/18126\/revisions"}],"predecessor-version":[{"id":18139,"href":"https:\/\/www.tecdmx.org.mx\/index.php\/wp-json\/wp\/v2\/posts\/18126\/revisions\/18139"}],"wp:featuredmedia":[{"embeddable":true,"href":"https:\/\/www.tecdmx.org.mx\/index.php\/wp-json\/wp\/v2\/media\/18132"}],"wp:attachment":[{"href":"https:\/\/www.tecdmx.org.mx\/index.php\/wp-json\/wp\/v2\/media?parent=18126"}],"wp:term":[{"taxonomy":"category","embeddable":true,"href":"https:\/\/www.tecdmx.org.mx\/index.php\/wp-json\/wp\/v2\/categories?post=18126"},{"taxonomy":"post_tag","embeddable":true,"href":"https:\/\/www.tecdmx.org.mx\/index.php\/wp-json\/wp\/v2\/tags?post=18126"}],"curies":[{"name":"wp","href":"https:\/\/api.w.org\/{rel}","templated":true}]}}