{"id":18323,"date":"2020-03-06T00:58:15","date_gmt":"2020-03-06T00:58:15","guid":{"rendered":"https:\/\/www.tecdmx.org.mx\/?p=18323"},"modified":"2020-03-06T01:05:43","modified_gmt":"2020-03-06T01:05:43","slug":"resuelve-tecdmx-diversos-asuntos-relacionados-con-comites-de-participacion-comunitaria-y-de-presupuesto-participativo-2020-2021","status":"publish","type":"post","link":"https:\/\/www.tecdmx.org.mx\/index.php\/comunicados\/2020\/03\/06\/resuelve-tecdmx-diversos-asuntos-relacionados-con-comites-de-participacion-comunitaria-y-de-presupuesto-participativo-2020-2021\/","title":{"rendered":"Resuelve TECDMX diversos asuntos relacionados con Comit\u00e9s de Participaci\u00f3n Comunitaria y de Presupuesto Participativo 2020-2021"},"content":{"rendered":"\n<ul><li>El TECDMX garantiza la atenci\u00f3n de todos los asuntos previo a la realizaci\u00f3n de la jornada electiva del pr\u00f3ximo 15 de marzo.<\/li><\/ul>\n\n\n\n<p> El Pleno del Tribunal Electoral de la Ciudad de M\u00e9xico (TECDMX) celebr\u00f3 Sesi\u00f3n P\u00fablica en la que se resolvieron 11 Juicios Electorales (JEL) y dos Juicios para la Protecci\u00f3n de los Derechos Pol\u00edtico-Electorales de la Ciudadan\u00eda (JLDC). <\/p>\n\n\n\n<p>Al resolver el juicio <strong>TECDMX-JEL-015\/2020<\/strong>,\npromovido por Francisco Javier Butr\u00f3n Rosete,\nen contra de la revaloraci\u00f3n de los dict\u00e1menes de viabilidad y factibilidad emitidos, en\nsentido negativo, por el \u00d3rgano Dictaminador de la Alcald\u00eda Gustavo A. Madero,\nrespecto del proyecto para la Consulta del Presupuesto Participativo denominado\n<em>\u201cSAL\u00d3N\nPARA LAS BELLAS ARTES ATRAPA SUE\u00d1OS\u201d al considerar que no fueron debidamente\nfundados y motivados, as\u00ed como que no fueron firmados por mayor\u00eda simple; las\nMagistraturas determinaron <strong>revocar los dict\u00e1menes<\/strong> y <strong>ordenar al citado\n\u00f3rgano emita nuevos con la debida fundamentaci\u00f3n y motivaci\u00f3n, as\u00ed como\nfirmados por lo menos por una mayor\u00eda simple.<\/strong><\/em><\/p>\n\n\n\n<p><em>En el juicio <strong>TECDMX-JEL-039\/2020<\/strong>,\npromovido Karla Malag\u00f3n Puente y otras partes actoras, quienes controvierten el\nregistro de Mar\u00eda Isabel Flores L\u00f3pez como aspirante a integrar la Comisi\u00f3n de\nParticipaci\u00f3n Comunitaria de la Unidad Territorial Flor de Mar\u00eda, de la\nDemarcaci\u00f3n Territorial \u00c1lvaro Obreg\u00f3n, en virtud de que a su juicio no cumple\nel relativo a la residencia, ya que reside en la Unidad Territorial La\nHerradura; las Magistradas y Magistrados determinaron <strong>confirmar el registro,\n<\/strong>aunado a que no exhibiera pruebas en contrario por lo que s\u00ed s\u00ed cumple con\nla condici\u00f3n de residencia.<\/em><\/p>\n\n\n\n<p><em>Respecto del juicio <strong>TECDMX-JEL-040\/2020<\/strong>,\npromovido <\/em><em>Jessica Garc\u00eda Acevedo<\/em><em>, quien controvierte el registro de su\ncandidatura para integrar la Comisi\u00f3n de Participaci\u00f3n Comunitaria de la Unidad\nTerritorial San Nicol\u00e1s Totolapan, de la Demarcaci\u00f3n Territorial La Magdalena\nContreras, en virtud de que, a su juicio, la autoridad responsable debi\u00f3\nregistrarla en la Unidad Territorial Las Huertas por ser el lugar donde\nmanifiesta tiene su domicilio; el Pleno <strong>determin\u00f3 confirmar el registro<\/strong>\nya que de la informaci\u00f3n presentada, se hace notar que es residente de la\nUnidad Territorial San Nicol\u00e1s Totolapan y no de Las Huertas.<\/em><\/p>\n\n\n\n<p><em>En el <strong>juicio\nTECDMX-JEL-043\/2020<\/strong>, promovido por <\/em><em>Lorena Guadalupe Andrade\nGarc\u00eda<\/em><em>,\npor medio del cual denuncia la supuesta omisi\u00f3n de dar tr\u00e1mite a la demanda de\nJuicio Electoral presentada en la oficial\u00eda de partes de la Alcald\u00eda\nIztapalapa, por medio de la cual pretend\u00eda impugnar la revaloraci\u00f3n de los\ndict\u00e1menes de viabilidad y factibilidad emitidos, en sentido negativo, por el\n\u00d3rgano Dictaminador de la referida Alcald\u00eda<\/em><em>, respecto del proyecto\npara la Consulta del Presupuesto Participativo 2020 y 2021, denominado \u201c<\/em><em>Fortalecer el desarrollo\nsocial y cultural de ni\u00f1as, ni\u00f1os y adolescentes como medio preventivo de\ndelitos, violencia y\/o conflictos en su entorno<\/em><em>\u201d; las Magistradas y\nMagistrados determinaron <strong>acreditar la omisi\u00f3n<\/strong>, por lo que se <strong>amonesta\np\u00fablicamente<\/strong> a la persona titular de la citada Alcald\u00eda, as\u00ed como <strong>declarar\nla improcedencia del mismo<\/strong> al haber sido presentado fuera del tiempo legal.<\/em><\/p>\n\n\n\n<p>Por otra parte, en el juicio <strong>TECDMX-JEL-054\/2020<\/strong>,\npromovido por Agust\u00edn G\u00f3mez D\u00edaz, quien controvert\u00eda el oficio emitido por la\nDirectora General de Participaci\u00f3n Ciudadana de la Alcald\u00eda Gustavo A. Madero,\nmediante el cual determin\u00f3 extempor\u00e1nea la presentaci\u00f3n del escrito de\naclaraci\u00f3n de veintinueve de enero dos mil veinte, respecto al proyecto de\npresupuesto participativo denominado \u201cCancha Multifuncional\u201d de la Unidad\nTerritorial Siete Maravillas; las Magistraturas determinaron <strong>revocar el\noficio controvertido y ordenar a la directora y al \u00d3rgano Dictaminador resolver\nel escrito de aclaraci\u00f3n<\/strong> respectivo.<\/p>\n\n\n\n<p>Respecto de los juicios <strong>TECDMX-JEL-042\ny TECDMX-JEL-055<\/strong>, ambos de 2020, promovidos por Andrea Susana Guerra L\u00f3pez\ny Miguel Maciel Segura, quienes controvert\u00edan a distintas\npersonas registradas para integrar la Comisi\u00f3n de Participaci\u00f3n Comunitaria en\nla Unidad Territorial Lomas de Cuautepec, Demarcaci\u00f3n Gustavo A. Madero, y la\nUnidad Territorial La Concepci\u00f3n, Demarcaci\u00f3n La Magdalena Contreras,\nrespectivamente, al considerar que eran inelegibles pues ocupan un cargo en\nambas Alcald\u00edas; el Pleno determin\u00f3 <strong>confirmar los acuerdos<\/strong> ya que las\npersonas registradas laboran en las citadas alcald\u00edas, pero no tienen bajo su\nresponsabilidad programas sociales, por lo que s\u00ed son elegibles.<\/p>\n\n\n\n<p>Asimismo, al resolver el juicio <strong>TECDMX-JEL-048\/2020<\/strong>,\npromovido por Agust\u00edn G\u00f3mez D\u00edaz contra la omisi\u00f3n del \u00d3rgano Dictaminador de\nla Alcald\u00eda Gustavo A. Madero, de dar tr\u00e1mite a la demanda presentada a fin de\ncontrovertir el oficio 176\/2020 de la Directora General de la citada Alcald\u00eda,\nmediante el cual inform\u00f3 sobre la presentaci\u00f3n extempor\u00e1nea del escrito de\naclaraci\u00f3n del proyecto de presupuesto participativo \u201cCancha Multifuncional\u201d de\nla Unidad Territorial Siete Maravillas; el Pleno determin\u00f3 <strong>desechar de plano\nla demanda<\/strong> al haber quedado sin materia, esto debido a que el medio de\nimpugnaci\u00f3n, respecto al cual se\u00f1ala la omisi\u00f3n de dar tr\u00e1mite, fue recibido en\nla Oficial\u00eda de este Tribunal Electoral el veinticinco de febrero y turnado con\nla clave TECDMX-JEL-054\/2020.<\/p>\n\n\n\n<p>En el juicio <strong>TECDMX-JEL-051\/2020<\/strong>,\npromovido por Maribel Rold\u00e1n Jim\u00e9nez contra\nlos dict\u00e1menes de viabilidad y factibilidad emitidos por el \u00d3rgano Dictaminador\nde la Alcald\u00eda Iztacalco respecto de los proyectos \u2018Solidaridad con los\nVecinos\u2019, Primera y Segunda etapa; el Pleno determin\u00f3 <strong>desechar de plano la\ndemanda <\/strong>al haber sido presentada de forma extempor\u00e1nea.<\/p>\n\n\n\n<p>De igual forma, en el\njuicio <strong>TECDMX-JEL-063\/2020<\/strong>, promovido por \u00c1ngel Gonz\u00e1lez Taboada y otras\npersonas, en contra del Dictamen de la Direcci\u00f3n Distrital 01 del Instituto\nElectoral de la Ciudad de M\u00e9xico sobre la solicitud de registro de candidatura\nde Estela Ramos Flores, para participar en el proceso de elecci\u00f3n de la\nComisi\u00f3n de Participaci\u00f3n Comunitaria en la Unidad Territorial El Arbolillo 1,\ndemarcaci\u00f3n Gustavo A. Madero; las Magistraturas determinaron <strong>desechar de\nplano la demanda<\/strong> al haber sido presentada de forma extempor\u00e1nea.<\/p>\n\n\n\n<p>Respecto de los juicios <strong>TECDMX-JLDC-017\ny TECDMX-JLDC-018<\/strong>, promovidos por Yajahira Guadalupe Frances Quintero y\nLuc\u00eda Candia Ram\u00edrez Galv\u00e1n, contra los dict\u00e1menes de la Direcci\u00f3n Distrital 33\ndel IECM, emitidos en el sentido de determinar improcedentes sus registros como\naspirantes a integrar las Comisiones de Participaci\u00f3n Comunitaria de las Unidades\nTerritoriales San Jer\u00f3nimo Aculco-L\u00eddice y San Nicol\u00e1s Totolapan,\nrespectivamente; las Magistradas resolvieron <strong>desechar de plano las demandas<\/strong>\nal haber sido presentadas de forma extempor\u00e1nea.<\/p>\n\n\n\n<p>Finalmente, en el juicio <strong>TECDMX-JEL-059\/2020<\/strong>,\npromovido de manera an\u00f3nima\ncontra la candidatura de Francisco Javier Contreras Ib\u00e1\u00f1ez a la Comisi\u00f3n de\nParticipaci\u00f3n Comunitaria en la Unidad Territorial Santa Fe (Unidad\nHabitacional), de la Alcald\u00eda \u00c1lvaro Obreg\u00f3n; el Pleno determin\u00f3 <strong>desechar de\nplano la demanda<\/strong> ya que se establece que todos los medios de impugnaci\u00f3n\nser\u00e1n improcedentes cuando se omita se\u00f1alar el nombre y la firma\naut\u00f3grafa o huella digital de la parte promovente.<\/p>\n\n\n\n<p><strong>o-O-o<\/strong><\/p>\n\n\n\n<p>* Los criterios para las resoluciones de este\nPleno son coincidentes.<\/p>\n","protected":false},"excerpt":{"rendered":"<p>El TECDMX garantiza la atenci\u00f3n de todos los asuntos previo a la realizaci\u00f3n de la jornada electiva del pr\u00f3ximo 15 de marzo.<\/p>\n","protected":false},"author":13,"featured_media":18212,"comment_status":"open","ping_status":"open","sticky":false,"template":"","format":"standard","meta":{"_acf_changed":false,"_exactmetrics_skip_tracking":false,"_exactmetrics_sitenote_active":false,"_exactmetrics_sitenote_note":"","_exactmetrics_sitenote_category":0,"footnotes":""},"categories":[32,47],"tags":[],"acf":[],"yoast_head":"<!-- This site is optimized with the Yoast SEO plugin v22.3 - https:\/\/yoast.com\/wordpress\/plugins\/seo\/ -->\n<title>Resuelve TECDMX diversos asuntos relacionados con Comit\u00e9s de Participaci\u00f3n Comunitaria y de Presupuesto Participativo 2020-2021 - Tribunal Electoral de la Ciudad de M\u00e9xico<\/title>\n<meta name=\"robots\" content=\"index, follow, max-snippet:-1, max-image-preview:large, max-video-preview:-1\" \/>\n<link rel=\"canonical\" href=\"https:\/\/www.tecdmx.org.mx\/index.php\/comunicados\/2020\/03\/06\/resuelve-tecdmx-diversos-asuntos-relacionados-con-comites-de-participacion-comunitaria-y-de-presupuesto-participativo-2020-2021\/\" \/>\n<meta property=\"og:locale\" content=\"es_ES\" \/>\n<meta property=\"og:type\" content=\"article\" \/>\n<meta property=\"og:title\" content=\"Resuelve TECDMX diversos asuntos relacionados con Comit\u00e9s de Participaci\u00f3n Comunitaria y de Presupuesto Participativo 2020-2021 - Tribunal Electoral de la Ciudad de M\u00e9xico\" \/>\n<meta property=\"og:description\" content=\"El TECDMX garantiza la atenci\u00f3n de todos los asuntos previo a la realizaci\u00f3n de la jornada electiva del pr\u00f3ximo 15 de marzo.\" \/>\n<meta property=\"og:url\" content=\"https:\/\/www.tecdmx.org.mx\/index.php\/comunicados\/2020\/03\/06\/resuelve-tecdmx-diversos-asuntos-relacionados-con-comites-de-participacion-comunitaria-y-de-presupuesto-participativo-2020-2021\/\" \/>\n<meta property=\"og:site_name\" content=\"Tribunal Electoral de la Ciudad de M\u00e9xico\" \/>\n<meta property=\"article:publisher\" content=\"https:\/\/www.facebook.com\/TECDMX\/\" \/>\n<meta property=\"article:published_time\" content=\"2020-03-06T00:58:15+00:00\" \/>\n<meta property=\"article:modified_time\" content=\"2020-03-06T01:05:43+00:00\" \/>\n<meta property=\"og:image\" content=\"https:\/\/www.tecdmx.org.mx\/wp-content\/uploads\/2020\/03\/sp_3marzo-651x350.png\" \/>\n\t<meta property=\"og:image:width\" content=\"651\" \/>\n\t<meta property=\"og:image:height\" content=\"350\" \/>\n\t<meta property=\"og:image:type\" content=\"image\/png\" \/>\n<meta name=\"author\" content=\"Difusion2025\" \/>\n<meta name=\"twitter:card\" content=\"summary_large_image\" \/>\n<meta name=\"twitter:creator\" content=\"@tecdmx\" \/>\n<meta name=\"twitter:site\" content=\"@tecdmx\" \/>\n<meta name=\"twitter:label1\" content=\"Escrito por\" \/>\n\t<meta name=\"twitter:data1\" content=\"Difusion2025\" \/>\n\t<meta name=\"twitter:label2\" content=\"Tiempo de lectura\" \/>\n\t<meta name=\"twitter:data2\" content=\"6 minutos\" \/>\n<script type=\"application\/ld+json\" class=\"yoast-schema-graph\">{\"@context\":\"https:\/\/schema.org\",\"@graph\":[{\"@type\":\"WebPage\",\"@id\":\"https:\/\/www.tecdmx.org.mx\/index.php\/comunicados\/2020\/03\/06\/resuelve-tecdmx-diversos-asuntos-relacionados-con-comites-de-participacion-comunitaria-y-de-presupuesto-participativo-2020-2021\/\",\"url\":\"https:\/\/www.tecdmx.org.mx\/index.php\/comunicados\/2020\/03\/06\/resuelve-tecdmx-diversos-asuntos-relacionados-con-comites-de-participacion-comunitaria-y-de-presupuesto-participativo-2020-2021\/\",\"name\":\"Resuelve TECDMX diversos asuntos relacionados con Comit\u00e9s de Participaci\u00f3n Comunitaria y de Presupuesto Participativo 2020-2021 - Tribunal Electoral de la Ciudad de M\u00e9xico\",\"isPartOf\":{\"@id\":\"https:\/\/www.tecdmx.org.mx\/#website\"},\"primaryImageOfPage\":{\"@id\":\"https:\/\/www.tecdmx.org.mx\/index.php\/comunicados\/2020\/03\/06\/resuelve-tecdmx-diversos-asuntos-relacionados-con-comites-de-participacion-comunitaria-y-de-presupuesto-participativo-2020-2021\/#primaryimage\"},\"image\":{\"@id\":\"https:\/\/www.tecdmx.org.mx\/index.php\/comunicados\/2020\/03\/06\/resuelve-tecdmx-diversos-asuntos-relacionados-con-comites-de-participacion-comunitaria-y-de-presupuesto-participativo-2020-2021\/#primaryimage\"},\"thumbnailUrl\":\"https:\/\/www.tecdmx.org.mx\/wp-content\/uploads\/2020\/03\/sp_3marzo.png\",\"datePublished\":\"2020-03-06T00:58:15+00:00\",\"dateModified\":\"2020-03-06T01:05:43+00:00\",\"author\":{\"@id\":\"https:\/\/www.tecdmx.org.mx\/#\/schema\/person\/208c898199fb3234203823c5f0cf31d6\"},\"breadcrumb\":{\"@id\":\"https:\/\/www.tecdmx.org.mx\/index.php\/comunicados\/2020\/03\/06\/resuelve-tecdmx-diversos-asuntos-relacionados-con-comites-de-participacion-comunitaria-y-de-presupuesto-participativo-2020-2021\/#breadcrumb\"},\"inLanguage\":\"es\",\"potentialAction\":[{\"@type\":\"ReadAction\",\"target\":[\"https:\/\/www.tecdmx.org.mx\/index.php\/comunicados\/2020\/03\/06\/resuelve-tecdmx-diversos-asuntos-relacionados-con-comites-de-participacion-comunitaria-y-de-presupuesto-participativo-2020-2021\/\"]}]},{\"@type\":\"ImageObject\",\"inLanguage\":\"es\",\"@id\":\"https:\/\/www.tecdmx.org.mx\/index.php\/comunicados\/2020\/03\/06\/resuelve-tecdmx-diversos-asuntos-relacionados-con-comites-de-participacion-comunitaria-y-de-presupuesto-participativo-2020-2021\/#primaryimage\",\"url\":\"https:\/\/www.tecdmx.org.mx\/wp-content\/uploads\/2020\/03\/sp_3marzo.png\",\"contentUrl\":\"https:\/\/www.tecdmx.org.mx\/wp-content\/uploads\/2020\/03\/sp_3marzo.png\",\"width\":1738,\"height\":934},{\"@type\":\"BreadcrumbList\",\"@id\":\"https:\/\/www.tecdmx.org.mx\/index.php\/comunicados\/2020\/03\/06\/resuelve-tecdmx-diversos-asuntos-relacionados-con-comites-de-participacion-comunitaria-y-de-presupuesto-participativo-2020-2021\/#breadcrumb\",\"itemListElement\":[{\"@type\":\"ListItem\",\"position\":1,\"name\":\"Portada\",\"item\":\"https:\/\/www.tecdmx.org.mx\/\"},{\"@type\":\"ListItem\",\"position\":2,\"name\":\"Resuelve TECDMX diversos asuntos relacionados con Comit\u00e9s de Participaci\u00f3n Comunitaria y de Presupuesto Participativo 2020-2021\"}]},{\"@type\":\"WebSite\",\"@id\":\"https:\/\/www.tecdmx.org.mx\/#website\",\"url\":\"https:\/\/www.tecdmx.org.mx\/\",\"name\":\"Tribunal Electoral de la Ciudad de M\u00e9xico\",\"description\":\"25 a\u00f1os garantizando justicia en tu elecci\u00f3n\",\"potentialAction\":[{\"@type\":\"SearchAction\",\"target\":{\"@type\":\"EntryPoint\",\"urlTemplate\":\"https:\/\/www.tecdmx.org.mx\/?s={search_term_string}\"},\"query-input\":\"required name=search_term_string\"}],\"inLanguage\":\"es\"},{\"@type\":\"Person\",\"@id\":\"https:\/\/www.tecdmx.org.mx\/#\/schema\/person\/208c898199fb3234203823c5f0cf31d6\",\"name\":\"Difusion2025\",\"image\":{\"@type\":\"ImageObject\",\"inLanguage\":\"es\",\"@id\":\"https:\/\/www.tecdmx.org.mx\/#\/schema\/person\/image\/\",\"url\":\"https:\/\/secure.gravatar.com\/avatar\/6f7a4ba3acb418040e90a2eb99b5df28?s=96&d=mm&r=g\",\"contentUrl\":\"https:\/\/secure.gravatar.com\/avatar\/6f7a4ba3acb418040e90a2eb99b5df28?s=96&d=mm&r=g\",\"caption\":\"Difusion2025\"}}]}<\/script>\n<!-- \/ Yoast SEO plugin. -->","yoast_head_json":{"title":"Resuelve TECDMX diversos asuntos relacionados con Comit\u00e9s de Participaci\u00f3n Comunitaria y de Presupuesto Participativo 2020-2021 - Tribunal Electoral de la Ciudad de M\u00e9xico","robots":{"index":"index","follow":"follow","max-snippet":"max-snippet:-1","max-image-preview":"max-image-preview:large","max-video-preview":"max-video-preview:-1"},"canonical":"https:\/\/www.tecdmx.org.mx\/index.php\/comunicados\/2020\/03\/06\/resuelve-tecdmx-diversos-asuntos-relacionados-con-comites-de-participacion-comunitaria-y-de-presupuesto-participativo-2020-2021\/","og_locale":"es_ES","og_type":"article","og_title":"Resuelve TECDMX diversos asuntos relacionados con Comit\u00e9s de Participaci\u00f3n Comunitaria y de Presupuesto Participativo 2020-2021 - Tribunal Electoral de la Ciudad de M\u00e9xico","og_description":"El TECDMX garantiza la atenci\u00f3n de todos los asuntos previo a la realizaci\u00f3n de la jornada electiva del pr\u00f3ximo 15 de marzo.","og_url":"https:\/\/www.tecdmx.org.mx\/index.php\/comunicados\/2020\/03\/06\/resuelve-tecdmx-diversos-asuntos-relacionados-con-comites-de-participacion-comunitaria-y-de-presupuesto-participativo-2020-2021\/","og_site_name":"Tribunal Electoral de la Ciudad de M\u00e9xico","article_publisher":"https:\/\/www.facebook.com\/TECDMX\/","article_published_time":"2020-03-06T00:58:15+00:00","article_modified_time":"2020-03-06T01:05:43+00:00","og_image":[{"width":651,"height":350,"url":"https:\/\/www.tecdmx.org.mx\/wp-content\/uploads\/2020\/03\/sp_3marzo-651x350.png","type":"image\/png"}],"author":"Difusion2025","twitter_card":"summary_large_image","twitter_creator":"@tecdmx","twitter_site":"@tecdmx","twitter_misc":{"Escrito por":"Difusion2025","Tiempo de lectura":"6 minutos"},"schema":{"@context":"https:\/\/schema.org","@graph":[{"@type":"WebPage","@id":"https:\/\/www.tecdmx.org.mx\/index.php\/comunicados\/2020\/03\/06\/resuelve-tecdmx-diversos-asuntos-relacionados-con-comites-de-participacion-comunitaria-y-de-presupuesto-participativo-2020-2021\/","url":"https:\/\/www.tecdmx.org.mx\/index.php\/comunicados\/2020\/03\/06\/resuelve-tecdmx-diversos-asuntos-relacionados-con-comites-de-participacion-comunitaria-y-de-presupuesto-participativo-2020-2021\/","name":"Resuelve TECDMX diversos asuntos relacionados con Comit\u00e9s de Participaci\u00f3n Comunitaria y de Presupuesto Participativo 2020-2021 - Tribunal Electoral de la Ciudad de M\u00e9xico","isPartOf":{"@id":"https:\/\/www.tecdmx.org.mx\/#website"},"primaryImageOfPage":{"@id":"https:\/\/www.tecdmx.org.mx\/index.php\/comunicados\/2020\/03\/06\/resuelve-tecdmx-diversos-asuntos-relacionados-con-comites-de-participacion-comunitaria-y-de-presupuesto-participativo-2020-2021\/#primaryimage"},"image":{"@id":"https:\/\/www.tecdmx.org.mx\/index.php\/comunicados\/2020\/03\/06\/resuelve-tecdmx-diversos-asuntos-relacionados-con-comites-de-participacion-comunitaria-y-de-presupuesto-participativo-2020-2021\/#primaryimage"},"thumbnailUrl":"https:\/\/www.tecdmx.org.mx\/wp-content\/uploads\/2020\/03\/sp_3marzo.png","datePublished":"2020-03-06T00:58:15+00:00","dateModified":"2020-03-06T01:05:43+00:00","author":{"@id":"https:\/\/www.tecdmx.org.mx\/#\/schema\/person\/208c898199fb3234203823c5f0cf31d6"},"breadcrumb":{"@id":"https:\/\/www.tecdmx.org.mx\/index.php\/comunicados\/2020\/03\/06\/resuelve-tecdmx-diversos-asuntos-relacionados-con-comites-de-participacion-comunitaria-y-de-presupuesto-participativo-2020-2021\/#breadcrumb"},"inLanguage":"es","potentialAction":[{"@type":"ReadAction","target":["https:\/\/www.tecdmx.org.mx\/index.php\/comunicados\/2020\/03\/06\/resuelve-tecdmx-diversos-asuntos-relacionados-con-comites-de-participacion-comunitaria-y-de-presupuesto-participativo-2020-2021\/"]}]},{"@type":"ImageObject","inLanguage":"es","@id":"https:\/\/www.tecdmx.org.mx\/index.php\/comunicados\/2020\/03\/06\/resuelve-tecdmx-diversos-asuntos-relacionados-con-comites-de-participacion-comunitaria-y-de-presupuesto-participativo-2020-2021\/#primaryimage","url":"https:\/\/www.tecdmx.org.mx\/wp-content\/uploads\/2020\/03\/sp_3marzo.png","contentUrl":"https:\/\/www.tecdmx.org.mx\/wp-content\/uploads\/2020\/03\/sp_3marzo.png","width":1738,"height":934},{"@type":"BreadcrumbList","@id":"https:\/\/www.tecdmx.org.mx\/index.php\/comunicados\/2020\/03\/06\/resuelve-tecdmx-diversos-asuntos-relacionados-con-comites-de-participacion-comunitaria-y-de-presupuesto-participativo-2020-2021\/#breadcrumb","itemListElement":[{"@type":"ListItem","position":1,"name":"Portada","item":"https:\/\/www.tecdmx.org.mx\/"},{"@type":"ListItem","position":2,"name":"Resuelve TECDMX diversos asuntos relacionados con Comit\u00e9s de Participaci\u00f3n Comunitaria y de Presupuesto Participativo 2020-2021"}]},{"@type":"WebSite","@id":"https:\/\/www.tecdmx.org.mx\/#website","url":"https:\/\/www.tecdmx.org.mx\/","name":"Tribunal Electoral de la Ciudad de M\u00e9xico","description":"25 a\u00f1os garantizando justicia en tu elecci\u00f3n","potentialAction":[{"@type":"SearchAction","target":{"@type":"EntryPoint","urlTemplate":"https:\/\/www.tecdmx.org.mx\/?s={search_term_string}"},"query-input":"required name=search_term_string"}],"inLanguage":"es"},{"@type":"Person","@id":"https:\/\/www.tecdmx.org.mx\/#\/schema\/person\/208c898199fb3234203823c5f0cf31d6","name":"Difusion2025","image":{"@type":"ImageObject","inLanguage":"es","@id":"https:\/\/www.tecdmx.org.mx\/#\/schema\/person\/image\/","url":"https:\/\/secure.gravatar.com\/avatar\/6f7a4ba3acb418040e90a2eb99b5df28?s=96&d=mm&r=g","contentUrl":"https:\/\/secure.gravatar.com\/avatar\/6f7a4ba3acb418040e90a2eb99b5df28?s=96&d=mm&r=g","caption":"Difusion2025"}}]}},"_links":{"self":[{"href":"https:\/\/www.tecdmx.org.mx\/index.php\/wp-json\/wp\/v2\/posts\/18323"}],"collection":[{"href":"https:\/\/www.tecdmx.org.mx\/index.php\/wp-json\/wp\/v2\/posts"}],"about":[{"href":"https:\/\/www.tecdmx.org.mx\/index.php\/wp-json\/wp\/v2\/types\/post"}],"author":[{"embeddable":true,"href":"https:\/\/www.tecdmx.org.mx\/index.php\/wp-json\/wp\/v2\/users\/13"}],"replies":[{"embeddable":true,"href":"https:\/\/www.tecdmx.org.mx\/index.php\/wp-json\/wp\/v2\/comments?post=18323"}],"version-history":[{"count":3,"href":"https:\/\/www.tecdmx.org.mx\/index.php\/wp-json\/wp\/v2\/posts\/18323\/revisions"}],"predecessor-version":[{"id":18328,"href":"https:\/\/www.tecdmx.org.mx\/index.php\/wp-json\/wp\/v2\/posts\/18323\/revisions\/18328"}],"wp:featuredmedia":[{"embeddable":true,"href":"https:\/\/www.tecdmx.org.mx\/index.php\/wp-json\/wp\/v2\/media\/18212"}],"wp:attachment":[{"href":"https:\/\/www.tecdmx.org.mx\/index.php\/wp-json\/wp\/v2\/media?parent=18323"}],"wp:term":[{"taxonomy":"category","embeddable":true,"href":"https:\/\/www.tecdmx.org.mx\/index.php\/wp-json\/wp\/v2\/categories?post=18323"},{"taxonomy":"post_tag","embeddable":true,"href":"https:\/\/www.tecdmx.org.mx\/index.php\/wp-json\/wp\/v2\/tags?post=18323"}],"curies":[{"name":"wp","href":"https:\/\/api.w.org\/{rel}","templated":true}]}}