{"id":18354,"date":"2020-03-06T23:55:00","date_gmt":"2020-03-06T23:55:00","guid":{"rendered":"https:\/\/www.tecdmx.org.mx\/?p=18354"},"modified":"2020-03-07T00:57:39","modified_gmt":"2020-03-07T00:57:39","slug":"tecdmx-reconoce-en-la-educacion-sobre-la-igualdad-clave-para-el-acceso-a-la-justicia","status":"publish","type":"post","link":"https:\/\/www.tecdmx.org.mx\/index.php\/comunicados\/2020\/03\/06\/tecdmx-reconoce-en-la-educacion-sobre-la-igualdad-clave-para-el-acceso-a-la-justicia\/","title":{"rendered":"TECDMX reconoce en la educaci\u00f3n sobre la igualdad, clave para el acceso a la justicia"},"content":{"rendered":"\n<ul><li>La Magistrada Alejandra Ch\u00e1vez Camarena reafirm\u00f3 el compromiso de este \u00d3rgano Jurisdiccional con las causas a favor de los derechos y dignidad de la mujer, por lo que anunci\u00f3 que el TECDMX se suma al Paro Nacional de Mujeres del 9 de marzo.<\/li><\/ul>\n\n\n\n<p>En el marco de las actividades para\nconmemorar el D\u00eda Internacional de la Mujer 2020, el Tribunal Electoral de la\nCiudad de M\u00e9xico (TECDMX) celebr\u00f3 el panel: \u201cLa educaci\u00f3n en la igualdad como\ncamino para acceder a la justicia\u201d.<\/p>\n\n\n\n<p>Al inaugurar los trabajos del panel, el\nMagistrado Presidente del TECDMX, Gustavo Anzaldo Hern\u00e1ndez, lament\u00f3 la\nviolencia que viven diariamente las mujeres en nuestro pa\u00eds y afirm\u00f3 que para\ncambiar esta din\u00e1mica en la ciudad, es necesario considerarlo un fen\u00f3meno\ncultural para dar importancia a la educaci\u00f3n.<\/p>\n\n\n\n<p>\u201cNadie cambia por decreto ni porque\nalguien se lo ordene. Es necesario tener informaci\u00f3n, asimilarla, hacerla\npropia y, a partir de ah\u00ed, tener un comportamiento diferente. Si queremos que\npara el Proceso Electoral las cosas sean distintas, debemos empezar a hacer\ncosas diferentes\u201d, destac\u00f3 el Magistrado Presidente, Gustavo Anzaldo Hern\u00e1ndez.\n<\/p>\n\n\n\n<p>El Magistrado agradeci\u00f3 la\npresencia, y sobre todo el acompa\u00f1amiento en estos temas de suma importancia\npara contrarrestar la violencia de g\u00e9nero, del Magistrado del Tribunal Federal\nde Conciliaci\u00f3n y Arbitraje, Eduardo Laris; el Consejero Jorge Mart\u00ednez Arregu\u00edn del Poder Judicial\nde la Ciudad de M\u00e9xico, as\u00ed como del Magistrado Presidente, Jes\u00fas Anl\u00e9n y&nbsp;\nlas Magistradas Estela Fuentes, Rebeca G\u00f3mez y Mariana Morachel, todos\ndel Tribunal de Justicia Administrativa de la Ciudad de M\u00e9xico; personas\nservidoras p\u00fablicas de la FEPADE, SEMUJERES y las Alcald\u00edas Benito Ju\u00e1rez,\nTlalpan, Venustiano Carranza y Tl\u00e1huac.&nbsp; <\/p>\n\n\n\n<p>Por su parte, la Magistrada Alejandra\nCh\u00e1vez Camarena, integrante del Pleno del TECDMX y Presidenta del Comit\u00e9 de\nG\u00e9nero y Derechos Humanos de este \u00d3rgano Jurisdiccional, afirm\u00f3 que la\nexclusi\u00f3n de las mujeres en los asuntos p\u00fablicos, la infravaloraci\u00f3n de su\ntrabajo o la marginaci\u00f3n en el contexto familiar, son s\u00edntomas de una idea\nprofundamente interiorizada en la sociedad y que ha contribuido negativamente\nal establecimiento de un sistema de dominaci\u00f3n en donde las mujeres son\nviolentadas.<\/p>\n\n\n\n<p>Asimismo, destac\u00f3 la importancia que tiene\nla educaci\u00f3n en la materializaci\u00f3n del ideal\nigualitario de las naciones democr\u00e1ticas, pues las personas no nacen iguales,\nsino que se vuelven iguales durante el proceso formativo de la conciencia\nciudadana.<\/p>\n\n\n\n<p>\u201cContar con las mismas oportunidades para potenciar nuestras\ncapacidades, sin que sean obst\u00e1culo cualquiera de las caracter\u00edsticas de la\ncondici\u00f3n humana, proporciona un entendimiento amplio de la dignidad, la\nlibertad, los derechos y libertades inherentes a todas las personas\u201d, afirm\u00f3 la\nMagistrada Ch\u00e1vez Camarena.<\/p>\n\n\n\n<p>Durante el panel, la Magistrada Martha Mercado Ram\u00edrez, quien fungi\u00f3\ncomo moderadora, afirm\u00f3 que uno de los temas preocupantes y que debe ser\nvisibilizado es la violencia y acoso que sufren ni\u00f1as y adolescentes en el\n\u00e1mbito escolar. Asimismo, resalt\u00f3 la importancia del trabajo conjunto entre el\nservicio p\u00fablico y la ciudadan\u00eda para resolver las problem\u00e1ticas de violencia\nque viven las mujeres.<\/p>\n\n\n\n<p>Al hacer uso de la voz, la Dra. Aid\u00e9 Hern\u00e1ndez Garc\u00eda, profesora investigadora\nde la Divisi\u00f3n de Derecho, Pol\u00edtica y Gobierno de la Universidad de Guanajuato,\nreflexion\u00f3 sobre la falta de tolerancia, igualdad y respeto que existe en\nnuestra sociedad lo que ha provocado una expansi\u00f3n de la violencia y la\ndiscriminaci\u00f3n.<\/p>\n\n\n\n<p>Hern\u00e1ndez Garc\u00eda hizo un llamado a la acci\u00f3n y se\u00f1al\u00f3 que \u201cel\nproblema de fondo est\u00e1 en los estereotipos de g\u00e9nero. Si nosotros inconscientemente\nseguimos ense\u00f1ando esto en la familia o la escuela, va a seguir la violencia\u201d.<\/p>\n\n\n\n<p>Por su parte, la Dra. Georgina C\u00e1rdenas Acosta, Feminista, Jefa de\nCarrera de Sociolog\u00eda y Secretaria del Comit\u00e9 de G\u00e9nero de la Facultad de\nEstudios Superiores Arag\u00f3n, present\u00f3 informaci\u00f3n sobre el papel de la mujer en\nel acceso a espacios de poder en el \u00e1mbito cultural y universitario. Por\nejemplo, tan s\u00f3lo el 3% de las Universidad Aut\u00f3nomas en nuestro pa\u00eds son\ndirigidas por una mujer; mientras que en las secretar\u00edas y abogadur\u00edas\ngenerales de estas, el 16% y el 24%, respectivamente, son ocupadas por mujeres.<\/p>\n\n\n\n<p>\u201cTenemos que generar una pol\u00edtica p\u00fablica y estrategias\ntransversales para que esto realmente incida en los programas. Vivamos el mundo\nde una manera diferente, que todas las instituciones promovamos una ideolog\u00eda\nque vaya en pos de la igualdad\u201d, afirm\u00f3 C\u00e1rdenas Acosta.<\/p>\n\n\n\n<p>Asimismo, el Dr. Ra\u00fal Ruiz Carbonell, plante\u00f3 el papel que deben\ntener los hombres en el desarrollo y alcance de la igualdad, sum\u00e1ndose a las\ncausas sociales para el combate a la violencia en contra de las mujeres, as\u00ed\ncomo las desigualdades que viven diariamente.<\/p>\n\n\n\n<p>\u201cEstoy a favor de que las pol\u00edticas p\u00fablicas tengan un tinte\nreformador y trasngresor. Desgraciadamente, muchas veces las pol\u00edticas p\u00fablicas\nson m\u00e1s de lo mismo\u201d, concluy\u00f3 Ruiz Carbonell.<\/p>\n\n\n\n<p>El evento cont\u00f3 con la participaci\u00f3n del Magistrado Juan Carlos S\u00e1nchez\nLe\u00f3n, as\u00ed como de titulares y representantes de diversas instituciones\np\u00fablicas, \u00f3rganos aut\u00f3nomos, alcald\u00edas, concejal\u00edas y de organizaciones de la\nsociedad civil<\/p>\n\n\n\n<p class=\"has-text-align-center\"><strong>o-O-o<\/strong><\/p>\n","protected":false},"excerpt":{"rendered":"<p>La Magistrada Alejandra Ch\u00e1vez Camarena reafirm\u00f3 el compromiso de este \u00d3rgano Jurisdiccional con las causas a favor de los derechos y dignidad de la mujer, por lo que anunci\u00f3 que [&hellip;]<\/p>\n","protected":false},"author":13,"featured_media":18346,"comment_status":"open","ping_status":"open","sticky":false,"template":"","format":"standard","meta":{"_acf_changed":false,"_exactmetrics_skip_tracking":false,"_exactmetrics_sitenote_active":false,"_exactmetrics_sitenote_note":"","_exactmetrics_sitenote_category":0,"footnotes":""},"categories":[32,47],"tags":[],"acf":[],"yoast_head":"<!-- This site is optimized with the Yoast SEO plugin v22.3 - https:\/\/yoast.com\/wordpress\/plugins\/seo\/ -->\n<title>TECDMX reconoce en la educaci\u00f3n sobre la igualdad, clave para el acceso a la justicia - Tribunal Electoral de la Ciudad de M\u00e9xico<\/title>\n<meta name=\"robots\" content=\"index, follow, max-snippet:-1, max-image-preview:large, max-video-preview:-1\" \/>\n<link rel=\"canonical\" href=\"https:\/\/www.tecdmx.org.mx\/index.php\/comunicados\/2020\/03\/06\/tecdmx-reconoce-en-la-educacion-sobre-la-igualdad-clave-para-el-acceso-a-la-justicia\/\" \/>\n<meta property=\"og:locale\" content=\"es_ES\" \/>\n<meta property=\"og:type\" content=\"article\" \/>\n<meta property=\"og:title\" content=\"TECDMX reconoce en la educaci\u00f3n sobre la igualdad, clave para el acceso a la justicia - Tribunal Electoral de la Ciudad de M\u00e9xico\" \/>\n<meta property=\"og:description\" content=\"La Magistrada Alejandra Ch\u00e1vez Camarena reafirm\u00f3 el compromiso de este \u00d3rgano Jurisdiccional con las causas a favor de los derechos y dignidad de la mujer, por lo que anunci\u00f3 que [&hellip;]\" \/>\n<meta property=\"og:url\" content=\"https:\/\/www.tecdmx.org.mx\/index.php\/comunicados\/2020\/03\/06\/tecdmx-reconoce-en-la-educacion-sobre-la-igualdad-clave-para-el-acceso-a-la-justicia\/\" \/>\n<meta property=\"og:site_name\" content=\"Tribunal Electoral de la Ciudad de M\u00e9xico\" \/>\n<meta property=\"article:publisher\" content=\"https:\/\/www.facebook.com\/TECDMX\/\" \/>\n<meta property=\"article:published_time\" content=\"2020-03-06T23:55:00+00:00\" \/>\n<meta property=\"article:modified_time\" content=\"2020-03-07T00:57:39+00:00\" \/>\n<meta property=\"og:image\" content=\"https:\/\/www.tecdmx.org.mx\/wp-content\/uploads\/2020\/03\/AG4I3511-scaled.jpg\" \/>\n\t<meta property=\"og:image:width\" content=\"2560\" \/>\n\t<meta property=\"og:image:height\" content=\"1707\" \/>\n\t<meta property=\"og:image:type\" content=\"image\/jpeg\" \/>\n<meta name=\"author\" content=\"Difusion2025\" \/>\n<meta name=\"twitter:card\" content=\"summary_large_image\" \/>\n<meta name=\"twitter:creator\" content=\"@tecdmx\" \/>\n<meta name=\"twitter:site\" content=\"@tecdmx\" \/>\n<meta name=\"twitter:label1\" content=\"Escrito por\" \/>\n\t<meta name=\"twitter:data1\" content=\"Difusion2025\" \/>\n\t<meta name=\"twitter:label2\" content=\"Tiempo de lectura\" \/>\n\t<meta name=\"twitter:data2\" content=\"4 minutos\" \/>\n<script type=\"application\/ld+json\" class=\"yoast-schema-graph\">{\"@context\":\"https:\/\/schema.org\",\"@graph\":[{\"@type\":\"WebPage\",\"@id\":\"https:\/\/www.tecdmx.org.mx\/index.php\/comunicados\/2020\/03\/06\/tecdmx-reconoce-en-la-educacion-sobre-la-igualdad-clave-para-el-acceso-a-la-justicia\/\",\"url\":\"https:\/\/www.tecdmx.org.mx\/index.php\/comunicados\/2020\/03\/06\/tecdmx-reconoce-en-la-educacion-sobre-la-igualdad-clave-para-el-acceso-a-la-justicia\/\",\"name\":\"TECDMX reconoce en la educaci\u00f3n sobre la igualdad, clave para el acceso a la justicia - Tribunal Electoral de la Ciudad de M\u00e9xico\",\"isPartOf\":{\"@id\":\"https:\/\/www.tecdmx.org.mx\/#website\"},\"primaryImageOfPage\":{\"@id\":\"https:\/\/www.tecdmx.org.mx\/index.php\/comunicados\/2020\/03\/06\/tecdmx-reconoce-en-la-educacion-sobre-la-igualdad-clave-para-el-acceso-a-la-justicia\/#primaryimage\"},\"image\":{\"@id\":\"https:\/\/www.tecdmx.org.mx\/index.php\/comunicados\/2020\/03\/06\/tecdmx-reconoce-en-la-educacion-sobre-la-igualdad-clave-para-el-acceso-a-la-justicia\/#primaryimage\"},\"thumbnailUrl\":\"https:\/\/www.tecdmx.org.mx\/wp-content\/uploads\/2020\/03\/AG4I3511-scaled.jpg\",\"datePublished\":\"2020-03-06T23:55:00+00:00\",\"dateModified\":\"2020-03-07T00:57:39+00:00\",\"author\":{\"@id\":\"https:\/\/www.tecdmx.org.mx\/#\/schema\/person\/208c898199fb3234203823c5f0cf31d6\"},\"breadcrumb\":{\"@id\":\"https:\/\/www.tecdmx.org.mx\/index.php\/comunicados\/2020\/03\/06\/tecdmx-reconoce-en-la-educacion-sobre-la-igualdad-clave-para-el-acceso-a-la-justicia\/#breadcrumb\"},\"inLanguage\":\"es\",\"potentialAction\":[{\"@type\":\"ReadAction\",\"target\":[\"https:\/\/www.tecdmx.org.mx\/index.php\/comunicados\/2020\/03\/06\/tecdmx-reconoce-en-la-educacion-sobre-la-igualdad-clave-para-el-acceso-a-la-justicia\/\"]}]},{\"@type\":\"ImageObject\",\"inLanguage\":\"es\",\"@id\":\"https:\/\/www.tecdmx.org.mx\/index.php\/comunicados\/2020\/03\/06\/tecdmx-reconoce-en-la-educacion-sobre-la-igualdad-clave-para-el-acceso-a-la-justicia\/#primaryimage\",\"url\":\"https:\/\/www.tecdmx.org.mx\/wp-content\/uploads\/2020\/03\/AG4I3511-scaled.jpg\",\"contentUrl\":\"https:\/\/www.tecdmx.org.mx\/wp-content\/uploads\/2020\/03\/AG4I3511-scaled.jpg\",\"width\":2560,\"height\":1707},{\"@type\":\"BreadcrumbList\",\"@id\":\"https:\/\/www.tecdmx.org.mx\/index.php\/comunicados\/2020\/03\/06\/tecdmx-reconoce-en-la-educacion-sobre-la-igualdad-clave-para-el-acceso-a-la-justicia\/#breadcrumb\",\"itemListElement\":[{\"@type\":\"ListItem\",\"position\":1,\"name\":\"Portada\",\"item\":\"https:\/\/www.tecdmx.org.mx\/\"},{\"@type\":\"ListItem\",\"position\":2,\"name\":\"TECDMX reconoce en la educaci\u00f3n sobre la igualdad, clave para el acceso a la justicia\"}]},{\"@type\":\"WebSite\",\"@id\":\"https:\/\/www.tecdmx.org.mx\/#website\",\"url\":\"https:\/\/www.tecdmx.org.mx\/\",\"name\":\"Tribunal Electoral de la Ciudad de M\u00e9xico\",\"description\":\"25 a\u00f1os garantizando justicia en tu elecci\u00f3n\",\"potentialAction\":[{\"@type\":\"SearchAction\",\"target\":{\"@type\":\"EntryPoint\",\"urlTemplate\":\"https:\/\/www.tecdmx.org.mx\/?s={search_term_string}\"},\"query-input\":\"required name=search_term_string\"}],\"inLanguage\":\"es\"},{\"@type\":\"Person\",\"@id\":\"https:\/\/www.tecdmx.org.mx\/#\/schema\/person\/208c898199fb3234203823c5f0cf31d6\",\"name\":\"Difusion2025\",\"image\":{\"@type\":\"ImageObject\",\"inLanguage\":\"es\",\"@id\":\"https:\/\/www.tecdmx.org.mx\/#\/schema\/person\/image\/\",\"url\":\"https:\/\/secure.gravatar.com\/avatar\/6f7a4ba3acb418040e90a2eb99b5df28?s=96&d=mm&r=g\",\"contentUrl\":\"https:\/\/secure.gravatar.com\/avatar\/6f7a4ba3acb418040e90a2eb99b5df28?s=96&d=mm&r=g\",\"caption\":\"Difusion2025\"}}]}<\/script>\n<!-- \/ Yoast SEO plugin. -->","yoast_head_json":{"title":"TECDMX reconoce en la educaci\u00f3n sobre la igualdad, clave para el acceso a la justicia - Tribunal Electoral de la Ciudad de M\u00e9xico","robots":{"index":"index","follow":"follow","max-snippet":"max-snippet:-1","max-image-preview":"max-image-preview:large","max-video-preview":"max-video-preview:-1"},"canonical":"https:\/\/www.tecdmx.org.mx\/index.php\/comunicados\/2020\/03\/06\/tecdmx-reconoce-en-la-educacion-sobre-la-igualdad-clave-para-el-acceso-a-la-justicia\/","og_locale":"es_ES","og_type":"article","og_title":"TECDMX reconoce en la educaci\u00f3n sobre la igualdad, clave para el acceso a la justicia - Tribunal Electoral de la Ciudad de M\u00e9xico","og_description":"La Magistrada Alejandra Ch\u00e1vez Camarena reafirm\u00f3 el compromiso de este \u00d3rgano Jurisdiccional con las causas a favor de los derechos y dignidad de la mujer, por lo que anunci\u00f3 que [&hellip;]","og_url":"https:\/\/www.tecdmx.org.mx\/index.php\/comunicados\/2020\/03\/06\/tecdmx-reconoce-en-la-educacion-sobre-la-igualdad-clave-para-el-acceso-a-la-justicia\/","og_site_name":"Tribunal Electoral de la Ciudad de M\u00e9xico","article_publisher":"https:\/\/www.facebook.com\/TECDMX\/","article_published_time":"2020-03-06T23:55:00+00:00","article_modified_time":"2020-03-07T00:57:39+00:00","og_image":[{"width":2560,"height":1707,"url":"https:\/\/www.tecdmx.org.mx\/wp-content\/uploads\/2020\/03\/AG4I3511-scaled.jpg","type":"image\/jpeg"}],"author":"Difusion2025","twitter_card":"summary_large_image","twitter_creator":"@tecdmx","twitter_site":"@tecdmx","twitter_misc":{"Escrito por":"Difusion2025","Tiempo de lectura":"4 minutos"},"schema":{"@context":"https:\/\/schema.org","@graph":[{"@type":"WebPage","@id":"https:\/\/www.tecdmx.org.mx\/index.php\/comunicados\/2020\/03\/06\/tecdmx-reconoce-en-la-educacion-sobre-la-igualdad-clave-para-el-acceso-a-la-justicia\/","url":"https:\/\/www.tecdmx.org.mx\/index.php\/comunicados\/2020\/03\/06\/tecdmx-reconoce-en-la-educacion-sobre-la-igualdad-clave-para-el-acceso-a-la-justicia\/","name":"TECDMX reconoce en la educaci\u00f3n sobre la igualdad, clave para el acceso a la justicia - Tribunal Electoral de la Ciudad de M\u00e9xico","isPartOf":{"@id":"https:\/\/www.tecdmx.org.mx\/#website"},"primaryImageOfPage":{"@id":"https:\/\/www.tecdmx.org.mx\/index.php\/comunicados\/2020\/03\/06\/tecdmx-reconoce-en-la-educacion-sobre-la-igualdad-clave-para-el-acceso-a-la-justicia\/#primaryimage"},"image":{"@id":"https:\/\/www.tecdmx.org.mx\/index.php\/comunicados\/2020\/03\/06\/tecdmx-reconoce-en-la-educacion-sobre-la-igualdad-clave-para-el-acceso-a-la-justicia\/#primaryimage"},"thumbnailUrl":"https:\/\/www.tecdmx.org.mx\/wp-content\/uploads\/2020\/03\/AG4I3511-scaled.jpg","datePublished":"2020-03-06T23:55:00+00:00","dateModified":"2020-03-07T00:57:39+00:00","author":{"@id":"https:\/\/www.tecdmx.org.mx\/#\/schema\/person\/208c898199fb3234203823c5f0cf31d6"},"breadcrumb":{"@id":"https:\/\/www.tecdmx.org.mx\/index.php\/comunicados\/2020\/03\/06\/tecdmx-reconoce-en-la-educacion-sobre-la-igualdad-clave-para-el-acceso-a-la-justicia\/#breadcrumb"},"inLanguage":"es","potentialAction":[{"@type":"ReadAction","target":["https:\/\/www.tecdmx.org.mx\/index.php\/comunicados\/2020\/03\/06\/tecdmx-reconoce-en-la-educacion-sobre-la-igualdad-clave-para-el-acceso-a-la-justicia\/"]}]},{"@type":"ImageObject","inLanguage":"es","@id":"https:\/\/www.tecdmx.org.mx\/index.php\/comunicados\/2020\/03\/06\/tecdmx-reconoce-en-la-educacion-sobre-la-igualdad-clave-para-el-acceso-a-la-justicia\/#primaryimage","url":"https:\/\/www.tecdmx.org.mx\/wp-content\/uploads\/2020\/03\/AG4I3511-scaled.jpg","contentUrl":"https:\/\/www.tecdmx.org.mx\/wp-content\/uploads\/2020\/03\/AG4I3511-scaled.jpg","width":2560,"height":1707},{"@type":"BreadcrumbList","@id":"https:\/\/www.tecdmx.org.mx\/index.php\/comunicados\/2020\/03\/06\/tecdmx-reconoce-en-la-educacion-sobre-la-igualdad-clave-para-el-acceso-a-la-justicia\/#breadcrumb","itemListElement":[{"@type":"ListItem","position":1,"name":"Portada","item":"https:\/\/www.tecdmx.org.mx\/"},{"@type":"ListItem","position":2,"name":"TECDMX reconoce en la educaci\u00f3n sobre la igualdad, clave para el acceso a la justicia"}]},{"@type":"WebSite","@id":"https:\/\/www.tecdmx.org.mx\/#website","url":"https:\/\/www.tecdmx.org.mx\/","name":"Tribunal Electoral de la Ciudad de M\u00e9xico","description":"25 a\u00f1os garantizando justicia en tu elecci\u00f3n","potentialAction":[{"@type":"SearchAction","target":{"@type":"EntryPoint","urlTemplate":"https:\/\/www.tecdmx.org.mx\/?s={search_term_string}"},"query-input":"required name=search_term_string"}],"inLanguage":"es"},{"@type":"Person","@id":"https:\/\/www.tecdmx.org.mx\/#\/schema\/person\/208c898199fb3234203823c5f0cf31d6","name":"Difusion2025","image":{"@type":"ImageObject","inLanguage":"es","@id":"https:\/\/www.tecdmx.org.mx\/#\/schema\/person\/image\/","url":"https:\/\/secure.gravatar.com\/avatar\/6f7a4ba3acb418040e90a2eb99b5df28?s=96&d=mm&r=g","contentUrl":"https:\/\/secure.gravatar.com\/avatar\/6f7a4ba3acb418040e90a2eb99b5df28?s=96&d=mm&r=g","caption":"Difusion2025"}}]}},"_links":{"self":[{"href":"https:\/\/www.tecdmx.org.mx\/index.php\/wp-json\/wp\/v2\/posts\/18354"}],"collection":[{"href":"https:\/\/www.tecdmx.org.mx\/index.php\/wp-json\/wp\/v2\/posts"}],"about":[{"href":"https:\/\/www.tecdmx.org.mx\/index.php\/wp-json\/wp\/v2\/types\/post"}],"author":[{"embeddable":true,"href":"https:\/\/www.tecdmx.org.mx\/index.php\/wp-json\/wp\/v2\/users\/13"}],"replies":[{"embeddable":true,"href":"https:\/\/www.tecdmx.org.mx\/index.php\/wp-json\/wp\/v2\/comments?post=18354"}],"version-history":[{"count":4,"href":"https:\/\/www.tecdmx.org.mx\/index.php\/wp-json\/wp\/v2\/posts\/18354\/revisions"}],"predecessor-version":[{"id":18359,"href":"https:\/\/www.tecdmx.org.mx\/index.php\/wp-json\/wp\/v2\/posts\/18354\/revisions\/18359"}],"wp:featuredmedia":[{"embeddable":true,"href":"https:\/\/www.tecdmx.org.mx\/index.php\/wp-json\/wp\/v2\/media\/18346"}],"wp:attachment":[{"href":"https:\/\/www.tecdmx.org.mx\/index.php\/wp-json\/wp\/v2\/media?parent=18354"}],"wp:term":[{"taxonomy":"category","embeddable":true,"href":"https:\/\/www.tecdmx.org.mx\/index.php\/wp-json\/wp\/v2\/categories?post=18354"},{"taxonomy":"post_tag","embeddable":true,"href":"https:\/\/www.tecdmx.org.mx\/index.php\/wp-json\/wp\/v2\/tags?post=18354"}],"curies":[{"name":"wp","href":"https:\/\/api.w.org\/{rel}","templated":true}]}}