{"id":18445,"date":"2020-03-15T07:48:23","date_gmt":"2020-03-15T07:48:23","guid":{"rendered":"https:\/\/www.tecdmx.org.mx\/?p=18445"},"modified":"2020-03-15T07:48:24","modified_gmt":"2020-03-15T07:48:24","slug":"resuelve-tecdmx-juicio-sobre-proyecto-de-presupuesto-participativo-en-la-alcaldia-gustavo-a-madero","status":"publish","type":"post","link":"https:\/\/www.tecdmx.org.mx\/index.php\/comunicados\/2020\/03\/15\/resuelve-tecdmx-juicio-sobre-proyecto-de-presupuesto-participativo-en-la-alcaldia-gustavo-a-madero\/","title":{"rendered":"Resuelve TECDMX juicio sobre proyecto de Presupuesto Participativo en la Alcald\u00eda Gustavo A. Madero"},"content":{"rendered":"\n<p>El Pleno del Tribunal Electoral de la Ciudad de M\u00e9xico (TECDMX) celebr\u00f3\nSesi\u00f3n P\u00fablica en la que se resolvi\u00f3 un Juicio Electoral (JEL).<\/p>\n\n\n\n<p>Al resolver el juicio <strong>TECDMX-JEL-080\/2020<\/strong>, promovido por Agust\u00edn\nG\u00f3mez D\u00edaz, quien impugnaba la revaloraci\u00f3n del dictamen de viabilidad y factibilidad\nemitido, en sentido negativo, por el \u00d3rgano Dictaminador de la Alcald\u00eda Gustavo\nA. Madero respecto del proyecto para la Consulta de&nbsp; Presupuesto Participativo denominado \u201cCancha\nMultifuncional\u201d al considerar que estaba indebidamente fundado y motivado; las\nMagistradas y Magistrados determinaron <strong>confirmar el acto impugnado<\/strong>, ya\nque los argumentos asentados por el citado \u00f3rgano para determinar la\ninviabilidad jur\u00eddica del proyecto resultaron suficientes para sustentar una\ndictaminaci\u00f3n en sentido negativo, mismos que no pudieron ser superados por la\nparte actora.<\/p>\n\n\n\n<p class=\"has-text-align-center\"><strong>o-O-o<\/strong><\/p>\n\n\n\n<p><strong>* Los\ncriterios para las resoluciones de este Pleno son coincidentes.<\/strong><\/p>\n","protected":false},"excerpt":{"rendered":"<p>El Pleno del Tribunal Electoral de la Ciudad de M\u00e9xico (TECDMX) celebr\u00f3 Sesi\u00f3n P\u00fablica en la que se resolvi\u00f3 un Juicio Electoral (JEL). Al resolver el juicio TECDMX-JEL-080\/2020, promovido por [&hellip;]<\/p>\n","protected":false},"author":13,"featured_media":12606,"comment_status":"open","ping_status":"open","sticky":false,"template":"","format":"standard","meta":{"_acf_changed":false,"_exactmetrics_skip_tracking":false,"_exactmetrics_sitenote_active":false,"_exactmetrics_sitenote_note":"","_exactmetrics_sitenote_category":0,"footnotes":""},"categories":[32,47],"tags":[],"acf":[],"yoast_head":"<!-- This site is optimized with the Yoast SEO plugin v22.3 - https:\/\/yoast.com\/wordpress\/plugins\/seo\/ -->\n<title>Resuelve TECDMX juicio sobre proyecto de Presupuesto Participativo en la Alcald\u00eda Gustavo A. Madero - Tribunal Electoral de la Ciudad de M\u00e9xico<\/title>\n<meta name=\"robots\" content=\"index, follow, max-snippet:-1, max-image-preview:large, max-video-preview:-1\" \/>\n<link rel=\"canonical\" href=\"https:\/\/www.tecdmx.org.mx\/index.php\/comunicados\/2020\/03\/15\/resuelve-tecdmx-juicio-sobre-proyecto-de-presupuesto-participativo-en-la-alcaldia-gustavo-a-madero\/\" \/>\n<meta property=\"og:locale\" content=\"es_ES\" \/>\n<meta property=\"og:type\" content=\"article\" \/>\n<meta property=\"og:title\" content=\"Resuelve TECDMX juicio sobre proyecto de Presupuesto Participativo en la Alcald\u00eda Gustavo A. Madero - Tribunal Electoral de la Ciudad de M\u00e9xico\" \/>\n<meta property=\"og:description\" content=\"El Pleno del Tribunal Electoral de la Ciudad de M\u00e9xico (TECDMX) celebr\u00f3 Sesi\u00f3n P\u00fablica en la que se resolvi\u00f3 un Juicio Electoral (JEL). Al resolver el juicio TECDMX-JEL-080\/2020, promovido por [&hellip;]\" \/>\n<meta property=\"og:url\" content=\"https:\/\/www.tecdmx.org.mx\/index.php\/comunicados\/2020\/03\/15\/resuelve-tecdmx-juicio-sobre-proyecto-de-presupuesto-participativo-en-la-alcaldia-gustavo-a-madero\/\" \/>\n<meta property=\"og:site_name\" content=\"Tribunal Electoral de la Ciudad de M\u00e9xico\" \/>\n<meta property=\"article:publisher\" content=\"https:\/\/www.facebook.com\/TECDMX\/\" \/>\n<meta property=\"article:published_time\" content=\"2020-03-15T07:48:23+00:00\" \/>\n<meta property=\"article:modified_time\" content=\"2020-03-15T07:48:24+00:00\" \/>\n<meta property=\"og:image\" content=\"https:\/\/www.tecdmx.org.mx\/wp-content\/uploads\/2019\/04\/COMUNICADO-1.jpg\" \/>\n\t<meta property=\"og:image:width\" content=\"2247\" \/>\n\t<meta property=\"og:image:height\" content=\"1277\" \/>\n\t<meta property=\"og:image:type\" content=\"image\/jpeg\" \/>\n<meta name=\"author\" content=\"Difusion2025\" \/>\n<meta name=\"twitter:card\" content=\"summary_large_image\" \/>\n<meta name=\"twitter:creator\" content=\"@tecdmx\" \/>\n<meta name=\"twitter:site\" content=\"@tecdmx\" \/>\n<meta name=\"twitter:label1\" content=\"Escrito por\" \/>\n\t<meta name=\"twitter:data1\" content=\"Difusion2025\" \/>\n\t<meta name=\"twitter:label2\" content=\"Tiempo de lectura\" \/>\n\t<meta name=\"twitter:data2\" content=\"1 minuto\" \/>\n<script type=\"application\/ld+json\" class=\"yoast-schema-graph\">{\"@context\":\"https:\/\/schema.org\",\"@graph\":[{\"@type\":\"WebPage\",\"@id\":\"https:\/\/www.tecdmx.org.mx\/index.php\/comunicados\/2020\/03\/15\/resuelve-tecdmx-juicio-sobre-proyecto-de-presupuesto-participativo-en-la-alcaldia-gustavo-a-madero\/\",\"url\":\"https:\/\/www.tecdmx.org.mx\/index.php\/comunicados\/2020\/03\/15\/resuelve-tecdmx-juicio-sobre-proyecto-de-presupuesto-participativo-en-la-alcaldia-gustavo-a-madero\/\",\"name\":\"Resuelve TECDMX juicio sobre proyecto de Presupuesto Participativo en la Alcald\u00eda Gustavo A. Madero - Tribunal Electoral de la Ciudad de M\u00e9xico\",\"isPartOf\":{\"@id\":\"https:\/\/www.tecdmx.org.mx\/#website\"},\"primaryImageOfPage\":{\"@id\":\"https:\/\/www.tecdmx.org.mx\/index.php\/comunicados\/2020\/03\/15\/resuelve-tecdmx-juicio-sobre-proyecto-de-presupuesto-participativo-en-la-alcaldia-gustavo-a-madero\/#primaryimage\"},\"image\":{\"@id\":\"https:\/\/www.tecdmx.org.mx\/index.php\/comunicados\/2020\/03\/15\/resuelve-tecdmx-juicio-sobre-proyecto-de-presupuesto-participativo-en-la-alcaldia-gustavo-a-madero\/#primaryimage\"},\"thumbnailUrl\":\"https:\/\/www.tecdmx.org.mx\/wp-content\/uploads\/2019\/04\/COMUNICADO-1.jpg\",\"datePublished\":\"2020-03-15T07:48:23+00:00\",\"dateModified\":\"2020-03-15T07:48:24+00:00\",\"author\":{\"@id\":\"https:\/\/www.tecdmx.org.mx\/#\/schema\/person\/208c898199fb3234203823c5f0cf31d6\"},\"breadcrumb\":{\"@id\":\"https:\/\/www.tecdmx.org.mx\/index.php\/comunicados\/2020\/03\/15\/resuelve-tecdmx-juicio-sobre-proyecto-de-presupuesto-participativo-en-la-alcaldia-gustavo-a-madero\/#breadcrumb\"},\"inLanguage\":\"es\",\"potentialAction\":[{\"@type\":\"ReadAction\",\"target\":[\"https:\/\/www.tecdmx.org.mx\/index.php\/comunicados\/2020\/03\/15\/resuelve-tecdmx-juicio-sobre-proyecto-de-presupuesto-participativo-en-la-alcaldia-gustavo-a-madero\/\"]}]},{\"@type\":\"ImageObject\",\"inLanguage\":\"es\",\"@id\":\"https:\/\/www.tecdmx.org.mx\/index.php\/comunicados\/2020\/03\/15\/resuelve-tecdmx-juicio-sobre-proyecto-de-presupuesto-participativo-en-la-alcaldia-gustavo-a-madero\/#primaryimage\",\"url\":\"https:\/\/www.tecdmx.org.mx\/wp-content\/uploads\/2019\/04\/COMUNICADO-1.jpg\",\"contentUrl\":\"https:\/\/www.tecdmx.org.mx\/wp-content\/uploads\/2019\/04\/COMUNICADO-1.jpg\",\"width\":2247,\"height\":1277},{\"@type\":\"BreadcrumbList\",\"@id\":\"https:\/\/www.tecdmx.org.mx\/index.php\/comunicados\/2020\/03\/15\/resuelve-tecdmx-juicio-sobre-proyecto-de-presupuesto-participativo-en-la-alcaldia-gustavo-a-madero\/#breadcrumb\",\"itemListElement\":[{\"@type\":\"ListItem\",\"position\":1,\"name\":\"Portada\",\"item\":\"https:\/\/www.tecdmx.org.mx\/\"},{\"@type\":\"ListItem\",\"position\":2,\"name\":\"Resuelve TECDMX juicio sobre proyecto de Presupuesto Participativo en la Alcald\u00eda Gustavo A. Madero\"}]},{\"@type\":\"WebSite\",\"@id\":\"https:\/\/www.tecdmx.org.mx\/#website\",\"url\":\"https:\/\/www.tecdmx.org.mx\/\",\"name\":\"Tribunal Electoral de la Ciudad de M\u00e9xico\",\"description\":\"25 a\u00f1os garantizando justicia en tu elecci\u00f3n\",\"potentialAction\":[{\"@type\":\"SearchAction\",\"target\":{\"@type\":\"EntryPoint\",\"urlTemplate\":\"https:\/\/www.tecdmx.org.mx\/?s={search_term_string}\"},\"query-input\":\"required name=search_term_string\"}],\"inLanguage\":\"es\"},{\"@type\":\"Person\",\"@id\":\"https:\/\/www.tecdmx.org.mx\/#\/schema\/person\/208c898199fb3234203823c5f0cf31d6\",\"name\":\"Difusion2025\",\"image\":{\"@type\":\"ImageObject\",\"inLanguage\":\"es\",\"@id\":\"https:\/\/www.tecdmx.org.mx\/#\/schema\/person\/image\/\",\"url\":\"https:\/\/secure.gravatar.com\/avatar\/6f7a4ba3acb418040e90a2eb99b5df28?s=96&d=mm&r=g\",\"contentUrl\":\"https:\/\/secure.gravatar.com\/avatar\/6f7a4ba3acb418040e90a2eb99b5df28?s=96&d=mm&r=g\",\"caption\":\"Difusion2025\"}}]}<\/script>\n<!-- \/ Yoast SEO plugin. -->","yoast_head_json":{"title":"Resuelve TECDMX juicio sobre proyecto de Presupuesto Participativo en la Alcald\u00eda Gustavo A. Madero - Tribunal Electoral de la Ciudad de M\u00e9xico","robots":{"index":"index","follow":"follow","max-snippet":"max-snippet:-1","max-image-preview":"max-image-preview:large","max-video-preview":"max-video-preview:-1"},"canonical":"https:\/\/www.tecdmx.org.mx\/index.php\/comunicados\/2020\/03\/15\/resuelve-tecdmx-juicio-sobre-proyecto-de-presupuesto-participativo-en-la-alcaldia-gustavo-a-madero\/","og_locale":"es_ES","og_type":"article","og_title":"Resuelve TECDMX juicio sobre proyecto de Presupuesto Participativo en la Alcald\u00eda Gustavo A. Madero - Tribunal Electoral de la Ciudad de M\u00e9xico","og_description":"El Pleno del Tribunal Electoral de la Ciudad de M\u00e9xico (TECDMX) celebr\u00f3 Sesi\u00f3n P\u00fablica en la que se resolvi\u00f3 un Juicio Electoral (JEL). Al resolver el juicio TECDMX-JEL-080\/2020, promovido por [&hellip;]","og_url":"https:\/\/www.tecdmx.org.mx\/index.php\/comunicados\/2020\/03\/15\/resuelve-tecdmx-juicio-sobre-proyecto-de-presupuesto-participativo-en-la-alcaldia-gustavo-a-madero\/","og_site_name":"Tribunal Electoral de la Ciudad de M\u00e9xico","article_publisher":"https:\/\/www.facebook.com\/TECDMX\/","article_published_time":"2020-03-15T07:48:23+00:00","article_modified_time":"2020-03-15T07:48:24+00:00","og_image":[{"width":2247,"height":1277,"url":"https:\/\/www.tecdmx.org.mx\/wp-content\/uploads\/2019\/04\/COMUNICADO-1.jpg","type":"image\/jpeg"}],"author":"Difusion2025","twitter_card":"summary_large_image","twitter_creator":"@tecdmx","twitter_site":"@tecdmx","twitter_misc":{"Escrito por":"Difusion2025","Tiempo de lectura":"1 minuto"},"schema":{"@context":"https:\/\/schema.org","@graph":[{"@type":"WebPage","@id":"https:\/\/www.tecdmx.org.mx\/index.php\/comunicados\/2020\/03\/15\/resuelve-tecdmx-juicio-sobre-proyecto-de-presupuesto-participativo-en-la-alcaldia-gustavo-a-madero\/","url":"https:\/\/www.tecdmx.org.mx\/index.php\/comunicados\/2020\/03\/15\/resuelve-tecdmx-juicio-sobre-proyecto-de-presupuesto-participativo-en-la-alcaldia-gustavo-a-madero\/","name":"Resuelve TECDMX juicio sobre proyecto de Presupuesto Participativo en la Alcald\u00eda Gustavo A. Madero - Tribunal Electoral de la Ciudad de M\u00e9xico","isPartOf":{"@id":"https:\/\/www.tecdmx.org.mx\/#website"},"primaryImageOfPage":{"@id":"https:\/\/www.tecdmx.org.mx\/index.php\/comunicados\/2020\/03\/15\/resuelve-tecdmx-juicio-sobre-proyecto-de-presupuesto-participativo-en-la-alcaldia-gustavo-a-madero\/#primaryimage"},"image":{"@id":"https:\/\/www.tecdmx.org.mx\/index.php\/comunicados\/2020\/03\/15\/resuelve-tecdmx-juicio-sobre-proyecto-de-presupuesto-participativo-en-la-alcaldia-gustavo-a-madero\/#primaryimage"},"thumbnailUrl":"https:\/\/www.tecdmx.org.mx\/wp-content\/uploads\/2019\/04\/COMUNICADO-1.jpg","datePublished":"2020-03-15T07:48:23+00:00","dateModified":"2020-03-15T07:48:24+00:00","author":{"@id":"https:\/\/www.tecdmx.org.mx\/#\/schema\/person\/208c898199fb3234203823c5f0cf31d6"},"breadcrumb":{"@id":"https:\/\/www.tecdmx.org.mx\/index.php\/comunicados\/2020\/03\/15\/resuelve-tecdmx-juicio-sobre-proyecto-de-presupuesto-participativo-en-la-alcaldia-gustavo-a-madero\/#breadcrumb"},"inLanguage":"es","potentialAction":[{"@type":"ReadAction","target":["https:\/\/www.tecdmx.org.mx\/index.php\/comunicados\/2020\/03\/15\/resuelve-tecdmx-juicio-sobre-proyecto-de-presupuesto-participativo-en-la-alcaldia-gustavo-a-madero\/"]}]},{"@type":"ImageObject","inLanguage":"es","@id":"https:\/\/www.tecdmx.org.mx\/index.php\/comunicados\/2020\/03\/15\/resuelve-tecdmx-juicio-sobre-proyecto-de-presupuesto-participativo-en-la-alcaldia-gustavo-a-madero\/#primaryimage","url":"https:\/\/www.tecdmx.org.mx\/wp-content\/uploads\/2019\/04\/COMUNICADO-1.jpg","contentUrl":"https:\/\/www.tecdmx.org.mx\/wp-content\/uploads\/2019\/04\/COMUNICADO-1.jpg","width":2247,"height":1277},{"@type":"BreadcrumbList","@id":"https:\/\/www.tecdmx.org.mx\/index.php\/comunicados\/2020\/03\/15\/resuelve-tecdmx-juicio-sobre-proyecto-de-presupuesto-participativo-en-la-alcaldia-gustavo-a-madero\/#breadcrumb","itemListElement":[{"@type":"ListItem","position":1,"name":"Portada","item":"https:\/\/www.tecdmx.org.mx\/"},{"@type":"ListItem","position":2,"name":"Resuelve TECDMX juicio sobre proyecto de Presupuesto Participativo en la Alcald\u00eda Gustavo A. Madero"}]},{"@type":"WebSite","@id":"https:\/\/www.tecdmx.org.mx\/#website","url":"https:\/\/www.tecdmx.org.mx\/","name":"Tribunal Electoral de la Ciudad de M\u00e9xico","description":"25 a\u00f1os garantizando justicia en tu elecci\u00f3n","potentialAction":[{"@type":"SearchAction","target":{"@type":"EntryPoint","urlTemplate":"https:\/\/www.tecdmx.org.mx\/?s={search_term_string}"},"query-input":"required name=search_term_string"}],"inLanguage":"es"},{"@type":"Person","@id":"https:\/\/www.tecdmx.org.mx\/#\/schema\/person\/208c898199fb3234203823c5f0cf31d6","name":"Difusion2025","image":{"@type":"ImageObject","inLanguage":"es","@id":"https:\/\/www.tecdmx.org.mx\/#\/schema\/person\/image\/","url":"https:\/\/secure.gravatar.com\/avatar\/6f7a4ba3acb418040e90a2eb99b5df28?s=96&d=mm&r=g","contentUrl":"https:\/\/secure.gravatar.com\/avatar\/6f7a4ba3acb418040e90a2eb99b5df28?s=96&d=mm&r=g","caption":"Difusion2025"}}]}},"_links":{"self":[{"href":"https:\/\/www.tecdmx.org.mx\/index.php\/wp-json\/wp\/v2\/posts\/18445"}],"collection":[{"href":"https:\/\/www.tecdmx.org.mx\/index.php\/wp-json\/wp\/v2\/posts"}],"about":[{"href":"https:\/\/www.tecdmx.org.mx\/index.php\/wp-json\/wp\/v2\/types\/post"}],"author":[{"embeddable":true,"href":"https:\/\/www.tecdmx.org.mx\/index.php\/wp-json\/wp\/v2\/users\/13"}],"replies":[{"embeddable":true,"href":"https:\/\/www.tecdmx.org.mx\/index.php\/wp-json\/wp\/v2\/comments?post=18445"}],"version-history":[{"count":2,"href":"https:\/\/www.tecdmx.org.mx\/index.php\/wp-json\/wp\/v2\/posts\/18445\/revisions"}],"predecessor-version":[{"id":18448,"href":"https:\/\/www.tecdmx.org.mx\/index.php\/wp-json\/wp\/v2\/posts\/18445\/revisions\/18448"}],"wp:featuredmedia":[{"embeddable":true,"href":"https:\/\/www.tecdmx.org.mx\/index.php\/wp-json\/wp\/v2\/media\/12606"}],"wp:attachment":[{"href":"https:\/\/www.tecdmx.org.mx\/index.php\/wp-json\/wp\/v2\/media?parent=18445"}],"wp:term":[{"taxonomy":"category","embeddable":true,"href":"https:\/\/www.tecdmx.org.mx\/index.php\/wp-json\/wp\/v2\/categories?post=18445"},{"taxonomy":"post_tag","embeddable":true,"href":"https:\/\/www.tecdmx.org.mx\/index.php\/wp-json\/wp\/v2\/tags?post=18445"}],"curies":[{"name":"wp","href":"https:\/\/api.w.org\/{rel}","templated":true}]}}