{"id":18454,"date":"2020-03-16T19:02:15","date_gmt":"2020-03-16T19:02:15","guid":{"rendered":"https:\/\/www.tecdmx.org.mx\/?p=18454"},"modified":"2020-03-16T19:18:25","modified_gmt":"2020-03-16T19:18:25","slug":"a-v-i-s-o-p-u-b-l-i-c-o__trashed","status":"publish","type":"post","link":"https:\/\/www.tecdmx.org.mx\/index.php\/avisos-publicos\/2020\/03\/16\/a-v-i-s-o-p-u-b-l-i-c-o__trashed\/","title":{"rendered":"AVISO P\u00daBLICO"},"content":{"rendered":"\n<p>Pablo Francisco Hern\u00e1ndez Hern\u00e1ndez, Secretario General del Tribunal Electoral de la Ciudad de M\u00e9xico, con fundamento en lo establecido en los art\u00edculos 204 fracci\u00f3n XV del C\u00f3digo de Instituciones y Procedimientos Electorales de la Ciudad de M\u00e9xico y \u00a026 fracci\u00f3n XIII del Reglamento Interior del Tribunal Electoral de la Ciudad de M\u00e9xico, as\u00ed como en cumplimiento al punto de acuerdo SEGUNDO del Acuerdo Plenario n\u00famero 001\/2020 aprobado por el Pleno de este \u00d3rgano Jurisdiccional en Reuni\u00f3n Privada celebrada el catorce de marzo de dos mil veinte, <strong>HAGO DEL CONOCIMIENTO P\u00daBLICO<\/strong>, las medidas de car\u00e1cter temporal y preventivo que enseguida se indican: <\/p>\n\n\n\n<p><strong>1.<\/strong> Restringir el acceso de personas a las sesiones p\u00fablicas de resoluci\u00f3n. <\/p>\n\n\n\n<p>Sin embargo, para garantizar que las partes en los medios de impugnaci\u00f3n y la poblaci\u00f3n en general conozcan detalles de los proyectos de resoluci\u00f3n que las Magistraturas pongan a consideraci\u00f3n del Pleno, en su caso, el debate que se suscite y el sentido de las sentencias, las sesiones se transmitir\u00e1n en tiempo real en las plataformas digitales con que cuenta el Tribunal Electoral. <\/p>\n\n\n\n<p>Para tal efecto, en la p\u00e1gina de Internet institucional se publicar\u00e1n de manera oportuna la fecha de la sesi\u00f3n, los datos de identificaci\u00f3n de los asuntos que habr\u00e1n de tratarse, as\u00ed como los datos de las cuentas en las que se podr\u00e1 seguir su desarrollo. <\/p>\n\n\n\n<p>Al t\u00e9rmino de las sesiones se difundir\u00e1 de manera electr\u00f3nica el bolet\u00edn con un breve extracto de los asuntos resueltos, el sentido de la sentencia y la votaci\u00f3n. <\/p>\n\n\n\n<p><strong>2.<\/strong> Suspender las actividades presenciales, entre otras: <\/p>\n\n\n\n<p>\u2022 Actos de car\u00e1cter p\u00fablico como foros, cursos, conferencias, conversatorios, suscripci\u00f3n de convenios, presentaciones de libros y semejantes.<\/p>\n\n\n\n<p> \u2022 Audiencias de alegatos que soliciten las partes en los juicios. En el entendido de que podr\u00e1n presentar por escrito los argumentos que estimen pertinentes para la resoluci\u00f3n de los medios de impugnaci\u00f3n. <\/p>\n\n\n\n<p>\u2022 Para la consulta de expedientes, las personas autorizadas deber\u00e1n solicitarlo en el \u00e1rea de recepci\u00f3n, precisando los datos de identificaci\u00f3n del expediente. Verificada la calidad de parte autorizada, personal de la Ponencia instructora pondr\u00e1 a su disposici\u00f3n el expediente para que lo revise en el \u00e1rea que se destine para tal efecto en la planta baja del inmueble, para el caso de los Juicios Laborales y Administrativos que se desahoguen ante la Comisi\u00f3n de Controversias, y de conformidad con el art\u00edculo 51 BIS del Reglamento Interior para la atenci\u00f3n de quejas y denuncias en materia de responsabilidades administrativas competencia de la Contralor\u00eda Interna. <\/p>\n\n\n\n<p><strong>3.<\/strong> En el caso de las audiencias laborales que convoquen tanto las Ponencias como la Comisi\u00f3n de Controversias, se procurar\u00e1 que participe el m\u00ednimo necesario de personas para su desarrollo. Se solicitar\u00e1 a las partes procesales que, como medida preventiva, asistan acompa\u00f1adas solo de las personas que deban intervenir en la diligencia.<\/p>\n\n\n\n<p>Las Ponencias o la Comisi\u00f3n destinar\u00e1n un \u00e1rea espec\u00edfica para la celebraci\u00f3n de la audiencia, que permita una distancia razonable entre las personas.<\/p>\n\n\n\n<p>Asimismo, quien encabece la diligencia indicar\u00e1 a las partes las medidas de car\u00e1cter interno implementadas por el Tribunal Electoral .<\/p>\n\n\n\n<p><strong>4.<\/strong> En el caso de la Defensor\u00eda P\u00fablica se permitir\u00e1 el acceso a las personas que requieran sus servicios, procurando que no sea en un n\u00famero mayor a tres simult\u00e1neamente. De preferencia, se ocupar\u00e1 el m\u00f3dulo ubicado en planta baja. <\/p>\n\n\n\n<p><strong>5.<\/strong> La titular de la Defensor\u00eda, as\u00ed como de la Contralor\u00eda Interna, adoptar\u00e1n las medidas para que en las diligencias de sus respectivas competencias, intervengan las personas servidoras p\u00fablicas estrictamente necesarias y para que se desarrollen en un espacio que permita una distancia razonable entre las personas. <\/p>\n\n\n\n<p><strong>6.<\/strong> Trat\u00e1ndose de los \u00f3rganos colegiados del Tribunal Electoral, comisiones, comit\u00e9s o grupos de trabajo, se evite convocar y preferentemente se realizar\u00e1n de manera no presencial, aprovechando el uso de las tecnolog\u00edas con que cuenta el Tribunal Electoral, entre otras, la red interna.<\/p>\n\n\n\n<p>Medidas que entrar\u00e1n en vigor a partir del diecis\u00e9is de marzo y hasta nuevo aviso.<\/p>\n\n\n\n<p>Ciudad de M\u00e9xico, a diecis\u00e9is de marzo de dos mil veinte.<\/p>\n\n\n\n<p class=\"has-text-align-center\"><strong>DOY FE<\/strong>.<\/p>\n\n\n\n<p><\/p>\n","protected":false},"excerpt":{"rendered":"<p>Pablo Francisco Hern\u00e1ndez Hern\u00e1ndez, Secretario General del Tribunal Electoral de la Ciudad de M\u00e9xico, con fundamento en lo establecido en los art\u00edculos 204 fracci\u00f3n XV del C\u00f3digo de Instituciones y [&hellip;]<\/p>\n","protected":false},"author":13,"featured_media":16684,"comment_status":"open","ping_status":"open","sticky":false,"template":"","format":"standard","meta":{"_acf_changed":false,"_exactmetrics_skip_tracking":false,"_exactmetrics_sitenote_active":false,"_exactmetrics_sitenote_note":"","_exactmetrics_sitenote_category":0,"footnotes":""},"categories":[34,47],"tags":[],"acf":[],"yoast_head":"<!-- This site is optimized with the Yoast SEO plugin v22.3 - https:\/\/yoast.com\/wordpress\/plugins\/seo\/ -->\n<title>AVISO P\u00daBLICO - Tribunal Electoral de la Ciudad de M\u00e9xico<\/title>\n<meta name=\"robots\" content=\"index, follow, max-snippet:-1, max-image-preview:large, max-video-preview:-1\" \/>\n<link rel=\"canonical\" href=\"https:\/\/www.tecdmx.org.mx\/index.php\/avisos-publicos\/2020\/03\/16\/a-v-i-s-o-p-u-b-l-i-c-o__trashed\/\" \/>\n<meta property=\"og:locale\" content=\"es_ES\" \/>\n<meta property=\"og:type\" content=\"article\" \/>\n<meta property=\"og:title\" content=\"AVISO P\u00daBLICO - Tribunal Electoral de la Ciudad de M\u00e9xico\" \/>\n<meta property=\"og:description\" content=\"Pablo Francisco Hern\u00e1ndez Hern\u00e1ndez, Secretario General del Tribunal Electoral de la Ciudad de M\u00e9xico, con fundamento en lo establecido en los art\u00edculos 204 fracci\u00f3n XV del C\u00f3digo de Instituciones y [&hellip;]\" \/>\n<meta property=\"og:url\" content=\"https:\/\/www.tecdmx.org.mx\/index.php\/avisos-publicos\/2020\/03\/16\/a-v-i-s-o-p-u-b-l-i-c-o__trashed\/\" \/>\n<meta property=\"og:site_name\" content=\"Tribunal Electoral de la Ciudad de M\u00e9xico\" \/>\n<meta property=\"article:publisher\" content=\"https:\/\/www.facebook.com\/TECDMX\/\" \/>\n<meta property=\"article:published_time\" content=\"2020-03-16T19:02:15+00:00\" \/>\n<meta property=\"article:modified_time\" content=\"2020-03-16T19:18:25+00:00\" \/>\n<meta property=\"og:image\" content=\"https:\/\/www.tecdmx.org.mx\/wp-content\/uploads\/2019\/12\/aviso_publico_generica.png\" \/>\n\t<meta property=\"og:image:width\" content=\"560\" \/>\n\t<meta property=\"og:image:height\" content=\"352\" \/>\n\t<meta property=\"og:image:type\" content=\"image\/png\" \/>\n<meta name=\"author\" content=\"Difusion2025\" \/>\n<meta name=\"twitter:card\" content=\"summary_large_image\" \/>\n<meta name=\"twitter:creator\" content=\"@tecdmx\" \/>\n<meta name=\"twitter:site\" content=\"@tecdmx\" \/>\n<meta name=\"twitter:label1\" content=\"Escrito por\" \/>\n\t<meta name=\"twitter:data1\" content=\"Difusion2025\" \/>\n\t<meta name=\"twitter:label2\" content=\"Tiempo de lectura\" \/>\n\t<meta name=\"twitter:data2\" content=\"4 minutos\" \/>\n<script type=\"application\/ld+json\" class=\"yoast-schema-graph\">{\"@context\":\"https:\/\/schema.org\",\"@graph\":[{\"@type\":\"WebPage\",\"@id\":\"https:\/\/www.tecdmx.org.mx\/index.php\/avisos-publicos\/2020\/03\/16\/a-v-i-s-o-p-u-b-l-i-c-o__trashed\/\",\"url\":\"https:\/\/www.tecdmx.org.mx\/index.php\/avisos-publicos\/2020\/03\/16\/a-v-i-s-o-p-u-b-l-i-c-o__trashed\/\",\"name\":\"AVISO P\u00daBLICO - Tribunal Electoral de la Ciudad de M\u00e9xico\",\"isPartOf\":{\"@id\":\"https:\/\/www.tecdmx.org.mx\/#website\"},\"primaryImageOfPage\":{\"@id\":\"https:\/\/www.tecdmx.org.mx\/index.php\/avisos-publicos\/2020\/03\/16\/a-v-i-s-o-p-u-b-l-i-c-o__trashed\/#primaryimage\"},\"image\":{\"@id\":\"https:\/\/www.tecdmx.org.mx\/index.php\/avisos-publicos\/2020\/03\/16\/a-v-i-s-o-p-u-b-l-i-c-o__trashed\/#primaryimage\"},\"thumbnailUrl\":\"https:\/\/www.tecdmx.org.mx\/wp-content\/uploads\/2019\/12\/aviso_publico_generica.png\",\"datePublished\":\"2020-03-16T19:02:15+00:00\",\"dateModified\":\"2020-03-16T19:18:25+00:00\",\"author\":{\"@id\":\"https:\/\/www.tecdmx.org.mx\/#\/schema\/person\/208c898199fb3234203823c5f0cf31d6\"},\"breadcrumb\":{\"@id\":\"https:\/\/www.tecdmx.org.mx\/index.php\/avisos-publicos\/2020\/03\/16\/a-v-i-s-o-p-u-b-l-i-c-o__trashed\/#breadcrumb\"},\"inLanguage\":\"es\",\"potentialAction\":[{\"@type\":\"ReadAction\",\"target\":[\"https:\/\/www.tecdmx.org.mx\/index.php\/avisos-publicos\/2020\/03\/16\/a-v-i-s-o-p-u-b-l-i-c-o__trashed\/\"]}]},{\"@type\":\"ImageObject\",\"inLanguage\":\"es\",\"@id\":\"https:\/\/www.tecdmx.org.mx\/index.php\/avisos-publicos\/2020\/03\/16\/a-v-i-s-o-p-u-b-l-i-c-o__trashed\/#primaryimage\",\"url\":\"https:\/\/www.tecdmx.org.mx\/wp-content\/uploads\/2019\/12\/aviso_publico_generica.png\",\"contentUrl\":\"https:\/\/www.tecdmx.org.mx\/wp-content\/uploads\/2019\/12\/aviso_publico_generica.png\",\"width\":560,\"height\":352},{\"@type\":\"BreadcrumbList\",\"@id\":\"https:\/\/www.tecdmx.org.mx\/index.php\/avisos-publicos\/2020\/03\/16\/a-v-i-s-o-p-u-b-l-i-c-o__trashed\/#breadcrumb\",\"itemListElement\":[{\"@type\":\"ListItem\",\"position\":1,\"name\":\"Portada\",\"item\":\"https:\/\/www.tecdmx.org.mx\/\"},{\"@type\":\"ListItem\",\"position\":2,\"name\":\"AVISO P\u00daBLICO\"}]},{\"@type\":\"WebSite\",\"@id\":\"https:\/\/www.tecdmx.org.mx\/#website\",\"url\":\"https:\/\/www.tecdmx.org.mx\/\",\"name\":\"Tribunal Electoral de la Ciudad de M\u00e9xico\",\"description\":\"25 a\u00f1os garantizando justicia en tu elecci\u00f3n\",\"potentialAction\":[{\"@type\":\"SearchAction\",\"target\":{\"@type\":\"EntryPoint\",\"urlTemplate\":\"https:\/\/www.tecdmx.org.mx\/?s={search_term_string}\"},\"query-input\":\"required name=search_term_string\"}],\"inLanguage\":\"es\"},{\"@type\":\"Person\",\"@id\":\"https:\/\/www.tecdmx.org.mx\/#\/schema\/person\/208c898199fb3234203823c5f0cf31d6\",\"name\":\"Difusion2025\",\"image\":{\"@type\":\"ImageObject\",\"inLanguage\":\"es\",\"@id\":\"https:\/\/www.tecdmx.org.mx\/#\/schema\/person\/image\/\",\"url\":\"https:\/\/secure.gravatar.com\/avatar\/6f7a4ba3acb418040e90a2eb99b5df28?s=96&d=mm&r=g\",\"contentUrl\":\"https:\/\/secure.gravatar.com\/avatar\/6f7a4ba3acb418040e90a2eb99b5df28?s=96&d=mm&r=g\",\"caption\":\"Difusion2025\"}}]}<\/script>\n<!-- \/ Yoast SEO plugin. -->","yoast_head_json":{"title":"AVISO P\u00daBLICO - Tribunal Electoral de la Ciudad de M\u00e9xico","robots":{"index":"index","follow":"follow","max-snippet":"max-snippet:-1","max-image-preview":"max-image-preview:large","max-video-preview":"max-video-preview:-1"},"canonical":"https:\/\/www.tecdmx.org.mx\/index.php\/avisos-publicos\/2020\/03\/16\/a-v-i-s-o-p-u-b-l-i-c-o__trashed\/","og_locale":"es_ES","og_type":"article","og_title":"AVISO P\u00daBLICO - Tribunal Electoral de la Ciudad de M\u00e9xico","og_description":"Pablo Francisco Hern\u00e1ndez Hern\u00e1ndez, Secretario General del Tribunal Electoral de la Ciudad de M\u00e9xico, con fundamento en lo establecido en los art\u00edculos 204 fracci\u00f3n XV del C\u00f3digo de Instituciones y [&hellip;]","og_url":"https:\/\/www.tecdmx.org.mx\/index.php\/avisos-publicos\/2020\/03\/16\/a-v-i-s-o-p-u-b-l-i-c-o__trashed\/","og_site_name":"Tribunal Electoral de la Ciudad de M\u00e9xico","article_publisher":"https:\/\/www.facebook.com\/TECDMX\/","article_published_time":"2020-03-16T19:02:15+00:00","article_modified_time":"2020-03-16T19:18:25+00:00","og_image":[{"width":560,"height":352,"url":"https:\/\/www.tecdmx.org.mx\/wp-content\/uploads\/2019\/12\/aviso_publico_generica.png","type":"image\/png"}],"author":"Difusion2025","twitter_card":"summary_large_image","twitter_creator":"@tecdmx","twitter_site":"@tecdmx","twitter_misc":{"Escrito por":"Difusion2025","Tiempo de lectura":"4 minutos"},"schema":{"@context":"https:\/\/schema.org","@graph":[{"@type":"WebPage","@id":"https:\/\/www.tecdmx.org.mx\/index.php\/avisos-publicos\/2020\/03\/16\/a-v-i-s-o-p-u-b-l-i-c-o__trashed\/","url":"https:\/\/www.tecdmx.org.mx\/index.php\/avisos-publicos\/2020\/03\/16\/a-v-i-s-o-p-u-b-l-i-c-o__trashed\/","name":"AVISO P\u00daBLICO - Tribunal Electoral de la Ciudad de M\u00e9xico","isPartOf":{"@id":"https:\/\/www.tecdmx.org.mx\/#website"},"primaryImageOfPage":{"@id":"https:\/\/www.tecdmx.org.mx\/index.php\/avisos-publicos\/2020\/03\/16\/a-v-i-s-o-p-u-b-l-i-c-o__trashed\/#primaryimage"},"image":{"@id":"https:\/\/www.tecdmx.org.mx\/index.php\/avisos-publicos\/2020\/03\/16\/a-v-i-s-o-p-u-b-l-i-c-o__trashed\/#primaryimage"},"thumbnailUrl":"https:\/\/www.tecdmx.org.mx\/wp-content\/uploads\/2019\/12\/aviso_publico_generica.png","datePublished":"2020-03-16T19:02:15+00:00","dateModified":"2020-03-16T19:18:25+00:00","author":{"@id":"https:\/\/www.tecdmx.org.mx\/#\/schema\/person\/208c898199fb3234203823c5f0cf31d6"},"breadcrumb":{"@id":"https:\/\/www.tecdmx.org.mx\/index.php\/avisos-publicos\/2020\/03\/16\/a-v-i-s-o-p-u-b-l-i-c-o__trashed\/#breadcrumb"},"inLanguage":"es","potentialAction":[{"@type":"ReadAction","target":["https:\/\/www.tecdmx.org.mx\/index.php\/avisos-publicos\/2020\/03\/16\/a-v-i-s-o-p-u-b-l-i-c-o__trashed\/"]}]},{"@type":"ImageObject","inLanguage":"es","@id":"https:\/\/www.tecdmx.org.mx\/index.php\/avisos-publicos\/2020\/03\/16\/a-v-i-s-o-p-u-b-l-i-c-o__trashed\/#primaryimage","url":"https:\/\/www.tecdmx.org.mx\/wp-content\/uploads\/2019\/12\/aviso_publico_generica.png","contentUrl":"https:\/\/www.tecdmx.org.mx\/wp-content\/uploads\/2019\/12\/aviso_publico_generica.png","width":560,"height":352},{"@type":"BreadcrumbList","@id":"https:\/\/www.tecdmx.org.mx\/index.php\/avisos-publicos\/2020\/03\/16\/a-v-i-s-o-p-u-b-l-i-c-o__trashed\/#breadcrumb","itemListElement":[{"@type":"ListItem","position":1,"name":"Portada","item":"https:\/\/www.tecdmx.org.mx\/"},{"@type":"ListItem","position":2,"name":"AVISO P\u00daBLICO"}]},{"@type":"WebSite","@id":"https:\/\/www.tecdmx.org.mx\/#website","url":"https:\/\/www.tecdmx.org.mx\/","name":"Tribunal Electoral de la Ciudad de M\u00e9xico","description":"25 a\u00f1os garantizando justicia en tu elecci\u00f3n","potentialAction":[{"@type":"SearchAction","target":{"@type":"EntryPoint","urlTemplate":"https:\/\/www.tecdmx.org.mx\/?s={search_term_string}"},"query-input":"required name=search_term_string"}],"inLanguage":"es"},{"@type":"Person","@id":"https:\/\/www.tecdmx.org.mx\/#\/schema\/person\/208c898199fb3234203823c5f0cf31d6","name":"Difusion2025","image":{"@type":"ImageObject","inLanguage":"es","@id":"https:\/\/www.tecdmx.org.mx\/#\/schema\/person\/image\/","url":"https:\/\/secure.gravatar.com\/avatar\/6f7a4ba3acb418040e90a2eb99b5df28?s=96&d=mm&r=g","contentUrl":"https:\/\/secure.gravatar.com\/avatar\/6f7a4ba3acb418040e90a2eb99b5df28?s=96&d=mm&r=g","caption":"Difusion2025"}}]}},"_links":{"self":[{"href":"https:\/\/www.tecdmx.org.mx\/index.php\/wp-json\/wp\/v2\/posts\/18454"}],"collection":[{"href":"https:\/\/www.tecdmx.org.mx\/index.php\/wp-json\/wp\/v2\/posts"}],"about":[{"href":"https:\/\/www.tecdmx.org.mx\/index.php\/wp-json\/wp\/v2\/types\/post"}],"author":[{"embeddable":true,"href":"https:\/\/www.tecdmx.org.mx\/index.php\/wp-json\/wp\/v2\/users\/13"}],"replies":[{"embeddable":true,"href":"https:\/\/www.tecdmx.org.mx\/index.php\/wp-json\/wp\/v2\/comments?post=18454"}],"version-history":[{"count":4,"href":"https:\/\/www.tecdmx.org.mx\/index.php\/wp-json\/wp\/v2\/posts\/18454\/revisions"}],"predecessor-version":[{"id":18459,"href":"https:\/\/www.tecdmx.org.mx\/index.php\/wp-json\/wp\/v2\/posts\/18454\/revisions\/18459"}],"wp:featuredmedia":[{"embeddable":true,"href":"https:\/\/www.tecdmx.org.mx\/index.php\/wp-json\/wp\/v2\/media\/16684"}],"wp:attachment":[{"href":"https:\/\/www.tecdmx.org.mx\/index.php\/wp-json\/wp\/v2\/media?parent=18454"}],"wp:term":[{"taxonomy":"category","embeddable":true,"href":"https:\/\/www.tecdmx.org.mx\/index.php\/wp-json\/wp\/v2\/categories?post=18454"},{"taxonomy":"post_tag","embeddable":true,"href":"https:\/\/www.tecdmx.org.mx\/index.php\/wp-json\/wp\/v2\/tags?post=18454"}],"curies":[{"name":"wp","href":"https:\/\/api.w.org\/{rel}","templated":true}]}}