{"id":18684,"date":"2020-03-20T19:25:37","date_gmt":"2020-03-20T19:25:37","guid":{"rendered":"https:\/\/www.tecdmx.org.mx\/?p=18684"},"modified":"2020-03-21T01:27:38","modified_gmt":"2020-03-21T01:27:38","slug":"resuelve-tecdmx-juicios-sobre-copacos-y-presupuesto-participativo","status":"publish","type":"post","link":"https:\/\/www.tecdmx.org.mx\/index.php\/comunicados\/2020\/03\/20\/resuelve-tecdmx-juicios-sobre-copacos-y-presupuesto-participativo\/","title":{"rendered":"Resuelve TECDMX juicios sobre Copacos y Presupuesto Participativo"},"content":{"rendered":"\n<ul><li>Se resolvi\u00f3 tambi\u00e9n un JLDC\npromovido por la Asociaci\u00f3n Civil \u201cSociedad, Equidad y G\u00e9nero, A.C.\u201d.<\/li><\/ul>\n\n\n\n<p>El Pleno del Tribunal Electoral de la Ciudad de M\u00e9xico\n(TECDMX) celebr\u00f3 Sesi\u00f3n P\u00fablica en la que se resolvieron 17 Juicios Electorales\n(JEL) y un Juicio para la Protecci\u00f3n de los Derechos Pol\u00edtico-Electorales de la\nCiudadan\u00eda (JLDC).<\/p>\n\n\n\n<p>En cumplimiento de sentencia emitida por la Sala Regional\nCiudad de M\u00e9xico del Tribunal Electoral del Poder Judicial de la Federaci\u00f3n, al\nresolver el juicio <strong>TECDMX-JLDC-004\/2020<\/strong> promovido por la Asociaci\u00f3n\nCivil \u201cSociedad, Equidad y G\u00e9nero, A.C.\u201d para controvertir el Acta\nCircunstanciada emitida el 2 de diciembre de 2019 por la Direcci\u00f3n Ejecutiva de\nAsociaciones Pol\u00edticas del Instituto Electoral de la Ciudad de M\u00e9xico respecto\nde la asamblea celebrada el 30 de noviembre pasado en la demarcaci\u00f3n\nterritorial Iztapalapa, al considerar que la autoridad responsable se neg\u00f3 a\nregistrar a diversos asistentes a esta; el Pleno determin\u00f3 <strong>confirmar el acta\ncircunstanciada impugnada.<\/strong><\/p>\n\n\n\n<p>Lo anterior, ya que la autoridad responsable actu\u00f3 de\nmanera apegada al Reglamento al no verificar a personas que llegaron despu\u00e9s de\nhaber identificado a quienes se encontraban en el lugar transcurridos los\ncuarenta y cinco minutos establecidos en ese ordenamiento, o bien, por haberse\nagotado los quince minutos adicionales. <\/p>\n\n\n\n<p>Respecto de los juicios <strong>TECDMX-JEL-085,\nJEL 086, JEL 089 a JEL 095 y JEL 97 a JEL 102<\/strong>, todos ellos de 2020, promovidos\npor diversas personas contra el registro de candidaturas para participar en el\nproceso de Elecci\u00f3n de la Comisi\u00f3n de Participaci\u00f3n Comunitaria 2020, en las\nunidades territoriales Santa Rosa Xochiac (pueblo), Her\u00f3n Proal, Olivar del\nconde segunda secci\u00f3n I, Tlacuitlapa reacomodo (ampliaci\u00f3n), Palmas Axotitla,\nAve real, Bosques de Tarango, Ponciano Arriaga, Villa Progresista, Tetelpan,\nValent\u00edn G\u00f3mez Far\u00edas, Lomas de Tetelpan y Cooperativa Cehuayo, de la\ndemarcaci\u00f3n territorial \u00c1lvaro Obreg\u00f3n; el Pleno determin\u00f3 <strong>desechar de plano\nlas demandas al haber sido presentadas de forma extempor\u00e1nea.<\/strong><\/p>\n\n\n\n<p>Sobre los juicios <strong>TECDMX-JEL-088\ny TECDMX-JEL-113<\/strong>, ambos de 2020, promovidos\ncontra el registro de diversas personas candidatas para participar en la\nElecci\u00f3n de la Comisi\u00f3n de Participaci\u00f3n Comunitaria 2020, en la unidad\nterritorial Garcimarrero Norte, demarcaci\u00f3n territorial \u00c1lvaro Obreg\u00f3n, as\u00ed\ncomo de los Dict\u00e1menes respecto del proyecto \u201cResguardo Perimetral de Prados\ndel Jard\u00edn de las Rosas\u201d primera y segunda etapa de la unidad territorial El\nRosedal I, emitidos por el \u00d3rgano Dictaminador de la Alcald\u00eda Coyoac\u00e1n,\nrespectivamente; el Pleno determin\u00f3 <strong>desechar de plano las demandas ya que\nlas partes actoras carecen de inter\u00e9s jur\u00eddico.<\/strong><\/p>\n\n\n\n<p>Finalmente, en el <strong>juicio TECDMX-JEL-096\/2020<\/strong>,\nen el que se controvert\u00eda el Dictamen\nde la Direcci\u00f3n Distrital 23 del Instituto Electoral de la Ciudad de M\u00e9xico,\nsobre la solicitud de registro de candidatura de Guillermo Hern\u00e1ndez Ortiz,\npara participar en el proceso de Elecci\u00f3n de la Comisi\u00f3n de Participaci\u00f3n\nComunitaria 2020, en la unidad territorial \u201cPonciano Arriaga\u201d, demarcaci\u00f3n\nterritorial \u00c1lvaro Obreg\u00f3n; las Magistraturas determinaron <strong>desechar de plano\nla demanda al haber presentado dos demandas coincidentes en contenido y redacci\u00f3n<\/strong>,\npor lo que al haber presentado con anterioridad el juicio JEL-95, extingi\u00f3 su\nderecho de acci\u00f3n.<\/p>\n\n\n\n<p class=\"has-text-align-center\"><strong>o-O-o<\/strong><\/p>\n\n\n\n<p><strong>*\nLos criterios para las resoluciones de este Pleno son coincidentes.<\/strong><strong><\/strong><\/p>\n","protected":false},"excerpt":{"rendered":"<p>Se resolvi\u00f3 tambi\u00e9n un JLDC promovido por la Asociaci\u00f3n Civil \u201cSociedad, Equidad y G\u00e9nero, A.C.\u201d. El Pleno del Tribunal Electoral de la Ciudad de M\u00e9xico (TECDMX) celebr\u00f3 Sesi\u00f3n P\u00fablica en [&hellip;]<\/p>\n","protected":false},"author":13,"featured_media":12606,"comment_status":"open","ping_status":"open","sticky":false,"template":"","format":"standard","meta":{"_acf_changed":false,"_exactmetrics_skip_tracking":false,"_exactmetrics_sitenote_active":false,"_exactmetrics_sitenote_note":"","_exactmetrics_sitenote_category":0,"footnotes":""},"categories":[32,47],"tags":[],"acf":[],"yoast_head":"<!-- This site is optimized with the Yoast SEO plugin v22.3 - https:\/\/yoast.com\/wordpress\/plugins\/seo\/ -->\n<title>Resuelve TECDMX juicios sobre Copacos y Presupuesto Participativo - Tribunal Electoral de la Ciudad de M\u00e9xico<\/title>\n<meta name=\"robots\" content=\"index, follow, max-snippet:-1, max-image-preview:large, max-video-preview:-1\" \/>\n<link rel=\"canonical\" href=\"https:\/\/www.tecdmx.org.mx\/index.php\/comunicados\/2020\/03\/20\/resuelve-tecdmx-juicios-sobre-copacos-y-presupuesto-participativo\/\" \/>\n<meta property=\"og:locale\" content=\"es_ES\" \/>\n<meta property=\"og:type\" content=\"article\" \/>\n<meta property=\"og:title\" content=\"Resuelve TECDMX juicios sobre Copacos y Presupuesto Participativo - Tribunal Electoral de la Ciudad de M\u00e9xico\" \/>\n<meta property=\"og:description\" content=\"Se resolvi\u00f3 tambi\u00e9n un JLDC promovido por la Asociaci\u00f3n Civil \u201cSociedad, Equidad y G\u00e9nero, A.C.\u201d. El Pleno del Tribunal Electoral de la Ciudad de M\u00e9xico (TECDMX) celebr\u00f3 Sesi\u00f3n P\u00fablica en [&hellip;]\" \/>\n<meta property=\"og:url\" content=\"https:\/\/www.tecdmx.org.mx\/index.php\/comunicados\/2020\/03\/20\/resuelve-tecdmx-juicios-sobre-copacos-y-presupuesto-participativo\/\" \/>\n<meta property=\"og:site_name\" content=\"Tribunal Electoral de la Ciudad de M\u00e9xico\" \/>\n<meta property=\"article:publisher\" content=\"https:\/\/www.facebook.com\/TECDMX\/\" \/>\n<meta property=\"article:published_time\" content=\"2020-03-20T19:25:37+00:00\" \/>\n<meta property=\"article:modified_time\" content=\"2020-03-21T01:27:38+00:00\" \/>\n<meta property=\"og:image\" content=\"https:\/\/www.tecdmx.org.mx\/wp-content\/uploads\/2019\/04\/COMUNICADO-1.jpg\" \/>\n\t<meta property=\"og:image:width\" content=\"2247\" \/>\n\t<meta property=\"og:image:height\" content=\"1277\" \/>\n\t<meta property=\"og:image:type\" content=\"image\/jpeg\" \/>\n<meta name=\"author\" content=\"Difusion2025\" \/>\n<meta name=\"twitter:card\" content=\"summary_large_image\" \/>\n<meta name=\"twitter:creator\" content=\"@tecdmx\" \/>\n<meta name=\"twitter:site\" content=\"@tecdmx\" \/>\n<meta name=\"twitter:label1\" content=\"Escrito por\" \/>\n\t<meta name=\"twitter:data1\" content=\"Difusion2025\" \/>\n\t<meta name=\"twitter:label2\" content=\"Tiempo de lectura\" \/>\n\t<meta name=\"twitter:data2\" content=\"3 minutos\" \/>\n<script type=\"application\/ld+json\" class=\"yoast-schema-graph\">{\"@context\":\"https:\/\/schema.org\",\"@graph\":[{\"@type\":\"WebPage\",\"@id\":\"https:\/\/www.tecdmx.org.mx\/index.php\/comunicados\/2020\/03\/20\/resuelve-tecdmx-juicios-sobre-copacos-y-presupuesto-participativo\/\",\"url\":\"https:\/\/www.tecdmx.org.mx\/index.php\/comunicados\/2020\/03\/20\/resuelve-tecdmx-juicios-sobre-copacos-y-presupuesto-participativo\/\",\"name\":\"Resuelve TECDMX juicios sobre Copacos y Presupuesto Participativo - Tribunal Electoral de la Ciudad de M\u00e9xico\",\"isPartOf\":{\"@id\":\"https:\/\/www.tecdmx.org.mx\/#website\"},\"primaryImageOfPage\":{\"@id\":\"https:\/\/www.tecdmx.org.mx\/index.php\/comunicados\/2020\/03\/20\/resuelve-tecdmx-juicios-sobre-copacos-y-presupuesto-participativo\/#primaryimage\"},\"image\":{\"@id\":\"https:\/\/www.tecdmx.org.mx\/index.php\/comunicados\/2020\/03\/20\/resuelve-tecdmx-juicios-sobre-copacos-y-presupuesto-participativo\/#primaryimage\"},\"thumbnailUrl\":\"https:\/\/www.tecdmx.org.mx\/wp-content\/uploads\/2019\/04\/COMUNICADO-1.jpg\",\"datePublished\":\"2020-03-20T19:25:37+00:00\",\"dateModified\":\"2020-03-21T01:27:38+00:00\",\"author\":{\"@id\":\"https:\/\/www.tecdmx.org.mx\/#\/schema\/person\/208c898199fb3234203823c5f0cf31d6\"},\"breadcrumb\":{\"@id\":\"https:\/\/www.tecdmx.org.mx\/index.php\/comunicados\/2020\/03\/20\/resuelve-tecdmx-juicios-sobre-copacos-y-presupuesto-participativo\/#breadcrumb\"},\"inLanguage\":\"es\",\"potentialAction\":[{\"@type\":\"ReadAction\",\"target\":[\"https:\/\/www.tecdmx.org.mx\/index.php\/comunicados\/2020\/03\/20\/resuelve-tecdmx-juicios-sobre-copacos-y-presupuesto-participativo\/\"]}]},{\"@type\":\"ImageObject\",\"inLanguage\":\"es\",\"@id\":\"https:\/\/www.tecdmx.org.mx\/index.php\/comunicados\/2020\/03\/20\/resuelve-tecdmx-juicios-sobre-copacos-y-presupuesto-participativo\/#primaryimage\",\"url\":\"https:\/\/www.tecdmx.org.mx\/wp-content\/uploads\/2019\/04\/COMUNICADO-1.jpg\",\"contentUrl\":\"https:\/\/www.tecdmx.org.mx\/wp-content\/uploads\/2019\/04\/COMUNICADO-1.jpg\",\"width\":2247,\"height\":1277},{\"@type\":\"BreadcrumbList\",\"@id\":\"https:\/\/www.tecdmx.org.mx\/index.php\/comunicados\/2020\/03\/20\/resuelve-tecdmx-juicios-sobre-copacos-y-presupuesto-participativo\/#breadcrumb\",\"itemListElement\":[{\"@type\":\"ListItem\",\"position\":1,\"name\":\"Portada\",\"item\":\"https:\/\/www.tecdmx.org.mx\/\"},{\"@type\":\"ListItem\",\"position\":2,\"name\":\"Resuelve TECDMX juicios sobre Copacos y Presupuesto Participativo\"}]},{\"@type\":\"WebSite\",\"@id\":\"https:\/\/www.tecdmx.org.mx\/#website\",\"url\":\"https:\/\/www.tecdmx.org.mx\/\",\"name\":\"Tribunal Electoral de la Ciudad de M\u00e9xico\",\"description\":\"25 a\u00f1os garantizando justicia en tu elecci\u00f3n\",\"potentialAction\":[{\"@type\":\"SearchAction\",\"target\":{\"@type\":\"EntryPoint\",\"urlTemplate\":\"https:\/\/www.tecdmx.org.mx\/?s={search_term_string}\"},\"query-input\":\"required name=search_term_string\"}],\"inLanguage\":\"es\"},{\"@type\":\"Person\",\"@id\":\"https:\/\/www.tecdmx.org.mx\/#\/schema\/person\/208c898199fb3234203823c5f0cf31d6\",\"name\":\"Difusion2025\",\"image\":{\"@type\":\"ImageObject\",\"inLanguage\":\"es\",\"@id\":\"https:\/\/www.tecdmx.org.mx\/#\/schema\/person\/image\/\",\"url\":\"https:\/\/secure.gravatar.com\/avatar\/6f7a4ba3acb418040e90a2eb99b5df28?s=96&d=mm&r=g\",\"contentUrl\":\"https:\/\/secure.gravatar.com\/avatar\/6f7a4ba3acb418040e90a2eb99b5df28?s=96&d=mm&r=g\",\"caption\":\"Difusion2025\"}}]}<\/script>\n<!-- \/ Yoast SEO plugin. -->","yoast_head_json":{"title":"Resuelve TECDMX juicios sobre Copacos y Presupuesto Participativo - Tribunal Electoral de la Ciudad de M\u00e9xico","robots":{"index":"index","follow":"follow","max-snippet":"max-snippet:-1","max-image-preview":"max-image-preview:large","max-video-preview":"max-video-preview:-1"},"canonical":"https:\/\/www.tecdmx.org.mx\/index.php\/comunicados\/2020\/03\/20\/resuelve-tecdmx-juicios-sobre-copacos-y-presupuesto-participativo\/","og_locale":"es_ES","og_type":"article","og_title":"Resuelve TECDMX juicios sobre Copacos y Presupuesto Participativo - Tribunal Electoral de la Ciudad de M\u00e9xico","og_description":"Se resolvi\u00f3 tambi\u00e9n un JLDC promovido por la Asociaci\u00f3n Civil \u201cSociedad, Equidad y G\u00e9nero, A.C.\u201d. El Pleno del Tribunal Electoral de la Ciudad de M\u00e9xico (TECDMX) celebr\u00f3 Sesi\u00f3n P\u00fablica en [&hellip;]","og_url":"https:\/\/www.tecdmx.org.mx\/index.php\/comunicados\/2020\/03\/20\/resuelve-tecdmx-juicios-sobre-copacos-y-presupuesto-participativo\/","og_site_name":"Tribunal Electoral de la Ciudad de M\u00e9xico","article_publisher":"https:\/\/www.facebook.com\/TECDMX\/","article_published_time":"2020-03-20T19:25:37+00:00","article_modified_time":"2020-03-21T01:27:38+00:00","og_image":[{"width":2247,"height":1277,"url":"https:\/\/www.tecdmx.org.mx\/wp-content\/uploads\/2019\/04\/COMUNICADO-1.jpg","type":"image\/jpeg"}],"author":"Difusion2025","twitter_card":"summary_large_image","twitter_creator":"@tecdmx","twitter_site":"@tecdmx","twitter_misc":{"Escrito por":"Difusion2025","Tiempo de lectura":"3 minutos"},"schema":{"@context":"https:\/\/schema.org","@graph":[{"@type":"WebPage","@id":"https:\/\/www.tecdmx.org.mx\/index.php\/comunicados\/2020\/03\/20\/resuelve-tecdmx-juicios-sobre-copacos-y-presupuesto-participativo\/","url":"https:\/\/www.tecdmx.org.mx\/index.php\/comunicados\/2020\/03\/20\/resuelve-tecdmx-juicios-sobre-copacos-y-presupuesto-participativo\/","name":"Resuelve TECDMX juicios sobre Copacos y Presupuesto Participativo - Tribunal Electoral de la Ciudad de M\u00e9xico","isPartOf":{"@id":"https:\/\/www.tecdmx.org.mx\/#website"},"primaryImageOfPage":{"@id":"https:\/\/www.tecdmx.org.mx\/index.php\/comunicados\/2020\/03\/20\/resuelve-tecdmx-juicios-sobre-copacos-y-presupuesto-participativo\/#primaryimage"},"image":{"@id":"https:\/\/www.tecdmx.org.mx\/index.php\/comunicados\/2020\/03\/20\/resuelve-tecdmx-juicios-sobre-copacos-y-presupuesto-participativo\/#primaryimage"},"thumbnailUrl":"https:\/\/www.tecdmx.org.mx\/wp-content\/uploads\/2019\/04\/COMUNICADO-1.jpg","datePublished":"2020-03-20T19:25:37+00:00","dateModified":"2020-03-21T01:27:38+00:00","author":{"@id":"https:\/\/www.tecdmx.org.mx\/#\/schema\/person\/208c898199fb3234203823c5f0cf31d6"},"breadcrumb":{"@id":"https:\/\/www.tecdmx.org.mx\/index.php\/comunicados\/2020\/03\/20\/resuelve-tecdmx-juicios-sobre-copacos-y-presupuesto-participativo\/#breadcrumb"},"inLanguage":"es","potentialAction":[{"@type":"ReadAction","target":["https:\/\/www.tecdmx.org.mx\/index.php\/comunicados\/2020\/03\/20\/resuelve-tecdmx-juicios-sobre-copacos-y-presupuesto-participativo\/"]}]},{"@type":"ImageObject","inLanguage":"es","@id":"https:\/\/www.tecdmx.org.mx\/index.php\/comunicados\/2020\/03\/20\/resuelve-tecdmx-juicios-sobre-copacos-y-presupuesto-participativo\/#primaryimage","url":"https:\/\/www.tecdmx.org.mx\/wp-content\/uploads\/2019\/04\/COMUNICADO-1.jpg","contentUrl":"https:\/\/www.tecdmx.org.mx\/wp-content\/uploads\/2019\/04\/COMUNICADO-1.jpg","width":2247,"height":1277},{"@type":"BreadcrumbList","@id":"https:\/\/www.tecdmx.org.mx\/index.php\/comunicados\/2020\/03\/20\/resuelve-tecdmx-juicios-sobre-copacos-y-presupuesto-participativo\/#breadcrumb","itemListElement":[{"@type":"ListItem","position":1,"name":"Portada","item":"https:\/\/www.tecdmx.org.mx\/"},{"@type":"ListItem","position":2,"name":"Resuelve TECDMX juicios sobre Copacos y Presupuesto Participativo"}]},{"@type":"WebSite","@id":"https:\/\/www.tecdmx.org.mx\/#website","url":"https:\/\/www.tecdmx.org.mx\/","name":"Tribunal Electoral de la Ciudad de M\u00e9xico","description":"25 a\u00f1os garantizando justicia en tu elecci\u00f3n","potentialAction":[{"@type":"SearchAction","target":{"@type":"EntryPoint","urlTemplate":"https:\/\/www.tecdmx.org.mx\/?s={search_term_string}"},"query-input":"required name=search_term_string"}],"inLanguage":"es"},{"@type":"Person","@id":"https:\/\/www.tecdmx.org.mx\/#\/schema\/person\/208c898199fb3234203823c5f0cf31d6","name":"Difusion2025","image":{"@type":"ImageObject","inLanguage":"es","@id":"https:\/\/www.tecdmx.org.mx\/#\/schema\/person\/image\/","url":"https:\/\/secure.gravatar.com\/avatar\/6f7a4ba3acb418040e90a2eb99b5df28?s=96&d=mm&r=g","contentUrl":"https:\/\/secure.gravatar.com\/avatar\/6f7a4ba3acb418040e90a2eb99b5df28?s=96&d=mm&r=g","caption":"Difusion2025"}}]}},"_links":{"self":[{"href":"https:\/\/www.tecdmx.org.mx\/index.php\/wp-json\/wp\/v2\/posts\/18684"}],"collection":[{"href":"https:\/\/www.tecdmx.org.mx\/index.php\/wp-json\/wp\/v2\/posts"}],"about":[{"href":"https:\/\/www.tecdmx.org.mx\/index.php\/wp-json\/wp\/v2\/types\/post"}],"author":[{"embeddable":true,"href":"https:\/\/www.tecdmx.org.mx\/index.php\/wp-json\/wp\/v2\/users\/13"}],"replies":[{"embeddable":true,"href":"https:\/\/www.tecdmx.org.mx\/index.php\/wp-json\/wp\/v2\/comments?post=18684"}],"version-history":[{"count":1,"href":"https:\/\/www.tecdmx.org.mx\/index.php\/wp-json\/wp\/v2\/posts\/18684\/revisions"}],"predecessor-version":[{"id":18685,"href":"https:\/\/www.tecdmx.org.mx\/index.php\/wp-json\/wp\/v2\/posts\/18684\/revisions\/18685"}],"wp:featuredmedia":[{"embeddable":true,"href":"https:\/\/www.tecdmx.org.mx\/index.php\/wp-json\/wp\/v2\/media\/12606"}],"wp:attachment":[{"href":"https:\/\/www.tecdmx.org.mx\/index.php\/wp-json\/wp\/v2\/media?parent=18684"}],"wp:term":[{"taxonomy":"category","embeddable":true,"href":"https:\/\/www.tecdmx.org.mx\/index.php\/wp-json\/wp\/v2\/categories?post=18684"},{"taxonomy":"post_tag","embeddable":true,"href":"https:\/\/www.tecdmx.org.mx\/index.php\/wp-json\/wp\/v2\/tags?post=18684"}],"curies":[{"name":"wp","href":"https:\/\/api.w.org\/{rel}","templated":true}]}}