{"id":19835,"date":"2020-04-20T23:33:46","date_gmt":"2020-04-21T04:33:46","guid":{"rendered":"https:\/\/www.tecdmx.org.mx\/?p=19835"},"modified":"2020-09-09T11:14:12","modified_gmt":"2020-09-09T16:14:12","slug":"amplia-tecdmx-suspension-de-actividades-jurisdiccionales-y-administrativas-hasta-el-5-de-mayo","status":"publish","type":"post","link":"https:\/\/www.tecdmx.org.mx\/index.php\/comunicados\/2020\/04\/20\/amplia-tecdmx-suspension-de-actividades-jurisdiccionales-y-administrativas-hasta-el-5-de-mayo\/","title":{"rendered":"Ampl\u00eda TECDMX suspensi\u00f3n de actividades jurisdiccionales y administrativas hasta el 5 de mayo"},"content":{"rendered":"\n<ul><li>El pasado 24 de marzo, el Pleno del TECDMX acord\u00f3 la suspensi\u00f3n del\n27 de marzo al 19 de abril de 2020.<\/li><\/ul>\n\n\n\n<p>Debido a que la contingencia sanitaria por COVID-19\nimpide el regreso a las actividades, el Pleno del Tribunal Electoral de la\nCiudad de M\u00e9xico (TECDMX) acord\u00f3 ampliar la suspensi\u00f3n de actividades\njurisdiccionales y administrativas desde el 20 de abril hasta el 5 de mayo\npr\u00f3ximo, iniciada el pasado 27 de marzo.<\/p>\n\n\n\n<p><br>\nEl TECDMX reitera que durante este periodo no correr\u00e1n plazos procesales, por\nlo que no se recibir\u00e1n medios de impugnaci\u00f3n, promociones o cualquier otro tipo\nde documento de car\u00e1cter jurisdiccional o administrativo. Tampoco podr\u00e1n\ncelebrarse audiencias programadas o el desahogo de diligencia alguna en los\ndiferentes medios de impugnaci\u00f3n, juicios o procedimientos, ni Sesiones\nP\u00fablicas o Privadas del Pleno.<\/p>\n\n\n\n<p>Este Acuerdo se toma en atenci\u00f3n de las acciones\nextraordinarias se\u00f1aladas por la Secretar\u00eda de Salud para atender la emergencia\nsanitaria generada por la enfermedad del COVID-19, causante de la pandemia.<\/p>\n\n\n\n<p>El Pleno asumir\u00e1 las medidas pertinentes para la\noportuna resoluci\u00f3n de las controversias, conforme a lo que en derecho proceda.\n<\/p>\n\n\n\n<p>El Aviso de la Pr\u00f3rroga de Suspensi\u00f3n puede ser\nconsultado en:<\/p>\n\n\n\n<figure class=\"wp-block-embed-wordpress wp-block-embed is-type-wp-embed is-provider-tribunal-electoral-de-la-ciudad-de-mexico\"><div class=\"wp-block-embed__wrapper\">\n<blockquote class=\"wp-embedded-content\" data-secret=\"6CqE61wbdK\"><a href=\"https:\/\/www.tecdmx.org.mx\/index.php\/avisos-publicos\/2020\/04\/17\/prorroga-suspension-de-actividades-jurisdiccionales\/\">Pr\u00f3rroga Suspensio\u0301n de actividades jurisdiccionales<\/a><\/blockquote><iframe class=\"wp-embedded-content\" sandbox=\"allow-scripts\" security=\"restricted\" style=\"position: absolute; clip: rect(1px, 1px, 1px, 1px);\" title=\"\u00abPr\u00f3rroga Suspensio\u0301n de actividades jurisdiccionales\u00bb \u2014 Tribunal Electoral de la Ciudad de M\u00e9xico\" src=\"https:\/\/www.tecdmx.org.mx\/index.php\/avisos-publicos\/2020\/04\/17\/prorroga-suspension-de-actividades-jurisdiccionales\/embed\/#?secret=6CqE61wbdK\" data-secret=\"6CqE61wbdK\" width=\"500\" height=\"282\" frameborder=\"0\" marginwidth=\"0\" marginheight=\"0\" scrolling=\"no\"><\/iframe>\n<\/div><\/figure>\n\n\n\n<p><strong>o-O-o<\/strong><\/p>\n","protected":false},"excerpt":{"rendered":"<p>El pasado 24 de marzo, el Pleno del TECDMX acord\u00f3 la suspensi\u00f3n del 27 de marzo al 19 de abril de 2020. Debido a que la contingencia sanitaria por COVID-19 [&hellip;]<\/p>\n","protected":false},"author":13,"featured_media":3208,"comment_status":"open","ping_status":"open","sticky":false,"template":"","format":"standard","meta":{"_acf_changed":false,"_exactmetrics_skip_tracking":false,"_exactmetrics_sitenote_active":false,"_exactmetrics_sitenote_note":"","_exactmetrics_sitenote_category":0,"footnotes":""},"categories":[32,66,47],"tags":[],"acf":[],"yoast_head":"<!-- This site is optimized with the Yoast SEO plugin v22.3 - https:\/\/yoast.com\/wordpress\/plugins\/seo\/ -->\n<title>Ampl\u00eda TECDMX suspensi\u00f3n de actividades jurisdiccionales y administrativas hasta el 5 de mayo - Tribunal Electoral de la Ciudad de M\u00e9xico<\/title>\n<meta name=\"robots\" content=\"index, follow, max-snippet:-1, max-image-preview:large, max-video-preview:-1\" \/>\n<link rel=\"canonical\" href=\"https:\/\/www.tecdmx.org.mx\/index.php\/comunicados\/2020\/04\/20\/amplia-tecdmx-suspension-de-actividades-jurisdiccionales-y-administrativas-hasta-el-5-de-mayo\/\" \/>\n<meta property=\"og:locale\" content=\"es_ES\" \/>\n<meta property=\"og:type\" content=\"article\" \/>\n<meta property=\"og:title\" content=\"Ampl\u00eda TECDMX suspensi\u00f3n de actividades jurisdiccionales y administrativas hasta el 5 de mayo - Tribunal Electoral de la Ciudad de M\u00e9xico\" \/>\n<meta property=\"og:description\" content=\"El pasado 24 de marzo, el Pleno del TECDMX acord\u00f3 la suspensi\u00f3n del 27 de marzo al 19 de abril de 2020. Debido a que la contingencia sanitaria por COVID-19 [&hellip;]\" \/>\n<meta property=\"og:url\" content=\"https:\/\/www.tecdmx.org.mx\/index.php\/comunicados\/2020\/04\/20\/amplia-tecdmx-suspension-de-actividades-jurisdiccionales-y-administrativas-hasta-el-5-de-mayo\/\" \/>\n<meta property=\"og:site_name\" content=\"Tribunal Electoral de la Ciudad de M\u00e9xico\" \/>\n<meta property=\"article:publisher\" content=\"https:\/\/www.facebook.com\/TECDMX\/\" \/>\n<meta property=\"article:published_time\" content=\"2020-04-21T04:33:46+00:00\" \/>\n<meta property=\"article:modified_time\" content=\"2020-09-09T16:14:12+00:00\" \/>\n<meta property=\"og:image\" content=\"https:\/\/www.tecdmx.org.mx\/wp-content\/uploads\/2018\/07\/COMUNICADO.jpg\" \/>\n\t<meta property=\"og:image:width\" content=\"2247\" \/>\n\t<meta property=\"og:image:height\" content=\"1277\" \/>\n\t<meta property=\"og:image:type\" content=\"image\/jpeg\" \/>\n<meta name=\"author\" content=\"Difusion2025\" \/>\n<meta name=\"twitter:card\" content=\"summary_large_image\" \/>\n<meta name=\"twitter:creator\" content=\"@tecdmx\" \/>\n<meta name=\"twitter:site\" content=\"@tecdmx\" \/>\n<meta name=\"twitter:label1\" content=\"Escrito por\" \/>\n\t<meta name=\"twitter:data1\" content=\"Difusion2025\" \/>\n\t<meta name=\"twitter:label2\" content=\"Tiempo de lectura\" \/>\n\t<meta name=\"twitter:data2\" content=\"1 minuto\" \/>\n<script type=\"application\/ld+json\" class=\"yoast-schema-graph\">{\"@context\":\"https:\/\/schema.org\",\"@graph\":[{\"@type\":\"WebPage\",\"@id\":\"https:\/\/www.tecdmx.org.mx\/index.php\/comunicados\/2020\/04\/20\/amplia-tecdmx-suspension-de-actividades-jurisdiccionales-y-administrativas-hasta-el-5-de-mayo\/\",\"url\":\"https:\/\/www.tecdmx.org.mx\/index.php\/comunicados\/2020\/04\/20\/amplia-tecdmx-suspension-de-actividades-jurisdiccionales-y-administrativas-hasta-el-5-de-mayo\/\",\"name\":\"Ampl\u00eda TECDMX suspensi\u00f3n de actividades jurisdiccionales y administrativas hasta el 5 de mayo - Tribunal Electoral de la Ciudad de M\u00e9xico\",\"isPartOf\":{\"@id\":\"https:\/\/www.tecdmx.org.mx\/#website\"},\"primaryImageOfPage\":{\"@id\":\"https:\/\/www.tecdmx.org.mx\/index.php\/comunicados\/2020\/04\/20\/amplia-tecdmx-suspension-de-actividades-jurisdiccionales-y-administrativas-hasta-el-5-de-mayo\/#primaryimage\"},\"image\":{\"@id\":\"https:\/\/www.tecdmx.org.mx\/index.php\/comunicados\/2020\/04\/20\/amplia-tecdmx-suspension-de-actividades-jurisdiccionales-y-administrativas-hasta-el-5-de-mayo\/#primaryimage\"},\"thumbnailUrl\":\"https:\/\/www.tecdmx.org.mx\/wp-content\/uploads\/2018\/07\/COMUNICADO.jpg\",\"datePublished\":\"2020-04-21T04:33:46+00:00\",\"dateModified\":\"2020-09-09T16:14:12+00:00\",\"author\":{\"@id\":\"https:\/\/www.tecdmx.org.mx\/#\/schema\/person\/208c898199fb3234203823c5f0cf31d6\"},\"breadcrumb\":{\"@id\":\"https:\/\/www.tecdmx.org.mx\/index.php\/comunicados\/2020\/04\/20\/amplia-tecdmx-suspension-de-actividades-jurisdiccionales-y-administrativas-hasta-el-5-de-mayo\/#breadcrumb\"},\"inLanguage\":\"es\",\"potentialAction\":[{\"@type\":\"ReadAction\",\"target\":[\"https:\/\/www.tecdmx.org.mx\/index.php\/comunicados\/2020\/04\/20\/amplia-tecdmx-suspension-de-actividades-jurisdiccionales-y-administrativas-hasta-el-5-de-mayo\/\"]}]},{\"@type\":\"ImageObject\",\"inLanguage\":\"es\",\"@id\":\"https:\/\/www.tecdmx.org.mx\/index.php\/comunicados\/2020\/04\/20\/amplia-tecdmx-suspension-de-actividades-jurisdiccionales-y-administrativas-hasta-el-5-de-mayo\/#primaryimage\",\"url\":\"https:\/\/www.tecdmx.org.mx\/wp-content\/uploads\/2018\/07\/COMUNICADO.jpg\",\"contentUrl\":\"https:\/\/www.tecdmx.org.mx\/wp-content\/uploads\/2018\/07\/COMUNICADO.jpg\",\"width\":2247,\"height\":1277},{\"@type\":\"BreadcrumbList\",\"@id\":\"https:\/\/www.tecdmx.org.mx\/index.php\/comunicados\/2020\/04\/20\/amplia-tecdmx-suspension-de-actividades-jurisdiccionales-y-administrativas-hasta-el-5-de-mayo\/#breadcrumb\",\"itemListElement\":[{\"@type\":\"ListItem\",\"position\":1,\"name\":\"Portada\",\"item\":\"https:\/\/www.tecdmx.org.mx\/\"},{\"@type\":\"ListItem\",\"position\":2,\"name\":\"Ampl\u00eda TECDMX suspensi\u00f3n de actividades jurisdiccionales y administrativas hasta el 5 de mayo\"}]},{\"@type\":\"WebSite\",\"@id\":\"https:\/\/www.tecdmx.org.mx\/#website\",\"url\":\"https:\/\/www.tecdmx.org.mx\/\",\"name\":\"Tribunal Electoral de la Ciudad de M\u00e9xico\",\"description\":\"25 a\u00f1os garantizando justicia en tu elecci\u00f3n\",\"potentialAction\":[{\"@type\":\"SearchAction\",\"target\":{\"@type\":\"EntryPoint\",\"urlTemplate\":\"https:\/\/www.tecdmx.org.mx\/?s={search_term_string}\"},\"query-input\":\"required name=search_term_string\"}],\"inLanguage\":\"es\"},{\"@type\":\"Person\",\"@id\":\"https:\/\/www.tecdmx.org.mx\/#\/schema\/person\/208c898199fb3234203823c5f0cf31d6\",\"name\":\"Difusion2025\",\"image\":{\"@type\":\"ImageObject\",\"inLanguage\":\"es\",\"@id\":\"https:\/\/www.tecdmx.org.mx\/#\/schema\/person\/image\/\",\"url\":\"https:\/\/secure.gravatar.com\/avatar\/6f7a4ba3acb418040e90a2eb99b5df28?s=96&d=mm&r=g\",\"contentUrl\":\"https:\/\/secure.gravatar.com\/avatar\/6f7a4ba3acb418040e90a2eb99b5df28?s=96&d=mm&r=g\",\"caption\":\"Difusion2025\"}}]}<\/script>\n<!-- \/ Yoast SEO plugin. -->","yoast_head_json":{"title":"Ampl\u00eda TECDMX suspensi\u00f3n de actividades jurisdiccionales y administrativas hasta el 5 de mayo - Tribunal Electoral de la Ciudad de M\u00e9xico","robots":{"index":"index","follow":"follow","max-snippet":"max-snippet:-1","max-image-preview":"max-image-preview:large","max-video-preview":"max-video-preview:-1"},"canonical":"https:\/\/www.tecdmx.org.mx\/index.php\/comunicados\/2020\/04\/20\/amplia-tecdmx-suspension-de-actividades-jurisdiccionales-y-administrativas-hasta-el-5-de-mayo\/","og_locale":"es_ES","og_type":"article","og_title":"Ampl\u00eda TECDMX suspensi\u00f3n de actividades jurisdiccionales y administrativas hasta el 5 de mayo - Tribunal Electoral de la Ciudad de M\u00e9xico","og_description":"El pasado 24 de marzo, el Pleno del TECDMX acord\u00f3 la suspensi\u00f3n del 27 de marzo al 19 de abril de 2020. Debido a que la contingencia sanitaria por COVID-19 [&hellip;]","og_url":"https:\/\/www.tecdmx.org.mx\/index.php\/comunicados\/2020\/04\/20\/amplia-tecdmx-suspension-de-actividades-jurisdiccionales-y-administrativas-hasta-el-5-de-mayo\/","og_site_name":"Tribunal Electoral de la Ciudad de M\u00e9xico","article_publisher":"https:\/\/www.facebook.com\/TECDMX\/","article_published_time":"2020-04-21T04:33:46+00:00","article_modified_time":"2020-09-09T16:14:12+00:00","og_image":[{"width":2247,"height":1277,"url":"https:\/\/www.tecdmx.org.mx\/wp-content\/uploads\/2018\/07\/COMUNICADO.jpg","type":"image\/jpeg"}],"author":"Difusion2025","twitter_card":"summary_large_image","twitter_creator":"@tecdmx","twitter_site":"@tecdmx","twitter_misc":{"Escrito por":"Difusion2025","Tiempo de lectura":"1 minuto"},"schema":{"@context":"https:\/\/schema.org","@graph":[{"@type":"WebPage","@id":"https:\/\/www.tecdmx.org.mx\/index.php\/comunicados\/2020\/04\/20\/amplia-tecdmx-suspension-de-actividades-jurisdiccionales-y-administrativas-hasta-el-5-de-mayo\/","url":"https:\/\/www.tecdmx.org.mx\/index.php\/comunicados\/2020\/04\/20\/amplia-tecdmx-suspension-de-actividades-jurisdiccionales-y-administrativas-hasta-el-5-de-mayo\/","name":"Ampl\u00eda TECDMX suspensi\u00f3n de actividades jurisdiccionales y administrativas hasta el 5 de mayo - Tribunal Electoral de la Ciudad de M\u00e9xico","isPartOf":{"@id":"https:\/\/www.tecdmx.org.mx\/#website"},"primaryImageOfPage":{"@id":"https:\/\/www.tecdmx.org.mx\/index.php\/comunicados\/2020\/04\/20\/amplia-tecdmx-suspension-de-actividades-jurisdiccionales-y-administrativas-hasta-el-5-de-mayo\/#primaryimage"},"image":{"@id":"https:\/\/www.tecdmx.org.mx\/index.php\/comunicados\/2020\/04\/20\/amplia-tecdmx-suspension-de-actividades-jurisdiccionales-y-administrativas-hasta-el-5-de-mayo\/#primaryimage"},"thumbnailUrl":"https:\/\/www.tecdmx.org.mx\/wp-content\/uploads\/2018\/07\/COMUNICADO.jpg","datePublished":"2020-04-21T04:33:46+00:00","dateModified":"2020-09-09T16:14:12+00:00","author":{"@id":"https:\/\/www.tecdmx.org.mx\/#\/schema\/person\/208c898199fb3234203823c5f0cf31d6"},"breadcrumb":{"@id":"https:\/\/www.tecdmx.org.mx\/index.php\/comunicados\/2020\/04\/20\/amplia-tecdmx-suspension-de-actividades-jurisdiccionales-y-administrativas-hasta-el-5-de-mayo\/#breadcrumb"},"inLanguage":"es","potentialAction":[{"@type":"ReadAction","target":["https:\/\/www.tecdmx.org.mx\/index.php\/comunicados\/2020\/04\/20\/amplia-tecdmx-suspension-de-actividades-jurisdiccionales-y-administrativas-hasta-el-5-de-mayo\/"]}]},{"@type":"ImageObject","inLanguage":"es","@id":"https:\/\/www.tecdmx.org.mx\/index.php\/comunicados\/2020\/04\/20\/amplia-tecdmx-suspension-de-actividades-jurisdiccionales-y-administrativas-hasta-el-5-de-mayo\/#primaryimage","url":"https:\/\/www.tecdmx.org.mx\/wp-content\/uploads\/2018\/07\/COMUNICADO.jpg","contentUrl":"https:\/\/www.tecdmx.org.mx\/wp-content\/uploads\/2018\/07\/COMUNICADO.jpg","width":2247,"height":1277},{"@type":"BreadcrumbList","@id":"https:\/\/www.tecdmx.org.mx\/index.php\/comunicados\/2020\/04\/20\/amplia-tecdmx-suspension-de-actividades-jurisdiccionales-y-administrativas-hasta-el-5-de-mayo\/#breadcrumb","itemListElement":[{"@type":"ListItem","position":1,"name":"Portada","item":"https:\/\/www.tecdmx.org.mx\/"},{"@type":"ListItem","position":2,"name":"Ampl\u00eda TECDMX suspensi\u00f3n de actividades jurisdiccionales y administrativas hasta el 5 de mayo"}]},{"@type":"WebSite","@id":"https:\/\/www.tecdmx.org.mx\/#website","url":"https:\/\/www.tecdmx.org.mx\/","name":"Tribunal Electoral de la Ciudad de M\u00e9xico","description":"25 a\u00f1os garantizando justicia en tu elecci\u00f3n","potentialAction":[{"@type":"SearchAction","target":{"@type":"EntryPoint","urlTemplate":"https:\/\/www.tecdmx.org.mx\/?s={search_term_string}"},"query-input":"required name=search_term_string"}],"inLanguage":"es"},{"@type":"Person","@id":"https:\/\/www.tecdmx.org.mx\/#\/schema\/person\/208c898199fb3234203823c5f0cf31d6","name":"Difusion2025","image":{"@type":"ImageObject","inLanguage":"es","@id":"https:\/\/www.tecdmx.org.mx\/#\/schema\/person\/image\/","url":"https:\/\/secure.gravatar.com\/avatar\/6f7a4ba3acb418040e90a2eb99b5df28?s=96&d=mm&r=g","contentUrl":"https:\/\/secure.gravatar.com\/avatar\/6f7a4ba3acb418040e90a2eb99b5df28?s=96&d=mm&r=g","caption":"Difusion2025"}}]}},"_links":{"self":[{"href":"https:\/\/www.tecdmx.org.mx\/index.php\/wp-json\/wp\/v2\/posts\/19835"}],"collection":[{"href":"https:\/\/www.tecdmx.org.mx\/index.php\/wp-json\/wp\/v2\/posts"}],"about":[{"href":"https:\/\/www.tecdmx.org.mx\/index.php\/wp-json\/wp\/v2\/types\/post"}],"author":[{"embeddable":true,"href":"https:\/\/www.tecdmx.org.mx\/index.php\/wp-json\/wp\/v2\/users\/13"}],"replies":[{"embeddable":true,"href":"https:\/\/www.tecdmx.org.mx\/index.php\/wp-json\/wp\/v2\/comments?post=19835"}],"version-history":[{"count":2,"href":"https:\/\/www.tecdmx.org.mx\/index.php\/wp-json\/wp\/v2\/posts\/19835\/revisions"}],"predecessor-version":[{"id":25205,"href":"https:\/\/www.tecdmx.org.mx\/index.php\/wp-json\/wp\/v2\/posts\/19835\/revisions\/25205"}],"wp:featuredmedia":[{"embeddable":true,"href":"https:\/\/www.tecdmx.org.mx\/index.php\/wp-json\/wp\/v2\/media\/3208"}],"wp:attachment":[{"href":"https:\/\/www.tecdmx.org.mx\/index.php\/wp-json\/wp\/v2\/media?parent=19835"}],"wp:term":[{"taxonomy":"category","embeddable":true,"href":"https:\/\/www.tecdmx.org.mx\/index.php\/wp-json\/wp\/v2\/categories?post=19835"},{"taxonomy":"post_tag","embeddable":true,"href":"https:\/\/www.tecdmx.org.mx\/index.php\/wp-json\/wp\/v2\/tags?post=19835"}],"curies":[{"name":"wp","href":"https:\/\/api.w.org\/{rel}","templated":true}]}}