{"id":19998,"date":"2020-04-30T21:34:57","date_gmt":"2020-05-01T02:34:57","guid":{"rendered":"https:\/\/www.tecdmx.org.mx\/?p=19998"},"modified":"2020-09-09T11:10:59","modified_gmt":"2020-09-09T16:10:59","slug":"aviso-publico-segunda-ampliacion-de-suspension-de-actividades","status":"publish","type":"post","link":"https:\/\/www.tecdmx.org.mx\/index.php\/destacados\/2020\/04\/30\/aviso-publico-segunda-ampliacion-de-suspension-de-actividades\/","title":{"rendered":"AVISO P\u00daBLICO: Segunda  ampliaci\u00f3n de suspensi\u00f3n de actividades"},"content":{"rendered":"\n<figure class=\"wp-block-image size-large\"><img loading=\"lazy\" decoding=\"async\" width=\"757\" height=\"350\" src=\"https:\/\/www.tecdmx.org.mx\/wp-content\/uploads\/2020\/04\/aviso-captura-757x350.png\" alt=\"\" class=\"wp-image-19818\" srcset=\"https:\/\/www.tecdmx.org.mx\/wp-content\/uploads\/2020\/04\/aviso-captura-446x206.png 446w, https:\/\/www.tecdmx.org.mx\/wp-content\/uploads\/2020\/04\/aviso-captura-757x350.png 757w, https:\/\/www.tecdmx.org.mx\/wp-content\/uploads\/2020\/04\/aviso-captura-768x355.png 768w, https:\/\/www.tecdmx.org.mx\/wp-content\/uploads\/2020\/04\/aviso-captura.png 1004w\" sizes=\"(max-width: 757px) 100vw, 757px\" \/><\/figure>\n\n\n\n<p class=\"has-text-color has-very-dark-gray-color\">Pablo Francisco Hern\u00e1ndez Hern\u00e1ndez, Secretario General del Tribunal Electoral de la Ciudad de M\u00e9xico, con fundamento en lo establecido por los art\u00edculos 204 fracci\u00f3n XV del C\u00f3digo de Instituciones y Procedimientos Electorales de la Ciudad de M\u00e9xico y 26 fracci\u00f3n XIII del Reglamento Interior de esta instituci\u00f3n, as\u00ed como en cumplimiento del punto CUARTO y la parte considerativa del Acuerdo Plenario n\u00famero 006\/2020 aprobado por el Pleno de este \u00d3rgano Jurisdiccional el veintinueve de abril de dos mil veinte, <a><strong>HAGO DEL CONOCIMIENTO P\u00daBLICO<\/strong><\/a> que al subsistir la emergencia derivada de la epidemia por COVID-19, que motiv\u00f3 la suspensi\u00f3n de actividades determinada mediante Acuerdos del Pleno 004\/2020 y 005\/2020 y al declararse el inicio de la fase 3 de dicha epidemia, no hay condiciones para reanudar las actividades jurisdiccionales y administrativas de este Tribunal Electoral.<\/p>\n\n\n\n<p class=\"has-text-color has-very-dark-gray-color\">Por lo que se ampl\u00eda la suspensi\u00f3n del seis al treinta y uno de mayo de este a\u00f1o. Consecuentemente, las labores se reanudar\u00e1n el primero de junio siguiente, salvo que la evoluci\u00f3n de la referida emergencia sanitaria no lo permita.<\/p>\n\n\n\n<p class=\"has-text-color has-very-dark-gray-color\">Esta decisi\u00f3n aplica para todas las \u00e1reas del Tribunal y es extensiva a las actividades de la Contralor\u00eda Interna, la Coordinaci\u00f3n de Transparencia y Datos Personales, y la Defensor\u00eda P\u00fablica de Participaci\u00f3n Ciudadana y Procedimientos Democr\u00e1ticos.<\/p>\n\n\n\n<p class=\"has-text-color has-very-dark-gray-color\">En esos d\u00edas no correr\u00e1n plazos procesales, por lo que no se recibir\u00e1n medios de impugnaci\u00f3n, promociones o documentos. Tampoco podr\u00e1n celebrarse audiencias programadas, Sesiones P\u00fablicas ni Reuniones Privadas del Pleno, as\u00ed como ordenarse el desahogo de diligencia alguna. En el entendido de que una vez que se reanuden las actividades se resolver\u00e1n las controversias que han sido sometidas a conocimiento de esta autoridad. <\/p>\n\n\n\n<p class=\"has-text-color has-very-dark-gray-color\"><a>La ampliaci\u00f3n decretada no afecta los derechos laborales de las personas servidoras p\u00fablicas de este \u00d3rgano Jurisdiccional. <\/a><\/p>\n\n\n\n<p>Ciudad de M\u00e9xico, a treinta de abril de abril de dos mil veinte. <\/p>\n\n\n\n<p><strong>DOY FE<\/strong>. <\/p>\n","protected":false},"excerpt":{"rendered":"<p>Pablo Francisco Hern\u00e1ndez Hern\u00e1ndez, Secretario General del Tribunal Electoral de la Ciudad de M\u00e9xico, con fundamento en lo establecido por los art\u00edculos 204 fracci\u00f3n XV del C\u00f3digo de Instituciones y [&hellip;]<\/p>\n","protected":false},"author":13,"featured_media":19818,"comment_status":"open","ping_status":"open","sticky":false,"template":"","format":"standard","meta":{"_acf_changed":false,"_exactmetrics_skip_tracking":false,"_exactmetrics_sitenote_active":false,"_exactmetrics_sitenote_note":"","_exactmetrics_sitenote_category":0,"footnotes":""},"categories":[34,66,47],"tags":[],"acf":[],"yoast_head":"<!-- This site is optimized with the Yoast SEO plugin v22.3 - https:\/\/yoast.com\/wordpress\/plugins\/seo\/ -->\n<title>AVISO P\u00daBLICO: Segunda ampliaci\u00f3n de suspensi\u00f3n de actividades - Tribunal Electoral de la Ciudad de M\u00e9xico<\/title>\n<meta name=\"robots\" content=\"index, follow, max-snippet:-1, max-image-preview:large, max-video-preview:-1\" \/>\n<link rel=\"canonical\" href=\"https:\/\/www.tecdmx.org.mx\/index.php\/destacados\/2020\/04\/30\/aviso-publico-segunda-ampliacion-de-suspension-de-actividades\/\" \/>\n<meta property=\"og:locale\" content=\"es_ES\" \/>\n<meta property=\"og:type\" content=\"article\" \/>\n<meta property=\"og:title\" content=\"AVISO P\u00daBLICO: Segunda ampliaci\u00f3n de suspensi\u00f3n de actividades - Tribunal Electoral de la Ciudad de M\u00e9xico\" \/>\n<meta property=\"og:description\" content=\"Pablo Francisco Hern\u00e1ndez Hern\u00e1ndez, Secretario General del Tribunal Electoral de la Ciudad de M\u00e9xico, con fundamento en lo establecido por los art\u00edculos 204 fracci\u00f3n XV del C\u00f3digo de Instituciones y [&hellip;]\" \/>\n<meta property=\"og:url\" content=\"https:\/\/www.tecdmx.org.mx\/index.php\/destacados\/2020\/04\/30\/aviso-publico-segunda-ampliacion-de-suspension-de-actividades\/\" \/>\n<meta property=\"og:site_name\" content=\"Tribunal Electoral de la Ciudad de M\u00e9xico\" \/>\n<meta property=\"article:publisher\" content=\"https:\/\/www.facebook.com\/TECDMX\/\" \/>\n<meta property=\"article:published_time\" content=\"2020-05-01T02:34:57+00:00\" \/>\n<meta property=\"article:modified_time\" content=\"2020-09-09T16:10:59+00:00\" \/>\n<meta property=\"og:image\" content=\"https:\/\/www.tecdmx.org.mx\/wp-content\/uploads\/2020\/04\/aviso-captura.png\" \/>\n\t<meta property=\"og:image:width\" content=\"1004\" \/>\n\t<meta property=\"og:image:height\" content=\"464\" \/>\n\t<meta property=\"og:image:type\" content=\"image\/png\" \/>\n<meta name=\"author\" content=\"Difusion2025\" \/>\n<meta name=\"twitter:card\" content=\"summary_large_image\" \/>\n<meta name=\"twitter:creator\" content=\"@tecdmx\" \/>\n<meta name=\"twitter:site\" content=\"@tecdmx\" \/>\n<meta name=\"twitter:label1\" content=\"Escrito por\" \/>\n\t<meta name=\"twitter:data1\" content=\"Difusion2025\" \/>\n\t<meta name=\"twitter:label2\" content=\"Tiempo de lectura\" \/>\n\t<meta name=\"twitter:data2\" content=\"2 minutos\" \/>\n<script type=\"application\/ld+json\" class=\"yoast-schema-graph\">{\"@context\":\"https:\/\/schema.org\",\"@graph\":[{\"@type\":\"WebPage\",\"@id\":\"https:\/\/www.tecdmx.org.mx\/index.php\/destacados\/2020\/04\/30\/aviso-publico-segunda-ampliacion-de-suspension-de-actividades\/\",\"url\":\"https:\/\/www.tecdmx.org.mx\/index.php\/destacados\/2020\/04\/30\/aviso-publico-segunda-ampliacion-de-suspension-de-actividades\/\",\"name\":\"AVISO P\u00daBLICO: Segunda ampliaci\u00f3n de suspensi\u00f3n de actividades - Tribunal Electoral de la Ciudad de M\u00e9xico\",\"isPartOf\":{\"@id\":\"https:\/\/www.tecdmx.org.mx\/#website\"},\"primaryImageOfPage\":{\"@id\":\"https:\/\/www.tecdmx.org.mx\/index.php\/destacados\/2020\/04\/30\/aviso-publico-segunda-ampliacion-de-suspension-de-actividades\/#primaryimage\"},\"image\":{\"@id\":\"https:\/\/www.tecdmx.org.mx\/index.php\/destacados\/2020\/04\/30\/aviso-publico-segunda-ampliacion-de-suspension-de-actividades\/#primaryimage\"},\"thumbnailUrl\":\"https:\/\/www.tecdmx.org.mx\/wp-content\/uploads\/2020\/04\/aviso-captura.png\",\"datePublished\":\"2020-05-01T02:34:57+00:00\",\"dateModified\":\"2020-09-09T16:10:59+00:00\",\"author\":{\"@id\":\"https:\/\/www.tecdmx.org.mx\/#\/schema\/person\/208c898199fb3234203823c5f0cf31d6\"},\"breadcrumb\":{\"@id\":\"https:\/\/www.tecdmx.org.mx\/index.php\/destacados\/2020\/04\/30\/aviso-publico-segunda-ampliacion-de-suspension-de-actividades\/#breadcrumb\"},\"inLanguage\":\"es\",\"potentialAction\":[{\"@type\":\"ReadAction\",\"target\":[\"https:\/\/www.tecdmx.org.mx\/index.php\/destacados\/2020\/04\/30\/aviso-publico-segunda-ampliacion-de-suspension-de-actividades\/\"]}]},{\"@type\":\"ImageObject\",\"inLanguage\":\"es\",\"@id\":\"https:\/\/www.tecdmx.org.mx\/index.php\/destacados\/2020\/04\/30\/aviso-publico-segunda-ampliacion-de-suspension-de-actividades\/#primaryimage\",\"url\":\"https:\/\/www.tecdmx.org.mx\/wp-content\/uploads\/2020\/04\/aviso-captura.png\",\"contentUrl\":\"https:\/\/www.tecdmx.org.mx\/wp-content\/uploads\/2020\/04\/aviso-captura.png\",\"width\":1004,\"height\":464},{\"@type\":\"BreadcrumbList\",\"@id\":\"https:\/\/www.tecdmx.org.mx\/index.php\/destacados\/2020\/04\/30\/aviso-publico-segunda-ampliacion-de-suspension-de-actividades\/#breadcrumb\",\"itemListElement\":[{\"@type\":\"ListItem\",\"position\":1,\"name\":\"Portada\",\"item\":\"https:\/\/www.tecdmx.org.mx\/\"},{\"@type\":\"ListItem\",\"position\":2,\"name\":\"AVISO P\u00daBLICO: Segunda ampliaci\u00f3n de suspensi\u00f3n de actividades\"}]},{\"@type\":\"WebSite\",\"@id\":\"https:\/\/www.tecdmx.org.mx\/#website\",\"url\":\"https:\/\/www.tecdmx.org.mx\/\",\"name\":\"Tribunal Electoral de la Ciudad de M\u00e9xico\",\"description\":\"25 a\u00f1os garantizando justicia en tu elecci\u00f3n\",\"potentialAction\":[{\"@type\":\"SearchAction\",\"target\":{\"@type\":\"EntryPoint\",\"urlTemplate\":\"https:\/\/www.tecdmx.org.mx\/?s={search_term_string}\"},\"query-input\":\"required name=search_term_string\"}],\"inLanguage\":\"es\"},{\"@type\":\"Person\",\"@id\":\"https:\/\/www.tecdmx.org.mx\/#\/schema\/person\/208c898199fb3234203823c5f0cf31d6\",\"name\":\"Difusion2025\",\"image\":{\"@type\":\"ImageObject\",\"inLanguage\":\"es\",\"@id\":\"https:\/\/www.tecdmx.org.mx\/#\/schema\/person\/image\/\",\"url\":\"https:\/\/secure.gravatar.com\/avatar\/6f7a4ba3acb418040e90a2eb99b5df28?s=96&d=mm&r=g\",\"contentUrl\":\"https:\/\/secure.gravatar.com\/avatar\/6f7a4ba3acb418040e90a2eb99b5df28?s=96&d=mm&r=g\",\"caption\":\"Difusion2025\"}}]}<\/script>\n<!-- \/ Yoast SEO plugin. -->","yoast_head_json":{"title":"AVISO P\u00daBLICO: Segunda ampliaci\u00f3n de suspensi\u00f3n de actividades - Tribunal Electoral de la Ciudad de M\u00e9xico","robots":{"index":"index","follow":"follow","max-snippet":"max-snippet:-1","max-image-preview":"max-image-preview:large","max-video-preview":"max-video-preview:-1"},"canonical":"https:\/\/www.tecdmx.org.mx\/index.php\/destacados\/2020\/04\/30\/aviso-publico-segunda-ampliacion-de-suspension-de-actividades\/","og_locale":"es_ES","og_type":"article","og_title":"AVISO P\u00daBLICO: Segunda ampliaci\u00f3n de suspensi\u00f3n de actividades - Tribunal Electoral de la Ciudad de M\u00e9xico","og_description":"Pablo Francisco Hern\u00e1ndez Hern\u00e1ndez, Secretario General del Tribunal Electoral de la Ciudad de M\u00e9xico, con fundamento en lo establecido por los art\u00edculos 204 fracci\u00f3n XV del C\u00f3digo de Instituciones y [&hellip;]","og_url":"https:\/\/www.tecdmx.org.mx\/index.php\/destacados\/2020\/04\/30\/aviso-publico-segunda-ampliacion-de-suspension-de-actividades\/","og_site_name":"Tribunal Electoral de la Ciudad de M\u00e9xico","article_publisher":"https:\/\/www.facebook.com\/TECDMX\/","article_published_time":"2020-05-01T02:34:57+00:00","article_modified_time":"2020-09-09T16:10:59+00:00","og_image":[{"width":1004,"height":464,"url":"https:\/\/www.tecdmx.org.mx\/wp-content\/uploads\/2020\/04\/aviso-captura.png","type":"image\/png"}],"author":"Difusion2025","twitter_card":"summary_large_image","twitter_creator":"@tecdmx","twitter_site":"@tecdmx","twitter_misc":{"Escrito por":"Difusion2025","Tiempo de lectura":"2 minutos"},"schema":{"@context":"https:\/\/schema.org","@graph":[{"@type":"WebPage","@id":"https:\/\/www.tecdmx.org.mx\/index.php\/destacados\/2020\/04\/30\/aviso-publico-segunda-ampliacion-de-suspension-de-actividades\/","url":"https:\/\/www.tecdmx.org.mx\/index.php\/destacados\/2020\/04\/30\/aviso-publico-segunda-ampliacion-de-suspension-de-actividades\/","name":"AVISO P\u00daBLICO: Segunda ampliaci\u00f3n de suspensi\u00f3n de actividades - Tribunal Electoral de la Ciudad de M\u00e9xico","isPartOf":{"@id":"https:\/\/www.tecdmx.org.mx\/#website"},"primaryImageOfPage":{"@id":"https:\/\/www.tecdmx.org.mx\/index.php\/destacados\/2020\/04\/30\/aviso-publico-segunda-ampliacion-de-suspension-de-actividades\/#primaryimage"},"image":{"@id":"https:\/\/www.tecdmx.org.mx\/index.php\/destacados\/2020\/04\/30\/aviso-publico-segunda-ampliacion-de-suspension-de-actividades\/#primaryimage"},"thumbnailUrl":"https:\/\/www.tecdmx.org.mx\/wp-content\/uploads\/2020\/04\/aviso-captura.png","datePublished":"2020-05-01T02:34:57+00:00","dateModified":"2020-09-09T16:10:59+00:00","author":{"@id":"https:\/\/www.tecdmx.org.mx\/#\/schema\/person\/208c898199fb3234203823c5f0cf31d6"},"breadcrumb":{"@id":"https:\/\/www.tecdmx.org.mx\/index.php\/destacados\/2020\/04\/30\/aviso-publico-segunda-ampliacion-de-suspension-de-actividades\/#breadcrumb"},"inLanguage":"es","potentialAction":[{"@type":"ReadAction","target":["https:\/\/www.tecdmx.org.mx\/index.php\/destacados\/2020\/04\/30\/aviso-publico-segunda-ampliacion-de-suspension-de-actividades\/"]}]},{"@type":"ImageObject","inLanguage":"es","@id":"https:\/\/www.tecdmx.org.mx\/index.php\/destacados\/2020\/04\/30\/aviso-publico-segunda-ampliacion-de-suspension-de-actividades\/#primaryimage","url":"https:\/\/www.tecdmx.org.mx\/wp-content\/uploads\/2020\/04\/aviso-captura.png","contentUrl":"https:\/\/www.tecdmx.org.mx\/wp-content\/uploads\/2020\/04\/aviso-captura.png","width":1004,"height":464},{"@type":"BreadcrumbList","@id":"https:\/\/www.tecdmx.org.mx\/index.php\/destacados\/2020\/04\/30\/aviso-publico-segunda-ampliacion-de-suspension-de-actividades\/#breadcrumb","itemListElement":[{"@type":"ListItem","position":1,"name":"Portada","item":"https:\/\/www.tecdmx.org.mx\/"},{"@type":"ListItem","position":2,"name":"AVISO P\u00daBLICO: Segunda ampliaci\u00f3n de suspensi\u00f3n de actividades"}]},{"@type":"WebSite","@id":"https:\/\/www.tecdmx.org.mx\/#website","url":"https:\/\/www.tecdmx.org.mx\/","name":"Tribunal Electoral de la Ciudad de M\u00e9xico","description":"25 a\u00f1os garantizando justicia en tu elecci\u00f3n","potentialAction":[{"@type":"SearchAction","target":{"@type":"EntryPoint","urlTemplate":"https:\/\/www.tecdmx.org.mx\/?s={search_term_string}"},"query-input":"required name=search_term_string"}],"inLanguage":"es"},{"@type":"Person","@id":"https:\/\/www.tecdmx.org.mx\/#\/schema\/person\/208c898199fb3234203823c5f0cf31d6","name":"Difusion2025","image":{"@type":"ImageObject","inLanguage":"es","@id":"https:\/\/www.tecdmx.org.mx\/#\/schema\/person\/image\/","url":"https:\/\/secure.gravatar.com\/avatar\/6f7a4ba3acb418040e90a2eb99b5df28?s=96&d=mm&r=g","contentUrl":"https:\/\/secure.gravatar.com\/avatar\/6f7a4ba3acb418040e90a2eb99b5df28?s=96&d=mm&r=g","caption":"Difusion2025"}}]}},"_links":{"self":[{"href":"https:\/\/www.tecdmx.org.mx\/index.php\/wp-json\/wp\/v2\/posts\/19998"}],"collection":[{"href":"https:\/\/www.tecdmx.org.mx\/index.php\/wp-json\/wp\/v2\/posts"}],"about":[{"href":"https:\/\/www.tecdmx.org.mx\/index.php\/wp-json\/wp\/v2\/types\/post"}],"author":[{"embeddable":true,"href":"https:\/\/www.tecdmx.org.mx\/index.php\/wp-json\/wp\/v2\/users\/13"}],"replies":[{"embeddable":true,"href":"https:\/\/www.tecdmx.org.mx\/index.php\/wp-json\/wp\/v2\/comments?post=19998"}],"version-history":[{"count":8,"href":"https:\/\/www.tecdmx.org.mx\/index.php\/wp-json\/wp\/v2\/posts\/19998\/revisions"}],"predecessor-version":[{"id":20007,"href":"https:\/\/www.tecdmx.org.mx\/index.php\/wp-json\/wp\/v2\/posts\/19998\/revisions\/20007"}],"wp:featuredmedia":[{"embeddable":true,"href":"https:\/\/www.tecdmx.org.mx\/index.php\/wp-json\/wp\/v2\/media\/19818"}],"wp:attachment":[{"href":"https:\/\/www.tecdmx.org.mx\/index.php\/wp-json\/wp\/v2\/media?parent=19998"}],"wp:term":[{"taxonomy":"category","embeddable":true,"href":"https:\/\/www.tecdmx.org.mx\/index.php\/wp-json\/wp\/v2\/categories?post=19998"},{"taxonomy":"post_tag","embeddable":true,"href":"https:\/\/www.tecdmx.org.mx\/index.php\/wp-json\/wp\/v2\/tags?post=19998"}],"curies":[{"name":"wp","href":"https:\/\/api.w.org\/{rel}","templated":true}]}}