{"id":20041,"date":"2020-05-15T16:47:02","date_gmt":"2020-05-15T16:47:02","guid":{"rendered":"https:\/\/www.tecdmx.org.mx\/?p=20041"},"modified":"2020-05-15T16:48:13","modified_gmt":"2020-05-15T16:48:13","slug":"participan-magistradas-del-tecdmx-en-foro-sobre-ley-de-paridad-y-violencia-politica-contra-las-mujeres","status":"publish","type":"post","link":"https:\/\/www.tecdmx.org.mx\/index.php\/comunicados\/2020\/05\/15\/participan-magistradas-del-tecdmx-en-foro-sobre-ley-de-paridad-y-violencia-politica-contra-las-mujeres\/","title":{"rendered":"Participan Magistradas del TECDMX en Foro sobre Ley de Paridad y violencia pol\u00edtica contra las mujeres"},"content":{"rendered":"\n<p><strong>Bolet\u00edn N\u00ba 31<\/strong><\/p>\n\n\n\n<p>Ciudad de M\u00e9xico, a 14 de mayo de 2020<\/p>\n\n\n\n<p><\/p>\n\n\n\n<ul><li>El encuentro fue denominado \u201cLas\nreformas las construimos todas\u201d y fue convocado por el colectivo \u201cMujeres en\nPlural\u201d, reuniendo a m\u00e1s de 300 personas.<\/li><\/ul>\n\n\n\n<p>Las Magistradas del Tribunal Electoral de la Ciudad de\nM\u00e9xico (TECDMX), M. Alejandra Ch\u00e1vez Camarena y Martha Leticia Mercado Ram\u00edrez,\nparticiparon en el Foro \u201cLas reformas las construimos todas\u201d, el cual fue\nconvocado por Mujeres en Plural y coordinado por la Magistrada del Tribunal\nElectoral del Poder Judicial de la Federaci\u00f3n (TEPJF), M\u00f3nica Aral\u00ed Soto\nFregoso, y la Consejera Electoral de la Comisi\u00f3n Estatal de Nuevo Le\u00f3n, Miriam\nHinojosa Dieck, para abordar la armonizaci\u00f3n legislativa de la reformas en\nmateria de paridad y violencia pol\u00edtica contra las mujeres en todo el pa\u00eds.<\/p>\n\n\n\n<p>El encuentro, que continuar\u00e1 el pr\u00f3ximo martes 19 de\nmayo, abord\u00f3 tem\u00e1ticas como el camino hacia la igualdad y las negociaciones que\nse dieron para llevar a cabo las reformas en el Congreso; las reformas en\nmateria de violencia pol\u00edtica contra las mujeres por raz\u00f3n de genero; as\u00ed como\nla estrategia y gesti\u00f3n para implementar las reformas en materia de paridad en\nlas Entidades Federativas.<\/p>\n\n\n\n<p>La nueva realidad sobre el acceso de las mujeres al\nespacio pol\u00edtico y democr\u00e1tico de nuestro pa\u00eds debe tener como estandarte una\nvida libre de violencia y sin discriminaci\u00f3n. Es por ello que este tipo de\nencuentros resultan fundamentales para compartir experiencias sobre la\nsituaci\u00f3n en cada entidad e instituci\u00f3n.<\/p>\n\n\n\n<p>El trabajo coordinado entre instituciones, tanto a nivel\nfederal como local, garantizar\u00e1 que la implementaci\u00f3n y ejecuci\u00f3n de las\nreformas en materia de paridad sean una realidad que beneficie el pleno\nejercicio de los derechos de las mujeres, incluidos los pol\u00edtico-electorales.<\/p>\n\n\n\n<p>La grave crisis de violencia contra las mujeres en\nnuestro pa\u00eds, especialmente en esta contingencia en donde las llamadas para\nreportar violencia durante el primer trimestre del a\u00f1o, superan las 67 mil, lo\ncual obliga al an\u00e1lisis interinstitucional e interdisciplinario de este\nflagelo, as\u00ed como a la generaci\u00f3n de estrategias que permitan su erradicaci\u00f3n.<\/p>\n\n\n\n<p>Este foro contar\u00e1 con participaciones y ponencias de\nmujeres integrantes de la Suprema Corte de Justicia de la Naci\u00f3n, el Tribunal\nElectoral del Poder Judicial de la Federaci\u00f3n, el Congreso de la Uni\u00f3n,\nConsejeras Electorales, Magistradas Electorales, Organizaciones de la Sociedad\nCivil, la academia y expertas en g\u00e9nero.<\/p>\n\n\n\n<p class=\"has-text-align-center\"><strong>o-O-o<\/strong><\/p>\n","protected":false},"excerpt":{"rendered":"<p>Bolet\u00edn N\u00ba 31 Ciudad de M\u00e9xico, a 14 de mayo de 2020 El encuentro fue denominado \u201cLas reformas las construimos todas\u201d y fue convocado por el colectivo \u201cMujeres en Plural\u201d, [&hellip;]<\/p>\n","protected":false},"author":13,"featured_media":3208,"comment_status":"open","ping_status":"open","sticky":false,"template":"","format":"standard","meta":{"_acf_changed":false,"_exactmetrics_skip_tracking":false,"_exactmetrics_sitenote_active":false,"_exactmetrics_sitenote_note":"","_exactmetrics_sitenote_category":0,"footnotes":""},"categories":[32,47],"tags":[],"acf":[],"yoast_head":"<!-- This site is optimized with the Yoast SEO plugin v22.3 - https:\/\/yoast.com\/wordpress\/plugins\/seo\/ -->\n<title>Participan Magistradas del TECDMX en Foro sobre Ley de Paridad y violencia pol\u00edtica contra las mujeres - Tribunal Electoral de la Ciudad de M\u00e9xico<\/title>\n<meta name=\"robots\" content=\"index, follow, max-snippet:-1, max-image-preview:large, max-video-preview:-1\" \/>\n<link rel=\"canonical\" href=\"https:\/\/www.tecdmx.org.mx\/index.php\/comunicados\/2020\/05\/15\/participan-magistradas-del-tecdmx-en-foro-sobre-ley-de-paridad-y-violencia-politica-contra-las-mujeres\/\" \/>\n<meta property=\"og:locale\" content=\"es_ES\" \/>\n<meta property=\"og:type\" content=\"article\" \/>\n<meta property=\"og:title\" content=\"Participan Magistradas del TECDMX en Foro sobre Ley de Paridad y violencia pol\u00edtica contra las mujeres - Tribunal Electoral de la Ciudad de M\u00e9xico\" \/>\n<meta property=\"og:description\" content=\"Bolet\u00edn N\u00ba 31 Ciudad de M\u00e9xico, a 14 de mayo de 2020 El encuentro fue denominado \u201cLas reformas las construimos todas\u201d y fue convocado por el colectivo \u201cMujeres en Plural\u201d, [&hellip;]\" \/>\n<meta property=\"og:url\" content=\"https:\/\/www.tecdmx.org.mx\/index.php\/comunicados\/2020\/05\/15\/participan-magistradas-del-tecdmx-en-foro-sobre-ley-de-paridad-y-violencia-politica-contra-las-mujeres\/\" \/>\n<meta property=\"og:site_name\" content=\"Tribunal Electoral de la Ciudad de M\u00e9xico\" \/>\n<meta property=\"article:publisher\" content=\"https:\/\/www.facebook.com\/TECDMX\/\" \/>\n<meta property=\"article:published_time\" content=\"2020-05-15T16:47:02+00:00\" \/>\n<meta property=\"article:modified_time\" content=\"2020-05-15T16:48:13+00:00\" \/>\n<meta property=\"og:image\" content=\"https:\/\/www.tecdmx.org.mx\/wp-content\/uploads\/2018\/07\/COMUNICADO.jpg\" \/>\n\t<meta property=\"og:image:width\" content=\"2247\" \/>\n\t<meta property=\"og:image:height\" content=\"1277\" \/>\n\t<meta property=\"og:image:type\" content=\"image\/jpeg\" \/>\n<meta name=\"author\" content=\"Difusion2025\" \/>\n<meta name=\"twitter:card\" content=\"summary_large_image\" \/>\n<meta name=\"twitter:creator\" content=\"@tecdmx\" \/>\n<meta name=\"twitter:site\" content=\"@tecdmx\" \/>\n<meta name=\"twitter:label1\" content=\"Escrito por\" \/>\n\t<meta name=\"twitter:data1\" content=\"Difusion2025\" \/>\n\t<meta name=\"twitter:label2\" content=\"Tiempo de lectura\" \/>\n\t<meta name=\"twitter:data2\" content=\"2 minutos\" \/>\n<script type=\"application\/ld+json\" class=\"yoast-schema-graph\">{\"@context\":\"https:\/\/schema.org\",\"@graph\":[{\"@type\":\"WebPage\",\"@id\":\"https:\/\/www.tecdmx.org.mx\/index.php\/comunicados\/2020\/05\/15\/participan-magistradas-del-tecdmx-en-foro-sobre-ley-de-paridad-y-violencia-politica-contra-las-mujeres\/\",\"url\":\"https:\/\/www.tecdmx.org.mx\/index.php\/comunicados\/2020\/05\/15\/participan-magistradas-del-tecdmx-en-foro-sobre-ley-de-paridad-y-violencia-politica-contra-las-mujeres\/\",\"name\":\"Participan Magistradas del TECDMX en Foro sobre Ley de Paridad y violencia pol\u00edtica contra las mujeres - Tribunal Electoral de la Ciudad de M\u00e9xico\",\"isPartOf\":{\"@id\":\"https:\/\/www.tecdmx.org.mx\/#website\"},\"primaryImageOfPage\":{\"@id\":\"https:\/\/www.tecdmx.org.mx\/index.php\/comunicados\/2020\/05\/15\/participan-magistradas-del-tecdmx-en-foro-sobre-ley-de-paridad-y-violencia-politica-contra-las-mujeres\/#primaryimage\"},\"image\":{\"@id\":\"https:\/\/www.tecdmx.org.mx\/index.php\/comunicados\/2020\/05\/15\/participan-magistradas-del-tecdmx-en-foro-sobre-ley-de-paridad-y-violencia-politica-contra-las-mujeres\/#primaryimage\"},\"thumbnailUrl\":\"https:\/\/www.tecdmx.org.mx\/wp-content\/uploads\/2018\/07\/COMUNICADO.jpg\",\"datePublished\":\"2020-05-15T16:47:02+00:00\",\"dateModified\":\"2020-05-15T16:48:13+00:00\",\"author\":{\"@id\":\"https:\/\/www.tecdmx.org.mx\/#\/schema\/person\/208c898199fb3234203823c5f0cf31d6\"},\"breadcrumb\":{\"@id\":\"https:\/\/www.tecdmx.org.mx\/index.php\/comunicados\/2020\/05\/15\/participan-magistradas-del-tecdmx-en-foro-sobre-ley-de-paridad-y-violencia-politica-contra-las-mujeres\/#breadcrumb\"},\"inLanguage\":\"es\",\"potentialAction\":[{\"@type\":\"ReadAction\",\"target\":[\"https:\/\/www.tecdmx.org.mx\/index.php\/comunicados\/2020\/05\/15\/participan-magistradas-del-tecdmx-en-foro-sobre-ley-de-paridad-y-violencia-politica-contra-las-mujeres\/\"]}]},{\"@type\":\"ImageObject\",\"inLanguage\":\"es\",\"@id\":\"https:\/\/www.tecdmx.org.mx\/index.php\/comunicados\/2020\/05\/15\/participan-magistradas-del-tecdmx-en-foro-sobre-ley-de-paridad-y-violencia-politica-contra-las-mujeres\/#primaryimage\",\"url\":\"https:\/\/www.tecdmx.org.mx\/wp-content\/uploads\/2018\/07\/COMUNICADO.jpg\",\"contentUrl\":\"https:\/\/www.tecdmx.org.mx\/wp-content\/uploads\/2018\/07\/COMUNICADO.jpg\",\"width\":2247,\"height\":1277},{\"@type\":\"BreadcrumbList\",\"@id\":\"https:\/\/www.tecdmx.org.mx\/index.php\/comunicados\/2020\/05\/15\/participan-magistradas-del-tecdmx-en-foro-sobre-ley-de-paridad-y-violencia-politica-contra-las-mujeres\/#breadcrumb\",\"itemListElement\":[{\"@type\":\"ListItem\",\"position\":1,\"name\":\"Portada\",\"item\":\"https:\/\/www.tecdmx.org.mx\/\"},{\"@type\":\"ListItem\",\"position\":2,\"name\":\"Participan Magistradas del TECDMX en Foro sobre Ley de Paridad y violencia pol\u00edtica contra las mujeres\"}]},{\"@type\":\"WebSite\",\"@id\":\"https:\/\/www.tecdmx.org.mx\/#website\",\"url\":\"https:\/\/www.tecdmx.org.mx\/\",\"name\":\"Tribunal Electoral de la Ciudad de M\u00e9xico\",\"description\":\"25 a\u00f1os garantizando justicia en tu elecci\u00f3n\",\"potentialAction\":[{\"@type\":\"SearchAction\",\"target\":{\"@type\":\"EntryPoint\",\"urlTemplate\":\"https:\/\/www.tecdmx.org.mx\/?s={search_term_string}\"},\"query-input\":\"required name=search_term_string\"}],\"inLanguage\":\"es\"},{\"@type\":\"Person\",\"@id\":\"https:\/\/www.tecdmx.org.mx\/#\/schema\/person\/208c898199fb3234203823c5f0cf31d6\",\"name\":\"Difusion2025\",\"image\":{\"@type\":\"ImageObject\",\"inLanguage\":\"es\",\"@id\":\"https:\/\/www.tecdmx.org.mx\/#\/schema\/person\/image\/\",\"url\":\"https:\/\/secure.gravatar.com\/avatar\/6f7a4ba3acb418040e90a2eb99b5df28?s=96&d=mm&r=g\",\"contentUrl\":\"https:\/\/secure.gravatar.com\/avatar\/6f7a4ba3acb418040e90a2eb99b5df28?s=96&d=mm&r=g\",\"caption\":\"Difusion2025\"}}]}<\/script>\n<!-- \/ Yoast SEO plugin. -->","yoast_head_json":{"title":"Participan Magistradas del TECDMX en Foro sobre Ley de Paridad y violencia pol\u00edtica contra las mujeres - Tribunal Electoral de la Ciudad de M\u00e9xico","robots":{"index":"index","follow":"follow","max-snippet":"max-snippet:-1","max-image-preview":"max-image-preview:large","max-video-preview":"max-video-preview:-1"},"canonical":"https:\/\/www.tecdmx.org.mx\/index.php\/comunicados\/2020\/05\/15\/participan-magistradas-del-tecdmx-en-foro-sobre-ley-de-paridad-y-violencia-politica-contra-las-mujeres\/","og_locale":"es_ES","og_type":"article","og_title":"Participan Magistradas del TECDMX en Foro sobre Ley de Paridad y violencia pol\u00edtica contra las mujeres - Tribunal Electoral de la Ciudad de M\u00e9xico","og_description":"Bolet\u00edn N\u00ba 31 Ciudad de M\u00e9xico, a 14 de mayo de 2020 El encuentro fue denominado \u201cLas reformas las construimos todas\u201d y fue convocado por el colectivo \u201cMujeres en Plural\u201d, [&hellip;]","og_url":"https:\/\/www.tecdmx.org.mx\/index.php\/comunicados\/2020\/05\/15\/participan-magistradas-del-tecdmx-en-foro-sobre-ley-de-paridad-y-violencia-politica-contra-las-mujeres\/","og_site_name":"Tribunal Electoral de la Ciudad de M\u00e9xico","article_publisher":"https:\/\/www.facebook.com\/TECDMX\/","article_published_time":"2020-05-15T16:47:02+00:00","article_modified_time":"2020-05-15T16:48:13+00:00","og_image":[{"width":2247,"height":1277,"url":"https:\/\/www.tecdmx.org.mx\/wp-content\/uploads\/2018\/07\/COMUNICADO.jpg","type":"image\/jpeg"}],"author":"Difusion2025","twitter_card":"summary_large_image","twitter_creator":"@tecdmx","twitter_site":"@tecdmx","twitter_misc":{"Escrito por":"Difusion2025","Tiempo de lectura":"2 minutos"},"schema":{"@context":"https:\/\/schema.org","@graph":[{"@type":"WebPage","@id":"https:\/\/www.tecdmx.org.mx\/index.php\/comunicados\/2020\/05\/15\/participan-magistradas-del-tecdmx-en-foro-sobre-ley-de-paridad-y-violencia-politica-contra-las-mujeres\/","url":"https:\/\/www.tecdmx.org.mx\/index.php\/comunicados\/2020\/05\/15\/participan-magistradas-del-tecdmx-en-foro-sobre-ley-de-paridad-y-violencia-politica-contra-las-mujeres\/","name":"Participan Magistradas del TECDMX en Foro sobre Ley de Paridad y violencia pol\u00edtica contra las mujeres - Tribunal Electoral de la Ciudad de M\u00e9xico","isPartOf":{"@id":"https:\/\/www.tecdmx.org.mx\/#website"},"primaryImageOfPage":{"@id":"https:\/\/www.tecdmx.org.mx\/index.php\/comunicados\/2020\/05\/15\/participan-magistradas-del-tecdmx-en-foro-sobre-ley-de-paridad-y-violencia-politica-contra-las-mujeres\/#primaryimage"},"image":{"@id":"https:\/\/www.tecdmx.org.mx\/index.php\/comunicados\/2020\/05\/15\/participan-magistradas-del-tecdmx-en-foro-sobre-ley-de-paridad-y-violencia-politica-contra-las-mujeres\/#primaryimage"},"thumbnailUrl":"https:\/\/www.tecdmx.org.mx\/wp-content\/uploads\/2018\/07\/COMUNICADO.jpg","datePublished":"2020-05-15T16:47:02+00:00","dateModified":"2020-05-15T16:48:13+00:00","author":{"@id":"https:\/\/www.tecdmx.org.mx\/#\/schema\/person\/208c898199fb3234203823c5f0cf31d6"},"breadcrumb":{"@id":"https:\/\/www.tecdmx.org.mx\/index.php\/comunicados\/2020\/05\/15\/participan-magistradas-del-tecdmx-en-foro-sobre-ley-de-paridad-y-violencia-politica-contra-las-mujeres\/#breadcrumb"},"inLanguage":"es","potentialAction":[{"@type":"ReadAction","target":["https:\/\/www.tecdmx.org.mx\/index.php\/comunicados\/2020\/05\/15\/participan-magistradas-del-tecdmx-en-foro-sobre-ley-de-paridad-y-violencia-politica-contra-las-mujeres\/"]}]},{"@type":"ImageObject","inLanguage":"es","@id":"https:\/\/www.tecdmx.org.mx\/index.php\/comunicados\/2020\/05\/15\/participan-magistradas-del-tecdmx-en-foro-sobre-ley-de-paridad-y-violencia-politica-contra-las-mujeres\/#primaryimage","url":"https:\/\/www.tecdmx.org.mx\/wp-content\/uploads\/2018\/07\/COMUNICADO.jpg","contentUrl":"https:\/\/www.tecdmx.org.mx\/wp-content\/uploads\/2018\/07\/COMUNICADO.jpg","width":2247,"height":1277},{"@type":"BreadcrumbList","@id":"https:\/\/www.tecdmx.org.mx\/index.php\/comunicados\/2020\/05\/15\/participan-magistradas-del-tecdmx-en-foro-sobre-ley-de-paridad-y-violencia-politica-contra-las-mujeres\/#breadcrumb","itemListElement":[{"@type":"ListItem","position":1,"name":"Portada","item":"https:\/\/www.tecdmx.org.mx\/"},{"@type":"ListItem","position":2,"name":"Participan Magistradas del TECDMX en Foro sobre Ley de Paridad y violencia pol\u00edtica contra las mujeres"}]},{"@type":"WebSite","@id":"https:\/\/www.tecdmx.org.mx\/#website","url":"https:\/\/www.tecdmx.org.mx\/","name":"Tribunal Electoral de la Ciudad de M\u00e9xico","description":"25 a\u00f1os garantizando justicia en tu elecci\u00f3n","potentialAction":[{"@type":"SearchAction","target":{"@type":"EntryPoint","urlTemplate":"https:\/\/www.tecdmx.org.mx\/?s={search_term_string}"},"query-input":"required name=search_term_string"}],"inLanguage":"es"},{"@type":"Person","@id":"https:\/\/www.tecdmx.org.mx\/#\/schema\/person\/208c898199fb3234203823c5f0cf31d6","name":"Difusion2025","image":{"@type":"ImageObject","inLanguage":"es","@id":"https:\/\/www.tecdmx.org.mx\/#\/schema\/person\/image\/","url":"https:\/\/secure.gravatar.com\/avatar\/6f7a4ba3acb418040e90a2eb99b5df28?s=96&d=mm&r=g","contentUrl":"https:\/\/secure.gravatar.com\/avatar\/6f7a4ba3acb418040e90a2eb99b5df28?s=96&d=mm&r=g","caption":"Difusion2025"}}]}},"_links":{"self":[{"href":"https:\/\/www.tecdmx.org.mx\/index.php\/wp-json\/wp\/v2\/posts\/20041"}],"collection":[{"href":"https:\/\/www.tecdmx.org.mx\/index.php\/wp-json\/wp\/v2\/posts"}],"about":[{"href":"https:\/\/www.tecdmx.org.mx\/index.php\/wp-json\/wp\/v2\/types\/post"}],"author":[{"embeddable":true,"href":"https:\/\/www.tecdmx.org.mx\/index.php\/wp-json\/wp\/v2\/users\/13"}],"replies":[{"embeddable":true,"href":"https:\/\/www.tecdmx.org.mx\/index.php\/wp-json\/wp\/v2\/comments?post=20041"}],"version-history":[{"count":2,"href":"https:\/\/www.tecdmx.org.mx\/index.php\/wp-json\/wp\/v2\/posts\/20041\/revisions"}],"predecessor-version":[{"id":20043,"href":"https:\/\/www.tecdmx.org.mx\/index.php\/wp-json\/wp\/v2\/posts\/20041\/revisions\/20043"}],"wp:featuredmedia":[{"embeddable":true,"href":"https:\/\/www.tecdmx.org.mx\/index.php\/wp-json\/wp\/v2\/media\/3208"}],"wp:attachment":[{"href":"https:\/\/www.tecdmx.org.mx\/index.php\/wp-json\/wp\/v2\/media?parent=20041"}],"wp:term":[{"taxonomy":"category","embeddable":true,"href":"https:\/\/www.tecdmx.org.mx\/index.php\/wp-json\/wp\/v2\/categories?post=20041"},{"taxonomy":"post_tag","embeddable":true,"href":"https:\/\/www.tecdmx.org.mx\/index.php\/wp-json\/wp\/v2\/tags?post=20041"}],"curies":[{"name":"wp","href":"https:\/\/api.w.org\/{rel}","templated":true}]}}