{"id":20081,"date":"2020-05-30T23:43:35","date_gmt":"2020-05-31T04:43:35","guid":{"rendered":"https:\/\/www.tecdmx.org.mx\/?p=20081"},"modified":"2020-09-09T11:14:30","modified_gmt":"2020-09-09T16:14:30","slug":"amplia-tecdmx-suspension-de-actividades-jurisdiccionales-y-administrativas-presenciales-hasta-el-15-de-junio","status":"publish","type":"post","link":"https:\/\/www.tecdmx.org.mx\/index.php\/comunicados\/2020\/05\/30\/amplia-tecdmx-suspension-de-actividades-jurisdiccionales-y-administrativas-presenciales-hasta-el-15-de-junio\/","title":{"rendered":"Ampl\u00eda TECDMX suspensi\u00f3n de actividades jurisdiccionales y administrativas presenciales hasta el 15 de junio"},"content":{"rendered":"\n<p>Ciudad de M\u00e9xico, a 30 de mayo de\n2020<strong><\/strong><\/p>\n\n\n\n<p><strong>Bolet\u00edn N\u00ba 35<\/strong><\/p>\n\n\n\n<p>\u00b7\u00a0\u00a0\u00a0\u00a0\u00a0\u00a0Esta es la tercera ampliaci\u00f3n de la suspensi\u00f3n de labores acordada en primera instancia, el pasado 24 de marzo.<\/p>\n\n\n\n<p>Debido a que la\ncontingencia sanitaria por COVID-19 impide el regreso al trabajo cotidiano, el\nPleno del Tribunal Electoral de la Ciudad de M\u00e9xico (TECDMX) acord\u00f3 ampliar la\nsuspensi\u00f3n de actividades jurisdiccionales del 1\u00ba hasta el 15 de junio de 2020.<\/p>\n\n\n\n<p><br>\nEl TECDMX reitera que durante este periodo no correr\u00e1n plazos procesales, por\nlo que no se recibir\u00e1n medios de impugnaci\u00f3n, promociones o cualquier documento\njurisdiccional. Tampoco podr\u00e1n celebrarse audiencias programadas o el desahogo\nde diligencia alguna en los diferentes medios de impugnaci\u00f3n, juicios o\nprocedimientos.<\/p>\n\n\n\n<p>En d\u00edas pasados,\nla Secretar\u00eda de Salud emiti\u00f3 el Acuerdo por el que se establece una estrategia\npara la reapertura de las actividades sociales, educativas y econ\u00f3micas, as\u00ed\ncomo un sistema de sem\u00e1foro por regiones para evaluar semanalmente el riesgo\nepidemiol\u00f3gico relacionado con la reapertura de actividades en cada entidad\nfederativa. Por su parte, el Gobierno de la Ciudad de M\u00e9xico dio a conocer el\nplan gradual hacia la nueva normalidad en nuestra ciudad.<\/p>\n\n\n\n<p>Atendiendo el\nacuerdo as\u00ed como el plan gradual y encontr\u00e1ndose a la fecha la Ciudad de M\u00e9xico\ndentro del semaforo epidemiol\u00f3gico en color rojo, el Pleno de este \u00d3rgano\nJurisdiccional determin\u00f3 ampliar la suspensi\u00f3n de actividades jurisdiccionales\ny administrativas presenciales, adem\u00e1s de que \u00e9ste y las \u00e1reas que considere,\npodran llevar a cabo reuniones privadas a distancia, previo acuerdo,\naprovechando el uso de instrumentos tecnol\u00f3gicos para la atenci\u00f3n y resoluci\u00f3n\nde asuntos que se consideren necesarios para el funcionamiento institucional.<\/p>\n\n\n\n<p>No se omite\nhacer menci\u00f3n que, una vez que se reanuden las actividades, se resolver\u00e1n las\ncontroversias que han sido sometidas al conocimiento de esta autoridad\njurisdiccional.<\/p>\n\n\n\n<p>El TECDMX\nreitera su compromiso de salvaguardar el pleno ejercicio de los derechos\npol\u00edtico-electorales de toda la ciudadan\u00eda capitalina<\/p>\n\n\n\n<p>El Aviso de la\ntercera ampliaci\u00f3n de suspensi\u00f3n de actividades puede ser consultado en:<\/p>\n\n\n\n<figure class=\"wp-block-embed-wordpress wp-block-embed is-type-wp-embed is-provider-tribunal-electoral-de-la-ciudad-de-mexico\"><div class=\"wp-block-embed__wrapper\">\n<blockquote class=\"wp-embedded-content\" data-secret=\"EobyIH3xUR\"><a href=\"https:\/\/www.tecdmx.org.mx\/index.php\/avisos-publicos\/2020\/05\/29\/20074\/\">AVISO PU\u0301BLICO &#8212; 3RA AMPLIACIO\u0301N DE SUSPENSIO\u0301N DE ACTIVIDADES &#8212;<\/a><\/blockquote><iframe class=\"wp-embedded-content\" sandbox=\"allow-scripts\" security=\"restricted\" style=\"position: absolute; clip: rect(1px, 1px, 1px, 1px);\" title=\"\u00abAVISO PU\u0301BLICO &#8212; 3RA AMPLIACIO\u0301N DE SUSPENSIO\u0301N DE ACTIVIDADES &#8212;\u00bb \u2014 Tribunal Electoral de la Ciudad de M\u00e9xico\" src=\"https:\/\/www.tecdmx.org.mx\/index.php\/avisos-publicos\/2020\/05\/29\/20074\/embed\/#?secret=EobyIH3xUR\" data-secret=\"EobyIH3xUR\" width=\"500\" height=\"282\" frameborder=\"0\" marginwidth=\"0\" marginheight=\"0\" scrolling=\"no\"><\/iframe>\n<\/div><\/figure>\n\n\n\n<p class=\"has-text-align-center\"><strong>o-O-o<\/strong><\/p>\n","protected":false},"excerpt":{"rendered":"<p>Ciudad de M\u00e9xico, a 30 de mayo de 2020 Bolet\u00edn N\u00ba 35 \u00b7\u00a0\u00a0\u00a0\u00a0\u00a0\u00a0Esta es la tercera ampliaci\u00f3n de la suspensi\u00f3n de labores acordada en primera instancia, el pasado 24 de [&hellip;]<\/p>\n","protected":false},"author":13,"featured_media":3208,"comment_status":"open","ping_status":"open","sticky":false,"template":"","format":"standard","meta":{"_acf_changed":false,"_exactmetrics_skip_tracking":false,"_exactmetrics_sitenote_active":false,"_exactmetrics_sitenote_note":"","_exactmetrics_sitenote_category":0,"footnotes":""},"categories":[32,66,47],"tags":[],"acf":[],"yoast_head":"<!-- This site is optimized with the Yoast SEO plugin v22.3 - https:\/\/yoast.com\/wordpress\/plugins\/seo\/ -->\n<title>Ampl\u00eda TECDMX suspensi\u00f3n de actividades jurisdiccionales y administrativas presenciales hasta el 15 de junio - Tribunal Electoral de la Ciudad de M\u00e9xico<\/title>\n<meta name=\"robots\" content=\"index, follow, max-snippet:-1, max-image-preview:large, max-video-preview:-1\" \/>\n<link rel=\"canonical\" href=\"https:\/\/www.tecdmx.org.mx\/index.php\/comunicados\/2020\/05\/30\/amplia-tecdmx-suspension-de-actividades-jurisdiccionales-y-administrativas-presenciales-hasta-el-15-de-junio\/\" \/>\n<meta property=\"og:locale\" content=\"es_ES\" \/>\n<meta property=\"og:type\" content=\"article\" \/>\n<meta property=\"og:title\" content=\"Ampl\u00eda TECDMX suspensi\u00f3n de actividades jurisdiccionales y administrativas presenciales hasta el 15 de junio - Tribunal Electoral de la Ciudad de M\u00e9xico\" \/>\n<meta property=\"og:description\" content=\"Ciudad de M\u00e9xico, a 30 de mayo de 2020 Bolet\u00edn N\u00ba 35 \u00b7\u00a0\u00a0\u00a0\u00a0\u00a0\u00a0Esta es la tercera ampliaci\u00f3n de la suspensi\u00f3n de labores acordada en primera instancia, el pasado 24 de [&hellip;]\" \/>\n<meta property=\"og:url\" content=\"https:\/\/www.tecdmx.org.mx\/index.php\/comunicados\/2020\/05\/30\/amplia-tecdmx-suspension-de-actividades-jurisdiccionales-y-administrativas-presenciales-hasta-el-15-de-junio\/\" \/>\n<meta property=\"og:site_name\" content=\"Tribunal Electoral de la Ciudad de M\u00e9xico\" \/>\n<meta property=\"article:publisher\" content=\"https:\/\/www.facebook.com\/TECDMX\/\" \/>\n<meta property=\"article:published_time\" content=\"2020-05-31T04:43:35+00:00\" \/>\n<meta property=\"article:modified_time\" content=\"2020-09-09T16:14:30+00:00\" \/>\n<meta property=\"og:image\" content=\"https:\/\/www.tecdmx.org.mx\/wp-content\/uploads\/2018\/07\/COMUNICADO.jpg\" \/>\n\t<meta property=\"og:image:width\" content=\"2247\" \/>\n\t<meta property=\"og:image:height\" content=\"1277\" \/>\n\t<meta property=\"og:image:type\" content=\"image\/jpeg\" \/>\n<meta name=\"author\" content=\"Difusion2025\" \/>\n<meta name=\"twitter:card\" content=\"summary_large_image\" \/>\n<meta name=\"twitter:creator\" content=\"@tecdmx\" \/>\n<meta name=\"twitter:site\" content=\"@tecdmx\" \/>\n<meta name=\"twitter:label1\" content=\"Escrito por\" \/>\n\t<meta name=\"twitter:data1\" content=\"Difusion2025\" \/>\n\t<meta name=\"twitter:label2\" content=\"Tiempo de lectura\" \/>\n\t<meta name=\"twitter:data2\" content=\"2 minutos\" \/>\n<script type=\"application\/ld+json\" class=\"yoast-schema-graph\">{\"@context\":\"https:\/\/schema.org\",\"@graph\":[{\"@type\":\"WebPage\",\"@id\":\"https:\/\/www.tecdmx.org.mx\/index.php\/comunicados\/2020\/05\/30\/amplia-tecdmx-suspension-de-actividades-jurisdiccionales-y-administrativas-presenciales-hasta-el-15-de-junio\/\",\"url\":\"https:\/\/www.tecdmx.org.mx\/index.php\/comunicados\/2020\/05\/30\/amplia-tecdmx-suspension-de-actividades-jurisdiccionales-y-administrativas-presenciales-hasta-el-15-de-junio\/\",\"name\":\"Ampl\u00eda TECDMX suspensi\u00f3n de actividades jurisdiccionales y administrativas presenciales hasta el 15 de junio - Tribunal Electoral de la Ciudad de M\u00e9xico\",\"isPartOf\":{\"@id\":\"https:\/\/www.tecdmx.org.mx\/#website\"},\"primaryImageOfPage\":{\"@id\":\"https:\/\/www.tecdmx.org.mx\/index.php\/comunicados\/2020\/05\/30\/amplia-tecdmx-suspension-de-actividades-jurisdiccionales-y-administrativas-presenciales-hasta-el-15-de-junio\/#primaryimage\"},\"image\":{\"@id\":\"https:\/\/www.tecdmx.org.mx\/index.php\/comunicados\/2020\/05\/30\/amplia-tecdmx-suspension-de-actividades-jurisdiccionales-y-administrativas-presenciales-hasta-el-15-de-junio\/#primaryimage\"},\"thumbnailUrl\":\"https:\/\/www.tecdmx.org.mx\/wp-content\/uploads\/2018\/07\/COMUNICADO.jpg\",\"datePublished\":\"2020-05-31T04:43:35+00:00\",\"dateModified\":\"2020-09-09T16:14:30+00:00\",\"author\":{\"@id\":\"https:\/\/www.tecdmx.org.mx\/#\/schema\/person\/208c898199fb3234203823c5f0cf31d6\"},\"breadcrumb\":{\"@id\":\"https:\/\/www.tecdmx.org.mx\/index.php\/comunicados\/2020\/05\/30\/amplia-tecdmx-suspension-de-actividades-jurisdiccionales-y-administrativas-presenciales-hasta-el-15-de-junio\/#breadcrumb\"},\"inLanguage\":\"es\",\"potentialAction\":[{\"@type\":\"ReadAction\",\"target\":[\"https:\/\/www.tecdmx.org.mx\/index.php\/comunicados\/2020\/05\/30\/amplia-tecdmx-suspension-de-actividades-jurisdiccionales-y-administrativas-presenciales-hasta-el-15-de-junio\/\"]}]},{\"@type\":\"ImageObject\",\"inLanguage\":\"es\",\"@id\":\"https:\/\/www.tecdmx.org.mx\/index.php\/comunicados\/2020\/05\/30\/amplia-tecdmx-suspension-de-actividades-jurisdiccionales-y-administrativas-presenciales-hasta-el-15-de-junio\/#primaryimage\",\"url\":\"https:\/\/www.tecdmx.org.mx\/wp-content\/uploads\/2018\/07\/COMUNICADO.jpg\",\"contentUrl\":\"https:\/\/www.tecdmx.org.mx\/wp-content\/uploads\/2018\/07\/COMUNICADO.jpg\",\"width\":2247,\"height\":1277},{\"@type\":\"BreadcrumbList\",\"@id\":\"https:\/\/www.tecdmx.org.mx\/index.php\/comunicados\/2020\/05\/30\/amplia-tecdmx-suspension-de-actividades-jurisdiccionales-y-administrativas-presenciales-hasta-el-15-de-junio\/#breadcrumb\",\"itemListElement\":[{\"@type\":\"ListItem\",\"position\":1,\"name\":\"Portada\",\"item\":\"https:\/\/www.tecdmx.org.mx\/\"},{\"@type\":\"ListItem\",\"position\":2,\"name\":\"Ampl\u00eda TECDMX suspensi\u00f3n de actividades jurisdiccionales y administrativas presenciales hasta el 15 de junio\"}]},{\"@type\":\"WebSite\",\"@id\":\"https:\/\/www.tecdmx.org.mx\/#website\",\"url\":\"https:\/\/www.tecdmx.org.mx\/\",\"name\":\"Tribunal Electoral de la Ciudad de M\u00e9xico\",\"description\":\"25 a\u00f1os garantizando justicia en tu elecci\u00f3n\",\"potentialAction\":[{\"@type\":\"SearchAction\",\"target\":{\"@type\":\"EntryPoint\",\"urlTemplate\":\"https:\/\/www.tecdmx.org.mx\/?s={search_term_string}\"},\"query-input\":\"required name=search_term_string\"}],\"inLanguage\":\"es\"},{\"@type\":\"Person\",\"@id\":\"https:\/\/www.tecdmx.org.mx\/#\/schema\/person\/208c898199fb3234203823c5f0cf31d6\",\"name\":\"Difusion2025\",\"image\":{\"@type\":\"ImageObject\",\"inLanguage\":\"es\",\"@id\":\"https:\/\/www.tecdmx.org.mx\/#\/schema\/person\/image\/\",\"url\":\"https:\/\/secure.gravatar.com\/avatar\/6f7a4ba3acb418040e90a2eb99b5df28?s=96&d=mm&r=g\",\"contentUrl\":\"https:\/\/secure.gravatar.com\/avatar\/6f7a4ba3acb418040e90a2eb99b5df28?s=96&d=mm&r=g\",\"caption\":\"Difusion2025\"}}]}<\/script>\n<!-- \/ Yoast SEO plugin. -->","yoast_head_json":{"title":"Ampl\u00eda TECDMX suspensi\u00f3n de actividades jurisdiccionales y administrativas presenciales hasta el 15 de junio - Tribunal Electoral de la Ciudad de M\u00e9xico","robots":{"index":"index","follow":"follow","max-snippet":"max-snippet:-1","max-image-preview":"max-image-preview:large","max-video-preview":"max-video-preview:-1"},"canonical":"https:\/\/www.tecdmx.org.mx\/index.php\/comunicados\/2020\/05\/30\/amplia-tecdmx-suspension-de-actividades-jurisdiccionales-y-administrativas-presenciales-hasta-el-15-de-junio\/","og_locale":"es_ES","og_type":"article","og_title":"Ampl\u00eda TECDMX suspensi\u00f3n de actividades jurisdiccionales y administrativas presenciales hasta el 15 de junio - Tribunal Electoral de la Ciudad de M\u00e9xico","og_description":"Ciudad de M\u00e9xico, a 30 de mayo de 2020 Bolet\u00edn N\u00ba 35 \u00b7\u00a0\u00a0\u00a0\u00a0\u00a0\u00a0Esta es la tercera ampliaci\u00f3n de la suspensi\u00f3n de labores acordada en primera instancia, el pasado 24 de [&hellip;]","og_url":"https:\/\/www.tecdmx.org.mx\/index.php\/comunicados\/2020\/05\/30\/amplia-tecdmx-suspension-de-actividades-jurisdiccionales-y-administrativas-presenciales-hasta-el-15-de-junio\/","og_site_name":"Tribunal Electoral de la Ciudad de M\u00e9xico","article_publisher":"https:\/\/www.facebook.com\/TECDMX\/","article_published_time":"2020-05-31T04:43:35+00:00","article_modified_time":"2020-09-09T16:14:30+00:00","og_image":[{"width":2247,"height":1277,"url":"https:\/\/www.tecdmx.org.mx\/wp-content\/uploads\/2018\/07\/COMUNICADO.jpg","type":"image\/jpeg"}],"author":"Difusion2025","twitter_card":"summary_large_image","twitter_creator":"@tecdmx","twitter_site":"@tecdmx","twitter_misc":{"Escrito por":"Difusion2025","Tiempo de lectura":"2 minutos"},"schema":{"@context":"https:\/\/schema.org","@graph":[{"@type":"WebPage","@id":"https:\/\/www.tecdmx.org.mx\/index.php\/comunicados\/2020\/05\/30\/amplia-tecdmx-suspension-de-actividades-jurisdiccionales-y-administrativas-presenciales-hasta-el-15-de-junio\/","url":"https:\/\/www.tecdmx.org.mx\/index.php\/comunicados\/2020\/05\/30\/amplia-tecdmx-suspension-de-actividades-jurisdiccionales-y-administrativas-presenciales-hasta-el-15-de-junio\/","name":"Ampl\u00eda TECDMX suspensi\u00f3n de actividades jurisdiccionales y administrativas presenciales hasta el 15 de junio - Tribunal Electoral de la Ciudad de M\u00e9xico","isPartOf":{"@id":"https:\/\/www.tecdmx.org.mx\/#website"},"primaryImageOfPage":{"@id":"https:\/\/www.tecdmx.org.mx\/index.php\/comunicados\/2020\/05\/30\/amplia-tecdmx-suspension-de-actividades-jurisdiccionales-y-administrativas-presenciales-hasta-el-15-de-junio\/#primaryimage"},"image":{"@id":"https:\/\/www.tecdmx.org.mx\/index.php\/comunicados\/2020\/05\/30\/amplia-tecdmx-suspension-de-actividades-jurisdiccionales-y-administrativas-presenciales-hasta-el-15-de-junio\/#primaryimage"},"thumbnailUrl":"https:\/\/www.tecdmx.org.mx\/wp-content\/uploads\/2018\/07\/COMUNICADO.jpg","datePublished":"2020-05-31T04:43:35+00:00","dateModified":"2020-09-09T16:14:30+00:00","author":{"@id":"https:\/\/www.tecdmx.org.mx\/#\/schema\/person\/208c898199fb3234203823c5f0cf31d6"},"breadcrumb":{"@id":"https:\/\/www.tecdmx.org.mx\/index.php\/comunicados\/2020\/05\/30\/amplia-tecdmx-suspension-de-actividades-jurisdiccionales-y-administrativas-presenciales-hasta-el-15-de-junio\/#breadcrumb"},"inLanguage":"es","potentialAction":[{"@type":"ReadAction","target":["https:\/\/www.tecdmx.org.mx\/index.php\/comunicados\/2020\/05\/30\/amplia-tecdmx-suspension-de-actividades-jurisdiccionales-y-administrativas-presenciales-hasta-el-15-de-junio\/"]}]},{"@type":"ImageObject","inLanguage":"es","@id":"https:\/\/www.tecdmx.org.mx\/index.php\/comunicados\/2020\/05\/30\/amplia-tecdmx-suspension-de-actividades-jurisdiccionales-y-administrativas-presenciales-hasta-el-15-de-junio\/#primaryimage","url":"https:\/\/www.tecdmx.org.mx\/wp-content\/uploads\/2018\/07\/COMUNICADO.jpg","contentUrl":"https:\/\/www.tecdmx.org.mx\/wp-content\/uploads\/2018\/07\/COMUNICADO.jpg","width":2247,"height":1277},{"@type":"BreadcrumbList","@id":"https:\/\/www.tecdmx.org.mx\/index.php\/comunicados\/2020\/05\/30\/amplia-tecdmx-suspension-de-actividades-jurisdiccionales-y-administrativas-presenciales-hasta-el-15-de-junio\/#breadcrumb","itemListElement":[{"@type":"ListItem","position":1,"name":"Portada","item":"https:\/\/www.tecdmx.org.mx\/"},{"@type":"ListItem","position":2,"name":"Ampl\u00eda TECDMX suspensi\u00f3n de actividades jurisdiccionales y administrativas presenciales hasta el 15 de junio"}]},{"@type":"WebSite","@id":"https:\/\/www.tecdmx.org.mx\/#website","url":"https:\/\/www.tecdmx.org.mx\/","name":"Tribunal Electoral de la Ciudad de M\u00e9xico","description":"25 a\u00f1os garantizando justicia en tu elecci\u00f3n","potentialAction":[{"@type":"SearchAction","target":{"@type":"EntryPoint","urlTemplate":"https:\/\/www.tecdmx.org.mx\/?s={search_term_string}"},"query-input":"required name=search_term_string"}],"inLanguage":"es"},{"@type":"Person","@id":"https:\/\/www.tecdmx.org.mx\/#\/schema\/person\/208c898199fb3234203823c5f0cf31d6","name":"Difusion2025","image":{"@type":"ImageObject","inLanguage":"es","@id":"https:\/\/www.tecdmx.org.mx\/#\/schema\/person\/image\/","url":"https:\/\/secure.gravatar.com\/avatar\/6f7a4ba3acb418040e90a2eb99b5df28?s=96&d=mm&r=g","contentUrl":"https:\/\/secure.gravatar.com\/avatar\/6f7a4ba3acb418040e90a2eb99b5df28?s=96&d=mm&r=g","caption":"Difusion2025"}}]}},"_links":{"self":[{"href":"https:\/\/www.tecdmx.org.mx\/index.php\/wp-json\/wp\/v2\/posts\/20081"}],"collection":[{"href":"https:\/\/www.tecdmx.org.mx\/index.php\/wp-json\/wp\/v2\/posts"}],"about":[{"href":"https:\/\/www.tecdmx.org.mx\/index.php\/wp-json\/wp\/v2\/types\/post"}],"author":[{"embeddable":true,"href":"https:\/\/www.tecdmx.org.mx\/index.php\/wp-json\/wp\/v2\/users\/13"}],"replies":[{"embeddable":true,"href":"https:\/\/www.tecdmx.org.mx\/index.php\/wp-json\/wp\/v2\/comments?post=20081"}],"version-history":[{"count":2,"href":"https:\/\/www.tecdmx.org.mx\/index.php\/wp-json\/wp\/v2\/posts\/20081\/revisions"}],"predecessor-version":[{"id":25207,"href":"https:\/\/www.tecdmx.org.mx\/index.php\/wp-json\/wp\/v2\/posts\/20081\/revisions\/25207"}],"wp:featuredmedia":[{"embeddable":true,"href":"https:\/\/www.tecdmx.org.mx\/index.php\/wp-json\/wp\/v2\/media\/3208"}],"wp:attachment":[{"href":"https:\/\/www.tecdmx.org.mx\/index.php\/wp-json\/wp\/v2\/media?parent=20081"}],"wp:term":[{"taxonomy":"category","embeddable":true,"href":"https:\/\/www.tecdmx.org.mx\/index.php\/wp-json\/wp\/v2\/categories?post=20081"},{"taxonomy":"post_tag","embeddable":true,"href":"https:\/\/www.tecdmx.org.mx\/index.php\/wp-json\/wp\/v2\/tags?post=20081"}],"curies":[{"name":"wp","href":"https:\/\/api.w.org\/{rel}","templated":true}]}}