{"id":20087,"date":"2020-06-01T22:57:44","date_gmt":"2020-06-01T22:57:44","guid":{"rendered":"https:\/\/www.tecdmx.org.mx\/?p=20087"},"modified":"2020-06-05T14:56:46","modified_gmt":"2020-06-05T14:56:46","slug":"el-aprovechamiento-de-las-tecnologias-en-la-justicia-electoral-debe-ocuparse-de-los-grupos-mas-vulnerables-afirma-magistrada-martha-mercado-ramirez","status":"publish","type":"post","link":"https:\/\/www.tecdmx.org.mx\/index.php\/comunicados\/2020\/06\/01\/el-aprovechamiento-de-las-tecnologias-en-la-justicia-electoral-debe-ocuparse-de-los-grupos-mas-vulnerables-afirma-magistrada-martha-mercado-ramirez\/","title":{"rendered":"El aprovechamiento de las tecnolog\u00edas en la justicia electoral debe ocuparse de los grupos m\u00e1s vulnerables, afirma Magistrada Martha Mercado Ram\u00edrez"},"content":{"rendered":"\n<p>Ciudad de M\u00e9xico, a 1\u00ba de junio de 2020<\/p>\n\n\n\n<p><strong>Bolet\u00edn N\u00ba 36<\/strong><\/p>\n\n\n\n<p><\/p>\n\n\n\n<p>\u00b7&nbsp;&nbsp;&nbsp;&nbsp;&nbsp;&nbsp;&nbsp;El debate cont\u00f3 con la participaci\u00f3n del Magistrado del TEPJF, Felipe de la Mata Piza\u00f1a, la Magistrada de la Sala Regional Ciudad de M\u00e9xico, Mar\u00eda Silva Rojas y la Magistrada del TECDMX, Martha Leticia Mercado Ram\u00edrez.<\/p>\n\n\n\n<p>\u00b7&nbsp;&nbsp;&nbsp;&nbsp;&nbsp;&nbsp;&nbsp;Asistieron virtualmente Magistradas y Magistrados Electorales de Tribunales Federales y Locales quienes preguntaron a las Magistradas y el Magistrado.<\/p>\n\n\n\n<p>La Magistrada del Tribunal Electoral de la Ciudad de M\u00e9xico, Martha Leticia Mercado Ram\u00edrez, particip\u00f3 en la serie de Debates E-lectorales con el tema \u201cJusticia Electoral y Nuevas Tecnolog\u00edas\u201d, el cual fue organizado por el Tribunal Electoral del Poder Judicial de la Federaci\u00f3n (TEPJF) y la Escuela Judicial Electoral.<\/p>\n\n\n\n<p>Al hacer uso de la voz, la Magistrada Mercado Ram\u00edrez afirm\u00f3 que no podemos perder de vista la transparencia, el reducir costos, la seguridad y el acceso a la justicia, al momento de implementar nuevas tecnolog\u00edas al \u00e1mbito jur\u00eddico.<\/p>\n\n\n\n<p>Asimismo, afirm\u00f3 que ya lleg\u00f3 el tiempo de transitar a una justicia m\u00e1s efectiva mediante el uso de la tecnolog\u00eda. Sin embargo, cada entidad tiene una realidad distinta y no todas han avanzado al mismo nivel sobre el manejo de herramientas electr\u00f3nicas para la impartici\u00f3n de justicia electoral, por lo que se podr\u00eda generar una estrategia transversal unificada para todos los tribunales electorales locales.<\/p>\n\n\n\n<p>\u201cLa fortaleza de una justicia digital debe estar en el intercambio de experiencias, visiones y retos. El aprovechamiento de las tecnolog\u00edas debe ocuparse de los grupos m\u00e1s vulnerables de la sociedad, pues de lo contrario no se estar\u00eda llegando a un objetivo central\u201d, afirm\u00f3 la Magistrada Martha Mercado Ram\u00edrez.<\/p>\n\n\n\n<p>La Magistrada Martha Mercado Ram\u00edrez concluy\u00f3 diciendo que en M\u00e9xico 80.6 millones de usuarios tienen acceso a internet, mientras que el 56.4% de la poblaci\u00f3n tiene computadora, por lo que lleg\u00f3 el tiempo de cambiar de una justicia tradicional y pasar al uso de tecnolog\u00edas para la impartici\u00f3n de justicia electoral.<\/p>\n\n\n\n<p>Por su parte, el Magistrado de la Sala Superior del TEPJF, Felipe de la Mata Piza\u00f1a, afirm\u00f3 que el proceso de presentaci\u00f3n y resoluci\u00f3n de medios de impugnaci\u00f3n en materia electoral de forma electr\u00f3nica contin\u00faa avanzando tanto a nivel federal como local, pero es un mecanismo al que aun le falta tiempo para consolidarse, por lo que se podr\u00eda incluir en la siguiente reforma electoral el camino hacia una justicia electoral digital.<\/p>\n\n\n\n<p>Asimismo, Mar\u00eda Silva Rojas, Magistrada de la Sala Regional Ciudad de M\u00e9xico del TEPJF, dio a conocer que, de acuerdo con estudios de la OCDE, solo el 5 o 10 por ciento de los conflictos son solucionados a trav\u00e9s del sistema de justica, lo que representa un \u00e1rea de oportunidad enorme para usar las tecnolog\u00edas y acercar este sistema a la ciudadan\u00eda.<\/p>\n\n\n\n<p>Finalmente, durante el tiempo de preguntas y respuestas, la Magistrada del TECDMX, Alejandra Ch\u00e1vez Camarena, tom\u00f3 el uso de la voz para dar a conocer el trabajo conjunto entre Sala Superior y el Tribunal capitalino para implementar la firma electr\u00f3nica certificada en la impartici\u00f3n de justicia.<\/p>\n\n\n\n<p><strong>o-O-o<\/strong><\/p>\n","protected":false},"excerpt":{"rendered":"<p>Ciudad de M\u00e9xico, a 1\u00ba de junio de 2020 Bolet\u00edn N\u00ba 36 \u00b7&nbsp;&nbsp;&nbsp;&nbsp;&nbsp;&nbsp;&nbsp;El debate cont\u00f3 con la participaci\u00f3n del Magistrado del TEPJF, Felipe de la Mata Piza\u00f1a, la Magistrada de [&hellip;]<\/p>\n","protected":false},"author":13,"featured_media":12606,"comment_status":"open","ping_status":"open","sticky":false,"template":"","format":"standard","meta":{"_acf_changed":false,"_exactmetrics_skip_tracking":false,"_exactmetrics_sitenote_active":false,"_exactmetrics_sitenote_note":"","_exactmetrics_sitenote_category":0,"footnotes":""},"categories":[32,47],"tags":[],"acf":[],"yoast_head":"<!-- This site is optimized with the Yoast SEO plugin v22.3 - https:\/\/yoast.com\/wordpress\/plugins\/seo\/ -->\n<title>El aprovechamiento de las tecnolog\u00edas en la justicia electoral debe ocuparse de los grupos m\u00e1s vulnerables, afirma Magistrada Martha Mercado Ram\u00edrez - Tribunal Electoral de la Ciudad de M\u00e9xico<\/title>\n<meta name=\"robots\" content=\"index, follow, max-snippet:-1, max-image-preview:large, max-video-preview:-1\" \/>\n<link rel=\"canonical\" href=\"https:\/\/www.tecdmx.org.mx\/index.php\/comunicados\/2020\/06\/01\/el-aprovechamiento-de-las-tecnologias-en-la-justicia-electoral-debe-ocuparse-de-los-grupos-mas-vulnerables-afirma-magistrada-martha-mercado-ramirez\/\" \/>\n<meta property=\"og:locale\" content=\"es_ES\" \/>\n<meta property=\"og:type\" content=\"article\" \/>\n<meta property=\"og:title\" content=\"El aprovechamiento de las tecnolog\u00edas en la justicia electoral debe ocuparse de los grupos m\u00e1s vulnerables, afirma Magistrada Martha Mercado Ram\u00edrez - Tribunal Electoral de la Ciudad de M\u00e9xico\" \/>\n<meta property=\"og:description\" content=\"Ciudad de M\u00e9xico, a 1\u00ba de junio de 2020 Bolet\u00edn N\u00ba 36 \u00b7&nbsp;&nbsp;&nbsp;&nbsp;&nbsp;&nbsp;&nbsp;El debate cont\u00f3 con la participaci\u00f3n del Magistrado del TEPJF, Felipe de la Mata Piza\u00f1a, la Magistrada de [&hellip;]\" \/>\n<meta property=\"og:url\" content=\"https:\/\/www.tecdmx.org.mx\/index.php\/comunicados\/2020\/06\/01\/el-aprovechamiento-de-las-tecnologias-en-la-justicia-electoral-debe-ocuparse-de-los-grupos-mas-vulnerables-afirma-magistrada-martha-mercado-ramirez\/\" \/>\n<meta property=\"og:site_name\" content=\"Tribunal Electoral de la Ciudad de M\u00e9xico\" \/>\n<meta property=\"article:publisher\" content=\"https:\/\/www.facebook.com\/TECDMX\/\" \/>\n<meta property=\"article:published_time\" content=\"2020-06-01T22:57:44+00:00\" \/>\n<meta property=\"article:modified_time\" content=\"2020-06-05T14:56:46+00:00\" \/>\n<meta property=\"og:image\" content=\"https:\/\/www.tecdmx.org.mx\/wp-content\/uploads\/2019\/04\/COMUNICADO-1.jpg\" \/>\n\t<meta property=\"og:image:width\" content=\"2247\" \/>\n\t<meta property=\"og:image:height\" content=\"1277\" \/>\n\t<meta property=\"og:image:type\" content=\"image\/jpeg\" \/>\n<meta name=\"author\" content=\"Difusion2025\" \/>\n<meta name=\"twitter:card\" content=\"summary_large_image\" \/>\n<meta name=\"twitter:creator\" content=\"@tecdmx\" \/>\n<meta name=\"twitter:site\" content=\"@tecdmx\" \/>\n<meta name=\"twitter:label1\" content=\"Escrito por\" \/>\n\t<meta name=\"twitter:data1\" content=\"Difusion2025\" \/>\n\t<meta name=\"twitter:label2\" content=\"Tiempo de lectura\" \/>\n\t<meta name=\"twitter:data2\" content=\"3 minutos\" \/>\n<script type=\"application\/ld+json\" class=\"yoast-schema-graph\">{\"@context\":\"https:\/\/schema.org\",\"@graph\":[{\"@type\":\"WebPage\",\"@id\":\"https:\/\/www.tecdmx.org.mx\/index.php\/comunicados\/2020\/06\/01\/el-aprovechamiento-de-las-tecnologias-en-la-justicia-electoral-debe-ocuparse-de-los-grupos-mas-vulnerables-afirma-magistrada-martha-mercado-ramirez\/\",\"url\":\"https:\/\/www.tecdmx.org.mx\/index.php\/comunicados\/2020\/06\/01\/el-aprovechamiento-de-las-tecnologias-en-la-justicia-electoral-debe-ocuparse-de-los-grupos-mas-vulnerables-afirma-magistrada-martha-mercado-ramirez\/\",\"name\":\"El aprovechamiento de las tecnolog\u00edas en la justicia electoral debe ocuparse de los grupos m\u00e1s vulnerables, afirma Magistrada Martha Mercado Ram\u00edrez - Tribunal Electoral de la Ciudad de M\u00e9xico\",\"isPartOf\":{\"@id\":\"https:\/\/www.tecdmx.org.mx\/#website\"},\"primaryImageOfPage\":{\"@id\":\"https:\/\/www.tecdmx.org.mx\/index.php\/comunicados\/2020\/06\/01\/el-aprovechamiento-de-las-tecnologias-en-la-justicia-electoral-debe-ocuparse-de-los-grupos-mas-vulnerables-afirma-magistrada-martha-mercado-ramirez\/#primaryimage\"},\"image\":{\"@id\":\"https:\/\/www.tecdmx.org.mx\/index.php\/comunicados\/2020\/06\/01\/el-aprovechamiento-de-las-tecnologias-en-la-justicia-electoral-debe-ocuparse-de-los-grupos-mas-vulnerables-afirma-magistrada-martha-mercado-ramirez\/#primaryimage\"},\"thumbnailUrl\":\"https:\/\/www.tecdmx.org.mx\/wp-content\/uploads\/2019\/04\/COMUNICADO-1.jpg\",\"datePublished\":\"2020-06-01T22:57:44+00:00\",\"dateModified\":\"2020-06-05T14:56:46+00:00\",\"author\":{\"@id\":\"https:\/\/www.tecdmx.org.mx\/#\/schema\/person\/208c898199fb3234203823c5f0cf31d6\"},\"breadcrumb\":{\"@id\":\"https:\/\/www.tecdmx.org.mx\/index.php\/comunicados\/2020\/06\/01\/el-aprovechamiento-de-las-tecnologias-en-la-justicia-electoral-debe-ocuparse-de-los-grupos-mas-vulnerables-afirma-magistrada-martha-mercado-ramirez\/#breadcrumb\"},\"inLanguage\":\"es\",\"potentialAction\":[{\"@type\":\"ReadAction\",\"target\":[\"https:\/\/www.tecdmx.org.mx\/index.php\/comunicados\/2020\/06\/01\/el-aprovechamiento-de-las-tecnologias-en-la-justicia-electoral-debe-ocuparse-de-los-grupos-mas-vulnerables-afirma-magistrada-martha-mercado-ramirez\/\"]}]},{\"@type\":\"ImageObject\",\"inLanguage\":\"es\",\"@id\":\"https:\/\/www.tecdmx.org.mx\/index.php\/comunicados\/2020\/06\/01\/el-aprovechamiento-de-las-tecnologias-en-la-justicia-electoral-debe-ocuparse-de-los-grupos-mas-vulnerables-afirma-magistrada-martha-mercado-ramirez\/#primaryimage\",\"url\":\"https:\/\/www.tecdmx.org.mx\/wp-content\/uploads\/2019\/04\/COMUNICADO-1.jpg\",\"contentUrl\":\"https:\/\/www.tecdmx.org.mx\/wp-content\/uploads\/2019\/04\/COMUNICADO-1.jpg\",\"width\":2247,\"height\":1277},{\"@type\":\"BreadcrumbList\",\"@id\":\"https:\/\/www.tecdmx.org.mx\/index.php\/comunicados\/2020\/06\/01\/el-aprovechamiento-de-las-tecnologias-en-la-justicia-electoral-debe-ocuparse-de-los-grupos-mas-vulnerables-afirma-magistrada-martha-mercado-ramirez\/#breadcrumb\",\"itemListElement\":[{\"@type\":\"ListItem\",\"position\":1,\"name\":\"Portada\",\"item\":\"https:\/\/www.tecdmx.org.mx\/\"},{\"@type\":\"ListItem\",\"position\":2,\"name\":\"El aprovechamiento de las tecnolog\u00edas en la justicia electoral debe ocuparse de los grupos m\u00e1s vulnerables, afirma Magistrada Martha Mercado Ram\u00edrez\"}]},{\"@type\":\"WebSite\",\"@id\":\"https:\/\/www.tecdmx.org.mx\/#website\",\"url\":\"https:\/\/www.tecdmx.org.mx\/\",\"name\":\"Tribunal Electoral de la Ciudad de M\u00e9xico\",\"description\":\"25 a\u00f1os garantizando justicia en tu elecci\u00f3n\",\"potentialAction\":[{\"@type\":\"SearchAction\",\"target\":{\"@type\":\"EntryPoint\",\"urlTemplate\":\"https:\/\/www.tecdmx.org.mx\/?s={search_term_string}\"},\"query-input\":\"required name=search_term_string\"}],\"inLanguage\":\"es\"},{\"@type\":\"Person\",\"@id\":\"https:\/\/www.tecdmx.org.mx\/#\/schema\/person\/208c898199fb3234203823c5f0cf31d6\",\"name\":\"Difusion2025\",\"image\":{\"@type\":\"ImageObject\",\"inLanguage\":\"es\",\"@id\":\"https:\/\/www.tecdmx.org.mx\/#\/schema\/person\/image\/\",\"url\":\"https:\/\/secure.gravatar.com\/avatar\/6f7a4ba3acb418040e90a2eb99b5df28?s=96&d=mm&r=g\",\"contentUrl\":\"https:\/\/secure.gravatar.com\/avatar\/6f7a4ba3acb418040e90a2eb99b5df28?s=96&d=mm&r=g\",\"caption\":\"Difusion2025\"}}]}<\/script>\n<!-- \/ Yoast SEO plugin. -->","yoast_head_json":{"title":"El aprovechamiento de las tecnolog\u00edas en la justicia electoral debe ocuparse de los grupos m\u00e1s vulnerables, afirma Magistrada Martha Mercado Ram\u00edrez - Tribunal Electoral de la Ciudad de M\u00e9xico","robots":{"index":"index","follow":"follow","max-snippet":"max-snippet:-1","max-image-preview":"max-image-preview:large","max-video-preview":"max-video-preview:-1"},"canonical":"https:\/\/www.tecdmx.org.mx\/index.php\/comunicados\/2020\/06\/01\/el-aprovechamiento-de-las-tecnologias-en-la-justicia-electoral-debe-ocuparse-de-los-grupos-mas-vulnerables-afirma-magistrada-martha-mercado-ramirez\/","og_locale":"es_ES","og_type":"article","og_title":"El aprovechamiento de las tecnolog\u00edas en la justicia electoral debe ocuparse de los grupos m\u00e1s vulnerables, afirma Magistrada Martha Mercado Ram\u00edrez - Tribunal Electoral de la Ciudad de M\u00e9xico","og_description":"Ciudad de M\u00e9xico, a 1\u00ba de junio de 2020 Bolet\u00edn N\u00ba 36 \u00b7&nbsp;&nbsp;&nbsp;&nbsp;&nbsp;&nbsp;&nbsp;El debate cont\u00f3 con la participaci\u00f3n del Magistrado del TEPJF, Felipe de la Mata Piza\u00f1a, la Magistrada de [&hellip;]","og_url":"https:\/\/www.tecdmx.org.mx\/index.php\/comunicados\/2020\/06\/01\/el-aprovechamiento-de-las-tecnologias-en-la-justicia-electoral-debe-ocuparse-de-los-grupos-mas-vulnerables-afirma-magistrada-martha-mercado-ramirez\/","og_site_name":"Tribunal Electoral de la Ciudad de M\u00e9xico","article_publisher":"https:\/\/www.facebook.com\/TECDMX\/","article_published_time":"2020-06-01T22:57:44+00:00","article_modified_time":"2020-06-05T14:56:46+00:00","og_image":[{"width":2247,"height":1277,"url":"https:\/\/www.tecdmx.org.mx\/wp-content\/uploads\/2019\/04\/COMUNICADO-1.jpg","type":"image\/jpeg"}],"author":"Difusion2025","twitter_card":"summary_large_image","twitter_creator":"@tecdmx","twitter_site":"@tecdmx","twitter_misc":{"Escrito por":"Difusion2025","Tiempo de lectura":"3 minutos"},"schema":{"@context":"https:\/\/schema.org","@graph":[{"@type":"WebPage","@id":"https:\/\/www.tecdmx.org.mx\/index.php\/comunicados\/2020\/06\/01\/el-aprovechamiento-de-las-tecnologias-en-la-justicia-electoral-debe-ocuparse-de-los-grupos-mas-vulnerables-afirma-magistrada-martha-mercado-ramirez\/","url":"https:\/\/www.tecdmx.org.mx\/index.php\/comunicados\/2020\/06\/01\/el-aprovechamiento-de-las-tecnologias-en-la-justicia-electoral-debe-ocuparse-de-los-grupos-mas-vulnerables-afirma-magistrada-martha-mercado-ramirez\/","name":"El aprovechamiento de las tecnolog\u00edas en la justicia electoral debe ocuparse de los grupos m\u00e1s vulnerables, afirma Magistrada Martha Mercado Ram\u00edrez - Tribunal Electoral de la Ciudad de M\u00e9xico","isPartOf":{"@id":"https:\/\/www.tecdmx.org.mx\/#website"},"primaryImageOfPage":{"@id":"https:\/\/www.tecdmx.org.mx\/index.php\/comunicados\/2020\/06\/01\/el-aprovechamiento-de-las-tecnologias-en-la-justicia-electoral-debe-ocuparse-de-los-grupos-mas-vulnerables-afirma-magistrada-martha-mercado-ramirez\/#primaryimage"},"image":{"@id":"https:\/\/www.tecdmx.org.mx\/index.php\/comunicados\/2020\/06\/01\/el-aprovechamiento-de-las-tecnologias-en-la-justicia-electoral-debe-ocuparse-de-los-grupos-mas-vulnerables-afirma-magistrada-martha-mercado-ramirez\/#primaryimage"},"thumbnailUrl":"https:\/\/www.tecdmx.org.mx\/wp-content\/uploads\/2019\/04\/COMUNICADO-1.jpg","datePublished":"2020-06-01T22:57:44+00:00","dateModified":"2020-06-05T14:56:46+00:00","author":{"@id":"https:\/\/www.tecdmx.org.mx\/#\/schema\/person\/208c898199fb3234203823c5f0cf31d6"},"breadcrumb":{"@id":"https:\/\/www.tecdmx.org.mx\/index.php\/comunicados\/2020\/06\/01\/el-aprovechamiento-de-las-tecnologias-en-la-justicia-electoral-debe-ocuparse-de-los-grupos-mas-vulnerables-afirma-magistrada-martha-mercado-ramirez\/#breadcrumb"},"inLanguage":"es","potentialAction":[{"@type":"ReadAction","target":["https:\/\/www.tecdmx.org.mx\/index.php\/comunicados\/2020\/06\/01\/el-aprovechamiento-de-las-tecnologias-en-la-justicia-electoral-debe-ocuparse-de-los-grupos-mas-vulnerables-afirma-magistrada-martha-mercado-ramirez\/"]}]},{"@type":"ImageObject","inLanguage":"es","@id":"https:\/\/www.tecdmx.org.mx\/index.php\/comunicados\/2020\/06\/01\/el-aprovechamiento-de-las-tecnologias-en-la-justicia-electoral-debe-ocuparse-de-los-grupos-mas-vulnerables-afirma-magistrada-martha-mercado-ramirez\/#primaryimage","url":"https:\/\/www.tecdmx.org.mx\/wp-content\/uploads\/2019\/04\/COMUNICADO-1.jpg","contentUrl":"https:\/\/www.tecdmx.org.mx\/wp-content\/uploads\/2019\/04\/COMUNICADO-1.jpg","width":2247,"height":1277},{"@type":"BreadcrumbList","@id":"https:\/\/www.tecdmx.org.mx\/index.php\/comunicados\/2020\/06\/01\/el-aprovechamiento-de-las-tecnologias-en-la-justicia-electoral-debe-ocuparse-de-los-grupos-mas-vulnerables-afirma-magistrada-martha-mercado-ramirez\/#breadcrumb","itemListElement":[{"@type":"ListItem","position":1,"name":"Portada","item":"https:\/\/www.tecdmx.org.mx\/"},{"@type":"ListItem","position":2,"name":"El aprovechamiento de las tecnolog\u00edas en la justicia electoral debe ocuparse de los grupos m\u00e1s vulnerables, afirma Magistrada Martha Mercado Ram\u00edrez"}]},{"@type":"WebSite","@id":"https:\/\/www.tecdmx.org.mx\/#website","url":"https:\/\/www.tecdmx.org.mx\/","name":"Tribunal Electoral de la Ciudad de M\u00e9xico","description":"25 a\u00f1os garantizando justicia en tu elecci\u00f3n","potentialAction":[{"@type":"SearchAction","target":{"@type":"EntryPoint","urlTemplate":"https:\/\/www.tecdmx.org.mx\/?s={search_term_string}"},"query-input":"required name=search_term_string"}],"inLanguage":"es"},{"@type":"Person","@id":"https:\/\/www.tecdmx.org.mx\/#\/schema\/person\/208c898199fb3234203823c5f0cf31d6","name":"Difusion2025","image":{"@type":"ImageObject","inLanguage":"es","@id":"https:\/\/www.tecdmx.org.mx\/#\/schema\/person\/image\/","url":"https:\/\/secure.gravatar.com\/avatar\/6f7a4ba3acb418040e90a2eb99b5df28?s=96&d=mm&r=g","contentUrl":"https:\/\/secure.gravatar.com\/avatar\/6f7a4ba3acb418040e90a2eb99b5df28?s=96&d=mm&r=g","caption":"Difusion2025"}}]}},"_links":{"self":[{"href":"https:\/\/www.tecdmx.org.mx\/index.php\/wp-json\/wp\/v2\/posts\/20087"}],"collection":[{"href":"https:\/\/www.tecdmx.org.mx\/index.php\/wp-json\/wp\/v2\/posts"}],"about":[{"href":"https:\/\/www.tecdmx.org.mx\/index.php\/wp-json\/wp\/v2\/types\/post"}],"author":[{"embeddable":true,"href":"https:\/\/www.tecdmx.org.mx\/index.php\/wp-json\/wp\/v2\/users\/13"}],"replies":[{"embeddable":true,"href":"https:\/\/www.tecdmx.org.mx\/index.php\/wp-json\/wp\/v2\/comments?post=20087"}],"version-history":[{"count":2,"href":"https:\/\/www.tecdmx.org.mx\/index.php\/wp-json\/wp\/v2\/posts\/20087\/revisions"}],"predecessor-version":[{"id":20090,"href":"https:\/\/www.tecdmx.org.mx\/index.php\/wp-json\/wp\/v2\/posts\/20087\/revisions\/20090"}],"wp:featuredmedia":[{"embeddable":true,"href":"https:\/\/www.tecdmx.org.mx\/index.php\/wp-json\/wp\/v2\/media\/12606"}],"wp:attachment":[{"href":"https:\/\/www.tecdmx.org.mx\/index.php\/wp-json\/wp\/v2\/media?parent=20087"}],"wp:term":[{"taxonomy":"category","embeddable":true,"href":"https:\/\/www.tecdmx.org.mx\/index.php\/wp-json\/wp\/v2\/categories?post=20087"},{"taxonomy":"post_tag","embeddable":true,"href":"https:\/\/www.tecdmx.org.mx\/index.php\/wp-json\/wp\/v2\/tags?post=20087"}],"curies":[{"name":"wp","href":"https:\/\/api.w.org\/{rel}","templated":true}]}}