{"id":20190,"date":"2020-06-19T15:23:27","date_gmt":"2020-06-19T15:23:27","guid":{"rendered":"https:\/\/www.tecdmx.org.mx\/?p=20190"},"modified":"2020-06-19T15:23:28","modified_gmt":"2020-06-19T15:23:28","slug":"libertad-de-expresion-pilar-fundamental-en-toda-democracia-afirma-magistrada-alejandra-chavez","status":"publish","type":"post","link":"https:\/\/www.tecdmx.org.mx\/index.php\/destacados\/2020\/06\/19\/libertad-de-expresion-pilar-fundamental-en-toda-democracia-afirma-magistrada-alejandra-chavez\/","title":{"rendered":"Libertad de expresi\u00f3n, pilar fundamental en toda democracia, afirma Magistrada Alejandra Ch\u00e1vez"},"content":{"rendered":"\n<p>Ciudad de M\u00e9xico, a 19 de junio de 2020<\/p>\n\n\n\n<p><strong>Bolet\u00edn N\u00ba 40<\/strong><\/p>\n\n\n\n<p><strong>Libertad de\nexpresi\u00f3n, pilar fundamental en toda democracia, afirma Magistrada Alejandra\nCh\u00e1vez<\/strong><\/p>\n\n\n\n<ul><li>Realiz\u00f3 un an\u00e1lisis de la obra \u201cAcciones de inconstitucionalidad\nen Materia Electoral\u201d.<\/li><\/ul>\n\n\n\n<p>La Magistrada Alejandra Ch\u00e1vez Camarena particip\u00f3 como comentarista de la\nobra \u201cAcciones de inconstitucionalidad en Materia Electoral\u201d, durante\nlas actividades de la Primera Feria Internacional del Libro Virtual organizada\npor el Tribunal Electoral del Poder Judicial de la Federaci\u00f3n.<\/p>\n\n\n\n<p>La Magistrada Ch\u00e1vez Camarena\nreconoci\u00f3 el trabajo de las personas autoras, Monika Gilas, Fernando Agiss y\nGuillermo Tenorio, por el an\u00e1lisis de 43 acciones de inconstitucionalidad, 12\nopiniones de Sala Superior, as\u00ed como 9 sentencias, diversas sentencias y\njurisprudencias de \u00f3rganos electorales.<\/p>\n\n\n\n<p>Los temas torales incluidos en la\nobra abren un espacio de reflexi\u00f3n sobre la fiscalizaci\u00f3n, los sistemas\nelectorales y la libertad de expresi\u00f3n en materia electoral, as\u00ed como el debate\nsobre si la Suprema Corte de Justicia de la Naci\u00f3n debe conocer, o no, asuntos\nde car\u00e1cter electoral.<\/p>\n\n\n\n<p>Respecto del tema de\nfiscalizaci\u00f3n, escrito por Fernando Agiss, la Magistrada Alejandra Ch\u00e1vez\nCamarena consider\u00f3 que el Instituto Nacional Electoral, debido a su amplia\ncarga de trabajo, podr\u00eda apoyarse en los OPLES para realizarla, pues hay varios\nque ten\u00edan una buena estructura organizacional y, sin embargo, echaron para\nabajo las unidades que lo hac\u00edan<\/p>\n\n\n\n<p>Por otra parte, sobre el sistema\nelectoral en M\u00e9xico consider\u00f3 que resulta fundamental la funci\u00f3n de\ninterpretaci\u00f3n y resoluci\u00f3n de quienes imparten justicia, pues \u00e9sta dota de\nsolidez y certeza al sistema.<\/p>\n\n\n\n<p>\u201cEllo, en raz\u00f3n de que quienes\nintegran el poder legislativo y que tienen legitimaci\u00f3n para interponer las\nacciones, dif\u00edcilmente controvierten de manera objetiva, pues son las personas\ndestinatarias de las normas electorales por lo que no persiguen el inter\u00e9s\ngeneral\u201d, afirm\u00f3 la Magistrada Ch\u00e1vez Camarena.<\/p>\n\n\n\n<p>Por otra parte, respecto de la\nlibertad de expresi\u00f3n en materia electoral, la Magistrada afirm\u00f3 que es el\npilar fundamental en toda democracia.<\/p>\n\n\n\n<p>Para concluir su participaci\u00f3n,\nla Magistrada Ch\u00e1vez Camarena reflexion\u00f3 sobre algunas preguntas respecto de la\nidoneidad de que la Corte siga siendo la instancia para resolver sobre el\ncontrol de constitucionalidad en materia electoral; la procedencia la creaci\u00f3n\nde una sala electoral en la que se incluya a las Magistraturas Electorales del\nTEPJF y que sus opiniones sean vinculantes y; finalmente, qu\u00e9 se debe mejorar\nen el sistema electoral en la siguiente reforma en la materia.<\/p>\n\n\n\n<p>El evento, conducido por la\nMagistrada de la Sala Regional Especializada, Gabriela Villafuerte,&nbsp; cont\u00f3 con los comentarios de Rafael Rubio\nN\u00fa\u00f1ez, investigador y acad\u00e9mico del Centro de Estudios Pol\u00edticos y\nConstitucionales de Espa\u00f1a, quien habl\u00f3 sobre el tratamiento de la libertad de\nexpresi\u00f3n en los procesos electorales, afirmando que est\u00e1 en un proceso de\nreconfiguraci\u00f3n y evoluci\u00f3n.<\/p>\n\n\n\n<p>Finalmente, Guillermo Tenorio,\nacad\u00e9mico de la Universidad Panamericana y coautor del libro, habl\u00f3 sobre las\ntem\u00e1ticas de su art\u00edculo, las cuales est\u00e1n enfocadas en la libertad de\nexpresi\u00f3n en relaci\u00f3n con las encuestas, los spots propagand\u00edsticos y las\nexpresiones denigrantes durante los procesos electorales.<\/p>\n\n\n\n<p class=\"has-text-align-center\"><strong>o-O-o<\/strong><\/p>\n","protected":false},"excerpt":{"rendered":"<p>Ciudad de M\u00e9xico, a 19 de junio de 2020 Bolet\u00edn N\u00ba 40 Libertad de expresi\u00f3n, pilar fundamental en toda democracia, afirma Magistrada Alejandra Ch\u00e1vez Realiz\u00f3 un an\u00e1lisis de la obra [&hellip;]<\/p>\n","protected":false},"author":13,"featured_media":12606,"comment_status":"open","ping_status":"open","sticky":false,"template":"","format":"standard","meta":{"_acf_changed":false,"_exactmetrics_skip_tracking":false,"_exactmetrics_sitenote_active":false,"_exactmetrics_sitenote_note":"","_exactmetrics_sitenote_category":0,"footnotes":""},"categories":[32,47],"tags":[],"acf":[],"yoast_head":"<!-- This site is optimized with the Yoast SEO plugin v22.3 - https:\/\/yoast.com\/wordpress\/plugins\/seo\/ -->\n<title>Libertad de expresi\u00f3n, pilar fundamental en toda democracia, afirma Magistrada Alejandra Ch\u00e1vez - Tribunal Electoral de la Ciudad de M\u00e9xico<\/title>\n<meta name=\"robots\" content=\"index, follow, max-snippet:-1, max-image-preview:large, max-video-preview:-1\" \/>\n<link rel=\"canonical\" href=\"https:\/\/www.tecdmx.org.mx\/index.php\/destacados\/2020\/06\/19\/libertad-de-expresion-pilar-fundamental-en-toda-democracia-afirma-magistrada-alejandra-chavez\/\" \/>\n<meta property=\"og:locale\" content=\"es_ES\" \/>\n<meta property=\"og:type\" content=\"article\" \/>\n<meta property=\"og:title\" content=\"Libertad de expresi\u00f3n, pilar fundamental en toda democracia, afirma Magistrada Alejandra Ch\u00e1vez - Tribunal Electoral de la Ciudad de M\u00e9xico\" \/>\n<meta property=\"og:description\" content=\"Ciudad de M\u00e9xico, a 19 de junio de 2020 Bolet\u00edn N\u00ba 40 Libertad de expresi\u00f3n, pilar fundamental en toda democracia, afirma Magistrada Alejandra Ch\u00e1vez Realiz\u00f3 un an\u00e1lisis de la obra [&hellip;]\" \/>\n<meta property=\"og:url\" content=\"https:\/\/www.tecdmx.org.mx\/index.php\/destacados\/2020\/06\/19\/libertad-de-expresion-pilar-fundamental-en-toda-democracia-afirma-magistrada-alejandra-chavez\/\" \/>\n<meta property=\"og:site_name\" content=\"Tribunal Electoral de la Ciudad de M\u00e9xico\" \/>\n<meta property=\"article:publisher\" content=\"https:\/\/www.facebook.com\/TECDMX\/\" \/>\n<meta property=\"article:published_time\" content=\"2020-06-19T15:23:27+00:00\" \/>\n<meta property=\"article:modified_time\" content=\"2020-06-19T15:23:28+00:00\" \/>\n<meta property=\"og:image\" content=\"https:\/\/www.tecdmx.org.mx\/wp-content\/uploads\/2019\/04\/COMUNICADO-1.jpg\" \/>\n\t<meta property=\"og:image:width\" content=\"2247\" \/>\n\t<meta property=\"og:image:height\" content=\"1277\" \/>\n\t<meta property=\"og:image:type\" content=\"image\/jpeg\" \/>\n<meta name=\"author\" content=\"Difusion2025\" \/>\n<meta name=\"twitter:card\" content=\"summary_large_image\" \/>\n<meta name=\"twitter:creator\" content=\"@tecdmx\" \/>\n<meta name=\"twitter:site\" content=\"@tecdmx\" \/>\n<meta name=\"twitter:label1\" content=\"Escrito por\" \/>\n\t<meta name=\"twitter:data1\" content=\"Difusion2025\" \/>\n\t<meta name=\"twitter:label2\" content=\"Tiempo de lectura\" \/>\n\t<meta name=\"twitter:data2\" content=\"3 minutos\" \/>\n<script type=\"application\/ld+json\" class=\"yoast-schema-graph\">{\"@context\":\"https:\/\/schema.org\",\"@graph\":[{\"@type\":\"WebPage\",\"@id\":\"https:\/\/www.tecdmx.org.mx\/index.php\/destacados\/2020\/06\/19\/libertad-de-expresion-pilar-fundamental-en-toda-democracia-afirma-magistrada-alejandra-chavez\/\",\"url\":\"https:\/\/www.tecdmx.org.mx\/index.php\/destacados\/2020\/06\/19\/libertad-de-expresion-pilar-fundamental-en-toda-democracia-afirma-magistrada-alejandra-chavez\/\",\"name\":\"Libertad de expresi\u00f3n, pilar fundamental en toda democracia, afirma Magistrada Alejandra Ch\u00e1vez - Tribunal Electoral de la Ciudad de M\u00e9xico\",\"isPartOf\":{\"@id\":\"https:\/\/www.tecdmx.org.mx\/#website\"},\"primaryImageOfPage\":{\"@id\":\"https:\/\/www.tecdmx.org.mx\/index.php\/destacados\/2020\/06\/19\/libertad-de-expresion-pilar-fundamental-en-toda-democracia-afirma-magistrada-alejandra-chavez\/#primaryimage\"},\"image\":{\"@id\":\"https:\/\/www.tecdmx.org.mx\/index.php\/destacados\/2020\/06\/19\/libertad-de-expresion-pilar-fundamental-en-toda-democracia-afirma-magistrada-alejandra-chavez\/#primaryimage\"},\"thumbnailUrl\":\"https:\/\/www.tecdmx.org.mx\/wp-content\/uploads\/2019\/04\/COMUNICADO-1.jpg\",\"datePublished\":\"2020-06-19T15:23:27+00:00\",\"dateModified\":\"2020-06-19T15:23:28+00:00\",\"author\":{\"@id\":\"https:\/\/www.tecdmx.org.mx\/#\/schema\/person\/208c898199fb3234203823c5f0cf31d6\"},\"breadcrumb\":{\"@id\":\"https:\/\/www.tecdmx.org.mx\/index.php\/destacados\/2020\/06\/19\/libertad-de-expresion-pilar-fundamental-en-toda-democracia-afirma-magistrada-alejandra-chavez\/#breadcrumb\"},\"inLanguage\":\"es\",\"potentialAction\":[{\"@type\":\"ReadAction\",\"target\":[\"https:\/\/www.tecdmx.org.mx\/index.php\/destacados\/2020\/06\/19\/libertad-de-expresion-pilar-fundamental-en-toda-democracia-afirma-magistrada-alejandra-chavez\/\"]}]},{\"@type\":\"ImageObject\",\"inLanguage\":\"es\",\"@id\":\"https:\/\/www.tecdmx.org.mx\/index.php\/destacados\/2020\/06\/19\/libertad-de-expresion-pilar-fundamental-en-toda-democracia-afirma-magistrada-alejandra-chavez\/#primaryimage\",\"url\":\"https:\/\/www.tecdmx.org.mx\/wp-content\/uploads\/2019\/04\/COMUNICADO-1.jpg\",\"contentUrl\":\"https:\/\/www.tecdmx.org.mx\/wp-content\/uploads\/2019\/04\/COMUNICADO-1.jpg\",\"width\":2247,\"height\":1277},{\"@type\":\"BreadcrumbList\",\"@id\":\"https:\/\/www.tecdmx.org.mx\/index.php\/destacados\/2020\/06\/19\/libertad-de-expresion-pilar-fundamental-en-toda-democracia-afirma-magistrada-alejandra-chavez\/#breadcrumb\",\"itemListElement\":[{\"@type\":\"ListItem\",\"position\":1,\"name\":\"Portada\",\"item\":\"https:\/\/www.tecdmx.org.mx\/\"},{\"@type\":\"ListItem\",\"position\":2,\"name\":\"Libertad de expresi\u00f3n, pilar fundamental en toda democracia, afirma Magistrada Alejandra Ch\u00e1vez\"}]},{\"@type\":\"WebSite\",\"@id\":\"https:\/\/www.tecdmx.org.mx\/#website\",\"url\":\"https:\/\/www.tecdmx.org.mx\/\",\"name\":\"Tribunal Electoral de la Ciudad de M\u00e9xico\",\"description\":\"25 a\u00f1os garantizando justicia en tu elecci\u00f3n\",\"potentialAction\":[{\"@type\":\"SearchAction\",\"target\":{\"@type\":\"EntryPoint\",\"urlTemplate\":\"https:\/\/www.tecdmx.org.mx\/?s={search_term_string}\"},\"query-input\":\"required name=search_term_string\"}],\"inLanguage\":\"es\"},{\"@type\":\"Person\",\"@id\":\"https:\/\/www.tecdmx.org.mx\/#\/schema\/person\/208c898199fb3234203823c5f0cf31d6\",\"name\":\"Difusion2025\",\"image\":{\"@type\":\"ImageObject\",\"inLanguage\":\"es\",\"@id\":\"https:\/\/www.tecdmx.org.mx\/#\/schema\/person\/image\/\",\"url\":\"https:\/\/secure.gravatar.com\/avatar\/6f7a4ba3acb418040e90a2eb99b5df28?s=96&d=mm&r=g\",\"contentUrl\":\"https:\/\/secure.gravatar.com\/avatar\/6f7a4ba3acb418040e90a2eb99b5df28?s=96&d=mm&r=g\",\"caption\":\"Difusion2025\"}}]}<\/script>\n<!-- \/ Yoast SEO plugin. -->","yoast_head_json":{"title":"Libertad de expresi\u00f3n, pilar fundamental en toda democracia, afirma Magistrada Alejandra Ch\u00e1vez - Tribunal Electoral de la Ciudad de M\u00e9xico","robots":{"index":"index","follow":"follow","max-snippet":"max-snippet:-1","max-image-preview":"max-image-preview:large","max-video-preview":"max-video-preview:-1"},"canonical":"https:\/\/www.tecdmx.org.mx\/index.php\/destacados\/2020\/06\/19\/libertad-de-expresion-pilar-fundamental-en-toda-democracia-afirma-magistrada-alejandra-chavez\/","og_locale":"es_ES","og_type":"article","og_title":"Libertad de expresi\u00f3n, pilar fundamental en toda democracia, afirma Magistrada Alejandra Ch\u00e1vez - Tribunal Electoral de la Ciudad de M\u00e9xico","og_description":"Ciudad de M\u00e9xico, a 19 de junio de 2020 Bolet\u00edn N\u00ba 40 Libertad de expresi\u00f3n, pilar fundamental en toda democracia, afirma Magistrada Alejandra Ch\u00e1vez Realiz\u00f3 un an\u00e1lisis de la obra [&hellip;]","og_url":"https:\/\/www.tecdmx.org.mx\/index.php\/destacados\/2020\/06\/19\/libertad-de-expresion-pilar-fundamental-en-toda-democracia-afirma-magistrada-alejandra-chavez\/","og_site_name":"Tribunal Electoral de la Ciudad de M\u00e9xico","article_publisher":"https:\/\/www.facebook.com\/TECDMX\/","article_published_time":"2020-06-19T15:23:27+00:00","article_modified_time":"2020-06-19T15:23:28+00:00","og_image":[{"width":2247,"height":1277,"url":"https:\/\/www.tecdmx.org.mx\/wp-content\/uploads\/2019\/04\/COMUNICADO-1.jpg","type":"image\/jpeg"}],"author":"Difusion2025","twitter_card":"summary_large_image","twitter_creator":"@tecdmx","twitter_site":"@tecdmx","twitter_misc":{"Escrito por":"Difusion2025","Tiempo de lectura":"3 minutos"},"schema":{"@context":"https:\/\/schema.org","@graph":[{"@type":"WebPage","@id":"https:\/\/www.tecdmx.org.mx\/index.php\/destacados\/2020\/06\/19\/libertad-de-expresion-pilar-fundamental-en-toda-democracia-afirma-magistrada-alejandra-chavez\/","url":"https:\/\/www.tecdmx.org.mx\/index.php\/destacados\/2020\/06\/19\/libertad-de-expresion-pilar-fundamental-en-toda-democracia-afirma-magistrada-alejandra-chavez\/","name":"Libertad de expresi\u00f3n, pilar fundamental en toda democracia, afirma Magistrada Alejandra Ch\u00e1vez - Tribunal Electoral de la Ciudad de M\u00e9xico","isPartOf":{"@id":"https:\/\/www.tecdmx.org.mx\/#website"},"primaryImageOfPage":{"@id":"https:\/\/www.tecdmx.org.mx\/index.php\/destacados\/2020\/06\/19\/libertad-de-expresion-pilar-fundamental-en-toda-democracia-afirma-magistrada-alejandra-chavez\/#primaryimage"},"image":{"@id":"https:\/\/www.tecdmx.org.mx\/index.php\/destacados\/2020\/06\/19\/libertad-de-expresion-pilar-fundamental-en-toda-democracia-afirma-magistrada-alejandra-chavez\/#primaryimage"},"thumbnailUrl":"https:\/\/www.tecdmx.org.mx\/wp-content\/uploads\/2019\/04\/COMUNICADO-1.jpg","datePublished":"2020-06-19T15:23:27+00:00","dateModified":"2020-06-19T15:23:28+00:00","author":{"@id":"https:\/\/www.tecdmx.org.mx\/#\/schema\/person\/208c898199fb3234203823c5f0cf31d6"},"breadcrumb":{"@id":"https:\/\/www.tecdmx.org.mx\/index.php\/destacados\/2020\/06\/19\/libertad-de-expresion-pilar-fundamental-en-toda-democracia-afirma-magistrada-alejandra-chavez\/#breadcrumb"},"inLanguage":"es","potentialAction":[{"@type":"ReadAction","target":["https:\/\/www.tecdmx.org.mx\/index.php\/destacados\/2020\/06\/19\/libertad-de-expresion-pilar-fundamental-en-toda-democracia-afirma-magistrada-alejandra-chavez\/"]}]},{"@type":"ImageObject","inLanguage":"es","@id":"https:\/\/www.tecdmx.org.mx\/index.php\/destacados\/2020\/06\/19\/libertad-de-expresion-pilar-fundamental-en-toda-democracia-afirma-magistrada-alejandra-chavez\/#primaryimage","url":"https:\/\/www.tecdmx.org.mx\/wp-content\/uploads\/2019\/04\/COMUNICADO-1.jpg","contentUrl":"https:\/\/www.tecdmx.org.mx\/wp-content\/uploads\/2019\/04\/COMUNICADO-1.jpg","width":2247,"height":1277},{"@type":"BreadcrumbList","@id":"https:\/\/www.tecdmx.org.mx\/index.php\/destacados\/2020\/06\/19\/libertad-de-expresion-pilar-fundamental-en-toda-democracia-afirma-magistrada-alejandra-chavez\/#breadcrumb","itemListElement":[{"@type":"ListItem","position":1,"name":"Portada","item":"https:\/\/www.tecdmx.org.mx\/"},{"@type":"ListItem","position":2,"name":"Libertad de expresi\u00f3n, pilar fundamental en toda democracia, afirma Magistrada Alejandra Ch\u00e1vez"}]},{"@type":"WebSite","@id":"https:\/\/www.tecdmx.org.mx\/#website","url":"https:\/\/www.tecdmx.org.mx\/","name":"Tribunal Electoral de la Ciudad de M\u00e9xico","description":"25 a\u00f1os garantizando justicia en tu elecci\u00f3n","potentialAction":[{"@type":"SearchAction","target":{"@type":"EntryPoint","urlTemplate":"https:\/\/www.tecdmx.org.mx\/?s={search_term_string}"},"query-input":"required name=search_term_string"}],"inLanguage":"es"},{"@type":"Person","@id":"https:\/\/www.tecdmx.org.mx\/#\/schema\/person\/208c898199fb3234203823c5f0cf31d6","name":"Difusion2025","image":{"@type":"ImageObject","inLanguage":"es","@id":"https:\/\/www.tecdmx.org.mx\/#\/schema\/person\/image\/","url":"https:\/\/secure.gravatar.com\/avatar\/6f7a4ba3acb418040e90a2eb99b5df28?s=96&d=mm&r=g","contentUrl":"https:\/\/secure.gravatar.com\/avatar\/6f7a4ba3acb418040e90a2eb99b5df28?s=96&d=mm&r=g","caption":"Difusion2025"}}]}},"_links":{"self":[{"href":"https:\/\/www.tecdmx.org.mx\/index.php\/wp-json\/wp\/v2\/posts\/20190"}],"collection":[{"href":"https:\/\/www.tecdmx.org.mx\/index.php\/wp-json\/wp\/v2\/posts"}],"about":[{"href":"https:\/\/www.tecdmx.org.mx\/index.php\/wp-json\/wp\/v2\/types\/post"}],"author":[{"embeddable":true,"href":"https:\/\/www.tecdmx.org.mx\/index.php\/wp-json\/wp\/v2\/users\/13"}],"replies":[{"embeddable":true,"href":"https:\/\/www.tecdmx.org.mx\/index.php\/wp-json\/wp\/v2\/comments?post=20190"}],"version-history":[{"count":1,"href":"https:\/\/www.tecdmx.org.mx\/index.php\/wp-json\/wp\/v2\/posts\/20190\/revisions"}],"predecessor-version":[{"id":20191,"href":"https:\/\/www.tecdmx.org.mx\/index.php\/wp-json\/wp\/v2\/posts\/20190\/revisions\/20191"}],"wp:featuredmedia":[{"embeddable":true,"href":"https:\/\/www.tecdmx.org.mx\/index.php\/wp-json\/wp\/v2\/media\/12606"}],"wp:attachment":[{"href":"https:\/\/www.tecdmx.org.mx\/index.php\/wp-json\/wp\/v2\/media?parent=20190"}],"wp:term":[{"taxonomy":"category","embeddable":true,"href":"https:\/\/www.tecdmx.org.mx\/index.php\/wp-json\/wp\/v2\/categories?post=20190"},{"taxonomy":"post_tag","embeddable":true,"href":"https:\/\/www.tecdmx.org.mx\/index.php\/wp-json\/wp\/v2\/tags?post=20190"}],"curies":[{"name":"wp","href":"https:\/\/api.w.org\/{rel}","templated":true}]}}