{"id":20202,"date":"2020-06-23T00:35:19","date_gmt":"2020-06-23T00:35:19","guid":{"rendered":"https:\/\/www.tecdmx.org.mx\/?p=20202"},"modified":"2020-06-23T00:35:21","modified_gmt":"2020-06-23T00:35:21","slug":"reconoce-info-cdmx-capacitacion-al-100-del-tecdmx-en-transparencia","status":"publish","type":"post","link":"https:\/\/www.tecdmx.org.mx\/index.php\/comunicados\/2020\/06\/23\/reconoce-info-cdmx-capacitacion-al-100-del-tecdmx-en-transparencia\/","title":{"rendered":"Reconoce Info CDMX capacitaci\u00f3n al 100% del TECDMX en transparencia"},"content":{"rendered":"\n<p>Ciudad de M\u00e9xico, a 22 de junio de 2020<\/p>\n\n\n\n<p><strong>Bolet\u00edn N\u00ba 41<\/strong><\/p>\n\n\n\n<p><\/p>\n\n\n\n<ul><li>La entrega de reconocimientos se llev\u00f3 a cabo a distancia.<\/li><li>El Magistrado Armando Ambriz Hern\u00e1ndez, Presidente del Comit\u00e9 de\nTransparencia del TECDMX, agradeci\u00f3 al Instituto y reconoci\u00f3 al personal del\nTribunal.<\/li><\/ul>\n\n\n\n<p>El Tribunal Electoral de la Ciudad de M\u00e9xico obtuvo el\nreconocimiento por parte del Instituto de Transparencia, Acceso a la\nInformaci\u00f3n P\u00fablica, Protecci\u00f3n de Datos Personales y Rendici\u00f3n de Cuentas de\nla Ciudad de M\u00e9xico (Info-CDMX), &nbsp;al\nacreditar haber capacitado en 2019 a la totalidad de su personal en materia de\ntransparencia, a trav\u00e9s de los contenidos generados por dicho instituto.<\/p>\n\n\n\n<p>Al hacer uso de la voz, el Magistrado Armando Ambriz Hern\u00e1ndez,\ndestac\u00f3 que la transparencia en todos los \u00e1mbitos de competencia de los entes\np\u00fablicos, genera confianza en el gobernado y la seguridad de que el desempe\u00f1o\nde las personas servidoras p\u00fablicas se ajusta a los cauces legales que regulan\nlas competencia y atribuciones institucionales.<\/p>\n\n\n\n<p>\u201cEs necesaria la profesionalizaci\u00f3n, actualizaci\u00f3n y capacitaci\u00f3n\npermanente no solo de las personas servidoras p\u00fablicas vinculadas a la atenci\u00f3n\nde los Derechos de Acceso a la Informaci\u00f3n P\u00fablica y Protecci\u00f3n de Datos\nPersonales, sino de todo el personal de \u00f3rganos e instituciones, como parte de\nsu responsabilidad social en el paradigma de apertura estatal y tutela del\nderecho fundamental a la privacidad\u201d, afirm\u00f3 el Magistrado Ambriz Hern\u00e1ndez.<\/p>\n\n\n\n<p>Asimismo, reiter\u00f3 \u201cel compromiso del TECDMX con la democracia, y\nnuestra firme convicci\u00f3n de continuar instrumentando en coordinaci\u00f3n con el\nInstituto, pol\u00edticas de capacitaci\u00f3n y especializaci\u00f3n de todas y todos los\nservidores p\u00fablicos que lo conformamos\u201d.<\/p>\n\n\n\n<p>Por su parte, la Comisionada del Info-CDMX, Marina San Mart\u00edn,\nreflexion\u00f3 sobre la importancia de la capacitaci\u00f3n como la mejor inversi\u00f3n para\nel fortalecimiento institucional.<\/p>\n\n\n\n<p>\u201cNuestra labor se centra en fines comunes por los que trabajamos:\nseguir construyendo una Ciudad m\u00e1s transparente, garante de derechos, que\nfavorezca el desarrollo\u201d, afirm\u00f3 San Mart\u00edn Rebolloso.<\/p>\n\n\n\n<p>Asimismo, el Comisionado Presidente, Julio C\u00e9sar Bonilla,\nconsider\u00f3 que la cultura de la transparencia es una tarea que se desarrolla a\ndiario en las actividades de la Ciudad de M\u00e9xico, destacando que la labor del\nInfo-CDMX tiene como objetivo colocar a las personas en el centro de nuestras\nacciones.<\/p>\n\n\n\n<p>\u201cHoy m\u00e1s que nunca existe la necesidad de desarrollar un avance\ncom\u00fan. Todos debemos defender nuestra ciudad, hoy no s\u00f3lo es por el bien de la\ncapital, sino de nuestro pa\u00eds y del planeta\u201d, concluy\u00f3.<\/p>\n\n\n\n<p>El evento cont\u00f3 con la participaci\u00f3n a distancia del Magistrado\nPresidente, Gustavo Anzaldo Hern\u00e1ndez, las Magistradas Alejandra Ch\u00e1vez\nCamarena y Martha Mercado Ram\u00edrez, as\u00ed como los Magistrados Armando Ambriz\nHern\u00e1ndez y Juan Carlos S\u00e1nchez Le\u00f3n.<\/p>\n\n\n\n<p class=\"has-text-align-center\"><strong>o-O-o<\/strong><\/p>\n","protected":false},"excerpt":{"rendered":"<p>Ciudad de M\u00e9xico, a 22 de junio de 2020 Bolet\u00edn N\u00ba 41 La entrega de reconocimientos se llev\u00f3 a cabo a distancia. El Magistrado Armando Ambriz Hern\u00e1ndez, Presidente del Comit\u00e9 [&hellip;]<\/p>\n","protected":false},"author":13,"featured_media":12605,"comment_status":"open","ping_status":"open","sticky":false,"template":"","format":"standard","meta":{"_acf_changed":false,"_exactmetrics_skip_tracking":false,"_exactmetrics_sitenote_active":false,"_exactmetrics_sitenote_note":"","_exactmetrics_sitenote_category":0,"footnotes":""},"categories":[32,47],"tags":[],"acf":[],"yoast_head":"<!-- This site is optimized with the Yoast SEO plugin v22.3 - https:\/\/yoast.com\/wordpress\/plugins\/seo\/ -->\n<title>Reconoce Info CDMX capacitaci\u00f3n al 100% del TECDMX en transparencia - Tribunal Electoral de la Ciudad de M\u00e9xico<\/title>\n<meta name=\"robots\" content=\"index, follow, max-snippet:-1, max-image-preview:large, max-video-preview:-1\" \/>\n<link rel=\"canonical\" href=\"https:\/\/www.tecdmx.org.mx\/index.php\/comunicados\/2020\/06\/23\/reconoce-info-cdmx-capacitacion-al-100-del-tecdmx-en-transparencia\/\" \/>\n<meta property=\"og:locale\" content=\"es_ES\" \/>\n<meta property=\"og:type\" content=\"article\" \/>\n<meta property=\"og:title\" content=\"Reconoce Info CDMX capacitaci\u00f3n al 100% del TECDMX en transparencia - Tribunal Electoral de la Ciudad de M\u00e9xico\" \/>\n<meta property=\"og:description\" content=\"Ciudad de M\u00e9xico, a 22 de junio de 2020 Bolet\u00edn N\u00ba 41 La entrega de reconocimientos se llev\u00f3 a cabo a distancia. El Magistrado Armando Ambriz Hern\u00e1ndez, Presidente del Comit\u00e9 [&hellip;]\" \/>\n<meta property=\"og:url\" content=\"https:\/\/www.tecdmx.org.mx\/index.php\/comunicados\/2020\/06\/23\/reconoce-info-cdmx-capacitacion-al-100-del-tecdmx-en-transparencia\/\" \/>\n<meta property=\"og:site_name\" content=\"Tribunal Electoral de la Ciudad de M\u00e9xico\" \/>\n<meta property=\"article:publisher\" content=\"https:\/\/www.facebook.com\/TECDMX\/\" \/>\n<meta property=\"article:published_time\" content=\"2020-06-23T00:35:19+00:00\" \/>\n<meta property=\"article:modified_time\" content=\"2020-06-23T00:35:21+00:00\" \/>\n<meta property=\"og:image\" content=\"https:\/\/www.tecdmx.org.mx\/wp-content\/uploads\/2019\/04\/COMUNICADO-e1555015709261.jpg\" \/>\n\t<meta property=\"og:image:width\" content=\"1000\" \/>\n\t<meta property=\"og:image:height\" content=\"568\" \/>\n\t<meta property=\"og:image:type\" content=\"image\/jpeg\" \/>\n<meta name=\"author\" content=\"Difusion2025\" \/>\n<meta name=\"twitter:card\" content=\"summary_large_image\" \/>\n<meta name=\"twitter:creator\" content=\"@tecdmx\" \/>\n<meta name=\"twitter:site\" content=\"@tecdmx\" \/>\n<meta name=\"twitter:label1\" content=\"Escrito por\" \/>\n\t<meta name=\"twitter:data1\" content=\"Difusion2025\" \/>\n\t<meta name=\"twitter:label2\" content=\"Tiempo de lectura\" \/>\n\t<meta name=\"twitter:data2\" content=\"2 minutos\" \/>\n<script type=\"application\/ld+json\" class=\"yoast-schema-graph\">{\"@context\":\"https:\/\/schema.org\",\"@graph\":[{\"@type\":\"WebPage\",\"@id\":\"https:\/\/www.tecdmx.org.mx\/index.php\/comunicados\/2020\/06\/23\/reconoce-info-cdmx-capacitacion-al-100-del-tecdmx-en-transparencia\/\",\"url\":\"https:\/\/www.tecdmx.org.mx\/index.php\/comunicados\/2020\/06\/23\/reconoce-info-cdmx-capacitacion-al-100-del-tecdmx-en-transparencia\/\",\"name\":\"Reconoce Info CDMX capacitaci\u00f3n al 100% del TECDMX en transparencia - Tribunal Electoral de la Ciudad de M\u00e9xico\",\"isPartOf\":{\"@id\":\"https:\/\/www.tecdmx.org.mx\/#website\"},\"primaryImageOfPage\":{\"@id\":\"https:\/\/www.tecdmx.org.mx\/index.php\/comunicados\/2020\/06\/23\/reconoce-info-cdmx-capacitacion-al-100-del-tecdmx-en-transparencia\/#primaryimage\"},\"image\":{\"@id\":\"https:\/\/www.tecdmx.org.mx\/index.php\/comunicados\/2020\/06\/23\/reconoce-info-cdmx-capacitacion-al-100-del-tecdmx-en-transparencia\/#primaryimage\"},\"thumbnailUrl\":\"https:\/\/www.tecdmx.org.mx\/wp-content\/uploads\/2019\/04\/COMUNICADO-e1555015709261.jpg\",\"datePublished\":\"2020-06-23T00:35:19+00:00\",\"dateModified\":\"2020-06-23T00:35:21+00:00\",\"author\":{\"@id\":\"https:\/\/www.tecdmx.org.mx\/#\/schema\/person\/208c898199fb3234203823c5f0cf31d6\"},\"breadcrumb\":{\"@id\":\"https:\/\/www.tecdmx.org.mx\/index.php\/comunicados\/2020\/06\/23\/reconoce-info-cdmx-capacitacion-al-100-del-tecdmx-en-transparencia\/#breadcrumb\"},\"inLanguage\":\"es\",\"potentialAction\":[{\"@type\":\"ReadAction\",\"target\":[\"https:\/\/www.tecdmx.org.mx\/index.php\/comunicados\/2020\/06\/23\/reconoce-info-cdmx-capacitacion-al-100-del-tecdmx-en-transparencia\/\"]}]},{\"@type\":\"ImageObject\",\"inLanguage\":\"es\",\"@id\":\"https:\/\/www.tecdmx.org.mx\/index.php\/comunicados\/2020\/06\/23\/reconoce-info-cdmx-capacitacion-al-100-del-tecdmx-en-transparencia\/#primaryimage\",\"url\":\"https:\/\/www.tecdmx.org.mx\/wp-content\/uploads\/2019\/04\/COMUNICADO-e1555015709261.jpg\",\"contentUrl\":\"https:\/\/www.tecdmx.org.mx\/wp-content\/uploads\/2019\/04\/COMUNICADO-e1555015709261.jpg\",\"width\":1000,\"height\":568},{\"@type\":\"BreadcrumbList\",\"@id\":\"https:\/\/www.tecdmx.org.mx\/index.php\/comunicados\/2020\/06\/23\/reconoce-info-cdmx-capacitacion-al-100-del-tecdmx-en-transparencia\/#breadcrumb\",\"itemListElement\":[{\"@type\":\"ListItem\",\"position\":1,\"name\":\"Portada\",\"item\":\"https:\/\/www.tecdmx.org.mx\/\"},{\"@type\":\"ListItem\",\"position\":2,\"name\":\"Reconoce Info CDMX capacitaci\u00f3n al 100% del TECDMX en transparencia\"}]},{\"@type\":\"WebSite\",\"@id\":\"https:\/\/www.tecdmx.org.mx\/#website\",\"url\":\"https:\/\/www.tecdmx.org.mx\/\",\"name\":\"Tribunal Electoral de la Ciudad de M\u00e9xico\",\"description\":\"25 a\u00f1os garantizando justicia en tu elecci\u00f3n\",\"potentialAction\":[{\"@type\":\"SearchAction\",\"target\":{\"@type\":\"EntryPoint\",\"urlTemplate\":\"https:\/\/www.tecdmx.org.mx\/?s={search_term_string}\"},\"query-input\":\"required name=search_term_string\"}],\"inLanguage\":\"es\"},{\"@type\":\"Person\",\"@id\":\"https:\/\/www.tecdmx.org.mx\/#\/schema\/person\/208c898199fb3234203823c5f0cf31d6\",\"name\":\"Difusion2025\",\"image\":{\"@type\":\"ImageObject\",\"inLanguage\":\"es\",\"@id\":\"https:\/\/www.tecdmx.org.mx\/#\/schema\/person\/image\/\",\"url\":\"https:\/\/secure.gravatar.com\/avatar\/6f7a4ba3acb418040e90a2eb99b5df28?s=96&d=mm&r=g\",\"contentUrl\":\"https:\/\/secure.gravatar.com\/avatar\/6f7a4ba3acb418040e90a2eb99b5df28?s=96&d=mm&r=g\",\"caption\":\"Difusion2025\"}}]}<\/script>\n<!-- \/ Yoast SEO plugin. -->","yoast_head_json":{"title":"Reconoce Info CDMX capacitaci\u00f3n al 100% del TECDMX en transparencia - Tribunal Electoral de la Ciudad de M\u00e9xico","robots":{"index":"index","follow":"follow","max-snippet":"max-snippet:-1","max-image-preview":"max-image-preview:large","max-video-preview":"max-video-preview:-1"},"canonical":"https:\/\/www.tecdmx.org.mx\/index.php\/comunicados\/2020\/06\/23\/reconoce-info-cdmx-capacitacion-al-100-del-tecdmx-en-transparencia\/","og_locale":"es_ES","og_type":"article","og_title":"Reconoce Info CDMX capacitaci\u00f3n al 100% del TECDMX en transparencia - Tribunal Electoral de la Ciudad de M\u00e9xico","og_description":"Ciudad de M\u00e9xico, a 22 de junio de 2020 Bolet\u00edn N\u00ba 41 La entrega de reconocimientos se llev\u00f3 a cabo a distancia. El Magistrado Armando Ambriz Hern\u00e1ndez, Presidente del Comit\u00e9 [&hellip;]","og_url":"https:\/\/www.tecdmx.org.mx\/index.php\/comunicados\/2020\/06\/23\/reconoce-info-cdmx-capacitacion-al-100-del-tecdmx-en-transparencia\/","og_site_name":"Tribunal Electoral de la Ciudad de M\u00e9xico","article_publisher":"https:\/\/www.facebook.com\/TECDMX\/","article_published_time":"2020-06-23T00:35:19+00:00","article_modified_time":"2020-06-23T00:35:21+00:00","og_image":[{"width":1000,"height":568,"url":"https:\/\/www.tecdmx.org.mx\/wp-content\/uploads\/2019\/04\/COMUNICADO-e1555015709261.jpg","type":"image\/jpeg"}],"author":"Difusion2025","twitter_card":"summary_large_image","twitter_creator":"@tecdmx","twitter_site":"@tecdmx","twitter_misc":{"Escrito por":"Difusion2025","Tiempo de lectura":"2 minutos"},"schema":{"@context":"https:\/\/schema.org","@graph":[{"@type":"WebPage","@id":"https:\/\/www.tecdmx.org.mx\/index.php\/comunicados\/2020\/06\/23\/reconoce-info-cdmx-capacitacion-al-100-del-tecdmx-en-transparencia\/","url":"https:\/\/www.tecdmx.org.mx\/index.php\/comunicados\/2020\/06\/23\/reconoce-info-cdmx-capacitacion-al-100-del-tecdmx-en-transparencia\/","name":"Reconoce Info CDMX capacitaci\u00f3n al 100% del TECDMX en transparencia - Tribunal Electoral de la Ciudad de M\u00e9xico","isPartOf":{"@id":"https:\/\/www.tecdmx.org.mx\/#website"},"primaryImageOfPage":{"@id":"https:\/\/www.tecdmx.org.mx\/index.php\/comunicados\/2020\/06\/23\/reconoce-info-cdmx-capacitacion-al-100-del-tecdmx-en-transparencia\/#primaryimage"},"image":{"@id":"https:\/\/www.tecdmx.org.mx\/index.php\/comunicados\/2020\/06\/23\/reconoce-info-cdmx-capacitacion-al-100-del-tecdmx-en-transparencia\/#primaryimage"},"thumbnailUrl":"https:\/\/www.tecdmx.org.mx\/wp-content\/uploads\/2019\/04\/COMUNICADO-e1555015709261.jpg","datePublished":"2020-06-23T00:35:19+00:00","dateModified":"2020-06-23T00:35:21+00:00","author":{"@id":"https:\/\/www.tecdmx.org.mx\/#\/schema\/person\/208c898199fb3234203823c5f0cf31d6"},"breadcrumb":{"@id":"https:\/\/www.tecdmx.org.mx\/index.php\/comunicados\/2020\/06\/23\/reconoce-info-cdmx-capacitacion-al-100-del-tecdmx-en-transparencia\/#breadcrumb"},"inLanguage":"es","potentialAction":[{"@type":"ReadAction","target":["https:\/\/www.tecdmx.org.mx\/index.php\/comunicados\/2020\/06\/23\/reconoce-info-cdmx-capacitacion-al-100-del-tecdmx-en-transparencia\/"]}]},{"@type":"ImageObject","inLanguage":"es","@id":"https:\/\/www.tecdmx.org.mx\/index.php\/comunicados\/2020\/06\/23\/reconoce-info-cdmx-capacitacion-al-100-del-tecdmx-en-transparencia\/#primaryimage","url":"https:\/\/www.tecdmx.org.mx\/wp-content\/uploads\/2019\/04\/COMUNICADO-e1555015709261.jpg","contentUrl":"https:\/\/www.tecdmx.org.mx\/wp-content\/uploads\/2019\/04\/COMUNICADO-e1555015709261.jpg","width":1000,"height":568},{"@type":"BreadcrumbList","@id":"https:\/\/www.tecdmx.org.mx\/index.php\/comunicados\/2020\/06\/23\/reconoce-info-cdmx-capacitacion-al-100-del-tecdmx-en-transparencia\/#breadcrumb","itemListElement":[{"@type":"ListItem","position":1,"name":"Portada","item":"https:\/\/www.tecdmx.org.mx\/"},{"@type":"ListItem","position":2,"name":"Reconoce Info CDMX capacitaci\u00f3n al 100% del TECDMX en transparencia"}]},{"@type":"WebSite","@id":"https:\/\/www.tecdmx.org.mx\/#website","url":"https:\/\/www.tecdmx.org.mx\/","name":"Tribunal Electoral de la Ciudad de M\u00e9xico","description":"25 a\u00f1os garantizando justicia en tu elecci\u00f3n","potentialAction":[{"@type":"SearchAction","target":{"@type":"EntryPoint","urlTemplate":"https:\/\/www.tecdmx.org.mx\/?s={search_term_string}"},"query-input":"required name=search_term_string"}],"inLanguage":"es"},{"@type":"Person","@id":"https:\/\/www.tecdmx.org.mx\/#\/schema\/person\/208c898199fb3234203823c5f0cf31d6","name":"Difusion2025","image":{"@type":"ImageObject","inLanguage":"es","@id":"https:\/\/www.tecdmx.org.mx\/#\/schema\/person\/image\/","url":"https:\/\/secure.gravatar.com\/avatar\/6f7a4ba3acb418040e90a2eb99b5df28?s=96&d=mm&r=g","contentUrl":"https:\/\/secure.gravatar.com\/avatar\/6f7a4ba3acb418040e90a2eb99b5df28?s=96&d=mm&r=g","caption":"Difusion2025"}}]}},"_links":{"self":[{"href":"https:\/\/www.tecdmx.org.mx\/index.php\/wp-json\/wp\/v2\/posts\/20202"}],"collection":[{"href":"https:\/\/www.tecdmx.org.mx\/index.php\/wp-json\/wp\/v2\/posts"}],"about":[{"href":"https:\/\/www.tecdmx.org.mx\/index.php\/wp-json\/wp\/v2\/types\/post"}],"author":[{"embeddable":true,"href":"https:\/\/www.tecdmx.org.mx\/index.php\/wp-json\/wp\/v2\/users\/13"}],"replies":[{"embeddable":true,"href":"https:\/\/www.tecdmx.org.mx\/index.php\/wp-json\/wp\/v2\/comments?post=20202"}],"version-history":[{"count":1,"href":"https:\/\/www.tecdmx.org.mx\/index.php\/wp-json\/wp\/v2\/posts\/20202\/revisions"}],"predecessor-version":[{"id":20203,"href":"https:\/\/www.tecdmx.org.mx\/index.php\/wp-json\/wp\/v2\/posts\/20202\/revisions\/20203"}],"wp:featuredmedia":[{"embeddable":true,"href":"https:\/\/www.tecdmx.org.mx\/index.php\/wp-json\/wp\/v2\/media\/12605"}],"wp:attachment":[{"href":"https:\/\/www.tecdmx.org.mx\/index.php\/wp-json\/wp\/v2\/media?parent=20202"}],"wp:term":[{"taxonomy":"category","embeddable":true,"href":"https:\/\/www.tecdmx.org.mx\/index.php\/wp-json\/wp\/v2\/categories?post=20202"},{"taxonomy":"post_tag","embeddable":true,"href":"https:\/\/www.tecdmx.org.mx\/index.php\/wp-json\/wp\/v2\/tags?post=20202"}],"curies":[{"name":"wp","href":"https:\/\/api.w.org\/{rel}","templated":true}]}}