{"id":20360,"date":"2020-07-01T09:05:05","date_gmt":"2020-07-01T14:05:05","guid":{"rendered":"https:\/\/www.tecdmx.org.mx\/?p=20360"},"modified":"2020-09-09T11:15:03","modified_gmt":"2020-09-09T16:15:03","slug":"amplia-tecdmx-suspension-de-actividades-jurisdiccionales-y-administrativas-presenciales-hasta-el-15-de-julio","status":"publish","type":"post","link":"https:\/\/www.tecdmx.org.mx\/index.php\/comunicados\/2020\/07\/01\/amplia-tecdmx-suspension-de-actividades-jurisdiccionales-y-administrativas-presenciales-hasta-el-15-de-julio\/","title":{"rendered":"Ampl\u00eda TECDMX suspensi\u00f3n de actividades jurisdiccionales y administrativas presenciales hasta el 15 de julio"},"content":{"rendered":"\n<p>Ciudad de\nM\u00e9xico, a 1\u00ba de julio de 2020<\/p>\n\n\n\n<p><strong>Bolet\u00edn N\u00ba 43<\/strong><\/p>\n\n\n\n<ul><li>Esta es la quinta ampliaci\u00f3n de\nla suspensi\u00f3n de labores acordada, en primera instancia, el 24 de marzo.<\/li><\/ul>\n\n\n\n<p>Debido a que la contingencia sanitaria por\nCOVID-19 impide el regreso al trabajo cotidiano, el Pleno del Tribunal\nElectoral de la Ciudad de M\u00e9xico (TECDMX) acord\u00f3 ampliar la suspensi\u00f3n de\nactividades jurisdiccionales y administrativas presenciales del 1\u00ba al 15 de\njulio de 2020. <\/p>\n\n\n\n<p>El TECDMX reitera que durante este periodo no\ncorrer\u00e1n plazos procesales, salvo para atender asuntos urgentes. Tampoco podr\u00e1n\ncelebrarse audiencias programadas o el desahogo de diligencia alguna en los\ndiferentes medios de impugnaci\u00f3n, juicios o procedimientos. <\/p>\n\n\n\n<p>Para la atenci\u00f3n de asuntos urgentes, es\ndecir, aquellos relacionados con los medios de impugnaci\u00f3n vinculados con los\nProcesos Electorales y de Participaci\u00f3n Ciudadana en relaci\u00f3n con t\u00e9rminos\nperentorios o que pudieran generar un da\u00f1o irreparable, as\u00ed como de los\nProcedimientos Especiales Sancionadores, se habilitan los d\u00edas y horas\nnecesarios para realizar las actividades a distancia a partir del 1\u00ba de julio\nmediante el uso de las tecnolog\u00edas de la informaci\u00f3n, de acuerdo con lo\nsiguiente:<\/p>\n\n\n\n<ol><li><strong>Recepci\u00f3n de manera electr\u00f3nica\nen Oficial\u00eda de Partes \u2013<\/strong> la presentaci\u00f3n de medios de impugnaci\u00f3n,\nProcedimientos Especiales Sancionadores y\/o promociones se podr\u00e1 realizar a\ntrav\u00e9s del sitio web del TECDMX (<a href=\"http:\/\/www.tecdmx.org.mx\">www.tecdmx.org.mx<\/a>) en el apartado \u201cOficial\u00eda de\nPartes\u201d, esto tras la aprobaci\u00f3n de los Lineamientos para el uso de las\ntecnolog\u00edas de la informaci\u00f3n para la presentaci\u00f3n de dichos asuntos.<\/li><li><strong>Notificaci\u00f3n por correo\nelectr\u00f3nico \u2013<\/strong> las partes involucradas en los medios de impugnaci\u00f3n,\nProcedimientos Especiales Sancionadores y\/o promociones, podr\u00e1n solicitar a\neste \u00d3rgano Jurisdiccional que les sea notificado a trav\u00e9s de correo\nelectr\u00f3nico, mediante escrito en el que den a conocer el juicio del que son\nparte, el correo electr\u00f3nico en el cual establezcan para que se les notifique y\nsu firma aut\u00f3grafa.<\/li><li><strong>Lineamientos para\nvideoconferencias \u2013<\/strong> los asuntos urgentes antes mencionados podr\u00e1n ser\nresueltos mediante la realizaci\u00f3n de reuniones privadas o sesiones p\u00fablicas por\nparte del Pleno de este \u00d3rgano Jurisdiccional, de conformidad con los\nlineamientos en materia de videoconferencias.<\/li><\/ol>\n\n\n\n<p>Las actividades presenciales se reanudar\u00e1n\natendiendo las directrices emitidas por las autoridades sanitarias tanto a\nnivel federal como de la Ciudad de M\u00e9xico.<\/p>\n\n\n\n<p>El TECDMX reitera su compromiso de\nsalvaguardar el pleno ejercicio de los derechos pol\u00edtico-electorales de toda la\nciudadan\u00eda capitalina. <\/p>\n\n\n\n<p>El Aviso de la quinta ampliaci\u00f3n de\nsuspensi\u00f3n de actividades puede ser consultado en: <\/p>\n\n\n\n<p><a href=\"https:\/\/www.tecdmx.org.mx\/wp-content\/uploads\/2020\/06\/AVISO-PUBLICO-29-JUNIO-2020.pdf\">https:\/\/www.tecdmx.org.mx\/wp-content\/uploads\/2020\/06\/AVISO-PUBLICO-29-JUNIO-2020.pdf<\/a><\/p>\n\n\n\n<p class=\"has-text-align-center\"><strong>o-O-o<\/strong><\/p>\n","protected":false},"excerpt":{"rendered":"<p>Ciudad de M\u00e9xico, a 1\u00ba de julio de 2020 Bolet\u00edn N\u00ba 43 Esta es la quinta ampliaci\u00f3n de la suspensi\u00f3n de labores acordada, en primera instancia, el 24 de marzo. [&hellip;]<\/p>\n","protected":false},"author":13,"featured_media":21168,"comment_status":"open","ping_status":"open","sticky":false,"template":"","format":"standard","meta":{"_acf_changed":false,"_exactmetrics_skip_tracking":false,"_exactmetrics_sitenote_active":false,"_exactmetrics_sitenote_note":"","_exactmetrics_sitenote_category":0,"footnotes":""},"categories":[32,66,47],"tags":[],"acf":[],"yoast_head":"<!-- This site is optimized with the Yoast SEO plugin v22.3 - https:\/\/yoast.com\/wordpress\/plugins\/seo\/ -->\n<title>Ampl\u00eda TECDMX suspensi\u00f3n de actividades jurisdiccionales y administrativas presenciales hasta el 15 de julio - Tribunal Electoral de la Ciudad de M\u00e9xico<\/title>\n<meta name=\"robots\" content=\"index, follow, max-snippet:-1, max-image-preview:large, max-video-preview:-1\" \/>\n<link rel=\"canonical\" href=\"https:\/\/www.tecdmx.org.mx\/index.php\/comunicados\/2020\/07\/01\/amplia-tecdmx-suspension-de-actividades-jurisdiccionales-y-administrativas-presenciales-hasta-el-15-de-julio\/\" \/>\n<meta property=\"og:locale\" content=\"es_ES\" \/>\n<meta property=\"og:type\" content=\"article\" \/>\n<meta property=\"og:title\" content=\"Ampl\u00eda TECDMX suspensi\u00f3n de actividades jurisdiccionales y administrativas presenciales hasta el 15 de julio - Tribunal Electoral de la Ciudad de M\u00e9xico\" \/>\n<meta property=\"og:description\" content=\"Ciudad de M\u00e9xico, a 1\u00ba de julio de 2020 Bolet\u00edn N\u00ba 43 Esta es la quinta ampliaci\u00f3n de la suspensi\u00f3n de labores acordada, en primera instancia, el 24 de marzo. [&hellip;]\" \/>\n<meta property=\"og:url\" content=\"https:\/\/www.tecdmx.org.mx\/index.php\/comunicados\/2020\/07\/01\/amplia-tecdmx-suspension-de-actividades-jurisdiccionales-y-administrativas-presenciales-hasta-el-15-de-julio\/\" \/>\n<meta property=\"og:site_name\" content=\"Tribunal Electoral de la Ciudad de M\u00e9xico\" \/>\n<meta property=\"article:publisher\" content=\"https:\/\/www.facebook.com\/TECDMX\/\" \/>\n<meta property=\"article:published_time\" content=\"2020-07-01T14:05:05+00:00\" \/>\n<meta property=\"article:modified_time\" content=\"2020-09-09T16:15:03+00:00\" \/>\n<meta property=\"og:image\" content=\"https:\/\/www.tecdmx.org.mx\/wp-content\/uploads\/2020\/08\/comunicado_nuevo.jpg\" \/>\n\t<meta property=\"og:image:width\" content=\"600\" \/>\n\t<meta property=\"og:image:height\" content=\"366\" \/>\n\t<meta property=\"og:image:type\" content=\"image\/jpeg\" \/>\n<meta name=\"author\" content=\"Difusion2025\" \/>\n<meta name=\"twitter:card\" content=\"summary_large_image\" \/>\n<meta name=\"twitter:creator\" content=\"@tecdmx\" \/>\n<meta name=\"twitter:site\" content=\"@tecdmx\" \/>\n<meta name=\"twitter:label1\" content=\"Escrito por\" \/>\n\t<meta name=\"twitter:data1\" content=\"Difusion2025\" \/>\n\t<meta name=\"twitter:label2\" content=\"Tiempo de lectura\" \/>\n\t<meta name=\"twitter:data2\" content=\"2 minutos\" \/>\n<script type=\"application\/ld+json\" class=\"yoast-schema-graph\">{\"@context\":\"https:\/\/schema.org\",\"@graph\":[{\"@type\":\"WebPage\",\"@id\":\"https:\/\/www.tecdmx.org.mx\/index.php\/comunicados\/2020\/07\/01\/amplia-tecdmx-suspension-de-actividades-jurisdiccionales-y-administrativas-presenciales-hasta-el-15-de-julio\/\",\"url\":\"https:\/\/www.tecdmx.org.mx\/index.php\/comunicados\/2020\/07\/01\/amplia-tecdmx-suspension-de-actividades-jurisdiccionales-y-administrativas-presenciales-hasta-el-15-de-julio\/\",\"name\":\"Ampl\u00eda TECDMX suspensi\u00f3n de actividades jurisdiccionales y administrativas presenciales hasta el 15 de julio - Tribunal Electoral de la Ciudad de M\u00e9xico\",\"isPartOf\":{\"@id\":\"https:\/\/www.tecdmx.org.mx\/#website\"},\"primaryImageOfPage\":{\"@id\":\"https:\/\/www.tecdmx.org.mx\/index.php\/comunicados\/2020\/07\/01\/amplia-tecdmx-suspension-de-actividades-jurisdiccionales-y-administrativas-presenciales-hasta-el-15-de-julio\/#primaryimage\"},\"image\":{\"@id\":\"https:\/\/www.tecdmx.org.mx\/index.php\/comunicados\/2020\/07\/01\/amplia-tecdmx-suspension-de-actividades-jurisdiccionales-y-administrativas-presenciales-hasta-el-15-de-julio\/#primaryimage\"},\"thumbnailUrl\":\"https:\/\/www.tecdmx.org.mx\/wp-content\/uploads\/2020\/08\/comunicado_nuevo.jpg\",\"datePublished\":\"2020-07-01T14:05:05+00:00\",\"dateModified\":\"2020-09-09T16:15:03+00:00\",\"author\":{\"@id\":\"https:\/\/www.tecdmx.org.mx\/#\/schema\/person\/208c898199fb3234203823c5f0cf31d6\"},\"breadcrumb\":{\"@id\":\"https:\/\/www.tecdmx.org.mx\/index.php\/comunicados\/2020\/07\/01\/amplia-tecdmx-suspension-de-actividades-jurisdiccionales-y-administrativas-presenciales-hasta-el-15-de-julio\/#breadcrumb\"},\"inLanguage\":\"es\",\"potentialAction\":[{\"@type\":\"ReadAction\",\"target\":[\"https:\/\/www.tecdmx.org.mx\/index.php\/comunicados\/2020\/07\/01\/amplia-tecdmx-suspension-de-actividades-jurisdiccionales-y-administrativas-presenciales-hasta-el-15-de-julio\/\"]}]},{\"@type\":\"ImageObject\",\"inLanguage\":\"es\",\"@id\":\"https:\/\/www.tecdmx.org.mx\/index.php\/comunicados\/2020\/07\/01\/amplia-tecdmx-suspension-de-actividades-jurisdiccionales-y-administrativas-presenciales-hasta-el-15-de-julio\/#primaryimage\",\"url\":\"https:\/\/www.tecdmx.org.mx\/wp-content\/uploads\/2020\/08\/comunicado_nuevo.jpg\",\"contentUrl\":\"https:\/\/www.tecdmx.org.mx\/wp-content\/uploads\/2020\/08\/comunicado_nuevo.jpg\",\"width\":600,\"height\":366},{\"@type\":\"BreadcrumbList\",\"@id\":\"https:\/\/www.tecdmx.org.mx\/index.php\/comunicados\/2020\/07\/01\/amplia-tecdmx-suspension-de-actividades-jurisdiccionales-y-administrativas-presenciales-hasta-el-15-de-julio\/#breadcrumb\",\"itemListElement\":[{\"@type\":\"ListItem\",\"position\":1,\"name\":\"Portada\",\"item\":\"https:\/\/www.tecdmx.org.mx\/\"},{\"@type\":\"ListItem\",\"position\":2,\"name\":\"Ampl\u00eda TECDMX suspensi\u00f3n de actividades jurisdiccionales y administrativas presenciales hasta el 15 de julio\"}]},{\"@type\":\"WebSite\",\"@id\":\"https:\/\/www.tecdmx.org.mx\/#website\",\"url\":\"https:\/\/www.tecdmx.org.mx\/\",\"name\":\"Tribunal Electoral de la Ciudad de M\u00e9xico\",\"description\":\"25 a\u00f1os garantizando justicia en tu elecci\u00f3n\",\"potentialAction\":[{\"@type\":\"SearchAction\",\"target\":{\"@type\":\"EntryPoint\",\"urlTemplate\":\"https:\/\/www.tecdmx.org.mx\/?s={search_term_string}\"},\"query-input\":\"required name=search_term_string\"}],\"inLanguage\":\"es\"},{\"@type\":\"Person\",\"@id\":\"https:\/\/www.tecdmx.org.mx\/#\/schema\/person\/208c898199fb3234203823c5f0cf31d6\",\"name\":\"Difusion2025\",\"image\":{\"@type\":\"ImageObject\",\"inLanguage\":\"es\",\"@id\":\"https:\/\/www.tecdmx.org.mx\/#\/schema\/person\/image\/\",\"url\":\"https:\/\/secure.gravatar.com\/avatar\/6f7a4ba3acb418040e90a2eb99b5df28?s=96&d=mm&r=g\",\"contentUrl\":\"https:\/\/secure.gravatar.com\/avatar\/6f7a4ba3acb418040e90a2eb99b5df28?s=96&d=mm&r=g\",\"caption\":\"Difusion2025\"}}]}<\/script>\n<!-- \/ Yoast SEO plugin. -->","yoast_head_json":{"title":"Ampl\u00eda TECDMX suspensi\u00f3n de actividades jurisdiccionales y administrativas presenciales hasta el 15 de julio - Tribunal Electoral de la Ciudad de M\u00e9xico","robots":{"index":"index","follow":"follow","max-snippet":"max-snippet:-1","max-image-preview":"max-image-preview:large","max-video-preview":"max-video-preview:-1"},"canonical":"https:\/\/www.tecdmx.org.mx\/index.php\/comunicados\/2020\/07\/01\/amplia-tecdmx-suspension-de-actividades-jurisdiccionales-y-administrativas-presenciales-hasta-el-15-de-julio\/","og_locale":"es_ES","og_type":"article","og_title":"Ampl\u00eda TECDMX suspensi\u00f3n de actividades jurisdiccionales y administrativas presenciales hasta el 15 de julio - Tribunal Electoral de la Ciudad de M\u00e9xico","og_description":"Ciudad de M\u00e9xico, a 1\u00ba de julio de 2020 Bolet\u00edn N\u00ba 43 Esta es la quinta ampliaci\u00f3n de la suspensi\u00f3n de labores acordada, en primera instancia, el 24 de marzo. [&hellip;]","og_url":"https:\/\/www.tecdmx.org.mx\/index.php\/comunicados\/2020\/07\/01\/amplia-tecdmx-suspension-de-actividades-jurisdiccionales-y-administrativas-presenciales-hasta-el-15-de-julio\/","og_site_name":"Tribunal Electoral de la Ciudad de M\u00e9xico","article_publisher":"https:\/\/www.facebook.com\/TECDMX\/","article_published_time":"2020-07-01T14:05:05+00:00","article_modified_time":"2020-09-09T16:15:03+00:00","og_image":[{"width":600,"height":366,"url":"https:\/\/www.tecdmx.org.mx\/wp-content\/uploads\/2020\/08\/comunicado_nuevo.jpg","type":"image\/jpeg"}],"author":"Difusion2025","twitter_card":"summary_large_image","twitter_creator":"@tecdmx","twitter_site":"@tecdmx","twitter_misc":{"Escrito por":"Difusion2025","Tiempo de lectura":"2 minutos"},"schema":{"@context":"https:\/\/schema.org","@graph":[{"@type":"WebPage","@id":"https:\/\/www.tecdmx.org.mx\/index.php\/comunicados\/2020\/07\/01\/amplia-tecdmx-suspension-de-actividades-jurisdiccionales-y-administrativas-presenciales-hasta-el-15-de-julio\/","url":"https:\/\/www.tecdmx.org.mx\/index.php\/comunicados\/2020\/07\/01\/amplia-tecdmx-suspension-de-actividades-jurisdiccionales-y-administrativas-presenciales-hasta-el-15-de-julio\/","name":"Ampl\u00eda TECDMX suspensi\u00f3n de actividades jurisdiccionales y administrativas presenciales hasta el 15 de julio - Tribunal Electoral de la Ciudad de M\u00e9xico","isPartOf":{"@id":"https:\/\/www.tecdmx.org.mx\/#website"},"primaryImageOfPage":{"@id":"https:\/\/www.tecdmx.org.mx\/index.php\/comunicados\/2020\/07\/01\/amplia-tecdmx-suspension-de-actividades-jurisdiccionales-y-administrativas-presenciales-hasta-el-15-de-julio\/#primaryimage"},"image":{"@id":"https:\/\/www.tecdmx.org.mx\/index.php\/comunicados\/2020\/07\/01\/amplia-tecdmx-suspension-de-actividades-jurisdiccionales-y-administrativas-presenciales-hasta-el-15-de-julio\/#primaryimage"},"thumbnailUrl":"https:\/\/www.tecdmx.org.mx\/wp-content\/uploads\/2020\/08\/comunicado_nuevo.jpg","datePublished":"2020-07-01T14:05:05+00:00","dateModified":"2020-09-09T16:15:03+00:00","author":{"@id":"https:\/\/www.tecdmx.org.mx\/#\/schema\/person\/208c898199fb3234203823c5f0cf31d6"},"breadcrumb":{"@id":"https:\/\/www.tecdmx.org.mx\/index.php\/comunicados\/2020\/07\/01\/amplia-tecdmx-suspension-de-actividades-jurisdiccionales-y-administrativas-presenciales-hasta-el-15-de-julio\/#breadcrumb"},"inLanguage":"es","potentialAction":[{"@type":"ReadAction","target":["https:\/\/www.tecdmx.org.mx\/index.php\/comunicados\/2020\/07\/01\/amplia-tecdmx-suspension-de-actividades-jurisdiccionales-y-administrativas-presenciales-hasta-el-15-de-julio\/"]}]},{"@type":"ImageObject","inLanguage":"es","@id":"https:\/\/www.tecdmx.org.mx\/index.php\/comunicados\/2020\/07\/01\/amplia-tecdmx-suspension-de-actividades-jurisdiccionales-y-administrativas-presenciales-hasta-el-15-de-julio\/#primaryimage","url":"https:\/\/www.tecdmx.org.mx\/wp-content\/uploads\/2020\/08\/comunicado_nuevo.jpg","contentUrl":"https:\/\/www.tecdmx.org.mx\/wp-content\/uploads\/2020\/08\/comunicado_nuevo.jpg","width":600,"height":366},{"@type":"BreadcrumbList","@id":"https:\/\/www.tecdmx.org.mx\/index.php\/comunicados\/2020\/07\/01\/amplia-tecdmx-suspension-de-actividades-jurisdiccionales-y-administrativas-presenciales-hasta-el-15-de-julio\/#breadcrumb","itemListElement":[{"@type":"ListItem","position":1,"name":"Portada","item":"https:\/\/www.tecdmx.org.mx\/"},{"@type":"ListItem","position":2,"name":"Ampl\u00eda TECDMX suspensi\u00f3n de actividades jurisdiccionales y administrativas presenciales hasta el 15 de julio"}]},{"@type":"WebSite","@id":"https:\/\/www.tecdmx.org.mx\/#website","url":"https:\/\/www.tecdmx.org.mx\/","name":"Tribunal Electoral de la Ciudad de M\u00e9xico","description":"25 a\u00f1os garantizando justicia en tu elecci\u00f3n","potentialAction":[{"@type":"SearchAction","target":{"@type":"EntryPoint","urlTemplate":"https:\/\/www.tecdmx.org.mx\/?s={search_term_string}"},"query-input":"required name=search_term_string"}],"inLanguage":"es"},{"@type":"Person","@id":"https:\/\/www.tecdmx.org.mx\/#\/schema\/person\/208c898199fb3234203823c5f0cf31d6","name":"Difusion2025","image":{"@type":"ImageObject","inLanguage":"es","@id":"https:\/\/www.tecdmx.org.mx\/#\/schema\/person\/image\/","url":"https:\/\/secure.gravatar.com\/avatar\/6f7a4ba3acb418040e90a2eb99b5df28?s=96&d=mm&r=g","contentUrl":"https:\/\/secure.gravatar.com\/avatar\/6f7a4ba3acb418040e90a2eb99b5df28?s=96&d=mm&r=g","caption":"Difusion2025"}}]}},"_links":{"self":[{"href":"https:\/\/www.tecdmx.org.mx\/index.php\/wp-json\/wp\/v2\/posts\/20360"}],"collection":[{"href":"https:\/\/www.tecdmx.org.mx\/index.php\/wp-json\/wp\/v2\/posts"}],"about":[{"href":"https:\/\/www.tecdmx.org.mx\/index.php\/wp-json\/wp\/v2\/types\/post"}],"author":[{"embeddable":true,"href":"https:\/\/www.tecdmx.org.mx\/index.php\/wp-json\/wp\/v2\/users\/13"}],"replies":[{"embeddable":true,"href":"https:\/\/www.tecdmx.org.mx\/index.php\/wp-json\/wp\/v2\/comments?post=20360"}],"version-history":[{"count":2,"href":"https:\/\/www.tecdmx.org.mx\/index.php\/wp-json\/wp\/v2\/posts\/20360\/revisions"}],"predecessor-version":[{"id":20369,"href":"https:\/\/www.tecdmx.org.mx\/index.php\/wp-json\/wp\/v2\/posts\/20360\/revisions\/20369"}],"wp:featuredmedia":[{"embeddable":true,"href":"https:\/\/www.tecdmx.org.mx\/index.php\/wp-json\/wp\/v2\/media\/21168"}],"wp:attachment":[{"href":"https:\/\/www.tecdmx.org.mx\/index.php\/wp-json\/wp\/v2\/media?parent=20360"}],"wp:term":[{"taxonomy":"category","embeddable":true,"href":"https:\/\/www.tecdmx.org.mx\/index.php\/wp-json\/wp\/v2\/categories?post=20360"},{"taxonomy":"post_tag","embeddable":true,"href":"https:\/\/www.tecdmx.org.mx\/index.php\/wp-json\/wp\/v2\/tags?post=20360"}],"curies":[{"name":"wp","href":"https:\/\/api.w.org\/{rel}","templated":true}]}}