{"id":20558,"date":"2020-08-03T08:25:43","date_gmt":"2020-08-03T13:25:43","guid":{"rendered":"https:\/\/www.tecdmx.org.mx\/?p=20558"},"modified":"2020-09-09T11:15:20","modified_gmt":"2020-09-09T16:15:20","slug":"amplia-tecdmx-suspension-de-actividades-jurisdiccionales-y-administrativas-presenciales-hasta-el-9-de-agosto","status":"publish","type":"post","link":"https:\/\/www.tecdmx.org.mx\/index.php\/comunicados\/2020\/08\/03\/amplia-tecdmx-suspension-de-actividades-jurisdiccionales-y-administrativas-presenciales-hasta-el-9-de-agosto\/","title":{"rendered":"Ampl\u00eda TECDMX suspensi\u00f3n de actividades jurisdiccionales y administrativas presenciales hasta el 9 de agosto"},"content":{"rendered":"\n<p>\u25cf&nbsp;&nbsp;&nbsp;&nbsp;&nbsp;&nbsp;Esta es la s\u00e9ptima ampliaci\u00f3n de la suspensi\u00f3n de labores acordada, en primera instancia, el 24 de marzo.<\/p>\n\n\n\n<p>Debido a que la contingencia sanitaria por COVID-19 impide el regreso a la operaci\u00f3n cotidiana, el Pleno del Tribunal Electoral de la Ciudad de M\u00e9xico (TECDMX) acord\u00f3 ampliar la suspensi\u00f3n de actividades jurisdiccionales y administrativas presenciales del 3 al 9 de agosto de 2020.&nbsp;<\/p>\n\n\n\n<p>El TECDMX reitera que durante este periodo no correr\u00e1n plazos procesales, salvo para atender asuntos urgentes, es decir, aquellos relacionados con los medios de impugnaci\u00f3n vinculados con los Procesos Electorales y de Participaci\u00f3n Ciudadana, as\u00ed como los Procedimientos Especiales Sancionadores,&nbsp;en relaci\u00f3n con t\u00e9rminos perentorios o bien, que pudieran generar la posibilidad de un da\u00f1o irreparable.&nbsp;Tampoco podr\u00e1n celebrarse audiencias programadas o el desahogo de diligencia alguna<s>.<\/s><\/p>\n\n\n\n<p>Para la atenci\u00f3n de dichos asuntos, se mantiene la habilitaci\u00f3n de los d\u00edas y horas que resulten necesarios con el objetivo de realizar las actividades a distancia en el periodo antes referido, observando las medidas sanitarias se\u00f1aladas en el Protocolo de Protecci\u00f3n a la Salud (SARS-CoV2) Reincorporaci\u00f3n de actividades de este \u00d3rgano Jurisdiccional, aprovechando el uso de instrumentos tecnol\u00f3gicos, de acuerdo con lo siguiente:<\/p>\n\n\n\n<ol><li><strong>Recepci\u00f3n de manera electr\u00f3nica en Oficial\u00eda de Partes&nbsp;<\/strong>mediante el sitio web del Tribunal en el apartado \u201cOficial\u00eda de Partes\u201d, en t\u00e9rminos de los Lineamientos para el uso de tecnolog\u00edas de la informaci\u00f3n en la presentaci\u00f3n y tr\u00e1mite de medios de impugnaci\u00f3n, Procedimiento Especial Sancionador y\/o promociones en el TECDMX.<\/li><li><strong>Notificaci\u00f3n por correo electr\u00f3nico \u2013<\/strong>&nbsp;las partes involucradas en los medios de impugnaci\u00f3n, Procedimientos Especiales Sancionadores y\/o promociones, podr\u00e1n solicitar a este \u00d3rgano Jurisdiccional que sean notificados a trav\u00e9s de correo electr\u00f3nico, mediante escrito en el que den a conocer el juicio en del que sean parte, el correo electr\u00f3nico en el cual establezcan que se les notifique y su firma aut\u00f3grafa.<\/li><li>De conformidad con los&nbsp;<strong>Lineamientos para videoconferencias&nbsp;<\/strong>durante la celebraci\u00f3n de Sesiones a Distancia y con el Acuerdo 014\/2020, el Pleno podr\u00e1 llevar a cabo reuniones privadas y sesiones p\u00fablicas de resoluci\u00f3n a distancia.<\/li><\/ol>\n\n\n\n<p>Las actividades presenciales se reanudar\u00e1n atendiendo las directrices emitidas por las autoridades sanitarias tanto a nivel federal como de la Ciudad de M\u00e9xico, salvo que la evoluci\u00f3n de la referida emergencia sanitaria lo impida, en cuyo caso el Pleno de este Tribunal emitir\u00e1 el Acuerdo correspondiente.<\/p>\n\n\n\n<p>El TECDMX reitera su compromiso de salvaguardar el pleno ejercicio de los derechos pol\u00edtico-electorales de toda la ciudadan\u00eda capitalina.&nbsp;<\/p>\n\n\n\n<p>El Aviso de la s\u00e9ptima ampliaci\u00f3n de suspensi\u00f3n de actividades puede ser consultado en:&nbsp;<\/p>\n\n\n\n<figure class=\"wp-block-embed-wordpress wp-block-embed is-type-wp-embed is-provider-tribunal-electoral-de-la-ciudad-de-mexico\"><div class=\"wp-block-embed__wrapper\">\n<blockquote class=\"wp-embedded-content\" data-secret=\"ZFyRYZVO4F\"><a href=\"https:\/\/www.tecdmx.org.mx\/index.php\/avisos-publicos\/2020\/07\/31\/suspension-de-actividades-jurisdiccionales-y-administrativas-presenciales-hasta-el-9-de-agosto-del-2020\/\">Suspensi\u00f3n de actividades jurisdiccionales y administrativas presenciales hasta el 9 de agosto del 2020<\/a><\/blockquote><iframe class=\"wp-embedded-content\" sandbox=\"allow-scripts\" security=\"restricted\" style=\"position: absolute; clip: rect(1px, 1px, 1px, 1px);\" title=\"\u00abSuspensi\u00f3n de actividades jurisdiccionales y administrativas presenciales hasta el 9 de agosto del 2020\u00bb \u2014 Tribunal Electoral de la Ciudad de M\u00e9xico\" src=\"https:\/\/www.tecdmx.org.mx\/index.php\/avisos-publicos\/2020\/07\/31\/suspension-de-actividades-jurisdiccionales-y-administrativas-presenciales-hasta-el-9-de-agosto-del-2020\/embed\/#?secret=ZFyRYZVO4F\" data-secret=\"ZFyRYZVO4F\" width=\"500\" height=\"282\" frameborder=\"0\" marginwidth=\"0\" marginheight=\"0\" scrolling=\"no\"><\/iframe>\n<\/div><\/figure>\n","protected":false},"excerpt":{"rendered":"<p>\u25cf&nbsp;&nbsp;&nbsp;&nbsp;&nbsp;&nbsp;Esta es la s\u00e9ptima ampliaci\u00f3n de la suspensi\u00f3n de labores acordada, en primera instancia, el 24 de marzo. Debido a que la contingencia sanitaria por COVID-19 impide el regreso a [&hellip;]<\/p>\n","protected":false},"author":13,"featured_media":21168,"comment_status":"open","ping_status":"open","sticky":false,"template":"","format":"standard","meta":{"_acf_changed":false,"_exactmetrics_skip_tracking":false,"_exactmetrics_sitenote_active":false,"_exactmetrics_sitenote_note":"","_exactmetrics_sitenote_category":0,"footnotes":""},"categories":[32,66,47],"tags":[],"acf":[],"yoast_head":"<!-- This site is optimized with the Yoast SEO plugin v22.3 - https:\/\/yoast.com\/wordpress\/plugins\/seo\/ -->\n<title>Ampl\u00eda TECDMX suspensi\u00f3n de actividades jurisdiccionales y administrativas presenciales hasta el 9 de agosto - Tribunal Electoral de la Ciudad de M\u00e9xico<\/title>\n<meta name=\"robots\" content=\"index, follow, max-snippet:-1, max-image-preview:large, max-video-preview:-1\" \/>\n<link rel=\"canonical\" href=\"https:\/\/www.tecdmx.org.mx\/index.php\/comunicados\/2020\/08\/03\/amplia-tecdmx-suspension-de-actividades-jurisdiccionales-y-administrativas-presenciales-hasta-el-9-de-agosto\/\" \/>\n<meta property=\"og:locale\" content=\"es_ES\" \/>\n<meta property=\"og:type\" content=\"article\" \/>\n<meta property=\"og:title\" content=\"Ampl\u00eda TECDMX suspensi\u00f3n de actividades jurisdiccionales y administrativas presenciales hasta el 9 de agosto - Tribunal Electoral de la Ciudad de M\u00e9xico\" \/>\n<meta property=\"og:description\" content=\"\u25cf&nbsp;&nbsp;&nbsp;&nbsp;&nbsp;&nbsp;Esta es la s\u00e9ptima ampliaci\u00f3n de la suspensi\u00f3n de labores acordada, en primera instancia, el 24 de marzo. Debido a que la contingencia sanitaria por COVID-19 impide el regreso a [&hellip;]\" \/>\n<meta property=\"og:url\" content=\"https:\/\/www.tecdmx.org.mx\/index.php\/comunicados\/2020\/08\/03\/amplia-tecdmx-suspension-de-actividades-jurisdiccionales-y-administrativas-presenciales-hasta-el-9-de-agosto\/\" \/>\n<meta property=\"og:site_name\" content=\"Tribunal Electoral de la Ciudad de M\u00e9xico\" \/>\n<meta property=\"article:publisher\" content=\"https:\/\/www.facebook.com\/TECDMX\/\" \/>\n<meta property=\"article:published_time\" content=\"2020-08-03T13:25:43+00:00\" \/>\n<meta property=\"article:modified_time\" content=\"2020-09-09T16:15:20+00:00\" \/>\n<meta property=\"og:image\" content=\"https:\/\/www.tecdmx.org.mx\/wp-content\/uploads\/2020\/08\/comunicado_nuevo.jpg\" \/>\n\t<meta property=\"og:image:width\" content=\"600\" \/>\n\t<meta property=\"og:image:height\" content=\"366\" \/>\n\t<meta property=\"og:image:type\" content=\"image\/jpeg\" \/>\n<meta name=\"author\" content=\"Difusion2025\" \/>\n<meta name=\"twitter:card\" content=\"summary_large_image\" \/>\n<meta name=\"twitter:creator\" content=\"@tecdmx\" \/>\n<meta name=\"twitter:site\" content=\"@tecdmx\" \/>\n<meta name=\"twitter:label1\" content=\"Escrito por\" \/>\n\t<meta name=\"twitter:data1\" content=\"Difusion2025\" \/>\n\t<meta name=\"twitter:label2\" content=\"Tiempo de lectura\" \/>\n\t<meta name=\"twitter:data2\" content=\"2 minutos\" \/>\n<script type=\"application\/ld+json\" class=\"yoast-schema-graph\">{\"@context\":\"https:\/\/schema.org\",\"@graph\":[{\"@type\":\"WebPage\",\"@id\":\"https:\/\/www.tecdmx.org.mx\/index.php\/comunicados\/2020\/08\/03\/amplia-tecdmx-suspension-de-actividades-jurisdiccionales-y-administrativas-presenciales-hasta-el-9-de-agosto\/\",\"url\":\"https:\/\/www.tecdmx.org.mx\/index.php\/comunicados\/2020\/08\/03\/amplia-tecdmx-suspension-de-actividades-jurisdiccionales-y-administrativas-presenciales-hasta-el-9-de-agosto\/\",\"name\":\"Ampl\u00eda TECDMX suspensi\u00f3n de actividades jurisdiccionales y administrativas presenciales hasta el 9 de agosto - Tribunal Electoral de la Ciudad de M\u00e9xico\",\"isPartOf\":{\"@id\":\"https:\/\/www.tecdmx.org.mx\/#website\"},\"primaryImageOfPage\":{\"@id\":\"https:\/\/www.tecdmx.org.mx\/index.php\/comunicados\/2020\/08\/03\/amplia-tecdmx-suspension-de-actividades-jurisdiccionales-y-administrativas-presenciales-hasta-el-9-de-agosto\/#primaryimage\"},\"image\":{\"@id\":\"https:\/\/www.tecdmx.org.mx\/index.php\/comunicados\/2020\/08\/03\/amplia-tecdmx-suspension-de-actividades-jurisdiccionales-y-administrativas-presenciales-hasta-el-9-de-agosto\/#primaryimage\"},\"thumbnailUrl\":\"https:\/\/www.tecdmx.org.mx\/wp-content\/uploads\/2020\/08\/comunicado_nuevo.jpg\",\"datePublished\":\"2020-08-03T13:25:43+00:00\",\"dateModified\":\"2020-09-09T16:15:20+00:00\",\"author\":{\"@id\":\"https:\/\/www.tecdmx.org.mx\/#\/schema\/person\/208c898199fb3234203823c5f0cf31d6\"},\"breadcrumb\":{\"@id\":\"https:\/\/www.tecdmx.org.mx\/index.php\/comunicados\/2020\/08\/03\/amplia-tecdmx-suspension-de-actividades-jurisdiccionales-y-administrativas-presenciales-hasta-el-9-de-agosto\/#breadcrumb\"},\"inLanguage\":\"es\",\"potentialAction\":[{\"@type\":\"ReadAction\",\"target\":[\"https:\/\/www.tecdmx.org.mx\/index.php\/comunicados\/2020\/08\/03\/amplia-tecdmx-suspension-de-actividades-jurisdiccionales-y-administrativas-presenciales-hasta-el-9-de-agosto\/\"]}]},{\"@type\":\"ImageObject\",\"inLanguage\":\"es\",\"@id\":\"https:\/\/www.tecdmx.org.mx\/index.php\/comunicados\/2020\/08\/03\/amplia-tecdmx-suspension-de-actividades-jurisdiccionales-y-administrativas-presenciales-hasta-el-9-de-agosto\/#primaryimage\",\"url\":\"https:\/\/www.tecdmx.org.mx\/wp-content\/uploads\/2020\/08\/comunicado_nuevo.jpg\",\"contentUrl\":\"https:\/\/www.tecdmx.org.mx\/wp-content\/uploads\/2020\/08\/comunicado_nuevo.jpg\",\"width\":600,\"height\":366},{\"@type\":\"BreadcrumbList\",\"@id\":\"https:\/\/www.tecdmx.org.mx\/index.php\/comunicados\/2020\/08\/03\/amplia-tecdmx-suspension-de-actividades-jurisdiccionales-y-administrativas-presenciales-hasta-el-9-de-agosto\/#breadcrumb\",\"itemListElement\":[{\"@type\":\"ListItem\",\"position\":1,\"name\":\"Portada\",\"item\":\"https:\/\/www.tecdmx.org.mx\/\"},{\"@type\":\"ListItem\",\"position\":2,\"name\":\"Ampl\u00eda TECDMX suspensi\u00f3n de actividades jurisdiccionales y administrativas presenciales hasta el 9 de agosto\"}]},{\"@type\":\"WebSite\",\"@id\":\"https:\/\/www.tecdmx.org.mx\/#website\",\"url\":\"https:\/\/www.tecdmx.org.mx\/\",\"name\":\"Tribunal Electoral de la Ciudad de M\u00e9xico\",\"description\":\"25 a\u00f1os garantizando justicia en tu elecci\u00f3n\",\"potentialAction\":[{\"@type\":\"SearchAction\",\"target\":{\"@type\":\"EntryPoint\",\"urlTemplate\":\"https:\/\/www.tecdmx.org.mx\/?s={search_term_string}\"},\"query-input\":\"required name=search_term_string\"}],\"inLanguage\":\"es\"},{\"@type\":\"Person\",\"@id\":\"https:\/\/www.tecdmx.org.mx\/#\/schema\/person\/208c898199fb3234203823c5f0cf31d6\",\"name\":\"Difusion2025\",\"image\":{\"@type\":\"ImageObject\",\"inLanguage\":\"es\",\"@id\":\"https:\/\/www.tecdmx.org.mx\/#\/schema\/person\/image\/\",\"url\":\"https:\/\/secure.gravatar.com\/avatar\/6f7a4ba3acb418040e90a2eb99b5df28?s=96&d=mm&r=g\",\"contentUrl\":\"https:\/\/secure.gravatar.com\/avatar\/6f7a4ba3acb418040e90a2eb99b5df28?s=96&d=mm&r=g\",\"caption\":\"Difusion2025\"}}]}<\/script>\n<!-- \/ Yoast SEO plugin. -->","yoast_head_json":{"title":"Ampl\u00eda TECDMX suspensi\u00f3n de actividades jurisdiccionales y administrativas presenciales hasta el 9 de agosto - Tribunal Electoral de la Ciudad de M\u00e9xico","robots":{"index":"index","follow":"follow","max-snippet":"max-snippet:-1","max-image-preview":"max-image-preview:large","max-video-preview":"max-video-preview:-1"},"canonical":"https:\/\/www.tecdmx.org.mx\/index.php\/comunicados\/2020\/08\/03\/amplia-tecdmx-suspension-de-actividades-jurisdiccionales-y-administrativas-presenciales-hasta-el-9-de-agosto\/","og_locale":"es_ES","og_type":"article","og_title":"Ampl\u00eda TECDMX suspensi\u00f3n de actividades jurisdiccionales y administrativas presenciales hasta el 9 de agosto - Tribunal Electoral de la Ciudad de M\u00e9xico","og_description":"\u25cf&nbsp;&nbsp;&nbsp;&nbsp;&nbsp;&nbsp;Esta es la s\u00e9ptima ampliaci\u00f3n de la suspensi\u00f3n de labores acordada, en primera instancia, el 24 de marzo. Debido a que la contingencia sanitaria por COVID-19 impide el regreso a [&hellip;]","og_url":"https:\/\/www.tecdmx.org.mx\/index.php\/comunicados\/2020\/08\/03\/amplia-tecdmx-suspension-de-actividades-jurisdiccionales-y-administrativas-presenciales-hasta-el-9-de-agosto\/","og_site_name":"Tribunal Electoral de la Ciudad de M\u00e9xico","article_publisher":"https:\/\/www.facebook.com\/TECDMX\/","article_published_time":"2020-08-03T13:25:43+00:00","article_modified_time":"2020-09-09T16:15:20+00:00","og_image":[{"width":600,"height":366,"url":"https:\/\/www.tecdmx.org.mx\/wp-content\/uploads\/2020\/08\/comunicado_nuevo.jpg","type":"image\/jpeg"}],"author":"Difusion2025","twitter_card":"summary_large_image","twitter_creator":"@tecdmx","twitter_site":"@tecdmx","twitter_misc":{"Escrito por":"Difusion2025","Tiempo de lectura":"2 minutos"},"schema":{"@context":"https:\/\/schema.org","@graph":[{"@type":"WebPage","@id":"https:\/\/www.tecdmx.org.mx\/index.php\/comunicados\/2020\/08\/03\/amplia-tecdmx-suspension-de-actividades-jurisdiccionales-y-administrativas-presenciales-hasta-el-9-de-agosto\/","url":"https:\/\/www.tecdmx.org.mx\/index.php\/comunicados\/2020\/08\/03\/amplia-tecdmx-suspension-de-actividades-jurisdiccionales-y-administrativas-presenciales-hasta-el-9-de-agosto\/","name":"Ampl\u00eda TECDMX suspensi\u00f3n de actividades jurisdiccionales y administrativas presenciales hasta el 9 de agosto - Tribunal Electoral de la Ciudad de M\u00e9xico","isPartOf":{"@id":"https:\/\/www.tecdmx.org.mx\/#website"},"primaryImageOfPage":{"@id":"https:\/\/www.tecdmx.org.mx\/index.php\/comunicados\/2020\/08\/03\/amplia-tecdmx-suspension-de-actividades-jurisdiccionales-y-administrativas-presenciales-hasta-el-9-de-agosto\/#primaryimage"},"image":{"@id":"https:\/\/www.tecdmx.org.mx\/index.php\/comunicados\/2020\/08\/03\/amplia-tecdmx-suspension-de-actividades-jurisdiccionales-y-administrativas-presenciales-hasta-el-9-de-agosto\/#primaryimage"},"thumbnailUrl":"https:\/\/www.tecdmx.org.mx\/wp-content\/uploads\/2020\/08\/comunicado_nuevo.jpg","datePublished":"2020-08-03T13:25:43+00:00","dateModified":"2020-09-09T16:15:20+00:00","author":{"@id":"https:\/\/www.tecdmx.org.mx\/#\/schema\/person\/208c898199fb3234203823c5f0cf31d6"},"breadcrumb":{"@id":"https:\/\/www.tecdmx.org.mx\/index.php\/comunicados\/2020\/08\/03\/amplia-tecdmx-suspension-de-actividades-jurisdiccionales-y-administrativas-presenciales-hasta-el-9-de-agosto\/#breadcrumb"},"inLanguage":"es","potentialAction":[{"@type":"ReadAction","target":["https:\/\/www.tecdmx.org.mx\/index.php\/comunicados\/2020\/08\/03\/amplia-tecdmx-suspension-de-actividades-jurisdiccionales-y-administrativas-presenciales-hasta-el-9-de-agosto\/"]}]},{"@type":"ImageObject","inLanguage":"es","@id":"https:\/\/www.tecdmx.org.mx\/index.php\/comunicados\/2020\/08\/03\/amplia-tecdmx-suspension-de-actividades-jurisdiccionales-y-administrativas-presenciales-hasta-el-9-de-agosto\/#primaryimage","url":"https:\/\/www.tecdmx.org.mx\/wp-content\/uploads\/2020\/08\/comunicado_nuevo.jpg","contentUrl":"https:\/\/www.tecdmx.org.mx\/wp-content\/uploads\/2020\/08\/comunicado_nuevo.jpg","width":600,"height":366},{"@type":"BreadcrumbList","@id":"https:\/\/www.tecdmx.org.mx\/index.php\/comunicados\/2020\/08\/03\/amplia-tecdmx-suspension-de-actividades-jurisdiccionales-y-administrativas-presenciales-hasta-el-9-de-agosto\/#breadcrumb","itemListElement":[{"@type":"ListItem","position":1,"name":"Portada","item":"https:\/\/www.tecdmx.org.mx\/"},{"@type":"ListItem","position":2,"name":"Ampl\u00eda TECDMX suspensi\u00f3n de actividades jurisdiccionales y administrativas presenciales hasta el 9 de agosto"}]},{"@type":"WebSite","@id":"https:\/\/www.tecdmx.org.mx\/#website","url":"https:\/\/www.tecdmx.org.mx\/","name":"Tribunal Electoral de la Ciudad de M\u00e9xico","description":"25 a\u00f1os garantizando justicia en tu elecci\u00f3n","potentialAction":[{"@type":"SearchAction","target":{"@type":"EntryPoint","urlTemplate":"https:\/\/www.tecdmx.org.mx\/?s={search_term_string}"},"query-input":"required name=search_term_string"}],"inLanguage":"es"},{"@type":"Person","@id":"https:\/\/www.tecdmx.org.mx\/#\/schema\/person\/208c898199fb3234203823c5f0cf31d6","name":"Difusion2025","image":{"@type":"ImageObject","inLanguage":"es","@id":"https:\/\/www.tecdmx.org.mx\/#\/schema\/person\/image\/","url":"https:\/\/secure.gravatar.com\/avatar\/6f7a4ba3acb418040e90a2eb99b5df28?s=96&d=mm&r=g","contentUrl":"https:\/\/secure.gravatar.com\/avatar\/6f7a4ba3acb418040e90a2eb99b5df28?s=96&d=mm&r=g","caption":"Difusion2025"}}]}},"_links":{"self":[{"href":"https:\/\/www.tecdmx.org.mx\/index.php\/wp-json\/wp\/v2\/posts\/20558"}],"collection":[{"href":"https:\/\/www.tecdmx.org.mx\/index.php\/wp-json\/wp\/v2\/posts"}],"about":[{"href":"https:\/\/www.tecdmx.org.mx\/index.php\/wp-json\/wp\/v2\/types\/post"}],"author":[{"embeddable":true,"href":"https:\/\/www.tecdmx.org.mx\/index.php\/wp-json\/wp\/v2\/users\/13"}],"replies":[{"embeddable":true,"href":"https:\/\/www.tecdmx.org.mx\/index.php\/wp-json\/wp\/v2\/comments?post=20558"}],"version-history":[{"count":2,"href":"https:\/\/www.tecdmx.org.mx\/index.php\/wp-json\/wp\/v2\/posts\/20558\/revisions"}],"predecessor-version":[{"id":25211,"href":"https:\/\/www.tecdmx.org.mx\/index.php\/wp-json\/wp\/v2\/posts\/20558\/revisions\/25211"}],"wp:featuredmedia":[{"embeddable":true,"href":"https:\/\/www.tecdmx.org.mx\/index.php\/wp-json\/wp\/v2\/media\/21168"}],"wp:attachment":[{"href":"https:\/\/www.tecdmx.org.mx\/index.php\/wp-json\/wp\/v2\/media?parent=20558"}],"wp:term":[{"taxonomy":"category","embeddable":true,"href":"https:\/\/www.tecdmx.org.mx\/index.php\/wp-json\/wp\/v2\/categories?post=20558"},{"taxonomy":"post_tag","embeddable":true,"href":"https:\/\/www.tecdmx.org.mx\/index.php\/wp-json\/wp\/v2\/tags?post=20558"}],"curies":[{"name":"wp","href":"https:\/\/api.w.org\/{rel}","templated":true}]}}