{"id":20954,"date":"2020-08-10T19:40:23","date_gmt":"2020-08-11T00:40:23","guid":{"rendered":"https:\/\/www.tecdmx.org.mx\/?p=20954"},"modified":"2020-09-09T11:15:26","modified_gmt":"2020-09-09T16:15:26","slug":"reanuda-tecdmx-actividades-presenciales","status":"publish","type":"post","link":"https:\/\/www.tecdmx.org.mx\/index.php\/comunicados\/2020\/08\/10\/reanuda-tecdmx-actividades-presenciales\/","title":{"rendered":"Reanuda TECDMX actividades presenciales"},"content":{"rendered":"\n<p>Derivado\nde lo se\u00f1alado en el Acuerdo Plenario 017\/2020 aprobado por el Pleno del\nTribunal Electoral de la Ciudad de M\u00e9xico (TECDMX) acord\u00f3 que las actividades jurisdiccionales y administrativas se\nreanudar\u00e1n gradualmente a partir de este 10 de agosto, atendiendo a las medidas\nse\u00f1aladas por la Secretar\u00eda de Salud y el \u201cProtocolo de Protecci\u00f3n a la Salud\n(Sars-Cov2). Reincorporaci\u00f3n a las actividades laborales\u201d.<\/p>\n\n\n\n<p>El citado\nprotocolo ser\u00e1 de observancia obligatoria tanto para las personas servidoras\np\u00fablicas del TECDMX como para las personas que ingresen o permanezcan al\ninterior de su edifcio sede, tomando en cuenta las siguientes medidas:<\/p>\n\n\n\n<ol><li>Se\nestablecer\u00e1 un cerco sanitario al ingreso.<\/li><li>Todas\nlas personas que ingresen al TECDMX deber\u00e1n portar equipo de seguridad\n(cubrebocas, lentes de protecci\u00f3n y\/o caretas).<\/li><li>Se\nmedir\u00e1 la temperatura al ingresar a las instalaciones, en caso de ser alta\n(37.5\u00ba) se recomendar\u00e1 tener atenci\u00f3n m\u00e9dica y enviar un mensaje SMS al 51515\ncon la palabra Covid19.<\/li><li>Se\nrealizar\u00e1 la desinfecci\u00f3n constante de manos y calzado.<\/li><li>Se\nmantendr\u00e1n las medidas de distanciamiento social (1.5 metros) que permitan\nromper o disminuir las cadenas de transmisi\u00f3n.<\/li><li>Se\nimpedir\u00e1 el acceso a todas las personas familiares y acompa\u00f1antes del personal\nque labora en este \u00d3rgano Jurisdiccional, as\u00ed como de las externas que no\ntengan vinculaci\u00f3n con alg\u00fan tipo de tr\u00e1mite o proceso jurisdiccional<\/li><\/ol>\n\n\n\n<p>Se incorporar\u00e1n a sus actividades habituales aquellas personas\nservidoras p\u00fablicas que cuenten con buena salud f\u00edsica (que no presenten\ns\u00edntomas), y se establecer\u00e1n&nbsp; horarios\ndiferidos o, en su caso, ciertos d\u00edas para disminuir la concentraci\u00f3n del\npersonal.<\/p>\n\n\n\n<p>Asimismo, con este acuerdo, se reanudan los plazos procesales para\nel tr\u00e1mite, sustanciaci\u00f3n y, en su caso, resoluci\u00f3n de los medios de\nimpugnaci\u00f3n y Procedimientos Especiales Sancionadores competencia de este\n\u00d3rgano Jurisdiccional.<\/p>\n\n\n\n<p>Es importante hacer menci\u00f3n que, con el fin de mitigar la\npropagaci\u00f3n del virus, se continuar\u00e1 con la recepci\u00f3n digital de los medios de\ncomunicaci\u00f3n a trav\u00e9s del apartado \u201cOficial\u00eda de Partes\u201d, incluido en el sitio\nweb <a href=\"http:\/\/www.tecdmx.org.mx\">www.tecdmx.org.mx<\/a>.<\/p>\n\n\n\n<p>Se mantendr\u00e1n los \u201cLineamientos para el uso de videoconferencias\ndurante las Sesiones a Distancia\u201d y el Acuerdo 014\/2020, por lo que las\nMagistraturas integrantes del Pleno podr\u00e1n celebrar reuniones privadas y\nsesiones p\u00fablicas de resoluci\u00f3n a distancia.<\/p>\n\n\n\n<p>Estas medidas representan un paso m\u00e1s hacia la regularizaci\u00f3n de\nlas tareas jurisdiccionales y administrativas presenciales, siempre tomando en\nconsideraci\u00f3n que la pandemia aun subsiste.<\/p>\n\n\n\n<p>Consulta el acuerdo \u00edntegro en la siguiente direcci\u00f3n: <a href=\"https:\/\/www.tecdmx.org.mx\/index.php\/avisos-publicos\/2020\/08\/07\/aviso-publico-reanudacion-gradual-de-actividades\/\">https:\/\/www.tecdmx.org.mx\/index.php\/avisos-publicos\/2020\/08\/07\/aviso-publico-reanudacion-gradual-de-actividades\/<\/a><\/p>\n","protected":false},"excerpt":{"rendered":"<p>Derivado de lo se\u00f1alado en el Acuerdo Plenario 017\/2020 aprobado por el Pleno del Tribunal Electoral de la Ciudad de M\u00e9xico (TECDMX) acord\u00f3 que las actividades jurisdiccionales y administrativas se [&hellip;]<\/p>\n","protected":false},"author":13,"featured_media":21168,"comment_status":"open","ping_status":"open","sticky":false,"template":"","format":"standard","meta":{"_acf_changed":false,"_exactmetrics_skip_tracking":false,"_exactmetrics_sitenote_active":false,"_exactmetrics_sitenote_note":"","_exactmetrics_sitenote_category":0,"footnotes":""},"categories":[32,66,47],"tags":[],"acf":[],"yoast_head":"<!-- This site is optimized with the Yoast SEO plugin v22.3 - https:\/\/yoast.com\/wordpress\/plugins\/seo\/ -->\n<title>Reanuda TECDMX actividades presenciales - Tribunal Electoral de la Ciudad de M\u00e9xico<\/title>\n<meta name=\"robots\" content=\"index, follow, max-snippet:-1, max-image-preview:large, max-video-preview:-1\" \/>\n<link rel=\"canonical\" href=\"https:\/\/www.tecdmx.org.mx\/index.php\/comunicados\/2020\/08\/10\/reanuda-tecdmx-actividades-presenciales\/\" \/>\n<meta property=\"og:locale\" content=\"es_ES\" \/>\n<meta property=\"og:type\" content=\"article\" \/>\n<meta property=\"og:title\" content=\"Reanuda TECDMX actividades presenciales - Tribunal Electoral de la Ciudad de M\u00e9xico\" \/>\n<meta property=\"og:description\" content=\"Derivado de lo se\u00f1alado en el Acuerdo Plenario 017\/2020 aprobado por el Pleno del Tribunal Electoral de la Ciudad de M\u00e9xico (TECDMX) acord\u00f3 que las actividades jurisdiccionales y administrativas se [&hellip;]\" \/>\n<meta property=\"og:url\" content=\"https:\/\/www.tecdmx.org.mx\/index.php\/comunicados\/2020\/08\/10\/reanuda-tecdmx-actividades-presenciales\/\" \/>\n<meta property=\"og:site_name\" content=\"Tribunal Electoral de la Ciudad de M\u00e9xico\" \/>\n<meta property=\"article:publisher\" content=\"https:\/\/www.facebook.com\/TECDMX\/\" \/>\n<meta property=\"article:published_time\" content=\"2020-08-11T00:40:23+00:00\" \/>\n<meta property=\"article:modified_time\" content=\"2020-09-09T16:15:26+00:00\" \/>\n<meta property=\"og:image\" content=\"https:\/\/www.tecdmx.org.mx\/wp-content\/uploads\/2020\/08\/comunicado_nuevo.jpg\" \/>\n\t<meta property=\"og:image:width\" content=\"600\" \/>\n\t<meta property=\"og:image:height\" content=\"366\" \/>\n\t<meta property=\"og:image:type\" content=\"image\/jpeg\" \/>\n<meta name=\"author\" content=\"Difusion2025\" \/>\n<meta name=\"twitter:card\" content=\"summary_large_image\" \/>\n<meta name=\"twitter:creator\" content=\"@tecdmx\" \/>\n<meta name=\"twitter:site\" content=\"@tecdmx\" \/>\n<meta name=\"twitter:label1\" content=\"Escrito por\" \/>\n\t<meta name=\"twitter:data1\" content=\"Difusion2025\" \/>\n\t<meta name=\"twitter:label2\" content=\"Tiempo de lectura\" \/>\n\t<meta name=\"twitter:data2\" content=\"2 minutos\" \/>\n<script type=\"application\/ld+json\" class=\"yoast-schema-graph\">{\"@context\":\"https:\/\/schema.org\",\"@graph\":[{\"@type\":\"WebPage\",\"@id\":\"https:\/\/www.tecdmx.org.mx\/index.php\/comunicados\/2020\/08\/10\/reanuda-tecdmx-actividades-presenciales\/\",\"url\":\"https:\/\/www.tecdmx.org.mx\/index.php\/comunicados\/2020\/08\/10\/reanuda-tecdmx-actividades-presenciales\/\",\"name\":\"Reanuda TECDMX actividades presenciales - Tribunal Electoral de la Ciudad de M\u00e9xico\",\"isPartOf\":{\"@id\":\"https:\/\/www.tecdmx.org.mx\/#website\"},\"primaryImageOfPage\":{\"@id\":\"https:\/\/www.tecdmx.org.mx\/index.php\/comunicados\/2020\/08\/10\/reanuda-tecdmx-actividades-presenciales\/#primaryimage\"},\"image\":{\"@id\":\"https:\/\/www.tecdmx.org.mx\/index.php\/comunicados\/2020\/08\/10\/reanuda-tecdmx-actividades-presenciales\/#primaryimage\"},\"thumbnailUrl\":\"https:\/\/www.tecdmx.org.mx\/wp-content\/uploads\/2020\/08\/comunicado_nuevo.jpg\",\"datePublished\":\"2020-08-11T00:40:23+00:00\",\"dateModified\":\"2020-09-09T16:15:26+00:00\",\"author\":{\"@id\":\"https:\/\/www.tecdmx.org.mx\/#\/schema\/person\/208c898199fb3234203823c5f0cf31d6\"},\"breadcrumb\":{\"@id\":\"https:\/\/www.tecdmx.org.mx\/index.php\/comunicados\/2020\/08\/10\/reanuda-tecdmx-actividades-presenciales\/#breadcrumb\"},\"inLanguage\":\"es\",\"potentialAction\":[{\"@type\":\"ReadAction\",\"target\":[\"https:\/\/www.tecdmx.org.mx\/index.php\/comunicados\/2020\/08\/10\/reanuda-tecdmx-actividades-presenciales\/\"]}]},{\"@type\":\"ImageObject\",\"inLanguage\":\"es\",\"@id\":\"https:\/\/www.tecdmx.org.mx\/index.php\/comunicados\/2020\/08\/10\/reanuda-tecdmx-actividades-presenciales\/#primaryimage\",\"url\":\"https:\/\/www.tecdmx.org.mx\/wp-content\/uploads\/2020\/08\/comunicado_nuevo.jpg\",\"contentUrl\":\"https:\/\/www.tecdmx.org.mx\/wp-content\/uploads\/2020\/08\/comunicado_nuevo.jpg\",\"width\":600,\"height\":366},{\"@type\":\"BreadcrumbList\",\"@id\":\"https:\/\/www.tecdmx.org.mx\/index.php\/comunicados\/2020\/08\/10\/reanuda-tecdmx-actividades-presenciales\/#breadcrumb\",\"itemListElement\":[{\"@type\":\"ListItem\",\"position\":1,\"name\":\"Portada\",\"item\":\"https:\/\/www.tecdmx.org.mx\/\"},{\"@type\":\"ListItem\",\"position\":2,\"name\":\"Reanuda TECDMX actividades presenciales\"}]},{\"@type\":\"WebSite\",\"@id\":\"https:\/\/www.tecdmx.org.mx\/#website\",\"url\":\"https:\/\/www.tecdmx.org.mx\/\",\"name\":\"Tribunal Electoral de la Ciudad de M\u00e9xico\",\"description\":\"25 a\u00f1os garantizando justicia en tu elecci\u00f3n\",\"potentialAction\":[{\"@type\":\"SearchAction\",\"target\":{\"@type\":\"EntryPoint\",\"urlTemplate\":\"https:\/\/www.tecdmx.org.mx\/?s={search_term_string}\"},\"query-input\":\"required name=search_term_string\"}],\"inLanguage\":\"es\"},{\"@type\":\"Person\",\"@id\":\"https:\/\/www.tecdmx.org.mx\/#\/schema\/person\/208c898199fb3234203823c5f0cf31d6\",\"name\":\"Difusion2025\",\"image\":{\"@type\":\"ImageObject\",\"inLanguage\":\"es\",\"@id\":\"https:\/\/www.tecdmx.org.mx\/#\/schema\/person\/image\/\",\"url\":\"https:\/\/secure.gravatar.com\/avatar\/6f7a4ba3acb418040e90a2eb99b5df28?s=96&d=mm&r=g\",\"contentUrl\":\"https:\/\/secure.gravatar.com\/avatar\/6f7a4ba3acb418040e90a2eb99b5df28?s=96&d=mm&r=g\",\"caption\":\"Difusion2025\"}}]}<\/script>\n<!-- \/ Yoast SEO plugin. -->","yoast_head_json":{"title":"Reanuda TECDMX actividades presenciales - Tribunal Electoral de la Ciudad de M\u00e9xico","robots":{"index":"index","follow":"follow","max-snippet":"max-snippet:-1","max-image-preview":"max-image-preview:large","max-video-preview":"max-video-preview:-1"},"canonical":"https:\/\/www.tecdmx.org.mx\/index.php\/comunicados\/2020\/08\/10\/reanuda-tecdmx-actividades-presenciales\/","og_locale":"es_ES","og_type":"article","og_title":"Reanuda TECDMX actividades presenciales - Tribunal Electoral de la Ciudad de M\u00e9xico","og_description":"Derivado de lo se\u00f1alado en el Acuerdo Plenario 017\/2020 aprobado por el Pleno del Tribunal Electoral de la Ciudad de M\u00e9xico (TECDMX) acord\u00f3 que las actividades jurisdiccionales y administrativas se [&hellip;]","og_url":"https:\/\/www.tecdmx.org.mx\/index.php\/comunicados\/2020\/08\/10\/reanuda-tecdmx-actividades-presenciales\/","og_site_name":"Tribunal Electoral de la Ciudad de M\u00e9xico","article_publisher":"https:\/\/www.facebook.com\/TECDMX\/","article_published_time":"2020-08-11T00:40:23+00:00","article_modified_time":"2020-09-09T16:15:26+00:00","og_image":[{"width":600,"height":366,"url":"https:\/\/www.tecdmx.org.mx\/wp-content\/uploads\/2020\/08\/comunicado_nuevo.jpg","type":"image\/jpeg"}],"author":"Difusion2025","twitter_card":"summary_large_image","twitter_creator":"@tecdmx","twitter_site":"@tecdmx","twitter_misc":{"Escrito por":"Difusion2025","Tiempo de lectura":"2 minutos"},"schema":{"@context":"https:\/\/schema.org","@graph":[{"@type":"WebPage","@id":"https:\/\/www.tecdmx.org.mx\/index.php\/comunicados\/2020\/08\/10\/reanuda-tecdmx-actividades-presenciales\/","url":"https:\/\/www.tecdmx.org.mx\/index.php\/comunicados\/2020\/08\/10\/reanuda-tecdmx-actividades-presenciales\/","name":"Reanuda TECDMX actividades presenciales - Tribunal Electoral de la Ciudad de M\u00e9xico","isPartOf":{"@id":"https:\/\/www.tecdmx.org.mx\/#website"},"primaryImageOfPage":{"@id":"https:\/\/www.tecdmx.org.mx\/index.php\/comunicados\/2020\/08\/10\/reanuda-tecdmx-actividades-presenciales\/#primaryimage"},"image":{"@id":"https:\/\/www.tecdmx.org.mx\/index.php\/comunicados\/2020\/08\/10\/reanuda-tecdmx-actividades-presenciales\/#primaryimage"},"thumbnailUrl":"https:\/\/www.tecdmx.org.mx\/wp-content\/uploads\/2020\/08\/comunicado_nuevo.jpg","datePublished":"2020-08-11T00:40:23+00:00","dateModified":"2020-09-09T16:15:26+00:00","author":{"@id":"https:\/\/www.tecdmx.org.mx\/#\/schema\/person\/208c898199fb3234203823c5f0cf31d6"},"breadcrumb":{"@id":"https:\/\/www.tecdmx.org.mx\/index.php\/comunicados\/2020\/08\/10\/reanuda-tecdmx-actividades-presenciales\/#breadcrumb"},"inLanguage":"es","potentialAction":[{"@type":"ReadAction","target":["https:\/\/www.tecdmx.org.mx\/index.php\/comunicados\/2020\/08\/10\/reanuda-tecdmx-actividades-presenciales\/"]}]},{"@type":"ImageObject","inLanguage":"es","@id":"https:\/\/www.tecdmx.org.mx\/index.php\/comunicados\/2020\/08\/10\/reanuda-tecdmx-actividades-presenciales\/#primaryimage","url":"https:\/\/www.tecdmx.org.mx\/wp-content\/uploads\/2020\/08\/comunicado_nuevo.jpg","contentUrl":"https:\/\/www.tecdmx.org.mx\/wp-content\/uploads\/2020\/08\/comunicado_nuevo.jpg","width":600,"height":366},{"@type":"BreadcrumbList","@id":"https:\/\/www.tecdmx.org.mx\/index.php\/comunicados\/2020\/08\/10\/reanuda-tecdmx-actividades-presenciales\/#breadcrumb","itemListElement":[{"@type":"ListItem","position":1,"name":"Portada","item":"https:\/\/www.tecdmx.org.mx\/"},{"@type":"ListItem","position":2,"name":"Reanuda TECDMX actividades presenciales"}]},{"@type":"WebSite","@id":"https:\/\/www.tecdmx.org.mx\/#website","url":"https:\/\/www.tecdmx.org.mx\/","name":"Tribunal Electoral de la Ciudad de M\u00e9xico","description":"25 a\u00f1os garantizando justicia en tu elecci\u00f3n","potentialAction":[{"@type":"SearchAction","target":{"@type":"EntryPoint","urlTemplate":"https:\/\/www.tecdmx.org.mx\/?s={search_term_string}"},"query-input":"required name=search_term_string"}],"inLanguage":"es"},{"@type":"Person","@id":"https:\/\/www.tecdmx.org.mx\/#\/schema\/person\/208c898199fb3234203823c5f0cf31d6","name":"Difusion2025","image":{"@type":"ImageObject","inLanguage":"es","@id":"https:\/\/www.tecdmx.org.mx\/#\/schema\/person\/image\/","url":"https:\/\/secure.gravatar.com\/avatar\/6f7a4ba3acb418040e90a2eb99b5df28?s=96&d=mm&r=g","contentUrl":"https:\/\/secure.gravatar.com\/avatar\/6f7a4ba3acb418040e90a2eb99b5df28?s=96&d=mm&r=g","caption":"Difusion2025"}}]}},"_links":{"self":[{"href":"https:\/\/www.tecdmx.org.mx\/index.php\/wp-json\/wp\/v2\/posts\/20954"}],"collection":[{"href":"https:\/\/www.tecdmx.org.mx\/index.php\/wp-json\/wp\/v2\/posts"}],"about":[{"href":"https:\/\/www.tecdmx.org.mx\/index.php\/wp-json\/wp\/v2\/types\/post"}],"author":[{"embeddable":true,"href":"https:\/\/www.tecdmx.org.mx\/index.php\/wp-json\/wp\/v2\/users\/13"}],"replies":[{"embeddable":true,"href":"https:\/\/www.tecdmx.org.mx\/index.php\/wp-json\/wp\/v2\/comments?post=20954"}],"version-history":[{"count":2,"href":"https:\/\/www.tecdmx.org.mx\/index.php\/wp-json\/wp\/v2\/posts\/20954\/revisions"}],"predecessor-version":[{"id":20957,"href":"https:\/\/www.tecdmx.org.mx\/index.php\/wp-json\/wp\/v2\/posts\/20954\/revisions\/20957"}],"wp:featuredmedia":[{"embeddable":true,"href":"https:\/\/www.tecdmx.org.mx\/index.php\/wp-json\/wp\/v2\/media\/21168"}],"wp:attachment":[{"href":"https:\/\/www.tecdmx.org.mx\/index.php\/wp-json\/wp\/v2\/media?parent=20954"}],"wp:term":[{"taxonomy":"category","embeddable":true,"href":"https:\/\/www.tecdmx.org.mx\/index.php\/wp-json\/wp\/v2\/categories?post=20954"},{"taxonomy":"post_tag","embeddable":true,"href":"https:\/\/www.tecdmx.org.mx\/index.php\/wp-json\/wp\/v2\/tags?post=20954"}],"curies":[{"name":"wp","href":"https:\/\/api.w.org\/{rel}","templated":true}]}}