{"id":21361,"date":"2020-08-27T18:54:59","date_gmt":"2020-08-27T23:54:59","guid":{"rendered":"https:\/\/www.tecdmx.org.mx\/?p=21361"},"modified":"2020-08-27T18:55:01","modified_gmt":"2020-08-27T23:55:01","slug":"resuelve-tecdmx-integracion-de-copacos","status":"publish","type":"post","link":"https:\/\/www.tecdmx.org.mx\/index.php\/comunicados\/2020\/08\/27\/resuelve-tecdmx-integracion-de-copacos\/","title":{"rendered":"Resuelve TECDMX integraci\u00f3n de COPACOS"},"content":{"rendered":"\n<ul><li>Se\nanalizaron los criterios hechos valer por la autoridad para la aplicaci\u00f3n de\nacciones afirmativas para la integraci\u00f3n de las COPACOS.<\/li><\/ul>\n\n\n\n<p>Las Magistradas y Magistrados integrantes del Pleno del\nTribunal Electoral de la Ciudad de M\u00e9xico (TECDMX), celebraron Sesi\u00f3n P\u00fablica\nde resoluci\u00f3n a distancia por videoconferencia, con el fin de resolver 35 Juicios\nElectorales (JEL).<\/p>\n\n\n\n<p>En la Ley de Participaci\u00f3n Ciudadana de la Ciudad de M\u00e9xico, as\u00ed como en\nla Convocatoria para la Elecci\u00f3n de Comisiones de Participaci\u00f3n Comunitaria\n2020 (COPACO), se establece que para la asignaci\u00f3n de las personas que\nintegrar\u00e1n estas<em>,<\/em>&nbsp;en caso que dentro de las candidaturas se\nencuentren personas j\u00f3venes (mayores de 18 a\u00f1os y menores 29 a\u00f1os al d\u00eda de la\nelecci\u00f3n) y\/o con discapacidad, se procurar\u00e1 que, por lo menos, uno de los\nlugares sea destinado para alguna de estas de acuerdo a las acciones\nafirmativas que tienden a compensar una situaci\u00f3n desventajosa en la que\nhist\u00f3ricamente se han encontrado cierto grupo.<\/p>\n\n\n\n<p>Al resolver el juicio <strong>TECDMX-JEL-195\/2020<\/strong>,\npromovido por <strong>Sonia Margarita Hern\u00e1ndez Mart\u00ednez<\/strong> en donde controvirti\u00f3 <strong>la\nintegraci\u00f3n de la COPACO de la unidad territorial Gabriel Hern\u00e1ndez en Gustavo\nA. Madero<\/strong>; el Pleno resolvi\u00f3 <strong>confirmar el acto impugnado<\/strong>, ya que la\nautoridad responsable hizo una correcta aplicaci\u00f3n de la acci\u00f3n afirmativa para\nla inclusi\u00f3n de una persona joven en la integraci\u00f3n de \u00e9sta.<\/p>\n\n\n\n<p>En el expediente <strong>TECDMX-JEL-378\/2020<\/strong>, promovido\npor <strong>Jorge Torres Flores<\/strong> en contra de <strong>la integraci\u00f3n de la COPACO en\nla unidad territorial Jalalpa el Grande en \u00c1lvaro Obreg\u00f3n<\/strong>; las\nMagistraturas determinaron <strong>confirmar el acto impugnado<\/strong>, toda vez que la\ninclusi\u00f3n de una persona joven como acci\u00f3n afirmativa, en el lugar que el\npromovente asume que le corresponde, no genera perjuicio directo en el \u00e1mbito\njur\u00eddico de la parte actora, pues con base en la votaci\u00f3n que la parte actora\nrecibi\u00f3 y conforme las reglas de asignaci\u00f3n de los lugares en la COPACO, no\ntiene la posibilidad de ocupar un sitio en la misma, ya que la parte actora\nocup\u00f3 el lugar cinco de los hombres, en el caso, concreto s\u00f3lo hay la\nposibilidad de integrar a los 4 primeros.<\/p>\n\n\n\n<p>Sobre el juicio <strong>TECDMX-JEL-313\/2020<\/strong>, promovido por\n<strong>Regina Leticia Romero Cruz<\/strong> en el que impugn\u00f3 <strong>la <\/strong><strong>Constancia de\nAsignaci\u00f3n e Integraci\u00f3n de la COPACO de la unidad territorial El Triunfo\n(ampliaci\u00f3n)<\/strong>; las Magistradas y Magistrados determinaron confirmar\nel acto impugnado, ya que si bien la parte actora obtuvo el n\u00famero de votos\nsuficientes que la colocaban en el s\u00e9ptimo lugar, al haber dos candidatas en\ncondiciones de vulnerabilidad como la juventud y la condici\u00f3n de discapacidad,\nde acuerdo con los Criterios, deb\u00eda aplicarse una acci\u00f3n afirmativa en su\nbeneficio.<\/p>\n\n\n\n<p>Al atender el expediente <strong>TECDMX-JEL-342<\/strong> <strong>y su\nacumulado<\/strong> <strong>TECDMX-JEL-345<\/strong>, ambos de 2020, promovidos por <strong>Luis Rey\nM\u00e9ndez Estrella<\/strong>, en donde controvirti\u00f3 <strong>la <\/strong><strong>Constancia de\nAsignaci\u00f3n e Integraci\u00f3n de la COPACO de la unidad territorial Progreso Tizap\u00e1n<\/strong>; el Pleno resolvi\u00f3 <strong>confirmar el acto impugnado<\/strong>\nderivado que la autoridad responsable, al momento de llevar a cabo dicha\nintegraci\u00f3n, consider\u00f3 aplicable dos acciones afirmativas, la primera por\ndiscapacidad y la otra por ser persona joven, ambas contempladas en los\nCriterios.<\/p>\n\n\n\n<p>Respecto del juicio <strong>TECDMX-JEL-343\/2020<\/strong>, promovido\npor <strong>Rodrigo de Le\u00f3n Mondrag\u00f3n<\/strong> en contra de <strong>la <\/strong><strong>Constancia de\nAsignaci\u00f3n e Integraci\u00f3n de la COPACO de la unidad territorial Bosques de\nTarango<\/strong>; las Magistradas y Magistrados resolvieron <strong>confirmar\nel acto impugnado<\/strong>, ya que result\u00f3 conforme a derecho el actuar de las autoridades\nresponsables al no tomar en cuenta a los primeros lugares de votaci\u00f3n para\ncubrir los puestos que correspond\u00edan a las acciones afirmativas.<\/p>\n\n\n\n<p>En el expediente <strong>TECDMX-JEL-212 y su acumulado\nTECDMX-JEL-213<\/strong>, ambos de esta anualidad, promovidos por <strong>\u00d3scar Al\u00e1n\nMontes Rivera y otra persona<\/strong> en donde impugnaron <strong>la <\/strong><strong>Constancia de\nAsignaci\u00f3n e Integraci\u00f3n de la COPACO de la unidad territorial Villa de Arag\u00f3n\nen Gustavo A. Madero<\/strong>; las Magistraturas determinaron <strong>confirmar\nel acto impugnado<\/strong>, ya que, del acta\nde c\u00f3mputo total, se observa que las partes actoras no obtuvieron votaci\u00f3n, de\nah\u00ed que no tengan derecho a integrar la referida Comisi\u00f3n<\/p>\n\n\n\n<p>Al resolver el expediente <strong>TECDMX-JEL-339\/2020<\/strong>,\npromovido por <strong>Juan Gonz\u00e1lez Rojas<\/strong> en el que impugn\u00f3 <strong>la <\/strong><strong>Constancia de\nAsignaci\u00f3n e Integraci\u00f3n de la COPACO de la unidad territorial Ol\u00edmpica en\nCoyoac\u00e1n<\/strong>; el Pleno determin\u00f3 <strong>confirmar el acto impugnado<\/strong>,\ntoda vez que la determinaci\u00f3n llevada a cabo por la autoridad responsable fue\ncorrecta, ya que ello encontr\u00f3 justificaci\u00f3n en la aplicaci\u00f3n de la acci\u00f3n\nafirmativa correspondiente a una persona con discapacidad.<\/p>\n\n\n\n<p>Sobre el juicio <strong>TECDMX-JEL-336\/2020<\/strong>, promovido por\n<strong>Alicia Trejo Navarrete<\/strong> en contra de <strong>la <\/strong><strong>Constancia de\nAsignaci\u00f3n e Integraci\u00f3n de la COPACO de la unidad territorial San Felipe de Jes\u00fas\nI en Gustavo A. Madero<\/strong>; las Magistradas y Magistrados resolvieron <strong>confirmar\nel acto impugnado<\/strong>, ya que la parte actora nunca dio a conocer a la\nautoridad responsable su condici\u00f3n de persona con discapacidad.<\/p>\n\n\n\n<p>En el expediente <strong>TECDMX-JEL-115\/2020<\/strong>, promovido\npor <strong>M\u00e1ximo Hern\u00e1ndez Espinosa<\/strong> en contra de <strong>Edith Lamarca\nGuzm\u00e1n para integrar la COPACO de la Unidad Territorial Tr\u00e1nsito en Cuauht\u00e9moc<\/strong>, al referir\nque esta \u00faltima labora en la Secretar\u00eda de Pueblos y Barrios Originarios y\nComunidades Ind\u00edgenas Residentes; las Magistradas y Magistrados determinaron <strong>confirmar\nel acto impugnado<\/strong> ya que la persona candidata labora en la citada dependencia, pero no\ntiene a su cargo el manejo de programas de \u00edndole social, sus funciones est\u00e1n\nencaminadas en esencia al manejo del archivo de la dependencia en cuesti\u00f3n.<\/p>\n\n\n\n<p>Por lo que respecta al juicio <strong>TECDMX-JEL-310\/2020<\/strong>,\npromovido por <strong>V\u00edctor Israel Bernal Andrade<\/strong> en el que impugn\u00f3 <strong>el\noficio 25 diagonal 214 de este a\u00f1o, emitido por la Direcci\u00f3n Distrital 25 del\nInstituto Electoral de la Ciudad de M\u00e9xico<\/strong>; las Magistraturas resolvieron <strong>confirmar\nel acto impugnado<\/strong> ya que del an\u00e1lisis a la contestaci\u00f3n formulada por la\nautoridad responsable, se determin\u00f3 que atendi\u00f3 congruentemente el\nplanteamiento respecto a corregir la secci\u00f3n electoral a la que\npertenece la calle Rinc\u00f3n del Cielo de la Unidad Territorial Bosque Residencial\ndel Sur, pues la divisi\u00f3n en secciones electorales de los distritos electorales\nes atribuci\u00f3n es exclusiva del Instituto Nacional Electoral<\/p>\n\n\n\n<p>En el juicio <strong>TECDMX-JEL-169\/2020<\/strong>, promovido por el\n<strong>Partido Revolucionario Institucional<\/strong> en contra de <strong>diversas irregularidades en las elecciones de las COPACO 2020 y\nProyectos de Presupuesto Participativo 2020 y 2021, realizadas en las\ndemarcaciones territoriales Cuauht\u00e9moc y Miguel Hidalgo<\/strong>; el Pleno resolvi\u00f3 <strong>desechar de plano la demanda<\/strong>\nya que la parte actora carece de legitimaci\u00f3n para ejercer un derecho de acci\u00f3n\nen el proceso democr\u00e1tico de participaci\u00f3n ciudadana, el cual desde su origen\nest\u00e1 enfocado en la ciudadan\u00eda y no a los partidos pol\u00edticos<\/p>\n\n\n\n<p>Asimismo, en el expediente <strong>TECDMX-JEL-193\/2020<\/strong>,\npromovido por <strong>Emmanuel Manrique Leija<\/strong> en donde controvirti\u00f3 <strong>la Constancia de Validaci\u00f3n de Resultados de la COPACO de la\nunidad territorial Torres de Mixcoac (Unidad Habitacional) en \u00c1lvaro Obreg\u00f3n<\/strong>; las Magistraturas determinaron <strong>desechar de plano la\ndemanda<\/strong> ya que la parte actora carece de inter\u00e9s jur\u00eddico para presentar el\nmedio de impugnaci\u00f3n.<\/p>\n\n\n\n<p>Finalmente, en el juicio <strong>TECDMX-JEL-364\/2020<\/strong>,\npromovido por <strong>Jorge Ram\u00f3n Ju\u00e1rez Trejo<\/strong> en donde impugn\u00f3 <strong>la constancia\nde asignaci\u00f3n e integraci\u00f3n de la COPACO en la Unidad Providencia II en Gustavo\nA Madero<\/strong>; las Magistradas y Magistrados resolvieron <strong>desechar\nde plano la demanda<\/strong> al haber sido presentada de manera extempor\u00e1nea.<\/p>\n\n\n\n<p><strong>o-O-o<\/strong><\/p>\n\n\n\n<p>*Los criterios para las resoluciones de este Pleno son\ncoincidentes.<strong><\/strong><\/p>\n","protected":false},"excerpt":{"rendered":"<p>Se analizaron los criterios hechos valer por la autoridad para la aplicaci\u00f3n de acciones afirmativas para la integraci\u00f3n de las COPACOS. Las Magistradas y Magistrados integrantes del Pleno del Tribunal [&hellip;]<\/p>\n","protected":false},"author":13,"featured_media":21168,"comment_status":"open","ping_status":"open","sticky":false,"template":"","format":"standard","meta":{"_acf_changed":false,"_exactmetrics_skip_tracking":false,"_exactmetrics_sitenote_active":false,"_exactmetrics_sitenote_note":"","_exactmetrics_sitenote_category":0,"footnotes":""},"categories":[32,47],"tags":[],"acf":[],"yoast_head":"<!-- This site is optimized with the Yoast SEO plugin v22.3 - https:\/\/yoast.com\/wordpress\/plugins\/seo\/ -->\n<title>Resuelve TECDMX integraci\u00f3n de COPACOS - Tribunal Electoral de la Ciudad de M\u00e9xico<\/title>\n<meta name=\"robots\" content=\"index, follow, max-snippet:-1, max-image-preview:large, max-video-preview:-1\" \/>\n<link rel=\"canonical\" href=\"https:\/\/www.tecdmx.org.mx\/index.php\/comunicados\/2020\/08\/27\/resuelve-tecdmx-integracion-de-copacos\/\" \/>\n<meta property=\"og:locale\" content=\"es_ES\" \/>\n<meta property=\"og:type\" content=\"article\" \/>\n<meta property=\"og:title\" content=\"Resuelve TECDMX integraci\u00f3n de COPACOS - Tribunal Electoral de la Ciudad de M\u00e9xico\" \/>\n<meta property=\"og:description\" content=\"Se analizaron los criterios hechos valer por la autoridad para la aplicaci\u00f3n de acciones afirmativas para la integraci\u00f3n de las COPACOS. Las Magistradas y Magistrados integrantes del Pleno del Tribunal [&hellip;]\" \/>\n<meta property=\"og:url\" content=\"https:\/\/www.tecdmx.org.mx\/index.php\/comunicados\/2020\/08\/27\/resuelve-tecdmx-integracion-de-copacos\/\" \/>\n<meta property=\"og:site_name\" content=\"Tribunal Electoral de la Ciudad de M\u00e9xico\" \/>\n<meta property=\"article:publisher\" content=\"https:\/\/www.facebook.com\/TECDMX\/\" \/>\n<meta property=\"article:published_time\" content=\"2020-08-27T23:54:59+00:00\" \/>\n<meta property=\"article:modified_time\" content=\"2020-08-27T23:55:01+00:00\" \/>\n<meta property=\"og:image\" content=\"https:\/\/www.tecdmx.org.mx\/wp-content\/uploads\/2020\/08\/comunicado_nuevo.jpg\" \/>\n\t<meta property=\"og:image:width\" content=\"600\" \/>\n\t<meta property=\"og:image:height\" content=\"366\" \/>\n\t<meta property=\"og:image:type\" content=\"image\/jpeg\" \/>\n<meta name=\"author\" content=\"Difusion2025\" \/>\n<meta name=\"twitter:card\" content=\"summary_large_image\" \/>\n<meta name=\"twitter:creator\" content=\"@tecdmx\" \/>\n<meta name=\"twitter:site\" content=\"@tecdmx\" \/>\n<meta name=\"twitter:label1\" content=\"Escrito por\" \/>\n\t<meta name=\"twitter:data1\" content=\"Difusion2025\" \/>\n\t<meta name=\"twitter:label2\" content=\"Tiempo de lectura\" \/>\n\t<meta name=\"twitter:data2\" content=\"6 minutos\" \/>\n<script type=\"application\/ld+json\" class=\"yoast-schema-graph\">{\"@context\":\"https:\/\/schema.org\",\"@graph\":[{\"@type\":\"WebPage\",\"@id\":\"https:\/\/www.tecdmx.org.mx\/index.php\/comunicados\/2020\/08\/27\/resuelve-tecdmx-integracion-de-copacos\/\",\"url\":\"https:\/\/www.tecdmx.org.mx\/index.php\/comunicados\/2020\/08\/27\/resuelve-tecdmx-integracion-de-copacos\/\",\"name\":\"Resuelve TECDMX integraci\u00f3n de COPACOS - Tribunal Electoral de la Ciudad de M\u00e9xico\",\"isPartOf\":{\"@id\":\"https:\/\/www.tecdmx.org.mx\/#website\"},\"primaryImageOfPage\":{\"@id\":\"https:\/\/www.tecdmx.org.mx\/index.php\/comunicados\/2020\/08\/27\/resuelve-tecdmx-integracion-de-copacos\/#primaryimage\"},\"image\":{\"@id\":\"https:\/\/www.tecdmx.org.mx\/index.php\/comunicados\/2020\/08\/27\/resuelve-tecdmx-integracion-de-copacos\/#primaryimage\"},\"thumbnailUrl\":\"https:\/\/www.tecdmx.org.mx\/wp-content\/uploads\/2020\/08\/comunicado_nuevo.jpg\",\"datePublished\":\"2020-08-27T23:54:59+00:00\",\"dateModified\":\"2020-08-27T23:55:01+00:00\",\"author\":{\"@id\":\"https:\/\/www.tecdmx.org.mx\/#\/schema\/person\/208c898199fb3234203823c5f0cf31d6\"},\"breadcrumb\":{\"@id\":\"https:\/\/www.tecdmx.org.mx\/index.php\/comunicados\/2020\/08\/27\/resuelve-tecdmx-integracion-de-copacos\/#breadcrumb\"},\"inLanguage\":\"es\",\"potentialAction\":[{\"@type\":\"ReadAction\",\"target\":[\"https:\/\/www.tecdmx.org.mx\/index.php\/comunicados\/2020\/08\/27\/resuelve-tecdmx-integracion-de-copacos\/\"]}]},{\"@type\":\"ImageObject\",\"inLanguage\":\"es\",\"@id\":\"https:\/\/www.tecdmx.org.mx\/index.php\/comunicados\/2020\/08\/27\/resuelve-tecdmx-integracion-de-copacos\/#primaryimage\",\"url\":\"https:\/\/www.tecdmx.org.mx\/wp-content\/uploads\/2020\/08\/comunicado_nuevo.jpg\",\"contentUrl\":\"https:\/\/www.tecdmx.org.mx\/wp-content\/uploads\/2020\/08\/comunicado_nuevo.jpg\",\"width\":600,\"height\":366},{\"@type\":\"BreadcrumbList\",\"@id\":\"https:\/\/www.tecdmx.org.mx\/index.php\/comunicados\/2020\/08\/27\/resuelve-tecdmx-integracion-de-copacos\/#breadcrumb\",\"itemListElement\":[{\"@type\":\"ListItem\",\"position\":1,\"name\":\"Portada\",\"item\":\"https:\/\/www.tecdmx.org.mx\/\"},{\"@type\":\"ListItem\",\"position\":2,\"name\":\"Resuelve TECDMX integraci\u00f3n de COPACOS\"}]},{\"@type\":\"WebSite\",\"@id\":\"https:\/\/www.tecdmx.org.mx\/#website\",\"url\":\"https:\/\/www.tecdmx.org.mx\/\",\"name\":\"Tribunal Electoral de la Ciudad de M\u00e9xico\",\"description\":\"25 a\u00f1os garantizando justicia en tu elecci\u00f3n\",\"potentialAction\":[{\"@type\":\"SearchAction\",\"target\":{\"@type\":\"EntryPoint\",\"urlTemplate\":\"https:\/\/www.tecdmx.org.mx\/?s={search_term_string}\"},\"query-input\":\"required name=search_term_string\"}],\"inLanguage\":\"es\"},{\"@type\":\"Person\",\"@id\":\"https:\/\/www.tecdmx.org.mx\/#\/schema\/person\/208c898199fb3234203823c5f0cf31d6\",\"name\":\"Difusion2025\",\"image\":{\"@type\":\"ImageObject\",\"inLanguage\":\"es\",\"@id\":\"https:\/\/www.tecdmx.org.mx\/#\/schema\/person\/image\/\",\"url\":\"https:\/\/secure.gravatar.com\/avatar\/6f7a4ba3acb418040e90a2eb99b5df28?s=96&d=mm&r=g\",\"contentUrl\":\"https:\/\/secure.gravatar.com\/avatar\/6f7a4ba3acb418040e90a2eb99b5df28?s=96&d=mm&r=g\",\"caption\":\"Difusion2025\"}}]}<\/script>\n<!-- \/ Yoast SEO plugin. -->","yoast_head_json":{"title":"Resuelve TECDMX integraci\u00f3n de COPACOS - Tribunal Electoral de la Ciudad de M\u00e9xico","robots":{"index":"index","follow":"follow","max-snippet":"max-snippet:-1","max-image-preview":"max-image-preview:large","max-video-preview":"max-video-preview:-1"},"canonical":"https:\/\/www.tecdmx.org.mx\/index.php\/comunicados\/2020\/08\/27\/resuelve-tecdmx-integracion-de-copacos\/","og_locale":"es_ES","og_type":"article","og_title":"Resuelve TECDMX integraci\u00f3n de COPACOS - Tribunal Electoral de la Ciudad de M\u00e9xico","og_description":"Se analizaron los criterios hechos valer por la autoridad para la aplicaci\u00f3n de acciones afirmativas para la integraci\u00f3n de las COPACOS. Las Magistradas y Magistrados integrantes del Pleno del Tribunal [&hellip;]","og_url":"https:\/\/www.tecdmx.org.mx\/index.php\/comunicados\/2020\/08\/27\/resuelve-tecdmx-integracion-de-copacos\/","og_site_name":"Tribunal Electoral de la Ciudad de M\u00e9xico","article_publisher":"https:\/\/www.facebook.com\/TECDMX\/","article_published_time":"2020-08-27T23:54:59+00:00","article_modified_time":"2020-08-27T23:55:01+00:00","og_image":[{"width":600,"height":366,"url":"https:\/\/www.tecdmx.org.mx\/wp-content\/uploads\/2020\/08\/comunicado_nuevo.jpg","type":"image\/jpeg"}],"author":"Difusion2025","twitter_card":"summary_large_image","twitter_creator":"@tecdmx","twitter_site":"@tecdmx","twitter_misc":{"Escrito por":"Difusion2025","Tiempo de lectura":"6 minutos"},"schema":{"@context":"https:\/\/schema.org","@graph":[{"@type":"WebPage","@id":"https:\/\/www.tecdmx.org.mx\/index.php\/comunicados\/2020\/08\/27\/resuelve-tecdmx-integracion-de-copacos\/","url":"https:\/\/www.tecdmx.org.mx\/index.php\/comunicados\/2020\/08\/27\/resuelve-tecdmx-integracion-de-copacos\/","name":"Resuelve TECDMX integraci\u00f3n de COPACOS - Tribunal Electoral de la Ciudad de M\u00e9xico","isPartOf":{"@id":"https:\/\/www.tecdmx.org.mx\/#website"},"primaryImageOfPage":{"@id":"https:\/\/www.tecdmx.org.mx\/index.php\/comunicados\/2020\/08\/27\/resuelve-tecdmx-integracion-de-copacos\/#primaryimage"},"image":{"@id":"https:\/\/www.tecdmx.org.mx\/index.php\/comunicados\/2020\/08\/27\/resuelve-tecdmx-integracion-de-copacos\/#primaryimage"},"thumbnailUrl":"https:\/\/www.tecdmx.org.mx\/wp-content\/uploads\/2020\/08\/comunicado_nuevo.jpg","datePublished":"2020-08-27T23:54:59+00:00","dateModified":"2020-08-27T23:55:01+00:00","author":{"@id":"https:\/\/www.tecdmx.org.mx\/#\/schema\/person\/208c898199fb3234203823c5f0cf31d6"},"breadcrumb":{"@id":"https:\/\/www.tecdmx.org.mx\/index.php\/comunicados\/2020\/08\/27\/resuelve-tecdmx-integracion-de-copacos\/#breadcrumb"},"inLanguage":"es","potentialAction":[{"@type":"ReadAction","target":["https:\/\/www.tecdmx.org.mx\/index.php\/comunicados\/2020\/08\/27\/resuelve-tecdmx-integracion-de-copacos\/"]}]},{"@type":"ImageObject","inLanguage":"es","@id":"https:\/\/www.tecdmx.org.mx\/index.php\/comunicados\/2020\/08\/27\/resuelve-tecdmx-integracion-de-copacos\/#primaryimage","url":"https:\/\/www.tecdmx.org.mx\/wp-content\/uploads\/2020\/08\/comunicado_nuevo.jpg","contentUrl":"https:\/\/www.tecdmx.org.mx\/wp-content\/uploads\/2020\/08\/comunicado_nuevo.jpg","width":600,"height":366},{"@type":"BreadcrumbList","@id":"https:\/\/www.tecdmx.org.mx\/index.php\/comunicados\/2020\/08\/27\/resuelve-tecdmx-integracion-de-copacos\/#breadcrumb","itemListElement":[{"@type":"ListItem","position":1,"name":"Portada","item":"https:\/\/www.tecdmx.org.mx\/"},{"@type":"ListItem","position":2,"name":"Resuelve TECDMX integraci\u00f3n de COPACOS"}]},{"@type":"WebSite","@id":"https:\/\/www.tecdmx.org.mx\/#website","url":"https:\/\/www.tecdmx.org.mx\/","name":"Tribunal Electoral de la Ciudad de M\u00e9xico","description":"25 a\u00f1os garantizando justicia en tu elecci\u00f3n","potentialAction":[{"@type":"SearchAction","target":{"@type":"EntryPoint","urlTemplate":"https:\/\/www.tecdmx.org.mx\/?s={search_term_string}"},"query-input":"required name=search_term_string"}],"inLanguage":"es"},{"@type":"Person","@id":"https:\/\/www.tecdmx.org.mx\/#\/schema\/person\/208c898199fb3234203823c5f0cf31d6","name":"Difusion2025","image":{"@type":"ImageObject","inLanguage":"es","@id":"https:\/\/www.tecdmx.org.mx\/#\/schema\/person\/image\/","url":"https:\/\/secure.gravatar.com\/avatar\/6f7a4ba3acb418040e90a2eb99b5df28?s=96&d=mm&r=g","contentUrl":"https:\/\/secure.gravatar.com\/avatar\/6f7a4ba3acb418040e90a2eb99b5df28?s=96&d=mm&r=g","caption":"Difusion2025"}}]}},"_links":{"self":[{"href":"https:\/\/www.tecdmx.org.mx\/index.php\/wp-json\/wp\/v2\/posts\/21361"}],"collection":[{"href":"https:\/\/www.tecdmx.org.mx\/index.php\/wp-json\/wp\/v2\/posts"}],"about":[{"href":"https:\/\/www.tecdmx.org.mx\/index.php\/wp-json\/wp\/v2\/types\/post"}],"author":[{"embeddable":true,"href":"https:\/\/www.tecdmx.org.mx\/index.php\/wp-json\/wp\/v2\/users\/13"}],"replies":[{"embeddable":true,"href":"https:\/\/www.tecdmx.org.mx\/index.php\/wp-json\/wp\/v2\/comments?post=21361"}],"version-history":[{"count":2,"href":"https:\/\/www.tecdmx.org.mx\/index.php\/wp-json\/wp\/v2\/posts\/21361\/revisions"}],"predecessor-version":[{"id":21364,"href":"https:\/\/www.tecdmx.org.mx\/index.php\/wp-json\/wp\/v2\/posts\/21361\/revisions\/21364"}],"wp:featuredmedia":[{"embeddable":true,"href":"https:\/\/www.tecdmx.org.mx\/index.php\/wp-json\/wp\/v2\/media\/21168"}],"wp:attachment":[{"href":"https:\/\/www.tecdmx.org.mx\/index.php\/wp-json\/wp\/v2\/media?parent=21361"}],"wp:term":[{"taxonomy":"category","embeddable":true,"href":"https:\/\/www.tecdmx.org.mx\/index.php\/wp-json\/wp\/v2\/categories?post=21361"},{"taxonomy":"post_tag","embeddable":true,"href":"https:\/\/www.tecdmx.org.mx\/index.php\/wp-json\/wp\/v2\/tags?post=21361"}],"curies":[{"name":"wp","href":"https:\/\/api.w.org\/{rel}","templated":true}]}}