{"id":21365,"date":"2020-08-27T18:56:07","date_gmt":"2020-08-27T23:56:07","guid":{"rendered":"https:\/\/www.tecdmx.org.mx\/?p=21365"},"modified":"2020-08-27T18:56:09","modified_gmt":"2020-08-27T23:56:09","slug":"determina-tecdmx-anular-elecciones-en-las-unidades-territoriales-san-rafael-i-y-ii-en-la-demarcacion-territorial-cuauhtemoc","status":"publish","type":"post","link":"https:\/\/www.tecdmx.org.mx\/index.php\/comunicados\/2020\/08\/27\/determina-tecdmx-anular-elecciones-en-las-unidades-territoriales-san-rafael-i-y-ii-en-la-demarcacion-territorial-cuauhtemoc\/","title":{"rendered":"Determina TECDMX anular elecciones en las unidades territoriales San Rafael I y II en la demarcaci\u00f3n territorial Cuauht\u00e9moc"},"content":{"rendered":"\n<ul><li>La\nanulaci\u00f3n se da a causa de fallas en el sistema electr\u00f3nico de votaci\u00f3n y el\nbajo porcentaje de votaci\u00f3n emitida a causa de \u00e9stas.<\/li><li>Se\norden\u00f3 al IECM realizar las acciones necesarias para la celebraci\u00f3n de\nelecciones extraordinarias en dichas unidades territoriales<\/li><li>En\nSesi\u00f3n P\u00fablica de 24 de agosto, el TECDMX orden\u00f3 al IECM modificar la\nintegraci\u00f3n de la COPACO de la unidad territorial Parajes Buenavista Tetecon.<\/li><\/ul>\n\n\n\n<p>En Sesi\u00f3n P\u00fablica de resoluci\u00f3n a distancia por videoconferencia,\ncelebrada este jueves 27 de agosto, respecto de los Juicios Electorales 155 y\nsus acumulados<a href=\"#_ftn1\"><sup>[1]<\/sup><\/a>,\nas\u00ed como el 158 y acumulados<a href=\"#_ftn2\"><sup>[2]<\/sup><\/a>,\nel Tribunal Electoral de la Ciudad de M\u00e9xico determin\u00f3 anular la elecci\u00f3n de\nlas Comisiones de Participaci\u00f3n Comunitaria (COPACOS) de las Unidades\nTerritoriales San Rafael I y San Rafael II, ambas de la Demarcaci\u00f3n Territorial\nCuauht\u00e9moc, por los motivos siguientes:<\/p>\n\n\n\n<ul><li>El Sistema Electr\u00f3nico por Internet (SEI)\n     implementado por el Instituto Electoral de la Ciudad de M\u00e9xico (IECM) para\n     la emisi\u00f3n de votaci\u00f3n y opini\u00f3n presencial tuvo fallas desde el inicio de\n     la Jornada Electiva \u00danica, por ende, la ciudadan\u00eda no estuvo en\n     posibilidad de emitir su voto y opini\u00f3n.<\/li><li>La votaci\u00f3n emitida corresponde a un porcentaje\n     bajo respecto del hist\u00f3rico desarrollado en las Mesas Receptoras de dichas\n     Unidades en los tres procesos de participaci\u00f3n ciudadana anteriores\n     (2010-2011, 2013 y 2016).<\/li><\/ul>\n\n\n\n<p>En ese sentido, se concluy\u00f3 que las medidas implementadas por dicho\nInstituto fueron realizadas en contravenci\u00f3n a los principios de certeza y\nlegalidad, ya que el mismo d\u00eda de la Jornada Electiva se suspendi\u00f3 la votaci\u00f3n\ny cambi\u00f3 el mecanismo, de la modalidad presencial del Sistema Electr\u00f3nico por\nInternet, a boletas tradicionales, con la consecuente ampliaci\u00f3n del horario de\nvotaci\u00f3n. <\/p>\n\n\n\n<p>Por estos motivos, el TECDMX determin\u00f3:<\/p>\n\n\n\n<ul><li>Anular las elecciones en dichas Unidades\n     Territoriales;<\/li><li>Revocar las Constancias de Asignaci\u00f3n e\n     Integraci\u00f3n de las personas integrantes de las COPACOS, as\u00ed como la toma\n     de protesta realizada por el Instituto a las personas integrantes. <\/li><li>Ordenar\n     al IECM emitir las Convocatorias correspondientes a la Jornada Electiva\n     Extraordinaria<a>, aplicando en la medida de lo\n     posible las disposiciones de la Ley de Participaci\u00f3n y las reglas\n     establecidas en la Convocatoria para cumplir con las medidas que al efecto\n     hayan establecido las autoridades competentes, con motivo de la actual\n     contingencia sanitaria<\/a>.<\/li><li>Difundir\n     entre las personas de las citadas Unidades Territoriales la celebraci\u00f3n de\n     la Jornada Electiva Extraordinaria, as\u00ed como las fechas y t\u00e9rminos en que\n     se llevar\u00e1 a cabo. <\/li><\/ul>\n\n\n\n<p>Por otra parte, en la Sesi\u00f3n\nP\u00fablica celebrada el 24 de agosto de 2020, en la sentencia emitida en el\nexpediente TECDMX-JEL-316\/2020, el TECDMX orden\u00f3 al IECM, por conducto de las\ninstancias correspondientes, modificar la integraci\u00f3n de la Comisi\u00f3n de\nParticipaci\u00f3n Comunitaria en la Unidad Territorial Parajes Buenavista Tetecon,\ndemarcaci\u00f3n territorial Iztapalapa, ya que la autoridad responsable aplic\u00f3 de\nforma incorrecta tres acciones afirmativas beneficiando con ello a igual n\u00famero\nde personas j\u00f3venes (entre 18 y 29 a\u00f1os cumplidos al d\u00eda de la elecci\u00f3n),\ncoloc\u00e1ndolas en los lugares quinto, s\u00e9ptimo y noveno. <\/p>\n\n\n\n<p>Dado que los Criterios para la\nIntegraci\u00f3n de las COPACO emitidos por el IECM establecen que la referida\ninclusi\u00f3n por acciones afirmativas \u00fanicamente comprender\u00eda del sexto al noveno lugar. <\/p>\n\n\n\n<p>En el caso de la persona que qued\u00f3\nintegrada en noveno lugar, una irregularidad adicional fue que si bien es\njoven, no se encuentra en el supuesto de las personas m\u00e1s votadas en dicha\nJornada Electiva. <\/p>\n\n\n\n<p>De lo anterior se concluy\u00f3 que la\nautoridad responsable s\u00f3lo debe aplicar la acci\u00f3n afirmativa en beneficio de la\npersona joven con mayor votaci\u00f3n. Asimismo, que debe asignar en quinto y\ns\u00e9ptimo lugar a quienes conforme a los resultados de la votaci\u00f3n obtuvieron\ndichos espacios.<\/p>\n\n\n\n<p>o-O-o\n\n*Los\ncriterios para las resoluciones de este Pleno son coincident\n\n<br><\/p>\n\n\n\n<p><a href=\"#_ftnref2\">[<\/a><\/p>\n","protected":false},"excerpt":{"rendered":"<p>La anulaci\u00f3n se da a causa de fallas en el sistema electr\u00f3nico de votaci\u00f3n y el bajo porcentaje de votaci\u00f3n emitida a causa de \u00e9stas. Se orden\u00f3 al IECM realizar [&hellip;]<\/p>\n","protected":false},"author":13,"featured_media":21168,"comment_status":"open","ping_status":"open","sticky":false,"template":"","format":"standard","meta":{"_acf_changed":false,"_exactmetrics_skip_tracking":false,"_exactmetrics_sitenote_active":false,"_exactmetrics_sitenote_note":"","_exactmetrics_sitenote_category":0,"footnotes":""},"categories":[32,47],"tags":[],"acf":[],"yoast_head":"<!-- This site is optimized with the Yoast SEO plugin v22.3 - https:\/\/yoast.com\/wordpress\/plugins\/seo\/ -->\n<title>Determina TECDMX anular elecciones en las unidades territoriales San Rafael I y II en la demarcaci\u00f3n territorial Cuauht\u00e9moc - Tribunal Electoral de la Ciudad de M\u00e9xico<\/title>\n<meta name=\"robots\" content=\"index, follow, max-snippet:-1, max-image-preview:large, max-video-preview:-1\" \/>\n<link rel=\"canonical\" href=\"https:\/\/www.tecdmx.org.mx\/index.php\/comunicados\/2020\/08\/27\/determina-tecdmx-anular-elecciones-en-las-unidades-territoriales-san-rafael-i-y-ii-en-la-demarcacion-territorial-cuauhtemoc\/\" \/>\n<meta property=\"og:locale\" content=\"es_ES\" \/>\n<meta property=\"og:type\" content=\"article\" \/>\n<meta property=\"og:title\" content=\"Determina TECDMX anular elecciones en las unidades territoriales San Rafael I y II en la demarcaci\u00f3n territorial Cuauht\u00e9moc - Tribunal Electoral de la Ciudad de M\u00e9xico\" \/>\n<meta property=\"og:description\" content=\"La anulaci\u00f3n se da a causa de fallas en el sistema electr\u00f3nico de votaci\u00f3n y el bajo porcentaje de votaci\u00f3n emitida a causa de \u00e9stas. Se orden\u00f3 al IECM realizar [&hellip;]\" \/>\n<meta property=\"og:url\" content=\"https:\/\/www.tecdmx.org.mx\/index.php\/comunicados\/2020\/08\/27\/determina-tecdmx-anular-elecciones-en-las-unidades-territoriales-san-rafael-i-y-ii-en-la-demarcacion-territorial-cuauhtemoc\/\" \/>\n<meta property=\"og:site_name\" content=\"Tribunal Electoral de la Ciudad de M\u00e9xico\" \/>\n<meta property=\"article:publisher\" content=\"https:\/\/www.facebook.com\/TECDMX\/\" \/>\n<meta property=\"article:published_time\" content=\"2020-08-27T23:56:07+00:00\" \/>\n<meta property=\"article:modified_time\" content=\"2020-08-27T23:56:09+00:00\" \/>\n<meta property=\"og:image\" content=\"https:\/\/www.tecdmx.org.mx\/wp-content\/uploads\/2020\/08\/comunicado_nuevo.jpg\" \/>\n\t<meta property=\"og:image:width\" content=\"600\" \/>\n\t<meta property=\"og:image:height\" content=\"366\" \/>\n\t<meta property=\"og:image:type\" content=\"image\/jpeg\" \/>\n<meta name=\"author\" content=\"Difusion2025\" \/>\n<meta name=\"twitter:card\" content=\"summary_large_image\" \/>\n<meta name=\"twitter:creator\" content=\"@tecdmx\" \/>\n<meta name=\"twitter:site\" content=\"@tecdmx\" \/>\n<meta name=\"twitter:label1\" content=\"Escrito por\" \/>\n\t<meta name=\"twitter:data1\" content=\"Difusion2025\" \/>\n\t<meta name=\"twitter:label2\" content=\"Tiempo de lectura\" \/>\n\t<meta name=\"twitter:data2\" content=\"3 minutos\" \/>\n<script type=\"application\/ld+json\" class=\"yoast-schema-graph\">{\"@context\":\"https:\/\/schema.org\",\"@graph\":[{\"@type\":\"WebPage\",\"@id\":\"https:\/\/www.tecdmx.org.mx\/index.php\/comunicados\/2020\/08\/27\/determina-tecdmx-anular-elecciones-en-las-unidades-territoriales-san-rafael-i-y-ii-en-la-demarcacion-territorial-cuauhtemoc\/\",\"url\":\"https:\/\/www.tecdmx.org.mx\/index.php\/comunicados\/2020\/08\/27\/determina-tecdmx-anular-elecciones-en-las-unidades-territoriales-san-rafael-i-y-ii-en-la-demarcacion-territorial-cuauhtemoc\/\",\"name\":\"Determina TECDMX anular elecciones en las unidades territoriales San Rafael I y II en la demarcaci\u00f3n territorial Cuauht\u00e9moc - Tribunal Electoral de la Ciudad de M\u00e9xico\",\"isPartOf\":{\"@id\":\"https:\/\/www.tecdmx.org.mx\/#website\"},\"primaryImageOfPage\":{\"@id\":\"https:\/\/www.tecdmx.org.mx\/index.php\/comunicados\/2020\/08\/27\/determina-tecdmx-anular-elecciones-en-las-unidades-territoriales-san-rafael-i-y-ii-en-la-demarcacion-territorial-cuauhtemoc\/#primaryimage\"},\"image\":{\"@id\":\"https:\/\/www.tecdmx.org.mx\/index.php\/comunicados\/2020\/08\/27\/determina-tecdmx-anular-elecciones-en-las-unidades-territoriales-san-rafael-i-y-ii-en-la-demarcacion-territorial-cuauhtemoc\/#primaryimage\"},\"thumbnailUrl\":\"https:\/\/www.tecdmx.org.mx\/wp-content\/uploads\/2020\/08\/comunicado_nuevo.jpg\",\"datePublished\":\"2020-08-27T23:56:07+00:00\",\"dateModified\":\"2020-08-27T23:56:09+00:00\",\"author\":{\"@id\":\"https:\/\/www.tecdmx.org.mx\/#\/schema\/person\/208c898199fb3234203823c5f0cf31d6\"},\"breadcrumb\":{\"@id\":\"https:\/\/www.tecdmx.org.mx\/index.php\/comunicados\/2020\/08\/27\/determina-tecdmx-anular-elecciones-en-las-unidades-territoriales-san-rafael-i-y-ii-en-la-demarcacion-territorial-cuauhtemoc\/#breadcrumb\"},\"inLanguage\":\"es\",\"potentialAction\":[{\"@type\":\"ReadAction\",\"target\":[\"https:\/\/www.tecdmx.org.mx\/index.php\/comunicados\/2020\/08\/27\/determina-tecdmx-anular-elecciones-en-las-unidades-territoriales-san-rafael-i-y-ii-en-la-demarcacion-territorial-cuauhtemoc\/\"]}]},{\"@type\":\"ImageObject\",\"inLanguage\":\"es\",\"@id\":\"https:\/\/www.tecdmx.org.mx\/index.php\/comunicados\/2020\/08\/27\/determina-tecdmx-anular-elecciones-en-las-unidades-territoriales-san-rafael-i-y-ii-en-la-demarcacion-territorial-cuauhtemoc\/#primaryimage\",\"url\":\"https:\/\/www.tecdmx.org.mx\/wp-content\/uploads\/2020\/08\/comunicado_nuevo.jpg\",\"contentUrl\":\"https:\/\/www.tecdmx.org.mx\/wp-content\/uploads\/2020\/08\/comunicado_nuevo.jpg\",\"width\":600,\"height\":366},{\"@type\":\"BreadcrumbList\",\"@id\":\"https:\/\/www.tecdmx.org.mx\/index.php\/comunicados\/2020\/08\/27\/determina-tecdmx-anular-elecciones-en-las-unidades-territoriales-san-rafael-i-y-ii-en-la-demarcacion-territorial-cuauhtemoc\/#breadcrumb\",\"itemListElement\":[{\"@type\":\"ListItem\",\"position\":1,\"name\":\"Portada\",\"item\":\"https:\/\/www.tecdmx.org.mx\/\"},{\"@type\":\"ListItem\",\"position\":2,\"name\":\"Determina TECDMX anular elecciones en las unidades territoriales San Rafael I y II en la demarcaci\u00f3n territorial Cuauht\u00e9moc\"}]},{\"@type\":\"WebSite\",\"@id\":\"https:\/\/www.tecdmx.org.mx\/#website\",\"url\":\"https:\/\/www.tecdmx.org.mx\/\",\"name\":\"Tribunal Electoral de la Ciudad de M\u00e9xico\",\"description\":\"25 a\u00f1os garantizando justicia en tu elecci\u00f3n\",\"potentialAction\":[{\"@type\":\"SearchAction\",\"target\":{\"@type\":\"EntryPoint\",\"urlTemplate\":\"https:\/\/www.tecdmx.org.mx\/?s={search_term_string}\"},\"query-input\":\"required name=search_term_string\"}],\"inLanguage\":\"es\"},{\"@type\":\"Person\",\"@id\":\"https:\/\/www.tecdmx.org.mx\/#\/schema\/person\/208c898199fb3234203823c5f0cf31d6\",\"name\":\"Difusion2025\",\"image\":{\"@type\":\"ImageObject\",\"inLanguage\":\"es\",\"@id\":\"https:\/\/www.tecdmx.org.mx\/#\/schema\/person\/image\/\",\"url\":\"https:\/\/secure.gravatar.com\/avatar\/6f7a4ba3acb418040e90a2eb99b5df28?s=96&d=mm&r=g\",\"contentUrl\":\"https:\/\/secure.gravatar.com\/avatar\/6f7a4ba3acb418040e90a2eb99b5df28?s=96&d=mm&r=g\",\"caption\":\"Difusion2025\"}}]}<\/script>\n<!-- \/ Yoast SEO plugin. -->","yoast_head_json":{"title":"Determina TECDMX anular elecciones en las unidades territoriales San Rafael I y II en la demarcaci\u00f3n territorial Cuauht\u00e9moc - Tribunal Electoral de la Ciudad de M\u00e9xico","robots":{"index":"index","follow":"follow","max-snippet":"max-snippet:-1","max-image-preview":"max-image-preview:large","max-video-preview":"max-video-preview:-1"},"canonical":"https:\/\/www.tecdmx.org.mx\/index.php\/comunicados\/2020\/08\/27\/determina-tecdmx-anular-elecciones-en-las-unidades-territoriales-san-rafael-i-y-ii-en-la-demarcacion-territorial-cuauhtemoc\/","og_locale":"es_ES","og_type":"article","og_title":"Determina TECDMX anular elecciones en las unidades territoriales San Rafael I y II en la demarcaci\u00f3n territorial Cuauht\u00e9moc - Tribunal Electoral de la Ciudad de M\u00e9xico","og_description":"La anulaci\u00f3n se da a causa de fallas en el sistema electr\u00f3nico de votaci\u00f3n y el bajo porcentaje de votaci\u00f3n emitida a causa de \u00e9stas. Se orden\u00f3 al IECM realizar [&hellip;]","og_url":"https:\/\/www.tecdmx.org.mx\/index.php\/comunicados\/2020\/08\/27\/determina-tecdmx-anular-elecciones-en-las-unidades-territoriales-san-rafael-i-y-ii-en-la-demarcacion-territorial-cuauhtemoc\/","og_site_name":"Tribunal Electoral de la Ciudad de M\u00e9xico","article_publisher":"https:\/\/www.facebook.com\/TECDMX\/","article_published_time":"2020-08-27T23:56:07+00:00","article_modified_time":"2020-08-27T23:56:09+00:00","og_image":[{"width":600,"height":366,"url":"https:\/\/www.tecdmx.org.mx\/wp-content\/uploads\/2020\/08\/comunicado_nuevo.jpg","type":"image\/jpeg"}],"author":"Difusion2025","twitter_card":"summary_large_image","twitter_creator":"@tecdmx","twitter_site":"@tecdmx","twitter_misc":{"Escrito por":"Difusion2025","Tiempo de lectura":"3 minutos"},"schema":{"@context":"https:\/\/schema.org","@graph":[{"@type":"WebPage","@id":"https:\/\/www.tecdmx.org.mx\/index.php\/comunicados\/2020\/08\/27\/determina-tecdmx-anular-elecciones-en-las-unidades-territoriales-san-rafael-i-y-ii-en-la-demarcacion-territorial-cuauhtemoc\/","url":"https:\/\/www.tecdmx.org.mx\/index.php\/comunicados\/2020\/08\/27\/determina-tecdmx-anular-elecciones-en-las-unidades-territoriales-san-rafael-i-y-ii-en-la-demarcacion-territorial-cuauhtemoc\/","name":"Determina TECDMX anular elecciones en las unidades territoriales San Rafael I y II en la demarcaci\u00f3n territorial Cuauht\u00e9moc - Tribunal Electoral de la Ciudad de M\u00e9xico","isPartOf":{"@id":"https:\/\/www.tecdmx.org.mx\/#website"},"primaryImageOfPage":{"@id":"https:\/\/www.tecdmx.org.mx\/index.php\/comunicados\/2020\/08\/27\/determina-tecdmx-anular-elecciones-en-las-unidades-territoriales-san-rafael-i-y-ii-en-la-demarcacion-territorial-cuauhtemoc\/#primaryimage"},"image":{"@id":"https:\/\/www.tecdmx.org.mx\/index.php\/comunicados\/2020\/08\/27\/determina-tecdmx-anular-elecciones-en-las-unidades-territoriales-san-rafael-i-y-ii-en-la-demarcacion-territorial-cuauhtemoc\/#primaryimage"},"thumbnailUrl":"https:\/\/www.tecdmx.org.mx\/wp-content\/uploads\/2020\/08\/comunicado_nuevo.jpg","datePublished":"2020-08-27T23:56:07+00:00","dateModified":"2020-08-27T23:56:09+00:00","author":{"@id":"https:\/\/www.tecdmx.org.mx\/#\/schema\/person\/208c898199fb3234203823c5f0cf31d6"},"breadcrumb":{"@id":"https:\/\/www.tecdmx.org.mx\/index.php\/comunicados\/2020\/08\/27\/determina-tecdmx-anular-elecciones-en-las-unidades-territoriales-san-rafael-i-y-ii-en-la-demarcacion-territorial-cuauhtemoc\/#breadcrumb"},"inLanguage":"es","potentialAction":[{"@type":"ReadAction","target":["https:\/\/www.tecdmx.org.mx\/index.php\/comunicados\/2020\/08\/27\/determina-tecdmx-anular-elecciones-en-las-unidades-territoriales-san-rafael-i-y-ii-en-la-demarcacion-territorial-cuauhtemoc\/"]}]},{"@type":"ImageObject","inLanguage":"es","@id":"https:\/\/www.tecdmx.org.mx\/index.php\/comunicados\/2020\/08\/27\/determina-tecdmx-anular-elecciones-en-las-unidades-territoriales-san-rafael-i-y-ii-en-la-demarcacion-territorial-cuauhtemoc\/#primaryimage","url":"https:\/\/www.tecdmx.org.mx\/wp-content\/uploads\/2020\/08\/comunicado_nuevo.jpg","contentUrl":"https:\/\/www.tecdmx.org.mx\/wp-content\/uploads\/2020\/08\/comunicado_nuevo.jpg","width":600,"height":366},{"@type":"BreadcrumbList","@id":"https:\/\/www.tecdmx.org.mx\/index.php\/comunicados\/2020\/08\/27\/determina-tecdmx-anular-elecciones-en-las-unidades-territoriales-san-rafael-i-y-ii-en-la-demarcacion-territorial-cuauhtemoc\/#breadcrumb","itemListElement":[{"@type":"ListItem","position":1,"name":"Portada","item":"https:\/\/www.tecdmx.org.mx\/"},{"@type":"ListItem","position":2,"name":"Determina TECDMX anular elecciones en las unidades territoriales San Rafael I y II en la demarcaci\u00f3n territorial Cuauht\u00e9moc"}]},{"@type":"WebSite","@id":"https:\/\/www.tecdmx.org.mx\/#website","url":"https:\/\/www.tecdmx.org.mx\/","name":"Tribunal Electoral de la Ciudad de M\u00e9xico","description":"25 a\u00f1os garantizando justicia en tu elecci\u00f3n","potentialAction":[{"@type":"SearchAction","target":{"@type":"EntryPoint","urlTemplate":"https:\/\/www.tecdmx.org.mx\/?s={search_term_string}"},"query-input":"required name=search_term_string"}],"inLanguage":"es"},{"@type":"Person","@id":"https:\/\/www.tecdmx.org.mx\/#\/schema\/person\/208c898199fb3234203823c5f0cf31d6","name":"Difusion2025","image":{"@type":"ImageObject","inLanguage":"es","@id":"https:\/\/www.tecdmx.org.mx\/#\/schema\/person\/image\/","url":"https:\/\/secure.gravatar.com\/avatar\/6f7a4ba3acb418040e90a2eb99b5df28?s=96&d=mm&r=g","contentUrl":"https:\/\/secure.gravatar.com\/avatar\/6f7a4ba3acb418040e90a2eb99b5df28?s=96&d=mm&r=g","caption":"Difusion2025"}}]}},"_links":{"self":[{"href":"https:\/\/www.tecdmx.org.mx\/index.php\/wp-json\/wp\/v2\/posts\/21365"}],"collection":[{"href":"https:\/\/www.tecdmx.org.mx\/index.php\/wp-json\/wp\/v2\/posts"}],"about":[{"href":"https:\/\/www.tecdmx.org.mx\/index.php\/wp-json\/wp\/v2\/types\/post"}],"author":[{"embeddable":true,"href":"https:\/\/www.tecdmx.org.mx\/index.php\/wp-json\/wp\/v2\/users\/13"}],"replies":[{"embeddable":true,"href":"https:\/\/www.tecdmx.org.mx\/index.php\/wp-json\/wp\/v2\/comments?post=21365"}],"version-history":[{"count":2,"href":"https:\/\/www.tecdmx.org.mx\/index.php\/wp-json\/wp\/v2\/posts\/21365\/revisions"}],"predecessor-version":[{"id":21368,"href":"https:\/\/www.tecdmx.org.mx\/index.php\/wp-json\/wp\/v2\/posts\/21365\/revisions\/21368"}],"wp:featuredmedia":[{"embeddable":true,"href":"https:\/\/www.tecdmx.org.mx\/index.php\/wp-json\/wp\/v2\/media\/21168"}],"wp:attachment":[{"href":"https:\/\/www.tecdmx.org.mx\/index.php\/wp-json\/wp\/v2\/media?parent=21365"}],"wp:term":[{"taxonomy":"category","embeddable":true,"href":"https:\/\/www.tecdmx.org.mx\/index.php\/wp-json\/wp\/v2\/categories?post=21365"},{"taxonomy":"post_tag","embeddable":true,"href":"https:\/\/www.tecdmx.org.mx\/index.php\/wp-json\/wp\/v2\/tags?post=21365"}],"curies":[{"name":"wp","href":"https:\/\/api.w.org\/{rel}","templated":true}]}}