{"id":21423,"date":"2020-09-01T17:33:42","date_gmt":"2020-09-01T22:33:42","guid":{"rendered":"https:\/\/www.tecdmx.org.mx\/?p=21423"},"modified":"2020-09-01T17:35:24","modified_gmt":"2020-09-01T22:35:24","slug":"tecdmx-e-injuve-impulsan-formacion-civica-y-democratica-de-personas-jovenes-en-la-cdmx","status":"publish","type":"post","link":"https:\/\/www.tecdmx.org.mx\/index.php\/comunicados\/2020\/09\/01\/tecdmx-e-injuve-impulsan-formacion-civica-y-democratica-de-personas-jovenes-en-la-cdmx\/","title":{"rendered":"TECDMX e INJUVE impulsan formaci\u00f3n c\u00edvica y democr\u00e1tica de personas j\u00f3venes en la CDMX"},"content":{"rendered":"\n<p class=\"has-text-align-right\">Ciudad de M\u00e9xico, a 1\u00ba de septiembre de 2020<\/p>\n\n\n\n<p class=\"has-text-align-right\"><strong>Bolet\u00edn N\u00ba 56<\/strong><\/p>\n\n\n\n<ul><li>Se inauguraron los trabajos de la 6\u00aa Brigada del Programa\n\u201cAgitando Ideas, j\u00f3venes formando ciudadan\u00eda\u201d<\/li><li>El programa est\u00e1 pensado desde la \u00f3ptica de fomentar y generar\nespacios de participaci\u00f3n para que las personas j\u00f3venes puedan adquirir\nconocimientos y ponerlos al servicio de la sociedad<\/li><li>Beatriz Olivares, titular del INJUVE, afirm\u00f3 que los j\u00f3venes ahora\nunir\u00e1n al barrio con el TECDMX.<\/li><\/ul>\n\n\n\n<p>El Tribunal\nElectoral de la Ciudad de M\u00e9xico (TECDMX y el Instituto de la Juventud de la\nCiudad de M\u00e9xico (INJUVE), celebraron la ceremonia de inauguraci\u00f3n de la 6\u00aa\nBrigada del Programa \u201cAgitando Ideas, j\u00f3venes formando ciudadan\u00eda\u201d, con el\nobjetivo de fomentar la participaci\u00f3n de las personas j\u00f3venes en la vida\ndemocr\u00e1tica, la no discriminaci\u00f3n, diversidad, inclusi\u00f3n y derechos humanos,\nentre otros.<\/p>\n\n\n\n<p>En su mensaje\ninaugural, el Magistrado Presidente del TECDMX, Gustavo Anzaldo Hern\u00e1ndez, agradeci\u00f3\nel acompa\u00f1amiento y la confianza a la instituci\u00f3n para dar continuidad a este\nprograma, el cual inici\u00f3 en 2015 y que, a causa de la pandemia por Covid-19, se\nrealizar\u00e1 en la modalidad a distancia.<\/p>\n\n\n\n<p>Asimismo, el\nMagistrado Presidente dese\u00f3 \u00e9xito a las personas participantes y asegur\u00f3 que\nlas pr\u00e1cticas que realizar\u00e1n ser\u00e1n ben\u00e9ficas para su formaci\u00f3n, haciendo votos\ntambi\u00e9n para que, con el correr del tiempo, la pandemia ceda y se pueda tener\nun contacto presencial entre las instituciones y las personas j\u00f3venes.<\/p>\n\n\n\n<p>Durante los\ncinco a\u00f1os de Agitando Ideas se han llevado a cabo 376 horas de\ncapacitaci\u00f3n en las 115 sesiones impartidas por 56 personas servidoras p\u00fablicas\nadscritas a 12 instituciones p\u00fablicas invitadas a compartir sus conocimientos,\nincluyendo a las Magistraturas y personal del TECDMX y del INJUVE, tras las\ncuales, las personas brigadistas han replicado la capacitaci\u00f3n a 11,670 j\u00f3venes\nen la Ciudad de M\u00e9xico.<\/p>\n\n\n\n<p>La titular\ndel INJUVE, Beatriz Adriana Olivares Pinal, agradeci\u00f3 el apoyo y la\ncoordinaci\u00f3n de las Magistraturas para trabajar con las personas j\u00f3venes,\nacerc\u00e1ndoles informaci\u00f3n y las herramientas que les permitan entender los\nprocesos que forman parte de la vida pol\u00edtica y democr\u00e1tica de la capital del\npa\u00eds, destacando la cercan\u00eda y apertura del \u00d3rgano Jurisdiccional con la\nciudadan\u00eda.<\/p>\n\n\n\n<p>\u201cDesde los\nj\u00f3venes encontrar\u00e1n no solamente la empat\u00eda, sino la solidaridad, para seguir\nhaciendo de este un pa\u00eds democr\u00e1tico, una ciudadan\u00eda responsable; estamos\nconvencidos que los conocimientos que adquirir\u00e1n ser\u00e1n replicados a m\u00e1s\npersonas, pues en este momento las y los j\u00f3venes unir\u00e1n al barrio con el\nTribunal Electoral de la Ciudad de M\u00e9xico, afirm\u00f3.<\/p>\n\n\n\n<p>Por su parte,\nla Magistrada del TECDMX, Martha Mercado Ram\u00edrez, afirm\u00f3 que con este programa\nse busca acercar a las personas j\u00f3venes a los temas relacionados con el \u00e1mbito\nelectoral y formando a la par ciudadan\u00eda y fomentando una s\u00f3lida cultura\ndemocr\u00e1tica.<\/p>\n\n\n\n<p>\u201cSomos\nconscientes del futuro de los j\u00f3venes, somos conscientes que el espacio que\nocupamos debe repercutir en buenas medidas y decisiones, y qu\u00e9 mejor que apoyar\na j\u00f3venes, pues nos permite formarlos y acompa\u00f1arlos en una transici\u00f3n de\nvida\u201d, afirm\u00f3 la Magistrada Mercado Ram\u00edrez.<\/p>\n\n\n\n<p>Finalmente,\nla inauguraci\u00f3n cont\u00f3 con la presencia de la Magistrada M. Alejandra Ch\u00e1vez\nCamarena, los Magistrados Armando Ambriz Hern\u00e1ndez y Juan Carlos S\u00e1nchez Le\u00f3n,\nas\u00ed como las juventudes de esta iniciativa quienes a su vez forman parte del\nprograma Los J\u00f3venes Unen al Barrio, del INJUVE.<\/p>\n\n\n\n<p class=\"has-text-align-center\"><strong>o-O-o<\/strong><\/p>\n","protected":false},"excerpt":{"rendered":"<p>Ciudad de M\u00e9xico, a 1\u00ba de septiembre de 2020 Bolet\u00edn N\u00ba 56 Se inauguraron los trabajos de la 6\u00aa Brigada del Programa \u201cAgitando Ideas, j\u00f3venes formando ciudadan\u00eda\u201d El programa est\u00e1 [&hellip;]<\/p>\n","protected":false},"author":13,"featured_media":21168,"comment_status":"open","ping_status":"open","sticky":false,"template":"","format":"standard","meta":{"_acf_changed":false,"_exactmetrics_skip_tracking":false,"_exactmetrics_sitenote_active":false,"_exactmetrics_sitenote_note":"","_exactmetrics_sitenote_category":0,"footnotes":""},"categories":[32,47],"tags":[],"acf":[],"yoast_head":"<!-- This site is optimized with the Yoast SEO plugin v22.3 - https:\/\/yoast.com\/wordpress\/plugins\/seo\/ -->\n<title>TECDMX e INJUVE impulsan formaci\u00f3n c\u00edvica y democr\u00e1tica de personas j\u00f3venes en la CDMX - Tribunal Electoral de la Ciudad de M\u00e9xico<\/title>\n<meta name=\"robots\" content=\"index, follow, max-snippet:-1, max-image-preview:large, max-video-preview:-1\" \/>\n<link rel=\"canonical\" href=\"https:\/\/www.tecdmx.org.mx\/index.php\/comunicados\/2020\/09\/01\/tecdmx-e-injuve-impulsan-formacion-civica-y-democratica-de-personas-jovenes-en-la-cdmx\/\" \/>\n<meta property=\"og:locale\" content=\"es_ES\" \/>\n<meta property=\"og:type\" content=\"article\" \/>\n<meta property=\"og:title\" content=\"TECDMX e INJUVE impulsan formaci\u00f3n c\u00edvica y democr\u00e1tica de personas j\u00f3venes en la CDMX - Tribunal Electoral de la Ciudad de M\u00e9xico\" \/>\n<meta property=\"og:description\" content=\"Ciudad de M\u00e9xico, a 1\u00ba de septiembre de 2020 Bolet\u00edn N\u00ba 56 Se inauguraron los trabajos de la 6\u00aa Brigada del Programa \u201cAgitando Ideas, j\u00f3venes formando ciudadan\u00eda\u201d El programa est\u00e1 [&hellip;]\" \/>\n<meta property=\"og:url\" content=\"https:\/\/www.tecdmx.org.mx\/index.php\/comunicados\/2020\/09\/01\/tecdmx-e-injuve-impulsan-formacion-civica-y-democratica-de-personas-jovenes-en-la-cdmx\/\" \/>\n<meta property=\"og:site_name\" content=\"Tribunal Electoral de la Ciudad de M\u00e9xico\" \/>\n<meta property=\"article:publisher\" content=\"https:\/\/www.facebook.com\/TECDMX\/\" \/>\n<meta property=\"article:published_time\" content=\"2020-09-01T22:33:42+00:00\" \/>\n<meta property=\"article:modified_time\" content=\"2020-09-01T22:35:24+00:00\" \/>\n<meta property=\"og:image\" content=\"https:\/\/www.tecdmx.org.mx\/wp-content\/uploads\/2020\/08\/comunicado_nuevo.jpg\" \/>\n\t<meta property=\"og:image:width\" content=\"600\" \/>\n\t<meta property=\"og:image:height\" content=\"366\" \/>\n\t<meta property=\"og:image:type\" content=\"image\/jpeg\" \/>\n<meta name=\"author\" content=\"Difusion2025\" \/>\n<meta name=\"twitter:card\" content=\"summary_large_image\" \/>\n<meta name=\"twitter:creator\" content=\"@tecdmx\" \/>\n<meta name=\"twitter:site\" content=\"@tecdmx\" \/>\n<meta name=\"twitter:label1\" content=\"Escrito por\" \/>\n\t<meta name=\"twitter:data1\" content=\"Difusion2025\" \/>\n\t<meta name=\"twitter:label2\" content=\"Tiempo de lectura\" \/>\n\t<meta name=\"twitter:data2\" content=\"3 minutos\" \/>\n<script type=\"application\/ld+json\" class=\"yoast-schema-graph\">{\"@context\":\"https:\/\/schema.org\",\"@graph\":[{\"@type\":\"WebPage\",\"@id\":\"https:\/\/www.tecdmx.org.mx\/index.php\/comunicados\/2020\/09\/01\/tecdmx-e-injuve-impulsan-formacion-civica-y-democratica-de-personas-jovenes-en-la-cdmx\/\",\"url\":\"https:\/\/www.tecdmx.org.mx\/index.php\/comunicados\/2020\/09\/01\/tecdmx-e-injuve-impulsan-formacion-civica-y-democratica-de-personas-jovenes-en-la-cdmx\/\",\"name\":\"TECDMX e INJUVE impulsan formaci\u00f3n c\u00edvica y democr\u00e1tica de personas j\u00f3venes en la CDMX - Tribunal Electoral de la Ciudad de M\u00e9xico\",\"isPartOf\":{\"@id\":\"https:\/\/www.tecdmx.org.mx\/#website\"},\"primaryImageOfPage\":{\"@id\":\"https:\/\/www.tecdmx.org.mx\/index.php\/comunicados\/2020\/09\/01\/tecdmx-e-injuve-impulsan-formacion-civica-y-democratica-de-personas-jovenes-en-la-cdmx\/#primaryimage\"},\"image\":{\"@id\":\"https:\/\/www.tecdmx.org.mx\/index.php\/comunicados\/2020\/09\/01\/tecdmx-e-injuve-impulsan-formacion-civica-y-democratica-de-personas-jovenes-en-la-cdmx\/#primaryimage\"},\"thumbnailUrl\":\"https:\/\/www.tecdmx.org.mx\/wp-content\/uploads\/2020\/08\/comunicado_nuevo.jpg\",\"datePublished\":\"2020-09-01T22:33:42+00:00\",\"dateModified\":\"2020-09-01T22:35:24+00:00\",\"author\":{\"@id\":\"https:\/\/www.tecdmx.org.mx\/#\/schema\/person\/208c898199fb3234203823c5f0cf31d6\"},\"breadcrumb\":{\"@id\":\"https:\/\/www.tecdmx.org.mx\/index.php\/comunicados\/2020\/09\/01\/tecdmx-e-injuve-impulsan-formacion-civica-y-democratica-de-personas-jovenes-en-la-cdmx\/#breadcrumb\"},\"inLanguage\":\"es\",\"potentialAction\":[{\"@type\":\"ReadAction\",\"target\":[\"https:\/\/www.tecdmx.org.mx\/index.php\/comunicados\/2020\/09\/01\/tecdmx-e-injuve-impulsan-formacion-civica-y-democratica-de-personas-jovenes-en-la-cdmx\/\"]}]},{\"@type\":\"ImageObject\",\"inLanguage\":\"es\",\"@id\":\"https:\/\/www.tecdmx.org.mx\/index.php\/comunicados\/2020\/09\/01\/tecdmx-e-injuve-impulsan-formacion-civica-y-democratica-de-personas-jovenes-en-la-cdmx\/#primaryimage\",\"url\":\"https:\/\/www.tecdmx.org.mx\/wp-content\/uploads\/2020\/08\/comunicado_nuevo.jpg\",\"contentUrl\":\"https:\/\/www.tecdmx.org.mx\/wp-content\/uploads\/2020\/08\/comunicado_nuevo.jpg\",\"width\":600,\"height\":366},{\"@type\":\"BreadcrumbList\",\"@id\":\"https:\/\/www.tecdmx.org.mx\/index.php\/comunicados\/2020\/09\/01\/tecdmx-e-injuve-impulsan-formacion-civica-y-democratica-de-personas-jovenes-en-la-cdmx\/#breadcrumb\",\"itemListElement\":[{\"@type\":\"ListItem\",\"position\":1,\"name\":\"Portada\",\"item\":\"https:\/\/www.tecdmx.org.mx\/\"},{\"@type\":\"ListItem\",\"position\":2,\"name\":\"TECDMX e INJUVE impulsan formaci\u00f3n c\u00edvica y democr\u00e1tica de personas j\u00f3venes en la CDMX\"}]},{\"@type\":\"WebSite\",\"@id\":\"https:\/\/www.tecdmx.org.mx\/#website\",\"url\":\"https:\/\/www.tecdmx.org.mx\/\",\"name\":\"Tribunal Electoral de la Ciudad de M\u00e9xico\",\"description\":\"25 a\u00f1os garantizando justicia en tu elecci\u00f3n\",\"potentialAction\":[{\"@type\":\"SearchAction\",\"target\":{\"@type\":\"EntryPoint\",\"urlTemplate\":\"https:\/\/www.tecdmx.org.mx\/?s={search_term_string}\"},\"query-input\":\"required name=search_term_string\"}],\"inLanguage\":\"es\"},{\"@type\":\"Person\",\"@id\":\"https:\/\/www.tecdmx.org.mx\/#\/schema\/person\/208c898199fb3234203823c5f0cf31d6\",\"name\":\"Difusion2025\",\"image\":{\"@type\":\"ImageObject\",\"inLanguage\":\"es\",\"@id\":\"https:\/\/www.tecdmx.org.mx\/#\/schema\/person\/image\/\",\"url\":\"https:\/\/secure.gravatar.com\/avatar\/6f7a4ba3acb418040e90a2eb99b5df28?s=96&d=mm&r=g\",\"contentUrl\":\"https:\/\/secure.gravatar.com\/avatar\/6f7a4ba3acb418040e90a2eb99b5df28?s=96&d=mm&r=g\",\"caption\":\"Difusion2025\"}}]}<\/script>\n<!-- \/ Yoast SEO plugin. -->","yoast_head_json":{"title":"TECDMX e INJUVE impulsan formaci\u00f3n c\u00edvica y democr\u00e1tica de personas j\u00f3venes en la CDMX - Tribunal Electoral de la Ciudad de M\u00e9xico","robots":{"index":"index","follow":"follow","max-snippet":"max-snippet:-1","max-image-preview":"max-image-preview:large","max-video-preview":"max-video-preview:-1"},"canonical":"https:\/\/www.tecdmx.org.mx\/index.php\/comunicados\/2020\/09\/01\/tecdmx-e-injuve-impulsan-formacion-civica-y-democratica-de-personas-jovenes-en-la-cdmx\/","og_locale":"es_ES","og_type":"article","og_title":"TECDMX e INJUVE impulsan formaci\u00f3n c\u00edvica y democr\u00e1tica de personas j\u00f3venes en la CDMX - Tribunal Electoral de la Ciudad de M\u00e9xico","og_description":"Ciudad de M\u00e9xico, a 1\u00ba de septiembre de 2020 Bolet\u00edn N\u00ba 56 Se inauguraron los trabajos de la 6\u00aa Brigada del Programa \u201cAgitando Ideas, j\u00f3venes formando ciudadan\u00eda\u201d El programa est\u00e1 [&hellip;]","og_url":"https:\/\/www.tecdmx.org.mx\/index.php\/comunicados\/2020\/09\/01\/tecdmx-e-injuve-impulsan-formacion-civica-y-democratica-de-personas-jovenes-en-la-cdmx\/","og_site_name":"Tribunal Electoral de la Ciudad de M\u00e9xico","article_publisher":"https:\/\/www.facebook.com\/TECDMX\/","article_published_time":"2020-09-01T22:33:42+00:00","article_modified_time":"2020-09-01T22:35:24+00:00","og_image":[{"width":600,"height":366,"url":"https:\/\/www.tecdmx.org.mx\/wp-content\/uploads\/2020\/08\/comunicado_nuevo.jpg","type":"image\/jpeg"}],"author":"Difusion2025","twitter_card":"summary_large_image","twitter_creator":"@tecdmx","twitter_site":"@tecdmx","twitter_misc":{"Escrito por":"Difusion2025","Tiempo de lectura":"3 minutos"},"schema":{"@context":"https:\/\/schema.org","@graph":[{"@type":"WebPage","@id":"https:\/\/www.tecdmx.org.mx\/index.php\/comunicados\/2020\/09\/01\/tecdmx-e-injuve-impulsan-formacion-civica-y-democratica-de-personas-jovenes-en-la-cdmx\/","url":"https:\/\/www.tecdmx.org.mx\/index.php\/comunicados\/2020\/09\/01\/tecdmx-e-injuve-impulsan-formacion-civica-y-democratica-de-personas-jovenes-en-la-cdmx\/","name":"TECDMX e INJUVE impulsan formaci\u00f3n c\u00edvica y democr\u00e1tica de personas j\u00f3venes en la CDMX - Tribunal Electoral de la Ciudad de M\u00e9xico","isPartOf":{"@id":"https:\/\/www.tecdmx.org.mx\/#website"},"primaryImageOfPage":{"@id":"https:\/\/www.tecdmx.org.mx\/index.php\/comunicados\/2020\/09\/01\/tecdmx-e-injuve-impulsan-formacion-civica-y-democratica-de-personas-jovenes-en-la-cdmx\/#primaryimage"},"image":{"@id":"https:\/\/www.tecdmx.org.mx\/index.php\/comunicados\/2020\/09\/01\/tecdmx-e-injuve-impulsan-formacion-civica-y-democratica-de-personas-jovenes-en-la-cdmx\/#primaryimage"},"thumbnailUrl":"https:\/\/www.tecdmx.org.mx\/wp-content\/uploads\/2020\/08\/comunicado_nuevo.jpg","datePublished":"2020-09-01T22:33:42+00:00","dateModified":"2020-09-01T22:35:24+00:00","author":{"@id":"https:\/\/www.tecdmx.org.mx\/#\/schema\/person\/208c898199fb3234203823c5f0cf31d6"},"breadcrumb":{"@id":"https:\/\/www.tecdmx.org.mx\/index.php\/comunicados\/2020\/09\/01\/tecdmx-e-injuve-impulsan-formacion-civica-y-democratica-de-personas-jovenes-en-la-cdmx\/#breadcrumb"},"inLanguage":"es","potentialAction":[{"@type":"ReadAction","target":["https:\/\/www.tecdmx.org.mx\/index.php\/comunicados\/2020\/09\/01\/tecdmx-e-injuve-impulsan-formacion-civica-y-democratica-de-personas-jovenes-en-la-cdmx\/"]}]},{"@type":"ImageObject","inLanguage":"es","@id":"https:\/\/www.tecdmx.org.mx\/index.php\/comunicados\/2020\/09\/01\/tecdmx-e-injuve-impulsan-formacion-civica-y-democratica-de-personas-jovenes-en-la-cdmx\/#primaryimage","url":"https:\/\/www.tecdmx.org.mx\/wp-content\/uploads\/2020\/08\/comunicado_nuevo.jpg","contentUrl":"https:\/\/www.tecdmx.org.mx\/wp-content\/uploads\/2020\/08\/comunicado_nuevo.jpg","width":600,"height":366},{"@type":"BreadcrumbList","@id":"https:\/\/www.tecdmx.org.mx\/index.php\/comunicados\/2020\/09\/01\/tecdmx-e-injuve-impulsan-formacion-civica-y-democratica-de-personas-jovenes-en-la-cdmx\/#breadcrumb","itemListElement":[{"@type":"ListItem","position":1,"name":"Portada","item":"https:\/\/www.tecdmx.org.mx\/"},{"@type":"ListItem","position":2,"name":"TECDMX e INJUVE impulsan formaci\u00f3n c\u00edvica y democr\u00e1tica de personas j\u00f3venes en la CDMX"}]},{"@type":"WebSite","@id":"https:\/\/www.tecdmx.org.mx\/#website","url":"https:\/\/www.tecdmx.org.mx\/","name":"Tribunal Electoral de la Ciudad de M\u00e9xico","description":"25 a\u00f1os garantizando justicia en tu elecci\u00f3n","potentialAction":[{"@type":"SearchAction","target":{"@type":"EntryPoint","urlTemplate":"https:\/\/www.tecdmx.org.mx\/?s={search_term_string}"},"query-input":"required name=search_term_string"}],"inLanguage":"es"},{"@type":"Person","@id":"https:\/\/www.tecdmx.org.mx\/#\/schema\/person\/208c898199fb3234203823c5f0cf31d6","name":"Difusion2025","image":{"@type":"ImageObject","inLanguage":"es","@id":"https:\/\/www.tecdmx.org.mx\/#\/schema\/person\/image\/","url":"https:\/\/secure.gravatar.com\/avatar\/6f7a4ba3acb418040e90a2eb99b5df28?s=96&d=mm&r=g","contentUrl":"https:\/\/secure.gravatar.com\/avatar\/6f7a4ba3acb418040e90a2eb99b5df28?s=96&d=mm&r=g","caption":"Difusion2025"}}]}},"_links":{"self":[{"href":"https:\/\/www.tecdmx.org.mx\/index.php\/wp-json\/wp\/v2\/posts\/21423"}],"collection":[{"href":"https:\/\/www.tecdmx.org.mx\/index.php\/wp-json\/wp\/v2\/posts"}],"about":[{"href":"https:\/\/www.tecdmx.org.mx\/index.php\/wp-json\/wp\/v2\/types\/post"}],"author":[{"embeddable":true,"href":"https:\/\/www.tecdmx.org.mx\/index.php\/wp-json\/wp\/v2\/users\/13"}],"replies":[{"embeddable":true,"href":"https:\/\/www.tecdmx.org.mx\/index.php\/wp-json\/wp\/v2\/comments?post=21423"}],"version-history":[{"count":2,"href":"https:\/\/www.tecdmx.org.mx\/index.php\/wp-json\/wp\/v2\/posts\/21423\/revisions"}],"predecessor-version":[{"id":21426,"href":"https:\/\/www.tecdmx.org.mx\/index.php\/wp-json\/wp\/v2\/posts\/21423\/revisions\/21426"}],"wp:featuredmedia":[{"embeddable":true,"href":"https:\/\/www.tecdmx.org.mx\/index.php\/wp-json\/wp\/v2\/media\/21168"}],"wp:attachment":[{"href":"https:\/\/www.tecdmx.org.mx\/index.php\/wp-json\/wp\/v2\/media?parent=21423"}],"wp:term":[{"taxonomy":"category","embeddable":true,"href":"https:\/\/www.tecdmx.org.mx\/index.php\/wp-json\/wp\/v2\/categories?post=21423"},{"taxonomy":"post_tag","embeddable":true,"href":"https:\/\/www.tecdmx.org.mx\/index.php\/wp-json\/wp\/v2\/tags?post=21423"}],"curies":[{"name":"wp","href":"https:\/\/api.w.org\/{rel}","templated":true}]}}