{"id":21475,"date":"2020-09-02T20:28:19","date_gmt":"2020-09-03T01:28:19","guid":{"rendered":"https:\/\/www.tecdmx.org.mx\/?p=21475"},"modified":"2020-09-02T20:28:20","modified_gmt":"2020-09-03T01:28:20","slug":"determina-tecdmx-anular-elecciones-en-la-unidad-territorial-centro-i-en-la-demarcacion-territorial-cuauhtemoc","status":"publish","type":"post","link":"https:\/\/www.tecdmx.org.mx\/index.php\/comunicados\/2020\/09\/02\/determina-tecdmx-anular-elecciones-en-la-unidad-territorial-centro-i-en-la-demarcacion-territorial-cuauhtemoc\/","title":{"rendered":"Determina TECDMX anular elecciones en la Unidad Territorial Centro I en la demarcaci\u00f3n territorial Cuauht\u00e9moc"},"content":{"rendered":"\n<p class=\"has-text-align-right\">Ciudad de M\u00e9xico, a 2 de septiembre de 2020<\/p>\n\n\n\n<p class=\"has-text-align-right\"><strong>Bolet\u00edn N\u00ba 57<\/strong><\/p>\n\n\n\n<ul><li>La anulaci\u00f3n\nse da a causa de la acreditaci\u00f3n de la sustracci\u00f3n de urnas en una de las mesas\nreceptoras de la unidad territorial<\/li><\/ul>\n\n\n\n<p>En Sesi\u00f3n P\u00fablica de resoluci\u00f3n a\ndistancia por videoconferencia, celebrada este mi\u00e9rcoles 2 de septiembre,\nrespecto del Juicio Electoral 119 y su acumulado121, as\u00ed como el 123\ny acumulado 153, el Tribunal Electoral de la Ciudad de M\u00e9xico determin\u00f3 anular\nla elecci\u00f3n de la Comisi\u00f3n de Participaci\u00f3n Comunitaria (COPACO) y de\nPresupuesto Participativo de la Unidad Territorial Centro I, de la Demarcaci\u00f3n\nTerritorial Cuauht\u00e9moc, por el motivo siguiente:<\/p>\n\n\n\n<ul><li>La acreditaci\u00f3n\n     de la sustracci\u00f3n de urnas en una de las Mesas Receptoras de la Unidad\n     Territorial, circunstancia que\n     trascendi\u00f3 directamente al resultado de la votaci\u00f3n y opini\u00f3n, influyendo\n     en el \u00e1nimo del electorado de manera irreparable, afectando con ello los\n     principios constitucionales electorales de certeza, legalidad, y\n     objetividad.<\/li><\/ul>\n\n\n\n<p>En ese sentido, es evidente que al acreditarse una irregularidad grave, no reparable y\ndeterminante y al no existir certeza en una de las Mesas Receptoras de\nVotaci\u00f3n, constituyendo el cincuenta por ciento de los resultados, tampoco\npuede haberlo en el c\u00f3mputo total.<\/p>\n\n\n\n<p>De ah\u00ed, que el Pleno de este \u00d3rgano Jurisdiccional\ndetermin\u00f3: <\/p>\n\n\n\n<p>por lo que la consecuencia es que se declare la nulidad\nde la elecci\u00f3n en dicha unidad territorial al no verse reflejada la voluntad\nciudadana que acudi\u00f3 a votar y emitir su opini\u00f3n el d\u00eda de la jornada electiva,\nrevocando la validaci\u00f3n de la Consulta y la Constancia de Asignaci\u00f3n e Integraci\u00f3n, as\u00ed como la toma de\nprotesta realizada por el Instituto Electoral, ordenando a dicha autoridad que\nemita la convocatoria correspondiente a una Jornada Electiva Extraordinaria.<\/p>\n\n\n\n<ul><li>Anular las      elecciones en dicha Unidad Territorial;<\/li><li>Revocar la      validaci\u00f3n de la Consulta de Presupuesto Participativo;<\/li><li>Revocar la Constancias      de Asignaci\u00f3n e Integraci\u00f3n de las personas integrantes de la COPACO, as\u00ed      como la toma de protesta realizada por el Instituto a las personas      integrantes. <\/li><li>Ordenar al IECM emitir las Convocatorias      correspondientes a la Jornada Electiva Extraordinaria<a>,  aplicando en la medida de lo posible las disposiciones de la Ley de      Participaci\u00f3n y las reglas establecidas en la Convocatoria para cumplir      con las medidas que al efecto hayan establecido las autoridades      competentes, con motivo de la actual contingencia sanitaria<\/a>.<\/li><li>Difundir entre las personas de la citada      Unidad Territorial la celebraci\u00f3n de la Jornada Electiva Extraordinaria,      as\u00ed como las fechas y t\u00e9rminos en que se llevar\u00e1 a cabo. <\/li><\/ul>\n\n\n\n<p>Por\notra parte, en los juicios electorales 296 y 298, promovidos por Mar\u00eda Teresa\nOrdaz Baltazar y Cruz Ordaz Baltazar, en los que controvert\u00edan el escrutinio y\nc\u00f3mputo de los resultados de las mesas de recepci\u00f3n de votaci\u00f3n y opini\u00f3n\ncorrespondiente a la Elecci\u00f3n de la Comisi\u00f3n de Participaci\u00f3n Comunitaria 2020,\nde la unidad territorial Roma Sur I, demarcaci\u00f3n territorial Cuauht\u00e9moc, as\u00ed\ncomo, la expedici\u00f3n y otorgamiento de la Constancia de Asignaci\u00f3n e Integraci\u00f3n\nde la referida Comisi\u00f3n; el Pleno determin\u00f3 confirmar la validez de la\nelecci\u00f3n.<\/p>\n\n\n\n<p>Lo\nanterior al considerar que las\nirregularidades acontecidas no fueron de la trascendencia suficiente para\ndecretar la nulidad, ya que el personal de la Direcci\u00f3n Distrital con el fin de\ngarantizar la emisi\u00f3n continua e ininterrumpida de la votaci\u00f3n el d\u00eda de la\nJornada Electiva \u00danica, provey\u00f3 lo necesario para trasladar de los centros de\ndistribuci\u00f3n de materiales y documentaci\u00f3n electiva a las mesas receptoras, en\ncumplimiento al Plan de contingencia para la atenci\u00f3n de situaciones que\ninterrumpieran la emisi\u00f3n de voto a trav\u00e9s del Sistema Electr\u00f3nico por\nInternet, implementado por el IECM.<\/p>\n\n\n\n<p class=\"has-text-align-center\"><strong>o-O-o<\/strong><\/p>\n\n\n\n<p>*Los criterios para las resoluciones de este Pleno\nson coincidentes.<\/p>\n","protected":false},"excerpt":{"rendered":"<p>Ciudad de M\u00e9xico, a 2 de septiembre de 2020 Bolet\u00edn N\u00ba 57 La anulaci\u00f3n se da a causa de la acreditaci\u00f3n de la sustracci\u00f3n de urnas en una de las [&hellip;]<\/p>\n","protected":false},"author":13,"featured_media":21168,"comment_status":"open","ping_status":"open","sticky":false,"template":"","format":"standard","meta":{"_acf_changed":false,"_exactmetrics_skip_tracking":false,"_exactmetrics_sitenote_active":false,"_exactmetrics_sitenote_note":"","_exactmetrics_sitenote_category":0,"footnotes":""},"categories":[32,47],"tags":[],"acf":[],"yoast_head":"<!-- This site is optimized with the Yoast SEO plugin v22.3 - https:\/\/yoast.com\/wordpress\/plugins\/seo\/ -->\n<title>Determina TECDMX anular elecciones en la Unidad Territorial Centro I en la demarcaci\u00f3n territorial Cuauht\u00e9moc - Tribunal Electoral de la Ciudad de M\u00e9xico<\/title>\n<meta name=\"robots\" content=\"index, follow, max-snippet:-1, max-image-preview:large, max-video-preview:-1\" \/>\n<link rel=\"canonical\" href=\"https:\/\/www.tecdmx.org.mx\/index.php\/comunicados\/2020\/09\/02\/determina-tecdmx-anular-elecciones-en-la-unidad-territorial-centro-i-en-la-demarcacion-territorial-cuauhtemoc\/\" \/>\n<meta property=\"og:locale\" content=\"es_ES\" \/>\n<meta property=\"og:type\" content=\"article\" \/>\n<meta property=\"og:title\" content=\"Determina TECDMX anular elecciones en la Unidad Territorial Centro I en la demarcaci\u00f3n territorial Cuauht\u00e9moc - Tribunal Electoral de la Ciudad de M\u00e9xico\" \/>\n<meta property=\"og:description\" content=\"Ciudad de M\u00e9xico, a 2 de septiembre de 2020 Bolet\u00edn N\u00ba 57 La anulaci\u00f3n se da a causa de la acreditaci\u00f3n de la sustracci\u00f3n de urnas en una de las [&hellip;]\" \/>\n<meta property=\"og:url\" content=\"https:\/\/www.tecdmx.org.mx\/index.php\/comunicados\/2020\/09\/02\/determina-tecdmx-anular-elecciones-en-la-unidad-territorial-centro-i-en-la-demarcacion-territorial-cuauhtemoc\/\" \/>\n<meta property=\"og:site_name\" content=\"Tribunal Electoral de la Ciudad de M\u00e9xico\" \/>\n<meta property=\"article:publisher\" content=\"https:\/\/www.facebook.com\/TECDMX\/\" \/>\n<meta property=\"article:published_time\" content=\"2020-09-03T01:28:19+00:00\" \/>\n<meta property=\"article:modified_time\" content=\"2020-09-03T01:28:20+00:00\" \/>\n<meta property=\"og:image\" content=\"https:\/\/www.tecdmx.org.mx\/wp-content\/uploads\/2020\/08\/comunicado_nuevo.jpg\" \/>\n\t<meta property=\"og:image:width\" content=\"600\" \/>\n\t<meta property=\"og:image:height\" content=\"366\" \/>\n\t<meta property=\"og:image:type\" content=\"image\/jpeg\" \/>\n<meta name=\"author\" content=\"Difusion2025\" \/>\n<meta name=\"twitter:card\" content=\"summary_large_image\" \/>\n<meta name=\"twitter:creator\" content=\"@tecdmx\" \/>\n<meta name=\"twitter:site\" content=\"@tecdmx\" \/>\n<meta name=\"twitter:label1\" content=\"Escrito por\" \/>\n\t<meta name=\"twitter:data1\" content=\"Difusion2025\" \/>\n\t<meta name=\"twitter:label2\" content=\"Tiempo de lectura\" \/>\n\t<meta name=\"twitter:data2\" content=\"3 minutos\" \/>\n<script type=\"application\/ld+json\" class=\"yoast-schema-graph\">{\"@context\":\"https:\/\/schema.org\",\"@graph\":[{\"@type\":\"WebPage\",\"@id\":\"https:\/\/www.tecdmx.org.mx\/index.php\/comunicados\/2020\/09\/02\/determina-tecdmx-anular-elecciones-en-la-unidad-territorial-centro-i-en-la-demarcacion-territorial-cuauhtemoc\/\",\"url\":\"https:\/\/www.tecdmx.org.mx\/index.php\/comunicados\/2020\/09\/02\/determina-tecdmx-anular-elecciones-en-la-unidad-territorial-centro-i-en-la-demarcacion-territorial-cuauhtemoc\/\",\"name\":\"Determina TECDMX anular elecciones en la Unidad Territorial Centro I en la demarcaci\u00f3n territorial Cuauht\u00e9moc - Tribunal Electoral de la Ciudad de M\u00e9xico\",\"isPartOf\":{\"@id\":\"https:\/\/www.tecdmx.org.mx\/#website\"},\"primaryImageOfPage\":{\"@id\":\"https:\/\/www.tecdmx.org.mx\/index.php\/comunicados\/2020\/09\/02\/determina-tecdmx-anular-elecciones-en-la-unidad-territorial-centro-i-en-la-demarcacion-territorial-cuauhtemoc\/#primaryimage\"},\"image\":{\"@id\":\"https:\/\/www.tecdmx.org.mx\/index.php\/comunicados\/2020\/09\/02\/determina-tecdmx-anular-elecciones-en-la-unidad-territorial-centro-i-en-la-demarcacion-territorial-cuauhtemoc\/#primaryimage\"},\"thumbnailUrl\":\"https:\/\/www.tecdmx.org.mx\/wp-content\/uploads\/2020\/08\/comunicado_nuevo.jpg\",\"datePublished\":\"2020-09-03T01:28:19+00:00\",\"dateModified\":\"2020-09-03T01:28:20+00:00\",\"author\":{\"@id\":\"https:\/\/www.tecdmx.org.mx\/#\/schema\/person\/208c898199fb3234203823c5f0cf31d6\"},\"breadcrumb\":{\"@id\":\"https:\/\/www.tecdmx.org.mx\/index.php\/comunicados\/2020\/09\/02\/determina-tecdmx-anular-elecciones-en-la-unidad-territorial-centro-i-en-la-demarcacion-territorial-cuauhtemoc\/#breadcrumb\"},\"inLanguage\":\"es\",\"potentialAction\":[{\"@type\":\"ReadAction\",\"target\":[\"https:\/\/www.tecdmx.org.mx\/index.php\/comunicados\/2020\/09\/02\/determina-tecdmx-anular-elecciones-en-la-unidad-territorial-centro-i-en-la-demarcacion-territorial-cuauhtemoc\/\"]}]},{\"@type\":\"ImageObject\",\"inLanguage\":\"es\",\"@id\":\"https:\/\/www.tecdmx.org.mx\/index.php\/comunicados\/2020\/09\/02\/determina-tecdmx-anular-elecciones-en-la-unidad-territorial-centro-i-en-la-demarcacion-territorial-cuauhtemoc\/#primaryimage\",\"url\":\"https:\/\/www.tecdmx.org.mx\/wp-content\/uploads\/2020\/08\/comunicado_nuevo.jpg\",\"contentUrl\":\"https:\/\/www.tecdmx.org.mx\/wp-content\/uploads\/2020\/08\/comunicado_nuevo.jpg\",\"width\":600,\"height\":366},{\"@type\":\"BreadcrumbList\",\"@id\":\"https:\/\/www.tecdmx.org.mx\/index.php\/comunicados\/2020\/09\/02\/determina-tecdmx-anular-elecciones-en-la-unidad-territorial-centro-i-en-la-demarcacion-territorial-cuauhtemoc\/#breadcrumb\",\"itemListElement\":[{\"@type\":\"ListItem\",\"position\":1,\"name\":\"Portada\",\"item\":\"https:\/\/www.tecdmx.org.mx\/\"},{\"@type\":\"ListItem\",\"position\":2,\"name\":\"Determina TECDMX anular elecciones en la Unidad Territorial Centro I en la demarcaci\u00f3n territorial Cuauht\u00e9moc\"}]},{\"@type\":\"WebSite\",\"@id\":\"https:\/\/www.tecdmx.org.mx\/#website\",\"url\":\"https:\/\/www.tecdmx.org.mx\/\",\"name\":\"Tribunal Electoral de la Ciudad de M\u00e9xico\",\"description\":\"25 a\u00f1os garantizando justicia en tu elecci\u00f3n\",\"potentialAction\":[{\"@type\":\"SearchAction\",\"target\":{\"@type\":\"EntryPoint\",\"urlTemplate\":\"https:\/\/www.tecdmx.org.mx\/?s={search_term_string}\"},\"query-input\":\"required name=search_term_string\"}],\"inLanguage\":\"es\"},{\"@type\":\"Person\",\"@id\":\"https:\/\/www.tecdmx.org.mx\/#\/schema\/person\/208c898199fb3234203823c5f0cf31d6\",\"name\":\"Difusion2025\",\"image\":{\"@type\":\"ImageObject\",\"inLanguage\":\"es\",\"@id\":\"https:\/\/www.tecdmx.org.mx\/#\/schema\/person\/image\/\",\"url\":\"https:\/\/secure.gravatar.com\/avatar\/6f7a4ba3acb418040e90a2eb99b5df28?s=96&d=mm&r=g\",\"contentUrl\":\"https:\/\/secure.gravatar.com\/avatar\/6f7a4ba3acb418040e90a2eb99b5df28?s=96&d=mm&r=g\",\"caption\":\"Difusion2025\"}}]}<\/script>\n<!-- \/ Yoast SEO plugin. -->","yoast_head_json":{"title":"Determina TECDMX anular elecciones en la Unidad Territorial Centro I en la demarcaci\u00f3n territorial Cuauht\u00e9moc - Tribunal Electoral de la Ciudad de M\u00e9xico","robots":{"index":"index","follow":"follow","max-snippet":"max-snippet:-1","max-image-preview":"max-image-preview:large","max-video-preview":"max-video-preview:-1"},"canonical":"https:\/\/www.tecdmx.org.mx\/index.php\/comunicados\/2020\/09\/02\/determina-tecdmx-anular-elecciones-en-la-unidad-territorial-centro-i-en-la-demarcacion-territorial-cuauhtemoc\/","og_locale":"es_ES","og_type":"article","og_title":"Determina TECDMX anular elecciones en la Unidad Territorial Centro I en la demarcaci\u00f3n territorial Cuauht\u00e9moc - Tribunal Electoral de la Ciudad de M\u00e9xico","og_description":"Ciudad de M\u00e9xico, a 2 de septiembre de 2020 Bolet\u00edn N\u00ba 57 La anulaci\u00f3n se da a causa de la acreditaci\u00f3n de la sustracci\u00f3n de urnas en una de las [&hellip;]","og_url":"https:\/\/www.tecdmx.org.mx\/index.php\/comunicados\/2020\/09\/02\/determina-tecdmx-anular-elecciones-en-la-unidad-territorial-centro-i-en-la-demarcacion-territorial-cuauhtemoc\/","og_site_name":"Tribunal Electoral de la Ciudad de M\u00e9xico","article_publisher":"https:\/\/www.facebook.com\/TECDMX\/","article_published_time":"2020-09-03T01:28:19+00:00","article_modified_time":"2020-09-03T01:28:20+00:00","og_image":[{"width":600,"height":366,"url":"https:\/\/www.tecdmx.org.mx\/wp-content\/uploads\/2020\/08\/comunicado_nuevo.jpg","type":"image\/jpeg"}],"author":"Difusion2025","twitter_card":"summary_large_image","twitter_creator":"@tecdmx","twitter_site":"@tecdmx","twitter_misc":{"Escrito por":"Difusion2025","Tiempo de lectura":"3 minutos"},"schema":{"@context":"https:\/\/schema.org","@graph":[{"@type":"WebPage","@id":"https:\/\/www.tecdmx.org.mx\/index.php\/comunicados\/2020\/09\/02\/determina-tecdmx-anular-elecciones-en-la-unidad-territorial-centro-i-en-la-demarcacion-territorial-cuauhtemoc\/","url":"https:\/\/www.tecdmx.org.mx\/index.php\/comunicados\/2020\/09\/02\/determina-tecdmx-anular-elecciones-en-la-unidad-territorial-centro-i-en-la-demarcacion-territorial-cuauhtemoc\/","name":"Determina TECDMX anular elecciones en la Unidad Territorial Centro I en la demarcaci\u00f3n territorial Cuauht\u00e9moc - Tribunal Electoral de la Ciudad de M\u00e9xico","isPartOf":{"@id":"https:\/\/www.tecdmx.org.mx\/#website"},"primaryImageOfPage":{"@id":"https:\/\/www.tecdmx.org.mx\/index.php\/comunicados\/2020\/09\/02\/determina-tecdmx-anular-elecciones-en-la-unidad-territorial-centro-i-en-la-demarcacion-territorial-cuauhtemoc\/#primaryimage"},"image":{"@id":"https:\/\/www.tecdmx.org.mx\/index.php\/comunicados\/2020\/09\/02\/determina-tecdmx-anular-elecciones-en-la-unidad-territorial-centro-i-en-la-demarcacion-territorial-cuauhtemoc\/#primaryimage"},"thumbnailUrl":"https:\/\/www.tecdmx.org.mx\/wp-content\/uploads\/2020\/08\/comunicado_nuevo.jpg","datePublished":"2020-09-03T01:28:19+00:00","dateModified":"2020-09-03T01:28:20+00:00","author":{"@id":"https:\/\/www.tecdmx.org.mx\/#\/schema\/person\/208c898199fb3234203823c5f0cf31d6"},"breadcrumb":{"@id":"https:\/\/www.tecdmx.org.mx\/index.php\/comunicados\/2020\/09\/02\/determina-tecdmx-anular-elecciones-en-la-unidad-territorial-centro-i-en-la-demarcacion-territorial-cuauhtemoc\/#breadcrumb"},"inLanguage":"es","potentialAction":[{"@type":"ReadAction","target":["https:\/\/www.tecdmx.org.mx\/index.php\/comunicados\/2020\/09\/02\/determina-tecdmx-anular-elecciones-en-la-unidad-territorial-centro-i-en-la-demarcacion-territorial-cuauhtemoc\/"]}]},{"@type":"ImageObject","inLanguage":"es","@id":"https:\/\/www.tecdmx.org.mx\/index.php\/comunicados\/2020\/09\/02\/determina-tecdmx-anular-elecciones-en-la-unidad-territorial-centro-i-en-la-demarcacion-territorial-cuauhtemoc\/#primaryimage","url":"https:\/\/www.tecdmx.org.mx\/wp-content\/uploads\/2020\/08\/comunicado_nuevo.jpg","contentUrl":"https:\/\/www.tecdmx.org.mx\/wp-content\/uploads\/2020\/08\/comunicado_nuevo.jpg","width":600,"height":366},{"@type":"BreadcrumbList","@id":"https:\/\/www.tecdmx.org.mx\/index.php\/comunicados\/2020\/09\/02\/determina-tecdmx-anular-elecciones-en-la-unidad-territorial-centro-i-en-la-demarcacion-territorial-cuauhtemoc\/#breadcrumb","itemListElement":[{"@type":"ListItem","position":1,"name":"Portada","item":"https:\/\/www.tecdmx.org.mx\/"},{"@type":"ListItem","position":2,"name":"Determina TECDMX anular elecciones en la Unidad Territorial Centro I en la demarcaci\u00f3n territorial Cuauht\u00e9moc"}]},{"@type":"WebSite","@id":"https:\/\/www.tecdmx.org.mx\/#website","url":"https:\/\/www.tecdmx.org.mx\/","name":"Tribunal Electoral de la Ciudad de M\u00e9xico","description":"25 a\u00f1os garantizando justicia en tu elecci\u00f3n","potentialAction":[{"@type":"SearchAction","target":{"@type":"EntryPoint","urlTemplate":"https:\/\/www.tecdmx.org.mx\/?s={search_term_string}"},"query-input":"required name=search_term_string"}],"inLanguage":"es"},{"@type":"Person","@id":"https:\/\/www.tecdmx.org.mx\/#\/schema\/person\/208c898199fb3234203823c5f0cf31d6","name":"Difusion2025","image":{"@type":"ImageObject","inLanguage":"es","@id":"https:\/\/www.tecdmx.org.mx\/#\/schema\/person\/image\/","url":"https:\/\/secure.gravatar.com\/avatar\/6f7a4ba3acb418040e90a2eb99b5df28?s=96&d=mm&r=g","contentUrl":"https:\/\/secure.gravatar.com\/avatar\/6f7a4ba3acb418040e90a2eb99b5df28?s=96&d=mm&r=g","caption":"Difusion2025"}}]}},"_links":{"self":[{"href":"https:\/\/www.tecdmx.org.mx\/index.php\/wp-json\/wp\/v2\/posts\/21475"}],"collection":[{"href":"https:\/\/www.tecdmx.org.mx\/index.php\/wp-json\/wp\/v2\/posts"}],"about":[{"href":"https:\/\/www.tecdmx.org.mx\/index.php\/wp-json\/wp\/v2\/types\/post"}],"author":[{"embeddable":true,"href":"https:\/\/www.tecdmx.org.mx\/index.php\/wp-json\/wp\/v2\/users\/13"}],"replies":[{"embeddable":true,"href":"https:\/\/www.tecdmx.org.mx\/index.php\/wp-json\/wp\/v2\/comments?post=21475"}],"version-history":[{"count":2,"href":"https:\/\/www.tecdmx.org.mx\/index.php\/wp-json\/wp\/v2\/posts\/21475\/revisions"}],"predecessor-version":[{"id":21478,"href":"https:\/\/www.tecdmx.org.mx\/index.php\/wp-json\/wp\/v2\/posts\/21475\/revisions\/21478"}],"wp:featuredmedia":[{"embeddable":true,"href":"https:\/\/www.tecdmx.org.mx\/index.php\/wp-json\/wp\/v2\/media\/21168"}],"wp:attachment":[{"href":"https:\/\/www.tecdmx.org.mx\/index.php\/wp-json\/wp\/v2\/media?parent=21475"}],"wp:term":[{"taxonomy":"category","embeddable":true,"href":"https:\/\/www.tecdmx.org.mx\/index.php\/wp-json\/wp\/v2\/categories?post=21475"},{"taxonomy":"post_tag","embeddable":true,"href":"https:\/\/www.tecdmx.org.mx\/index.php\/wp-json\/wp\/v2\/tags?post=21475"}],"curies":[{"name":"wp","href":"https:\/\/api.w.org\/{rel}","templated":true}]}}