{"id":21479,"date":"2020-09-02T21:51:19","date_gmt":"2020-09-03T02:51:19","guid":{"rendered":"https:\/\/www.tecdmx.org.mx\/?p=21479"},"modified":"2020-09-02T21:51:20","modified_gmt":"2020-09-03T02:51:20","slug":"resuelve-tecdmx-asuntos-relacionados-con-copacos-y-presupuesto-participativo","status":"publish","type":"post","link":"https:\/\/www.tecdmx.org.mx\/index.php\/comunicados\/2020\/09\/02\/resuelve-tecdmx-asuntos-relacionados-con-copacos-y-presupuesto-participativo\/","title":{"rendered":"Resuelve TECDMX asuntos relacionados con COPACOS y Presupuesto Participativo"},"content":{"rendered":"\n<p class=\"has-text-align-right\">Ciudad de M\u00e9xico, a 2 de septiembre de 2020<\/p>\n\n\n\n<p class=\"has-text-align-right\"><strong>Bolet\u00edn N\u00ba 58<\/strong><\/p>\n\n\n\n<ul><li>Se\natendieron medios de impugnaci\u00f3n en donde las partes actoras impugnaban la\nelegibilidad, integraci\u00f3n y validez de los resultados de los COPACOS en\ndiversas unidades territoriales.<\/li><li>Se\ndesech\u00f3 un juicio que solicitaba la nulidad de la consulta de Presupuesto\nParticipativo en la unidad territorial San Rafael I.<\/li><\/ul>\n\n\n\n<p>Las Magistradas y Magistrados integrantes del Pleno del\nTribunal Electoral de la Ciudad de M\u00e9xico (TECDMX), celebraron esta tarde\nSesi\u00f3n P\u00fablica en la que resolvieron diversos Juicios Electorales relativos a\nla integraci\u00f3n de las Comisiones de Participaci\u00f3n Comunitaria y sobre la Consulta\nde Presupuesto Participativo.<\/p>\n\n\n\n<p>Al resolver el juicio TECDMX-JEL-174\/2020 y su acumulado\nTECDMX-JEL-175\/2020, promovidos por Ad\u00e1n Hern\u00e1ndez Carmona y Brian Isaac Artiel\nHern\u00e1ndez en contra de la asignaci\u00f3n e integraci\u00f3n de la Comisi\u00f3n de\nParticipaci\u00f3n Comunitaria (COPACO) de la unidad territorial Tecolalco; el Pleno\ndetermin\u00f3 confirmar el acto impugnado ya que la candidata denunciada forma\nparte de la Alcald\u00eda \u00c1lvaro Obreg\u00f3n, sin embargo est\u00e1 contratada como personal\nbajo el Programa \u201cEstabilidad laboral\u201d, el cual es de car\u00e1cter provisional y no\nde estructura.<\/p>\n\n\n\n<p>En el expediente TECDMX-JEL-346\/2020, promovido por\nGabriela Evaristo Moreno, en donde controvirti\u00f3 la asignaci\u00f3n e integraci\u00f3n de\nla COPACO en la unidad territorial Bosques de Tarango; las Magistraturas\ndeterminaron confirmar el acto impugnado al considerar inoperante el agravio,\nya que la persona impugnada no fue designada como integrante de esta.<\/p>\n\n\n\n<p>Al atender el juicio TECDMX-JEL-376\/2020, promovido por\nAmalia Gonz\u00e1lez Plaza en contra de la asignaci\u00f3n e integraci\u00f3n de la COPACO en\nla unidad territorial Palmas; las Magistradas y Magistrados resolvieron\nconfirmar el acto impugnado toda vez que, aunque la persona integra la Alcald\u00eda\n\u00c1lvaro Obreg\u00f3n como persona sindicalizada, no queda demostrado que su cargo sea\ncatalogado con el nivel de enlace o superior jer\u00e1rquico o con car\u00e1cter de\nhonorarios profesionales con cargo y manejo de programas sociales.<\/p>\n\n\n\n<p>Por otra parte, en el juicio TECDMX-JEL-106 y su\nacumulado TECDMX-JEL-140, ambos de 2020, promovidos por Hilda Gabriela Ortega\nValdez en contra de la elegibilidad de las candidaturas de la COPACO en la\nunidad territorial Villa de Cort\u00e9s, demarcaci\u00f3n Benito Ju\u00e1rez; el Pleno\ndetermin\u00f3 confirmar el acto impugnado ya que las personas impugnadas que\nintegraron la COPACO no se acredita que sus puestos al interior de la citada\nAlcald\u00eda sean catalogados con nivel de enlace o superior jer\u00e1rquico.<\/p>\n\n\n\n<p>Respecto del juicio TECDMX-JEL-146\/2020, promovido por\nErnesto Samuel Ferreira Dur\u00e1n en contra de la elegibilidad de candidaturas y,\nen consecuencia, su asignaci\u00f3n como personas integrantes de la COPACO en la\nunidad territorial Ciudad Jard\u00edn, demarcaci\u00f3n Coyoac\u00e1n; las Magistradas y\nMagistrados resolvieron confirmar el acto impugnado ya que si bien se acredita\nel v\u00ednculo de la persona impugnada con la Alcald\u00eda, lo cierto es que el r\u00e9gimen\nde contrataci\u00f3n no es de estructura y no se acredita que tuviera bajo su\nresponsabilidad el uso de programas sociales.<\/p>\n\n\n\n<p>Al atender el juicio\nTECDMX-JEL-177\/2020, promovido por Ulises Lanz Uribe en contra de la\nintegraci\u00f3n de la COPACO en la unidad territorial Potrero San Bernardino en\nXochimilco; el Pleno resolvi\u00f3 confirmar el acto impugnado ya que tras las\ndiligencias realizadas se comprob\u00f3 que el domicilio de la persona impugnada se\nencontrara dentro de la unidad territorial en cuesti\u00f3n, por lo que el actuar de\nla autoridad se ajusta a derecho.<\/p>\n\n\n\n<p>Por otra parte, en el juicio TECDMX-JEL-315\/2020,\npromovido por Ricardo Mena Guzm\u00e1n y Heladio P\u00e9rez Cornejo en el que impugnaron\nla integraci\u00f3n de la COPACO en la unidad territorial Nueva Generaci\u00f3n, en\nIztapalapa; las Magistradas y Magistrados determinaron confirmar el acto impugnado\nya que las personas que resultaron electas acreditaron residir en dicha unidad.\n<\/p>\n\n\n\n<p>En el juicio TECDMX-JEL-116\/2020,\npromovido por Mar\u00eda de la Luz Amada Encinas Garc\u00eda, Leonel Tinajero C\u00e1rdenas y\nAdela Guillermina Lefranc Artaza quienes controvert\u00edan los resultados y validez\nde la elecci\u00f3n de la COPACO de la unidad territorial Lindavista I, en Gustavo\nA. Madero, argumentando la participaci\u00f3n de personas integrantes de la Alcald\u00eda\npara hacer actos de proselitismo y coacci\u00f3n sobre las personas electoras; las\nMagistraturas resolvieron confirmar el acto impugnado ya que no se acredit\u00f3 que\nhubiera una conducta voluntaria y reiterada de promoci\u00f3n a favor de una\ndeterminada persona contendiente en el proceso electivo.<\/p>\n\n\n\n<p>Al atender el expediente\nTECDMX-JEL-312\/2020, promovido por Mart\u00edn Abraham S\u00e1nchez G\u00f3mez en contra de la\nintegraci\u00f3n de la COPACO en la unidad territorial Margarita Maza de Ju\u00e1rez en\nIztapalapa; el Pleno determin\u00f3 confirmar el acto impugnado ya que la parte\nactora consideraba que deb\u00eda aplicarse una medida afirmativa en su favor para\nintegrar dicha Comisi\u00f3n, sin embargo, no declar\u00f3 ante la autoridad responsable\ncontar con alguna condici\u00f3n de las contempladas dentro de las acciones\nafirmativas.<\/p>\n\n\n\n<p>Por otra parte, en el juicios\nTECDMX-JEL-392\/2020, promovido por Jos\u00e9 Francisco Bernal Rodr\u00edguez en contra de\nla integraci\u00f3n de la COPACO en la unidad territorial Tierra Unida en Magdalena\nContreras; las Magistradas y Magistrados determinaron confirmar el acto\nimpugnado toda vez que la integraci\u00f3n obedeci\u00f3 a la aplicaci\u00f3n de una acci\u00f3n\nafirmativa correspondiente a una persona con discapacidad.<\/p>\n\n\n\n<p>Sobre los expedientes TECDMX-JEL-104\/2020\ny TECDMX-JEL-105\/2020, promovidos por Francisco Mois\u00e9s Mastache Mart\u00ednez, en\ncontra de la elegibilidad de Sandra Herrera Colunga y Elida Alcira de Le\u00f3n\nZacar\u00edas, como personas integrantes de la COPACO en la unidad territorial\n\u201cVeracruzana (Ampl)\u201d, demarcaci\u00f3n Iztapalapa; el Pleno determin\u00f3 desechar de\nplano la demanda ya que la parte actora carece de inter\u00e9s jur\u00eddico. Pues las\nimpugnaciones son promovidas por personas ciudadanas que por esa sola calidad\nno se ubican en alguna circunstancia particular que, ante la designaci\u00f3n de la\npersona impugnada como integrante de la COPACO de una unidad territorial\ndiversa a la que habitan, les produzca alguna afectaci\u00f3n individualizada,\ncierta, actual y directa respecto de alg\u00fan derecho subjetivo.<\/p>\n\n\n\n<p>Asimismo, en los juicios TECDMX-JEL-117 y su acumulado\nTECDMX-JEL-144, ambos de 2020, promovidos por Ernesto Samuel Ferreira Dur\u00e1n, en\ncontra de la elegibilidad de Mar\u00eda de Lourdes Fuentes Wilchis para integrar la\nCOPACO en la unidad territorial Ciudad Jard\u00edn, demarcaci\u00f3n territorial\nCoyoac\u00e1n, por ser servidora p\u00fablica; las Magistradas y Magistrados determinaron\ndesechar de plano la demanda ya que la parte actora agot\u00f3 su derecho de\nimpugnar, ya que lo hab\u00eda hecho en el juicio identificado con la clave\nTECDMX-JEL-146\/2020.<\/p>\n\n\n\n<p>Al resolver los expedientes TECDMX-JEL-156 y TECDMX-JEL-275,\npromovidos por Nancy Trinidad L\u00f3pez y Christian Oswaldo Oliva Contreras, en\ncontra del c\u00f3mputo y los resultados de la votaci\u00f3n recibida en la elecci\u00f3n de\nlas COPACOS de las unidades territoriales San Rafael II y Centro III, en la demarcaci\u00f3n\nCuauht\u00e9moc; el Pleno determin\u00f3 desechar de plano las demandas al no existir\nmateria para que esta autoridad se pronuncie, toda vez que, el pasado 27 de\nagosto, se determin\u00f3 anular dicha elecci\u00f3n y ordenar al IECM realizar una\nnueva.<\/p>\n\n\n\n<p>Finalmente, en el juicio TECDMX-JEL-326\/2020, promovido por Mar\u00eda\nTeresa Romero Bautista en donde solicit\u00f3 la nulidad de la Consulta Ciudadana\nsobre Presupuesto Participativo 2020 y 2021 en la unidad territorial San Rafael\nI, demarcaci\u00f3n Cuauht\u00e9moc; las Magistraturas determinaron desechar de plano la\ndemanda al haber sido presentada de manera extempor\u00e1nea.<\/p>\n\n\n\n<p class=\"has-text-align-center\"><strong>o-O-o<\/strong><\/p>\n\n\n\n<p><strong>* Los criterios para las resoluciones de este Pleno son\ncoincidentes.<\/strong><\/p>\n","protected":false},"excerpt":{"rendered":"<p>Ciudad de M\u00e9xico, a 2 de septiembre de 2020 Bolet\u00edn N\u00ba 58 Se atendieron medios de impugnaci\u00f3n en donde las partes actoras impugnaban la elegibilidad, integraci\u00f3n y validez de los [&hellip;]<\/p>\n","protected":false},"author":13,"featured_media":21168,"comment_status":"open","ping_status":"open","sticky":false,"template":"","format":"standard","meta":{"_acf_changed":false,"_exactmetrics_skip_tracking":false,"_exactmetrics_sitenote_active":false,"_exactmetrics_sitenote_note":"","_exactmetrics_sitenote_category":0,"footnotes":""},"categories":[32,47],"tags":[],"acf":[],"yoast_head":"<!-- This site is optimized with the Yoast SEO plugin v22.3 - https:\/\/yoast.com\/wordpress\/plugins\/seo\/ -->\n<title>Resuelve TECDMX asuntos relacionados con COPACOS y Presupuesto Participativo - Tribunal Electoral de la Ciudad de M\u00e9xico<\/title>\n<meta name=\"robots\" content=\"index, follow, max-snippet:-1, max-image-preview:large, max-video-preview:-1\" \/>\n<link rel=\"canonical\" href=\"https:\/\/www.tecdmx.org.mx\/index.php\/comunicados\/2020\/09\/02\/resuelve-tecdmx-asuntos-relacionados-con-copacos-y-presupuesto-participativo\/\" \/>\n<meta property=\"og:locale\" content=\"es_ES\" \/>\n<meta property=\"og:type\" content=\"article\" \/>\n<meta property=\"og:title\" content=\"Resuelve TECDMX asuntos relacionados con COPACOS y Presupuesto Participativo - Tribunal Electoral de la Ciudad de M\u00e9xico\" \/>\n<meta property=\"og:description\" content=\"Ciudad de M\u00e9xico, a 2 de septiembre de 2020 Bolet\u00edn N\u00ba 58 Se atendieron medios de impugnaci\u00f3n en donde las partes actoras impugnaban la elegibilidad, integraci\u00f3n y validez de los [&hellip;]\" \/>\n<meta property=\"og:url\" content=\"https:\/\/www.tecdmx.org.mx\/index.php\/comunicados\/2020\/09\/02\/resuelve-tecdmx-asuntos-relacionados-con-copacos-y-presupuesto-participativo\/\" \/>\n<meta property=\"og:site_name\" content=\"Tribunal Electoral de la Ciudad de M\u00e9xico\" \/>\n<meta property=\"article:publisher\" content=\"https:\/\/www.facebook.com\/TECDMX\/\" \/>\n<meta property=\"article:published_time\" content=\"2020-09-03T02:51:19+00:00\" \/>\n<meta property=\"article:modified_time\" content=\"2020-09-03T02:51:20+00:00\" \/>\n<meta property=\"og:image\" content=\"https:\/\/www.tecdmx.org.mx\/wp-content\/uploads\/2020\/08\/comunicado_nuevo.jpg\" \/>\n\t<meta property=\"og:image:width\" content=\"600\" \/>\n\t<meta property=\"og:image:height\" content=\"366\" \/>\n\t<meta property=\"og:image:type\" content=\"image\/jpeg\" \/>\n<meta name=\"author\" content=\"Difusion2025\" \/>\n<meta name=\"twitter:card\" content=\"summary_large_image\" \/>\n<meta name=\"twitter:creator\" content=\"@tecdmx\" \/>\n<meta name=\"twitter:site\" content=\"@tecdmx\" \/>\n<meta name=\"twitter:label1\" content=\"Escrito por\" \/>\n\t<meta name=\"twitter:data1\" content=\"Difusion2025\" \/>\n\t<meta name=\"twitter:label2\" content=\"Tiempo de lectura\" \/>\n\t<meta name=\"twitter:data2\" content=\"6 minutos\" \/>\n<script type=\"application\/ld+json\" class=\"yoast-schema-graph\">{\"@context\":\"https:\/\/schema.org\",\"@graph\":[{\"@type\":\"WebPage\",\"@id\":\"https:\/\/www.tecdmx.org.mx\/index.php\/comunicados\/2020\/09\/02\/resuelve-tecdmx-asuntos-relacionados-con-copacos-y-presupuesto-participativo\/\",\"url\":\"https:\/\/www.tecdmx.org.mx\/index.php\/comunicados\/2020\/09\/02\/resuelve-tecdmx-asuntos-relacionados-con-copacos-y-presupuesto-participativo\/\",\"name\":\"Resuelve TECDMX asuntos relacionados con COPACOS y Presupuesto Participativo - Tribunal Electoral de la Ciudad de M\u00e9xico\",\"isPartOf\":{\"@id\":\"https:\/\/www.tecdmx.org.mx\/#website\"},\"primaryImageOfPage\":{\"@id\":\"https:\/\/www.tecdmx.org.mx\/index.php\/comunicados\/2020\/09\/02\/resuelve-tecdmx-asuntos-relacionados-con-copacos-y-presupuesto-participativo\/#primaryimage\"},\"image\":{\"@id\":\"https:\/\/www.tecdmx.org.mx\/index.php\/comunicados\/2020\/09\/02\/resuelve-tecdmx-asuntos-relacionados-con-copacos-y-presupuesto-participativo\/#primaryimage\"},\"thumbnailUrl\":\"https:\/\/www.tecdmx.org.mx\/wp-content\/uploads\/2020\/08\/comunicado_nuevo.jpg\",\"datePublished\":\"2020-09-03T02:51:19+00:00\",\"dateModified\":\"2020-09-03T02:51:20+00:00\",\"author\":{\"@id\":\"https:\/\/www.tecdmx.org.mx\/#\/schema\/person\/208c898199fb3234203823c5f0cf31d6\"},\"breadcrumb\":{\"@id\":\"https:\/\/www.tecdmx.org.mx\/index.php\/comunicados\/2020\/09\/02\/resuelve-tecdmx-asuntos-relacionados-con-copacos-y-presupuesto-participativo\/#breadcrumb\"},\"inLanguage\":\"es\",\"potentialAction\":[{\"@type\":\"ReadAction\",\"target\":[\"https:\/\/www.tecdmx.org.mx\/index.php\/comunicados\/2020\/09\/02\/resuelve-tecdmx-asuntos-relacionados-con-copacos-y-presupuesto-participativo\/\"]}]},{\"@type\":\"ImageObject\",\"inLanguage\":\"es\",\"@id\":\"https:\/\/www.tecdmx.org.mx\/index.php\/comunicados\/2020\/09\/02\/resuelve-tecdmx-asuntos-relacionados-con-copacos-y-presupuesto-participativo\/#primaryimage\",\"url\":\"https:\/\/www.tecdmx.org.mx\/wp-content\/uploads\/2020\/08\/comunicado_nuevo.jpg\",\"contentUrl\":\"https:\/\/www.tecdmx.org.mx\/wp-content\/uploads\/2020\/08\/comunicado_nuevo.jpg\",\"width\":600,\"height\":366},{\"@type\":\"BreadcrumbList\",\"@id\":\"https:\/\/www.tecdmx.org.mx\/index.php\/comunicados\/2020\/09\/02\/resuelve-tecdmx-asuntos-relacionados-con-copacos-y-presupuesto-participativo\/#breadcrumb\",\"itemListElement\":[{\"@type\":\"ListItem\",\"position\":1,\"name\":\"Portada\",\"item\":\"https:\/\/www.tecdmx.org.mx\/\"},{\"@type\":\"ListItem\",\"position\":2,\"name\":\"Resuelve TECDMX asuntos relacionados con COPACOS y Presupuesto Participativo\"}]},{\"@type\":\"WebSite\",\"@id\":\"https:\/\/www.tecdmx.org.mx\/#website\",\"url\":\"https:\/\/www.tecdmx.org.mx\/\",\"name\":\"Tribunal Electoral de la Ciudad de M\u00e9xico\",\"description\":\"25 a\u00f1os garantizando justicia en tu elecci\u00f3n\",\"potentialAction\":[{\"@type\":\"SearchAction\",\"target\":{\"@type\":\"EntryPoint\",\"urlTemplate\":\"https:\/\/www.tecdmx.org.mx\/?s={search_term_string}\"},\"query-input\":\"required name=search_term_string\"}],\"inLanguage\":\"es\"},{\"@type\":\"Person\",\"@id\":\"https:\/\/www.tecdmx.org.mx\/#\/schema\/person\/208c898199fb3234203823c5f0cf31d6\",\"name\":\"Difusion2025\",\"image\":{\"@type\":\"ImageObject\",\"inLanguage\":\"es\",\"@id\":\"https:\/\/www.tecdmx.org.mx\/#\/schema\/person\/image\/\",\"url\":\"https:\/\/secure.gravatar.com\/avatar\/6f7a4ba3acb418040e90a2eb99b5df28?s=96&d=mm&r=g\",\"contentUrl\":\"https:\/\/secure.gravatar.com\/avatar\/6f7a4ba3acb418040e90a2eb99b5df28?s=96&d=mm&r=g\",\"caption\":\"Difusion2025\"}}]}<\/script>\n<!-- \/ Yoast SEO plugin. -->","yoast_head_json":{"title":"Resuelve TECDMX asuntos relacionados con COPACOS y Presupuesto Participativo - Tribunal Electoral de la Ciudad de M\u00e9xico","robots":{"index":"index","follow":"follow","max-snippet":"max-snippet:-1","max-image-preview":"max-image-preview:large","max-video-preview":"max-video-preview:-1"},"canonical":"https:\/\/www.tecdmx.org.mx\/index.php\/comunicados\/2020\/09\/02\/resuelve-tecdmx-asuntos-relacionados-con-copacos-y-presupuesto-participativo\/","og_locale":"es_ES","og_type":"article","og_title":"Resuelve TECDMX asuntos relacionados con COPACOS y Presupuesto Participativo - Tribunal Electoral de la Ciudad de M\u00e9xico","og_description":"Ciudad de M\u00e9xico, a 2 de septiembre de 2020 Bolet\u00edn N\u00ba 58 Se atendieron medios de impugnaci\u00f3n en donde las partes actoras impugnaban la elegibilidad, integraci\u00f3n y validez de los [&hellip;]","og_url":"https:\/\/www.tecdmx.org.mx\/index.php\/comunicados\/2020\/09\/02\/resuelve-tecdmx-asuntos-relacionados-con-copacos-y-presupuesto-participativo\/","og_site_name":"Tribunal Electoral de la Ciudad de M\u00e9xico","article_publisher":"https:\/\/www.facebook.com\/TECDMX\/","article_published_time":"2020-09-03T02:51:19+00:00","article_modified_time":"2020-09-03T02:51:20+00:00","og_image":[{"width":600,"height":366,"url":"https:\/\/www.tecdmx.org.mx\/wp-content\/uploads\/2020\/08\/comunicado_nuevo.jpg","type":"image\/jpeg"}],"author":"Difusion2025","twitter_card":"summary_large_image","twitter_creator":"@tecdmx","twitter_site":"@tecdmx","twitter_misc":{"Escrito por":"Difusion2025","Tiempo de lectura":"6 minutos"},"schema":{"@context":"https:\/\/schema.org","@graph":[{"@type":"WebPage","@id":"https:\/\/www.tecdmx.org.mx\/index.php\/comunicados\/2020\/09\/02\/resuelve-tecdmx-asuntos-relacionados-con-copacos-y-presupuesto-participativo\/","url":"https:\/\/www.tecdmx.org.mx\/index.php\/comunicados\/2020\/09\/02\/resuelve-tecdmx-asuntos-relacionados-con-copacos-y-presupuesto-participativo\/","name":"Resuelve TECDMX asuntos relacionados con COPACOS y Presupuesto Participativo - Tribunal Electoral de la Ciudad de M\u00e9xico","isPartOf":{"@id":"https:\/\/www.tecdmx.org.mx\/#website"},"primaryImageOfPage":{"@id":"https:\/\/www.tecdmx.org.mx\/index.php\/comunicados\/2020\/09\/02\/resuelve-tecdmx-asuntos-relacionados-con-copacos-y-presupuesto-participativo\/#primaryimage"},"image":{"@id":"https:\/\/www.tecdmx.org.mx\/index.php\/comunicados\/2020\/09\/02\/resuelve-tecdmx-asuntos-relacionados-con-copacos-y-presupuesto-participativo\/#primaryimage"},"thumbnailUrl":"https:\/\/www.tecdmx.org.mx\/wp-content\/uploads\/2020\/08\/comunicado_nuevo.jpg","datePublished":"2020-09-03T02:51:19+00:00","dateModified":"2020-09-03T02:51:20+00:00","author":{"@id":"https:\/\/www.tecdmx.org.mx\/#\/schema\/person\/208c898199fb3234203823c5f0cf31d6"},"breadcrumb":{"@id":"https:\/\/www.tecdmx.org.mx\/index.php\/comunicados\/2020\/09\/02\/resuelve-tecdmx-asuntos-relacionados-con-copacos-y-presupuesto-participativo\/#breadcrumb"},"inLanguage":"es","potentialAction":[{"@type":"ReadAction","target":["https:\/\/www.tecdmx.org.mx\/index.php\/comunicados\/2020\/09\/02\/resuelve-tecdmx-asuntos-relacionados-con-copacos-y-presupuesto-participativo\/"]}]},{"@type":"ImageObject","inLanguage":"es","@id":"https:\/\/www.tecdmx.org.mx\/index.php\/comunicados\/2020\/09\/02\/resuelve-tecdmx-asuntos-relacionados-con-copacos-y-presupuesto-participativo\/#primaryimage","url":"https:\/\/www.tecdmx.org.mx\/wp-content\/uploads\/2020\/08\/comunicado_nuevo.jpg","contentUrl":"https:\/\/www.tecdmx.org.mx\/wp-content\/uploads\/2020\/08\/comunicado_nuevo.jpg","width":600,"height":366},{"@type":"BreadcrumbList","@id":"https:\/\/www.tecdmx.org.mx\/index.php\/comunicados\/2020\/09\/02\/resuelve-tecdmx-asuntos-relacionados-con-copacos-y-presupuesto-participativo\/#breadcrumb","itemListElement":[{"@type":"ListItem","position":1,"name":"Portada","item":"https:\/\/www.tecdmx.org.mx\/"},{"@type":"ListItem","position":2,"name":"Resuelve TECDMX asuntos relacionados con COPACOS y Presupuesto Participativo"}]},{"@type":"WebSite","@id":"https:\/\/www.tecdmx.org.mx\/#website","url":"https:\/\/www.tecdmx.org.mx\/","name":"Tribunal Electoral de la Ciudad de M\u00e9xico","description":"25 a\u00f1os garantizando justicia en tu elecci\u00f3n","potentialAction":[{"@type":"SearchAction","target":{"@type":"EntryPoint","urlTemplate":"https:\/\/www.tecdmx.org.mx\/?s={search_term_string}"},"query-input":"required name=search_term_string"}],"inLanguage":"es"},{"@type":"Person","@id":"https:\/\/www.tecdmx.org.mx\/#\/schema\/person\/208c898199fb3234203823c5f0cf31d6","name":"Difusion2025","image":{"@type":"ImageObject","inLanguage":"es","@id":"https:\/\/www.tecdmx.org.mx\/#\/schema\/person\/image\/","url":"https:\/\/secure.gravatar.com\/avatar\/6f7a4ba3acb418040e90a2eb99b5df28?s=96&d=mm&r=g","contentUrl":"https:\/\/secure.gravatar.com\/avatar\/6f7a4ba3acb418040e90a2eb99b5df28?s=96&d=mm&r=g","caption":"Difusion2025"}}]}},"_links":{"self":[{"href":"https:\/\/www.tecdmx.org.mx\/index.php\/wp-json\/wp\/v2\/posts\/21479"}],"collection":[{"href":"https:\/\/www.tecdmx.org.mx\/index.php\/wp-json\/wp\/v2\/posts"}],"about":[{"href":"https:\/\/www.tecdmx.org.mx\/index.php\/wp-json\/wp\/v2\/types\/post"}],"author":[{"embeddable":true,"href":"https:\/\/www.tecdmx.org.mx\/index.php\/wp-json\/wp\/v2\/users\/13"}],"replies":[{"embeddable":true,"href":"https:\/\/www.tecdmx.org.mx\/index.php\/wp-json\/wp\/v2\/comments?post=21479"}],"version-history":[{"count":2,"href":"https:\/\/www.tecdmx.org.mx\/index.php\/wp-json\/wp\/v2\/posts\/21479\/revisions"}],"predecessor-version":[{"id":21482,"href":"https:\/\/www.tecdmx.org.mx\/index.php\/wp-json\/wp\/v2\/posts\/21479\/revisions\/21482"}],"wp:featuredmedia":[{"embeddable":true,"href":"https:\/\/www.tecdmx.org.mx\/index.php\/wp-json\/wp\/v2\/media\/21168"}],"wp:attachment":[{"href":"https:\/\/www.tecdmx.org.mx\/index.php\/wp-json\/wp\/v2\/media?parent=21479"}],"wp:term":[{"taxonomy":"category","embeddable":true,"href":"https:\/\/www.tecdmx.org.mx\/index.php\/wp-json\/wp\/v2\/categories?post=21479"},{"taxonomy":"post_tag","embeddable":true,"href":"https:\/\/www.tecdmx.org.mx\/index.php\/wp-json\/wp\/v2\/tags?post=21479"}],"curies":[{"name":"wp","href":"https:\/\/api.w.org\/{rel}","templated":true}]}}