{"id":21853,"date":"2020-09-10T19:33:05","date_gmt":"2020-09-11T00:33:05","guid":{"rendered":"https:\/\/www.tecdmx.org.mx\/?p=21853"},"modified":"2020-09-10T19:33:06","modified_gmt":"2020-09-11T00:33:06","slug":"determina-tecdmx-anular-elecciones-en-las-unidades-territoriales-buenavista-ii-juarez-morelos-i-y-ii-nonoalco-tlatelolco-u-hab-i-paulino-navarro-peralvillo-i-roma-norte-ii-en-la-demarcacion-t","status":"publish","type":"post","link":"https:\/\/www.tecdmx.org.mx\/index.php\/comunicados\/2020\/09\/10\/determina-tecdmx-anular-elecciones-en-las-unidades-territoriales-buenavista-ii-juarez-morelos-i-y-ii-nonoalco-tlatelolco-u-hab-i-paulino-navarro-peralvillo-i-roma-norte-ii-en-la-demarcacion-t\/","title":{"rendered":"Determina TECDMX anular elecciones en las unidades territoriales Buenavista II, Ju\u00e1rez, Morelos I y II, Nonoalco-Tlatelolco  (U HAB) I, Paulino Navarro, Peralvillo I, Roma Norte II en la demarcaci\u00f3n territorial Cuauht\u00e9moc"},"content":{"rendered":"\n<p class=\"has-text-align-right\">Ciudad de M\u00e9xico, a 10 de septiembre de 2020<\/p>\n\n\n\n<p class=\"has-text-align-right\"><strong>Bolet\u00edn N\u00ba 60<\/strong><\/p>\n\n\n\n<ul><li>La\nanulaci\u00f3n se da a causa de fallas en el sistema electr\u00f3nico de votaci\u00f3n y el\nbajo porcentaje de votaci\u00f3n emitida a causa de estas.<\/li><li>Se\norden\u00f3 al IECM realizar las acciones necesarias para la celebraci\u00f3n de\nelecciones extraordinarias en dichas unidades territoriales<\/li><\/ul>\n\n\n\n<p>En Sesi\u00f3n P\u00fablica de resoluci\u00f3n a distancia por videoconferencia,\ncelebrada este jueves 10 de septiembre, respecto de los Juicios Electorales 125\ny sus acumulados<a href=\"#_ftn1\"><sup>[1]<\/sup><\/a>,\n127, 135 y acumulados<a href=\"#_ftn2\">[2]<\/a>,\n150 y acumulados<a href=\"#_ftn3\">[3]<\/a>,\n163 y acumulados<a href=\"#_ftn4\">[4]<\/a>,\n185 y acumulados<a href=\"#_ftn5\">[5]<\/a>,\n261 y acumulados<a href=\"#_ftn6\">[6]<\/a>,\nas\u00ed como el 297, el Tribunal Electoral de la Ciudad de M\u00e9xico determin\u00f3 anular\nla elecci\u00f3n de las Comisiones de Participaci\u00f3n Comunitaria (COPACO) de las\nUnidades Territoriales <strong>Buenavista II, Ju\u00e1rez, Morelos I y II,\nNonoalco-Tlatelolco<\/strong> (U HAB) I,<strong> Paulino Navarro, Peralvillo I<\/strong>, <strong>Roma Norte II<\/strong> todas de la Demarcaci\u00f3n Territorial Cuauht\u00e9moc.\n<\/p>\n\n\n\n<p>De igual forma en las Unidades Territoriales <strong>Ju\u00e1rez,<\/strong> <strong>Nonoalco-Tlatelolco\n(U HAB), Paulino Navarro, y Peralvillo I,<\/strong> tambi\u00e9n se declar\u00f3 la nulidad de\nlas opiniones recibidas en las Consultas Ciudadanas de Presupuesto\nParticipativo 2020 y 2021.&nbsp;&nbsp; <\/p>\n\n\n\n<p>Por los motivos siguientes:<\/p>\n\n\n\n<ul><li>El Sistema Electr\u00f3nico por Internet (SEI)      implementado por el Instituto Electoral de la Ciudad de M\u00e9xico (IECM) para      la emisi\u00f3n de votaci\u00f3n y opini\u00f3n presencial, tuvo fallas desde el inicio      de la Jornada Electiva de recepci\u00f3n de Votaci\u00f3n y de Opini\u00f3n, por ende, la      ciudadan\u00eda no estuvo en posibilidad de emitir su voto y opini\u00f3n.<\/li><li>La votaci\u00f3n y opini\u00f3n emitidas corresponde a un porcentaje bajo respecto del hist\u00f3rico desarrollado en las Mesas Receptoras de dichas Unidades en los tres procesos de participaci\u00f3n ciudadana anteriores (2010-2011, 2013 y 2016).<\/li><li>Actos de violencia que propiciaron la      suspensi\u00f3n definitiva de la votaci\u00f3n y opini\u00f3n.<\/li><li>Cierre anticipado de Mesas Receptoras de      Votaci\u00f3n y Opini\u00f3n.<\/li><\/ul>\n\n\n\n<p>En ese sentido, se concluy\u00f3 que las medidas implementadas por dicho\nInstituto fueron realizadas en contravenci\u00f3n a los principios de certeza y\nlegalidad, ya que el mismo d\u00eda de la Jornada Electiva se suspendi\u00f3 la votaci\u00f3n\ny cambi\u00f3 el mecanismo, de la modalidad presencial del Sistema Electr\u00f3nico por\nInternet, a boletas tradicionales, con la consecuente ampliaci\u00f3n del horario de\nvotaci\u00f3n, o bien, cierre anticipado. <\/p>\n\n\n\n<p>Por estos motivos, el TECDMX determin\u00f3:<\/p>\n\n\n\n<ul><li>Anular las elecciones y opiniones en dichas\n     Unidades Territoriales;<\/li><li>Revocar las Constancias de Asignaci\u00f3n e\n     Integraci\u00f3n de las personas integrantes de las COPACO, as\u00ed como dejar sin\n     efectos la toma de protesta realizada por el Instituto a las personas\n     integrantes.<\/li><li>Revocar\n     la validaci\u00f3n de las Consultas de Presupuesto Participativo 2020 y 2021. &nbsp;<\/li><li>Ordenar\n     al IECM emitir las Convocatorias correspondientes a la Jornada Electiva\n     Extraordinaria<a>, aplicando en la medida de lo\n     posible las medidas que al efecto hayan establecido las autoridades\n     competentes con motivo de la actual contingencia sanitaria<\/a>.<\/li><li>Difundir\n     entre las personas de las citadas Unidades Territoriales la celebraci\u00f3n de\n     la Jornada Electiva Extraordinaria, as\u00ed como las fechas y t\u00e9rminos en que\n     se llevar\u00e1 a cabo. <\/li><\/ul>\n\n\n\n<p>.<\/p>\n\n\n\n<p class=\"has-text-align-center\"><strong>o-O-o<\/strong><\/p>\n\n\n\n<p>*Los criterios para las resoluciones de\neste Pleno son coincidentes.<br><\/p>\n\n\n\n<hr class=\"wp-block-separator\"\/>\n\n\n\n<p><a href=\"#_ftnref1\">[1]<\/a> TECDMX-JEL-126\/2020 y TECDMX-JEL-151\/2020.<\/p>\n\n\n\n<p><a href=\"#_ftnref2\">[2]<\/a> TECDMX-JEL-138\/2020 y TECDMX-JEL-255\/2020.<\/p>\n\n\n\n<p><a href=\"#_ftnref3\">[3]<\/a> TECDMX-JEL-260\/2020, TECDMX-JEL-262\/2020,\nTECDMX-JEL-266\/2020, TECDMX-JEL-267\/2020 y TECDMX-JEL-335\/202.<\/p>\n\n\n\n<p><a href=\"#_ftnref4\">[4]<\/a> TECDMX-JEL-164\/2020 al TECDMX-JEL-167\/2020,\nTECDMX-JEL-232\/2020 y TECDMX-JEL-331\/2020.<\/p>\n\n\n\n<p><a href=\"#_ftnref5\">[5]<\/a> TECDMX-JEL-186\/2020 al TECDMX-JEL-191\/2020.<\/p>\n\n\n\n<p><a href=\"#_ftnref6\">[6]<\/a> TECDMX-JEL-272\/2020 y TECDMX-JEL-273\/2020.<\/p>\n","protected":false},"excerpt":{"rendered":"<p>Ciudad de M\u00e9xico, a 10 de septiembre de 2020 Bolet\u00edn N\u00ba 60 La anulaci\u00f3n se da a causa de fallas en el sistema electr\u00f3nico de votaci\u00f3n y el bajo porcentaje [&hellip;]<\/p>\n","protected":false},"author":13,"featured_media":21168,"comment_status":"open","ping_status":"open","sticky":false,"template":"","format":"standard","meta":{"_acf_changed":false,"_exactmetrics_skip_tracking":false,"_exactmetrics_sitenote_active":false,"_exactmetrics_sitenote_note":"","_exactmetrics_sitenote_category":0,"footnotes":""},"categories":[32,47],"tags":[],"acf":[],"yoast_head":"<!-- This site is optimized with the Yoast SEO plugin v22.3 - https:\/\/yoast.com\/wordpress\/plugins\/seo\/ -->\n<title>Determina TECDMX anular elecciones en las unidades territoriales Buenavista II, Ju\u00e1rez, Morelos I y II, Nonoalco-Tlatelolco (U HAB) I, Paulino Navarro, Peralvillo I, Roma Norte II en la demarcaci\u00f3n territorial Cuauht\u00e9moc - Tribunal Electoral de la Ciudad de M\u00e9xico<\/title>\n<meta name=\"robots\" content=\"index, follow, max-snippet:-1, max-image-preview:large, max-video-preview:-1\" \/>\n<link rel=\"canonical\" href=\"https:\/\/www.tecdmx.org.mx\/index.php\/comunicados\/2020\/09\/10\/determina-tecdmx-anular-elecciones-en-las-unidades-territoriales-buenavista-ii-juarez-morelos-i-y-ii-nonoalco-tlatelolco-u-hab-i-paulino-navarro-peralvillo-i-roma-norte-ii-en-la-demarcacion-t\/\" \/>\n<meta property=\"og:locale\" content=\"es_ES\" \/>\n<meta property=\"og:type\" content=\"article\" \/>\n<meta property=\"og:title\" content=\"Determina TECDMX anular elecciones en las unidades territoriales Buenavista II, Ju\u00e1rez, Morelos I y II, Nonoalco-Tlatelolco (U HAB) I, Paulino Navarro, Peralvillo I, Roma Norte II en la demarcaci\u00f3n territorial Cuauht\u00e9moc - Tribunal Electoral de la Ciudad de M\u00e9xico\" \/>\n<meta property=\"og:description\" content=\"Ciudad de M\u00e9xico, a 10 de septiembre de 2020 Bolet\u00edn N\u00ba 60 La anulaci\u00f3n se da a causa de fallas en el sistema electr\u00f3nico de votaci\u00f3n y el bajo porcentaje [&hellip;]\" \/>\n<meta property=\"og:url\" content=\"https:\/\/www.tecdmx.org.mx\/index.php\/comunicados\/2020\/09\/10\/determina-tecdmx-anular-elecciones-en-las-unidades-territoriales-buenavista-ii-juarez-morelos-i-y-ii-nonoalco-tlatelolco-u-hab-i-paulino-navarro-peralvillo-i-roma-norte-ii-en-la-demarcacion-t\/\" \/>\n<meta property=\"og:site_name\" content=\"Tribunal Electoral de la Ciudad de M\u00e9xico\" \/>\n<meta property=\"article:publisher\" content=\"https:\/\/www.facebook.com\/TECDMX\/\" \/>\n<meta property=\"article:published_time\" content=\"2020-09-11T00:33:05+00:00\" \/>\n<meta property=\"article:modified_time\" content=\"2020-09-11T00:33:06+00:00\" \/>\n<meta property=\"og:image\" content=\"https:\/\/www.tecdmx.org.mx\/wp-content\/uploads\/2020\/08\/comunicado_nuevo.jpg\" \/>\n\t<meta property=\"og:image:width\" content=\"600\" \/>\n\t<meta property=\"og:image:height\" content=\"366\" \/>\n\t<meta property=\"og:image:type\" content=\"image\/jpeg\" \/>\n<meta name=\"author\" content=\"Difusion2025\" \/>\n<meta name=\"twitter:card\" content=\"summary_large_image\" \/>\n<meta name=\"twitter:creator\" content=\"@tecdmx\" \/>\n<meta name=\"twitter:site\" content=\"@tecdmx\" \/>\n<meta name=\"twitter:label1\" content=\"Escrito por\" \/>\n\t<meta name=\"twitter:data1\" content=\"Difusion2025\" \/>\n\t<meta name=\"twitter:label2\" content=\"Tiempo de lectura\" \/>\n\t<meta name=\"twitter:data2\" content=\"3 minutos\" \/>\n<script type=\"application\/ld+json\" class=\"yoast-schema-graph\">{\"@context\":\"https:\/\/schema.org\",\"@graph\":[{\"@type\":\"WebPage\",\"@id\":\"https:\/\/www.tecdmx.org.mx\/index.php\/comunicados\/2020\/09\/10\/determina-tecdmx-anular-elecciones-en-las-unidades-territoriales-buenavista-ii-juarez-morelos-i-y-ii-nonoalco-tlatelolco-u-hab-i-paulino-navarro-peralvillo-i-roma-norte-ii-en-la-demarcacion-t\/\",\"url\":\"https:\/\/www.tecdmx.org.mx\/index.php\/comunicados\/2020\/09\/10\/determina-tecdmx-anular-elecciones-en-las-unidades-territoriales-buenavista-ii-juarez-morelos-i-y-ii-nonoalco-tlatelolco-u-hab-i-paulino-navarro-peralvillo-i-roma-norte-ii-en-la-demarcacion-t\/\",\"name\":\"Determina TECDMX anular elecciones en las unidades territoriales Buenavista II, Ju\u00e1rez, Morelos I y II, Nonoalco-Tlatelolco (U HAB) I, Paulino Navarro, Peralvillo I, Roma Norte II en la demarcaci\u00f3n territorial Cuauht\u00e9moc - Tribunal Electoral de la Ciudad de M\u00e9xico\",\"isPartOf\":{\"@id\":\"https:\/\/www.tecdmx.org.mx\/#website\"},\"primaryImageOfPage\":{\"@id\":\"https:\/\/www.tecdmx.org.mx\/index.php\/comunicados\/2020\/09\/10\/determina-tecdmx-anular-elecciones-en-las-unidades-territoriales-buenavista-ii-juarez-morelos-i-y-ii-nonoalco-tlatelolco-u-hab-i-paulino-navarro-peralvillo-i-roma-norte-ii-en-la-demarcacion-t\/#primaryimage\"},\"image\":{\"@id\":\"https:\/\/www.tecdmx.org.mx\/index.php\/comunicados\/2020\/09\/10\/determina-tecdmx-anular-elecciones-en-las-unidades-territoriales-buenavista-ii-juarez-morelos-i-y-ii-nonoalco-tlatelolco-u-hab-i-paulino-navarro-peralvillo-i-roma-norte-ii-en-la-demarcacion-t\/#primaryimage\"},\"thumbnailUrl\":\"https:\/\/www.tecdmx.org.mx\/wp-content\/uploads\/2020\/08\/comunicado_nuevo.jpg\",\"datePublished\":\"2020-09-11T00:33:05+00:00\",\"dateModified\":\"2020-09-11T00:33:06+00:00\",\"author\":{\"@id\":\"https:\/\/www.tecdmx.org.mx\/#\/schema\/person\/208c898199fb3234203823c5f0cf31d6\"},\"breadcrumb\":{\"@id\":\"https:\/\/www.tecdmx.org.mx\/index.php\/comunicados\/2020\/09\/10\/determina-tecdmx-anular-elecciones-en-las-unidades-territoriales-buenavista-ii-juarez-morelos-i-y-ii-nonoalco-tlatelolco-u-hab-i-paulino-navarro-peralvillo-i-roma-norte-ii-en-la-demarcacion-t\/#breadcrumb\"},\"inLanguage\":\"es\",\"potentialAction\":[{\"@type\":\"ReadAction\",\"target\":[\"https:\/\/www.tecdmx.org.mx\/index.php\/comunicados\/2020\/09\/10\/determina-tecdmx-anular-elecciones-en-las-unidades-territoriales-buenavista-ii-juarez-morelos-i-y-ii-nonoalco-tlatelolco-u-hab-i-paulino-navarro-peralvillo-i-roma-norte-ii-en-la-demarcacion-t\/\"]}]},{\"@type\":\"ImageObject\",\"inLanguage\":\"es\",\"@id\":\"https:\/\/www.tecdmx.org.mx\/index.php\/comunicados\/2020\/09\/10\/determina-tecdmx-anular-elecciones-en-las-unidades-territoriales-buenavista-ii-juarez-morelos-i-y-ii-nonoalco-tlatelolco-u-hab-i-paulino-navarro-peralvillo-i-roma-norte-ii-en-la-demarcacion-t\/#primaryimage\",\"url\":\"https:\/\/www.tecdmx.org.mx\/wp-content\/uploads\/2020\/08\/comunicado_nuevo.jpg\",\"contentUrl\":\"https:\/\/www.tecdmx.org.mx\/wp-content\/uploads\/2020\/08\/comunicado_nuevo.jpg\",\"width\":600,\"height\":366},{\"@type\":\"BreadcrumbList\",\"@id\":\"https:\/\/www.tecdmx.org.mx\/index.php\/comunicados\/2020\/09\/10\/determina-tecdmx-anular-elecciones-en-las-unidades-territoriales-buenavista-ii-juarez-morelos-i-y-ii-nonoalco-tlatelolco-u-hab-i-paulino-navarro-peralvillo-i-roma-norte-ii-en-la-demarcacion-t\/#breadcrumb\",\"itemListElement\":[{\"@type\":\"ListItem\",\"position\":1,\"name\":\"Portada\",\"item\":\"https:\/\/www.tecdmx.org.mx\/\"},{\"@type\":\"ListItem\",\"position\":2,\"name\":\"Determina TECDMX anular elecciones en las unidades territoriales Buenavista II, Ju\u00e1rez, Morelos I y II, Nonoalco-Tlatelolco (U HAB) I, Paulino Navarro, Peralvillo I, Roma Norte II en la demarcaci\u00f3n territorial Cuauht\u00e9moc\"}]},{\"@type\":\"WebSite\",\"@id\":\"https:\/\/www.tecdmx.org.mx\/#website\",\"url\":\"https:\/\/www.tecdmx.org.mx\/\",\"name\":\"Tribunal Electoral de la Ciudad de M\u00e9xico\",\"description\":\"25 a\u00f1os garantizando justicia en tu elecci\u00f3n\",\"potentialAction\":[{\"@type\":\"SearchAction\",\"target\":{\"@type\":\"EntryPoint\",\"urlTemplate\":\"https:\/\/www.tecdmx.org.mx\/?s={search_term_string}\"},\"query-input\":\"required name=search_term_string\"}],\"inLanguage\":\"es\"},{\"@type\":\"Person\",\"@id\":\"https:\/\/www.tecdmx.org.mx\/#\/schema\/person\/208c898199fb3234203823c5f0cf31d6\",\"name\":\"Difusion2025\",\"image\":{\"@type\":\"ImageObject\",\"inLanguage\":\"es\",\"@id\":\"https:\/\/www.tecdmx.org.mx\/#\/schema\/person\/image\/\",\"url\":\"https:\/\/secure.gravatar.com\/avatar\/6f7a4ba3acb418040e90a2eb99b5df28?s=96&d=mm&r=g\",\"contentUrl\":\"https:\/\/secure.gravatar.com\/avatar\/6f7a4ba3acb418040e90a2eb99b5df28?s=96&d=mm&r=g\",\"caption\":\"Difusion2025\"}}]}<\/script>\n<!-- \/ Yoast SEO plugin. -->","yoast_head_json":{"title":"Determina TECDMX anular elecciones en las unidades territoriales Buenavista II, Ju\u00e1rez, Morelos I y II, Nonoalco-Tlatelolco (U HAB) I, Paulino Navarro, Peralvillo I, Roma Norte II en la demarcaci\u00f3n territorial Cuauht\u00e9moc - Tribunal Electoral de la Ciudad de M\u00e9xico","robots":{"index":"index","follow":"follow","max-snippet":"max-snippet:-1","max-image-preview":"max-image-preview:large","max-video-preview":"max-video-preview:-1"},"canonical":"https:\/\/www.tecdmx.org.mx\/index.php\/comunicados\/2020\/09\/10\/determina-tecdmx-anular-elecciones-en-las-unidades-territoriales-buenavista-ii-juarez-morelos-i-y-ii-nonoalco-tlatelolco-u-hab-i-paulino-navarro-peralvillo-i-roma-norte-ii-en-la-demarcacion-t\/","og_locale":"es_ES","og_type":"article","og_title":"Determina TECDMX anular elecciones en las unidades territoriales Buenavista II, Ju\u00e1rez, Morelos I y II, Nonoalco-Tlatelolco (U HAB) I, Paulino Navarro, Peralvillo I, Roma Norte II en la demarcaci\u00f3n territorial Cuauht\u00e9moc - Tribunal Electoral de la Ciudad de M\u00e9xico","og_description":"Ciudad de M\u00e9xico, a 10 de septiembre de 2020 Bolet\u00edn N\u00ba 60 La anulaci\u00f3n se da a causa de fallas en el sistema electr\u00f3nico de votaci\u00f3n y el bajo porcentaje [&hellip;]","og_url":"https:\/\/www.tecdmx.org.mx\/index.php\/comunicados\/2020\/09\/10\/determina-tecdmx-anular-elecciones-en-las-unidades-territoriales-buenavista-ii-juarez-morelos-i-y-ii-nonoalco-tlatelolco-u-hab-i-paulino-navarro-peralvillo-i-roma-norte-ii-en-la-demarcacion-t\/","og_site_name":"Tribunal Electoral de la Ciudad de M\u00e9xico","article_publisher":"https:\/\/www.facebook.com\/TECDMX\/","article_published_time":"2020-09-11T00:33:05+00:00","article_modified_time":"2020-09-11T00:33:06+00:00","og_image":[{"width":600,"height":366,"url":"https:\/\/www.tecdmx.org.mx\/wp-content\/uploads\/2020\/08\/comunicado_nuevo.jpg","type":"image\/jpeg"}],"author":"Difusion2025","twitter_card":"summary_large_image","twitter_creator":"@tecdmx","twitter_site":"@tecdmx","twitter_misc":{"Escrito por":"Difusion2025","Tiempo de lectura":"3 minutos"},"schema":{"@context":"https:\/\/schema.org","@graph":[{"@type":"WebPage","@id":"https:\/\/www.tecdmx.org.mx\/index.php\/comunicados\/2020\/09\/10\/determina-tecdmx-anular-elecciones-en-las-unidades-territoriales-buenavista-ii-juarez-morelos-i-y-ii-nonoalco-tlatelolco-u-hab-i-paulino-navarro-peralvillo-i-roma-norte-ii-en-la-demarcacion-t\/","url":"https:\/\/www.tecdmx.org.mx\/index.php\/comunicados\/2020\/09\/10\/determina-tecdmx-anular-elecciones-en-las-unidades-territoriales-buenavista-ii-juarez-morelos-i-y-ii-nonoalco-tlatelolco-u-hab-i-paulino-navarro-peralvillo-i-roma-norte-ii-en-la-demarcacion-t\/","name":"Determina TECDMX anular elecciones en las unidades territoriales Buenavista II, Ju\u00e1rez, Morelos I y II, Nonoalco-Tlatelolco (U HAB) I, Paulino Navarro, Peralvillo I, Roma Norte II en la demarcaci\u00f3n territorial Cuauht\u00e9moc - Tribunal Electoral de la Ciudad de M\u00e9xico","isPartOf":{"@id":"https:\/\/www.tecdmx.org.mx\/#website"},"primaryImageOfPage":{"@id":"https:\/\/www.tecdmx.org.mx\/index.php\/comunicados\/2020\/09\/10\/determina-tecdmx-anular-elecciones-en-las-unidades-territoriales-buenavista-ii-juarez-morelos-i-y-ii-nonoalco-tlatelolco-u-hab-i-paulino-navarro-peralvillo-i-roma-norte-ii-en-la-demarcacion-t\/#primaryimage"},"image":{"@id":"https:\/\/www.tecdmx.org.mx\/index.php\/comunicados\/2020\/09\/10\/determina-tecdmx-anular-elecciones-en-las-unidades-territoriales-buenavista-ii-juarez-morelos-i-y-ii-nonoalco-tlatelolco-u-hab-i-paulino-navarro-peralvillo-i-roma-norte-ii-en-la-demarcacion-t\/#primaryimage"},"thumbnailUrl":"https:\/\/www.tecdmx.org.mx\/wp-content\/uploads\/2020\/08\/comunicado_nuevo.jpg","datePublished":"2020-09-11T00:33:05+00:00","dateModified":"2020-09-11T00:33:06+00:00","author":{"@id":"https:\/\/www.tecdmx.org.mx\/#\/schema\/person\/208c898199fb3234203823c5f0cf31d6"},"breadcrumb":{"@id":"https:\/\/www.tecdmx.org.mx\/index.php\/comunicados\/2020\/09\/10\/determina-tecdmx-anular-elecciones-en-las-unidades-territoriales-buenavista-ii-juarez-morelos-i-y-ii-nonoalco-tlatelolco-u-hab-i-paulino-navarro-peralvillo-i-roma-norte-ii-en-la-demarcacion-t\/#breadcrumb"},"inLanguage":"es","potentialAction":[{"@type":"ReadAction","target":["https:\/\/www.tecdmx.org.mx\/index.php\/comunicados\/2020\/09\/10\/determina-tecdmx-anular-elecciones-en-las-unidades-territoriales-buenavista-ii-juarez-morelos-i-y-ii-nonoalco-tlatelolco-u-hab-i-paulino-navarro-peralvillo-i-roma-norte-ii-en-la-demarcacion-t\/"]}]},{"@type":"ImageObject","inLanguage":"es","@id":"https:\/\/www.tecdmx.org.mx\/index.php\/comunicados\/2020\/09\/10\/determina-tecdmx-anular-elecciones-en-las-unidades-territoriales-buenavista-ii-juarez-morelos-i-y-ii-nonoalco-tlatelolco-u-hab-i-paulino-navarro-peralvillo-i-roma-norte-ii-en-la-demarcacion-t\/#primaryimage","url":"https:\/\/www.tecdmx.org.mx\/wp-content\/uploads\/2020\/08\/comunicado_nuevo.jpg","contentUrl":"https:\/\/www.tecdmx.org.mx\/wp-content\/uploads\/2020\/08\/comunicado_nuevo.jpg","width":600,"height":366},{"@type":"BreadcrumbList","@id":"https:\/\/www.tecdmx.org.mx\/index.php\/comunicados\/2020\/09\/10\/determina-tecdmx-anular-elecciones-en-las-unidades-territoriales-buenavista-ii-juarez-morelos-i-y-ii-nonoalco-tlatelolco-u-hab-i-paulino-navarro-peralvillo-i-roma-norte-ii-en-la-demarcacion-t\/#breadcrumb","itemListElement":[{"@type":"ListItem","position":1,"name":"Portada","item":"https:\/\/www.tecdmx.org.mx\/"},{"@type":"ListItem","position":2,"name":"Determina TECDMX anular elecciones en las unidades territoriales Buenavista II, Ju\u00e1rez, Morelos I y II, Nonoalco-Tlatelolco (U HAB) I, Paulino Navarro, Peralvillo I, Roma Norte II en la demarcaci\u00f3n territorial Cuauht\u00e9moc"}]},{"@type":"WebSite","@id":"https:\/\/www.tecdmx.org.mx\/#website","url":"https:\/\/www.tecdmx.org.mx\/","name":"Tribunal Electoral de la Ciudad de M\u00e9xico","description":"25 a\u00f1os garantizando justicia en tu elecci\u00f3n","potentialAction":[{"@type":"SearchAction","target":{"@type":"EntryPoint","urlTemplate":"https:\/\/www.tecdmx.org.mx\/?s={search_term_string}"},"query-input":"required name=search_term_string"}],"inLanguage":"es"},{"@type":"Person","@id":"https:\/\/www.tecdmx.org.mx\/#\/schema\/person\/208c898199fb3234203823c5f0cf31d6","name":"Difusion2025","image":{"@type":"ImageObject","inLanguage":"es","@id":"https:\/\/www.tecdmx.org.mx\/#\/schema\/person\/image\/","url":"https:\/\/secure.gravatar.com\/avatar\/6f7a4ba3acb418040e90a2eb99b5df28?s=96&d=mm&r=g","contentUrl":"https:\/\/secure.gravatar.com\/avatar\/6f7a4ba3acb418040e90a2eb99b5df28?s=96&d=mm&r=g","caption":"Difusion2025"}}]}},"_links":{"self":[{"href":"https:\/\/www.tecdmx.org.mx\/index.php\/wp-json\/wp\/v2\/posts\/21853"}],"collection":[{"href":"https:\/\/www.tecdmx.org.mx\/index.php\/wp-json\/wp\/v2\/posts"}],"about":[{"href":"https:\/\/www.tecdmx.org.mx\/index.php\/wp-json\/wp\/v2\/types\/post"}],"author":[{"embeddable":true,"href":"https:\/\/www.tecdmx.org.mx\/index.php\/wp-json\/wp\/v2\/users\/13"}],"replies":[{"embeddable":true,"href":"https:\/\/www.tecdmx.org.mx\/index.php\/wp-json\/wp\/v2\/comments?post=21853"}],"version-history":[{"count":2,"href":"https:\/\/www.tecdmx.org.mx\/index.php\/wp-json\/wp\/v2\/posts\/21853\/revisions"}],"predecessor-version":[{"id":21856,"href":"https:\/\/www.tecdmx.org.mx\/index.php\/wp-json\/wp\/v2\/posts\/21853\/revisions\/21856"}],"wp:featuredmedia":[{"embeddable":true,"href":"https:\/\/www.tecdmx.org.mx\/index.php\/wp-json\/wp\/v2\/media\/21168"}],"wp:attachment":[{"href":"https:\/\/www.tecdmx.org.mx\/index.php\/wp-json\/wp\/v2\/media?parent=21853"}],"wp:term":[{"taxonomy":"category","embeddable":true,"href":"https:\/\/www.tecdmx.org.mx\/index.php\/wp-json\/wp\/v2\/categories?post=21853"},{"taxonomy":"post_tag","embeddable":true,"href":"https:\/\/www.tecdmx.org.mx\/index.php\/wp-json\/wp\/v2\/tags?post=21853"}],"curies":[{"name":"wp","href":"https:\/\/api.w.org\/{rel}","templated":true}]}}