{"id":22082,"date":"2020-09-16T19:45:26","date_gmt":"2020-09-17T00:45:26","guid":{"rendered":"https:\/\/www.tecdmx.org.mx\/?p=22082"},"modified":"2020-09-16T19:46:46","modified_gmt":"2020-09-17T00:46:46","slug":"determina-tecdmx-anular-elecciones-en-las-unidades-territoriales-centro-ii-guerrero-iii-y-doctores-v-en-la-demarcacion-territorial-cuauhtemoc","status":"publish","type":"post","link":"https:\/\/www.tecdmx.org.mx\/index.php\/destacados\/2020\/09\/16\/determina-tecdmx-anular-elecciones-en-las-unidades-territoriales-centro-ii-guerrero-iii-y-doctores-v-en-la-demarcacion-territorial-cuauhtemoc\/","title":{"rendered":"Determina TECDMX anular elecciones en las unidades territoriales Centro II, Guerrero III y Doctores V en la demarcaci\u00f3n territorial Cuauht\u00e9moc"},"content":{"rendered":"\n<p>Ciudad de M\u00e9xico, a 16 de septiembre de 2020<\/p>\n\n\n\n<p>Bolet\u00edn N\u00ba 62<\/p>\n\n\n\n<p>Determina TECDMX anular elecciones en las unidades territoriales Centro II,<\/p>\n\n\n\n<p>Guerrero III y Doctores V en la demarcaci\u00f3n territorial Cuauht\u00e9moc<\/p>\n\n\n\n<p>\u2022 Se ordena al IECM realizar las acciones necesarias para la celebraci\u00f3n de elecciones extraordinarias en<\/p>\n\n\n\n<p>dichas unidades territoriales<\/p>\n\n\n\n<p>\u2022 20 proyectos fueron rechazados y se returnar\u00e1n a las diferentes Ponencias para presentar una nueva<\/p>\n\n\n\n<p>propuesta de resoluci\u00f3n<\/p>\n\n\n\n<p>En Sesi\u00f3n P\u00fablica de resoluci\u00f3n a distancia por videoconferencia, celebrada este mi\u00e9rcoles 16 de<\/p>\n\n\n\n<p>septiembre, en los Juicios Electorales 124 y sus acumulados1, 277 y 322, todos de esta anualidad, el<\/p>\n\n\n\n<p>Tribunal Electoral de la Ciudad de M\u00e9xico determin\u00f3 anular la elecci\u00f3n de las Comisiones de<\/p>\n\n\n\n<p>Participaci\u00f3n Comunitaria (COPACO) de las Unidades Territoriales Centro II, Guerrero III y Doctores<\/p>\n\n\n\n<p>V, todas de la demarcaci\u00f3n territorial Cuauht\u00e9moc.<\/p>\n\n\n\n<p>Lo anterior, por los motivos siguientes:<\/p>\n\n\n\n<p>\u2022 El Sistema Electr\u00f3nico por Internet (SEI) implementado por el Instituto Electoral de la Ciudad<\/p>\n\n\n\n<p>de M\u00e9xico (IECM) para la emisi\u00f3n de votaci\u00f3n y opini\u00f3n presencial, tuvo fallas desde el inicio<\/p>\n\n\n\n<p>de la Jornada Electiva de recepci\u00f3n de Votaci\u00f3n y de Opini\u00f3n, por ende, la ciudadan\u00eda no<\/p>\n\n\n\n<p>estuvo en posibilidad de emitir su voto.<\/p>\n\n\n\n<p>\u2022 Se suscitaron actos de violencia en las mesas receptoras por parte de personas inconformes<\/p>\n\n\n\n<p>que se llevaron la lista nominal, abrieron las urnas y rompieron boletas. Estos actos<\/p>\n\n\n\n<p>propiciaron el cierre anticipado y la suspensi\u00f3n definitiva de la votaci\u00f3n.<\/p>\n\n\n\n<p>Dado lo anterior, se consider\u00f3 que las irregularidades acreditadas fueron determinantes para el<\/p>\n\n\n\n<p>resultado de la elecci\u00f3n, pues se vulner\u00f3 tanto el derecho de la ciudadan\u00eda de las referidas unidades<\/p>\n\n\n\n<p>territoriales a emitir su voto, como el principio de certeza electoral.<\/p>\n\n\n\n<p>1 TECDMX-JEL-278\/2020 y TECDMX-JEL-336\/2020.<\/p>\n\n\n\n<p>Por estos motivos, el TECDMX determin\u00f3:<\/p>\n\n\n\n<p>\u2022 Anular las elecciones en dichas Unidades Territoriales;<\/p>\n\n\n\n<p>\u2022 Revocar las Constancias de Asignaci\u00f3n e Integraci\u00f3n de las COPACO.<\/p>\n\n\n\n<p>\u2022 Dejar sin efectos la toma de protesta realizada por el IECM a las personas integrantes de las<\/p>\n\n\n\n<p>COPACO.<\/p>\n\n\n\n<p>\u2022 Ordenar al IECM emitir las Convocatorias correspondientes a la Jornada Electiva<\/p>\n\n\n\n<p>Extraordinaria, aplicando las medidas que al efecto hayan establecido las autoridades<\/p>\n\n\n\n<p>competentes con motivo de la actual contingencia sanitaria.<\/p>\n\n\n\n<p>\u2022 Difundir entre las personas de las citadas Unidades Territoriales la celebraci\u00f3n de la Jornada<\/p>\n\n\n\n<p>Electiva Extraordinaria, as\u00ed como las fechas y t\u00e9rminos en que se llevar\u00e1 a cabo.<\/p>\n\n\n\n<p>Adem\u00e1s, durante la Sesi\u00f3n P\u00fablica se presentaron 18 Juicios Electorales2 y 2 Juicios de la Ciudadan\u00eda3,<\/p>\n\n\n\n<p>asuntos en los que se propon\u00eda el desechamiento.<\/p>\n\n\n\n<p>Sin embargo, al ser rechazados por la mayor\u00eda de las Magistraturas, se returnar\u00e1n a las Ponencias a<\/p>\n\n\n\n<p>efecto de que se presente ante el Pleno los nuevos proyectos de resoluci\u00f3n.<\/p>\n\n\n\n<p>o-O-o<\/p>\n\n\n\n<p>*Los criterios para las resoluciones de este Pleno son coincidentes.<\/p>\n\n\n\n<p>2 TECDMX-JEL-172\/2020, TECDMX-JEL-176\/2020, TECDMX-JEL-179\/2020, TECDMX-JEL-218\/2020, TECDMX-JEL-219\/2020,<\/p>\n\n\n\n<p>TECDMX-JEL-220\/2020, TECDMX-JEL-228\/2020, TECDMX-JEL-230\/2020, TECDMX-JEL-253\/2020, TECDMX-JEL-256\/2020,<\/p>\n\n\n\n<p>TECDMX-JEL-265\/2020, TECDMX-JEL-299\/2020, TECDMX-JEL-300\/2020, TECDMX-JEL-301\/2020, TECDMX-JEL-308\/2020,<\/p>\n\n\n\n<p>TECDMX-JEL-320\/2020, TECDMX-JEL-354\/20202 y TECDMX-JEL-375\/2020.<\/p>\n\n\n\n<p>3 TECDMX-JLDC-047\/2020 y TECDMX-JLDC-049\/2020.<\/p>\n","protected":false},"excerpt":{"rendered":"<p>Ciudad de M\u00e9xico, a 16 de septiembre de 2020 Bolet\u00edn N\u00ba 62 Determina TECDMX anular elecciones en las unidades territoriales Centro II, Guerrero III y Doctores V en la demarcaci\u00f3n [&hellip;]<\/p>\n","protected":false},"author":13,"featured_media":21168,"comment_status":"open","ping_status":"open","sticky":false,"template":"","format":"standard","meta":{"_acf_changed":false,"_exactmetrics_skip_tracking":false,"_exactmetrics_sitenote_active":false,"_exactmetrics_sitenote_note":"","_exactmetrics_sitenote_category":0,"footnotes":""},"categories":[32,47],"tags":[],"acf":[],"yoast_head":"<!-- This site is optimized with the Yoast SEO plugin v22.3 - https:\/\/yoast.com\/wordpress\/plugins\/seo\/ -->\n<title>Determina TECDMX anular elecciones en las unidades territoriales Centro II, Guerrero III y Doctores V en la demarcaci\u00f3n territorial Cuauht\u00e9moc - Tribunal Electoral de la Ciudad de M\u00e9xico<\/title>\n<meta name=\"robots\" content=\"index, follow, max-snippet:-1, max-image-preview:large, max-video-preview:-1\" \/>\n<link rel=\"canonical\" href=\"https:\/\/www.tecdmx.org.mx\/index.php\/destacados\/2020\/09\/16\/determina-tecdmx-anular-elecciones-en-las-unidades-territoriales-centro-ii-guerrero-iii-y-doctores-v-en-la-demarcacion-territorial-cuauhtemoc\/\" \/>\n<meta property=\"og:locale\" content=\"es_ES\" \/>\n<meta property=\"og:type\" content=\"article\" \/>\n<meta property=\"og:title\" content=\"Determina TECDMX anular elecciones en las unidades territoriales Centro II, Guerrero III y Doctores V en la demarcaci\u00f3n territorial Cuauht\u00e9moc - Tribunal Electoral de la Ciudad de M\u00e9xico\" \/>\n<meta property=\"og:description\" content=\"Ciudad de M\u00e9xico, a 16 de septiembre de 2020 Bolet\u00edn N\u00ba 62 Determina TECDMX anular elecciones en las unidades territoriales Centro II, Guerrero III y Doctores V en la demarcaci\u00f3n [&hellip;]\" \/>\n<meta property=\"og:url\" content=\"https:\/\/www.tecdmx.org.mx\/index.php\/destacados\/2020\/09\/16\/determina-tecdmx-anular-elecciones-en-las-unidades-territoriales-centro-ii-guerrero-iii-y-doctores-v-en-la-demarcacion-territorial-cuauhtemoc\/\" \/>\n<meta property=\"og:site_name\" content=\"Tribunal Electoral de la Ciudad de M\u00e9xico\" \/>\n<meta property=\"article:publisher\" content=\"https:\/\/www.facebook.com\/TECDMX\/\" \/>\n<meta property=\"article:published_time\" content=\"2020-09-17T00:45:26+00:00\" \/>\n<meta property=\"article:modified_time\" content=\"2020-09-17T00:46:46+00:00\" \/>\n<meta property=\"og:image\" content=\"https:\/\/www.tecdmx.org.mx\/wp-content\/uploads\/2020\/08\/comunicado_nuevo.jpg\" \/>\n\t<meta property=\"og:image:width\" content=\"600\" \/>\n\t<meta property=\"og:image:height\" content=\"366\" \/>\n\t<meta property=\"og:image:type\" content=\"image\/jpeg\" \/>\n<meta name=\"author\" content=\"Difusion2025\" \/>\n<meta name=\"twitter:card\" content=\"summary_large_image\" \/>\n<meta name=\"twitter:creator\" content=\"@tecdmx\" \/>\n<meta name=\"twitter:site\" content=\"@tecdmx\" \/>\n<meta name=\"twitter:label1\" content=\"Escrito por\" \/>\n\t<meta name=\"twitter:data1\" content=\"Difusion2025\" \/>\n\t<meta name=\"twitter:label2\" content=\"Tiempo de lectura\" \/>\n\t<meta name=\"twitter:data2\" content=\"2 minutos\" \/>\n<script type=\"application\/ld+json\" class=\"yoast-schema-graph\">{\"@context\":\"https:\/\/schema.org\",\"@graph\":[{\"@type\":\"WebPage\",\"@id\":\"https:\/\/www.tecdmx.org.mx\/index.php\/destacados\/2020\/09\/16\/determina-tecdmx-anular-elecciones-en-las-unidades-territoriales-centro-ii-guerrero-iii-y-doctores-v-en-la-demarcacion-territorial-cuauhtemoc\/\",\"url\":\"https:\/\/www.tecdmx.org.mx\/index.php\/destacados\/2020\/09\/16\/determina-tecdmx-anular-elecciones-en-las-unidades-territoriales-centro-ii-guerrero-iii-y-doctores-v-en-la-demarcacion-territorial-cuauhtemoc\/\",\"name\":\"Determina TECDMX anular elecciones en las unidades territoriales Centro II, Guerrero III y Doctores V en la demarcaci\u00f3n territorial Cuauht\u00e9moc - Tribunal Electoral de la Ciudad de M\u00e9xico\",\"isPartOf\":{\"@id\":\"https:\/\/www.tecdmx.org.mx\/#website\"},\"primaryImageOfPage\":{\"@id\":\"https:\/\/www.tecdmx.org.mx\/index.php\/destacados\/2020\/09\/16\/determina-tecdmx-anular-elecciones-en-las-unidades-territoriales-centro-ii-guerrero-iii-y-doctores-v-en-la-demarcacion-territorial-cuauhtemoc\/#primaryimage\"},\"image\":{\"@id\":\"https:\/\/www.tecdmx.org.mx\/index.php\/destacados\/2020\/09\/16\/determina-tecdmx-anular-elecciones-en-las-unidades-territoriales-centro-ii-guerrero-iii-y-doctores-v-en-la-demarcacion-territorial-cuauhtemoc\/#primaryimage\"},\"thumbnailUrl\":\"https:\/\/www.tecdmx.org.mx\/wp-content\/uploads\/2020\/08\/comunicado_nuevo.jpg\",\"datePublished\":\"2020-09-17T00:45:26+00:00\",\"dateModified\":\"2020-09-17T00:46:46+00:00\",\"author\":{\"@id\":\"https:\/\/www.tecdmx.org.mx\/#\/schema\/person\/208c898199fb3234203823c5f0cf31d6\"},\"breadcrumb\":{\"@id\":\"https:\/\/www.tecdmx.org.mx\/index.php\/destacados\/2020\/09\/16\/determina-tecdmx-anular-elecciones-en-las-unidades-territoriales-centro-ii-guerrero-iii-y-doctores-v-en-la-demarcacion-territorial-cuauhtemoc\/#breadcrumb\"},\"inLanguage\":\"es\",\"potentialAction\":[{\"@type\":\"ReadAction\",\"target\":[\"https:\/\/www.tecdmx.org.mx\/index.php\/destacados\/2020\/09\/16\/determina-tecdmx-anular-elecciones-en-las-unidades-territoriales-centro-ii-guerrero-iii-y-doctores-v-en-la-demarcacion-territorial-cuauhtemoc\/\"]}]},{\"@type\":\"ImageObject\",\"inLanguage\":\"es\",\"@id\":\"https:\/\/www.tecdmx.org.mx\/index.php\/destacados\/2020\/09\/16\/determina-tecdmx-anular-elecciones-en-las-unidades-territoriales-centro-ii-guerrero-iii-y-doctores-v-en-la-demarcacion-territorial-cuauhtemoc\/#primaryimage\",\"url\":\"https:\/\/www.tecdmx.org.mx\/wp-content\/uploads\/2020\/08\/comunicado_nuevo.jpg\",\"contentUrl\":\"https:\/\/www.tecdmx.org.mx\/wp-content\/uploads\/2020\/08\/comunicado_nuevo.jpg\",\"width\":600,\"height\":366},{\"@type\":\"BreadcrumbList\",\"@id\":\"https:\/\/www.tecdmx.org.mx\/index.php\/destacados\/2020\/09\/16\/determina-tecdmx-anular-elecciones-en-las-unidades-territoriales-centro-ii-guerrero-iii-y-doctores-v-en-la-demarcacion-territorial-cuauhtemoc\/#breadcrumb\",\"itemListElement\":[{\"@type\":\"ListItem\",\"position\":1,\"name\":\"Portada\",\"item\":\"https:\/\/www.tecdmx.org.mx\/\"},{\"@type\":\"ListItem\",\"position\":2,\"name\":\"Determina TECDMX anular elecciones en las unidades territoriales Centro II, Guerrero III y Doctores V en la demarcaci\u00f3n territorial Cuauht\u00e9moc\"}]},{\"@type\":\"WebSite\",\"@id\":\"https:\/\/www.tecdmx.org.mx\/#website\",\"url\":\"https:\/\/www.tecdmx.org.mx\/\",\"name\":\"Tribunal Electoral de la Ciudad de M\u00e9xico\",\"description\":\"25 a\u00f1os garantizando justicia en tu elecci\u00f3n\",\"potentialAction\":[{\"@type\":\"SearchAction\",\"target\":{\"@type\":\"EntryPoint\",\"urlTemplate\":\"https:\/\/www.tecdmx.org.mx\/?s={search_term_string}\"},\"query-input\":\"required name=search_term_string\"}],\"inLanguage\":\"es\"},{\"@type\":\"Person\",\"@id\":\"https:\/\/www.tecdmx.org.mx\/#\/schema\/person\/208c898199fb3234203823c5f0cf31d6\",\"name\":\"Difusion2025\",\"image\":{\"@type\":\"ImageObject\",\"inLanguage\":\"es\",\"@id\":\"https:\/\/www.tecdmx.org.mx\/#\/schema\/person\/image\/\",\"url\":\"https:\/\/secure.gravatar.com\/avatar\/6f7a4ba3acb418040e90a2eb99b5df28?s=96&d=mm&r=g\",\"contentUrl\":\"https:\/\/secure.gravatar.com\/avatar\/6f7a4ba3acb418040e90a2eb99b5df28?s=96&d=mm&r=g\",\"caption\":\"Difusion2025\"}}]}<\/script>\n<!-- \/ Yoast SEO plugin. -->","yoast_head_json":{"title":"Determina TECDMX anular elecciones en las unidades territoriales Centro II, Guerrero III y Doctores V en la demarcaci\u00f3n territorial Cuauht\u00e9moc - Tribunal Electoral de la Ciudad de M\u00e9xico","robots":{"index":"index","follow":"follow","max-snippet":"max-snippet:-1","max-image-preview":"max-image-preview:large","max-video-preview":"max-video-preview:-1"},"canonical":"https:\/\/www.tecdmx.org.mx\/index.php\/destacados\/2020\/09\/16\/determina-tecdmx-anular-elecciones-en-las-unidades-territoriales-centro-ii-guerrero-iii-y-doctores-v-en-la-demarcacion-territorial-cuauhtemoc\/","og_locale":"es_ES","og_type":"article","og_title":"Determina TECDMX anular elecciones en las unidades territoriales Centro II, Guerrero III y Doctores V en la demarcaci\u00f3n territorial Cuauht\u00e9moc - Tribunal Electoral de la Ciudad de M\u00e9xico","og_description":"Ciudad de M\u00e9xico, a 16 de septiembre de 2020 Bolet\u00edn N\u00ba 62 Determina TECDMX anular elecciones en las unidades territoriales Centro II, Guerrero III y Doctores V en la demarcaci\u00f3n [&hellip;]","og_url":"https:\/\/www.tecdmx.org.mx\/index.php\/destacados\/2020\/09\/16\/determina-tecdmx-anular-elecciones-en-las-unidades-territoriales-centro-ii-guerrero-iii-y-doctores-v-en-la-demarcacion-territorial-cuauhtemoc\/","og_site_name":"Tribunal Electoral de la Ciudad de M\u00e9xico","article_publisher":"https:\/\/www.facebook.com\/TECDMX\/","article_published_time":"2020-09-17T00:45:26+00:00","article_modified_time":"2020-09-17T00:46:46+00:00","og_image":[{"width":600,"height":366,"url":"https:\/\/www.tecdmx.org.mx\/wp-content\/uploads\/2020\/08\/comunicado_nuevo.jpg","type":"image\/jpeg"}],"author":"Difusion2025","twitter_card":"summary_large_image","twitter_creator":"@tecdmx","twitter_site":"@tecdmx","twitter_misc":{"Escrito por":"Difusion2025","Tiempo de lectura":"2 minutos"},"schema":{"@context":"https:\/\/schema.org","@graph":[{"@type":"WebPage","@id":"https:\/\/www.tecdmx.org.mx\/index.php\/destacados\/2020\/09\/16\/determina-tecdmx-anular-elecciones-en-las-unidades-territoriales-centro-ii-guerrero-iii-y-doctores-v-en-la-demarcacion-territorial-cuauhtemoc\/","url":"https:\/\/www.tecdmx.org.mx\/index.php\/destacados\/2020\/09\/16\/determina-tecdmx-anular-elecciones-en-las-unidades-territoriales-centro-ii-guerrero-iii-y-doctores-v-en-la-demarcacion-territorial-cuauhtemoc\/","name":"Determina TECDMX anular elecciones en las unidades territoriales Centro II, Guerrero III y Doctores V en la demarcaci\u00f3n territorial Cuauht\u00e9moc - Tribunal Electoral de la Ciudad de M\u00e9xico","isPartOf":{"@id":"https:\/\/www.tecdmx.org.mx\/#website"},"primaryImageOfPage":{"@id":"https:\/\/www.tecdmx.org.mx\/index.php\/destacados\/2020\/09\/16\/determina-tecdmx-anular-elecciones-en-las-unidades-territoriales-centro-ii-guerrero-iii-y-doctores-v-en-la-demarcacion-territorial-cuauhtemoc\/#primaryimage"},"image":{"@id":"https:\/\/www.tecdmx.org.mx\/index.php\/destacados\/2020\/09\/16\/determina-tecdmx-anular-elecciones-en-las-unidades-territoriales-centro-ii-guerrero-iii-y-doctores-v-en-la-demarcacion-territorial-cuauhtemoc\/#primaryimage"},"thumbnailUrl":"https:\/\/www.tecdmx.org.mx\/wp-content\/uploads\/2020\/08\/comunicado_nuevo.jpg","datePublished":"2020-09-17T00:45:26+00:00","dateModified":"2020-09-17T00:46:46+00:00","author":{"@id":"https:\/\/www.tecdmx.org.mx\/#\/schema\/person\/208c898199fb3234203823c5f0cf31d6"},"breadcrumb":{"@id":"https:\/\/www.tecdmx.org.mx\/index.php\/destacados\/2020\/09\/16\/determina-tecdmx-anular-elecciones-en-las-unidades-territoriales-centro-ii-guerrero-iii-y-doctores-v-en-la-demarcacion-territorial-cuauhtemoc\/#breadcrumb"},"inLanguage":"es","potentialAction":[{"@type":"ReadAction","target":["https:\/\/www.tecdmx.org.mx\/index.php\/destacados\/2020\/09\/16\/determina-tecdmx-anular-elecciones-en-las-unidades-territoriales-centro-ii-guerrero-iii-y-doctores-v-en-la-demarcacion-territorial-cuauhtemoc\/"]}]},{"@type":"ImageObject","inLanguage":"es","@id":"https:\/\/www.tecdmx.org.mx\/index.php\/destacados\/2020\/09\/16\/determina-tecdmx-anular-elecciones-en-las-unidades-territoriales-centro-ii-guerrero-iii-y-doctores-v-en-la-demarcacion-territorial-cuauhtemoc\/#primaryimage","url":"https:\/\/www.tecdmx.org.mx\/wp-content\/uploads\/2020\/08\/comunicado_nuevo.jpg","contentUrl":"https:\/\/www.tecdmx.org.mx\/wp-content\/uploads\/2020\/08\/comunicado_nuevo.jpg","width":600,"height":366},{"@type":"BreadcrumbList","@id":"https:\/\/www.tecdmx.org.mx\/index.php\/destacados\/2020\/09\/16\/determina-tecdmx-anular-elecciones-en-las-unidades-territoriales-centro-ii-guerrero-iii-y-doctores-v-en-la-demarcacion-territorial-cuauhtemoc\/#breadcrumb","itemListElement":[{"@type":"ListItem","position":1,"name":"Portada","item":"https:\/\/www.tecdmx.org.mx\/"},{"@type":"ListItem","position":2,"name":"Determina TECDMX anular elecciones en las unidades territoriales Centro II, Guerrero III y Doctores V en la demarcaci\u00f3n territorial Cuauht\u00e9moc"}]},{"@type":"WebSite","@id":"https:\/\/www.tecdmx.org.mx\/#website","url":"https:\/\/www.tecdmx.org.mx\/","name":"Tribunal Electoral de la Ciudad de M\u00e9xico","description":"25 a\u00f1os garantizando justicia en tu elecci\u00f3n","potentialAction":[{"@type":"SearchAction","target":{"@type":"EntryPoint","urlTemplate":"https:\/\/www.tecdmx.org.mx\/?s={search_term_string}"},"query-input":"required name=search_term_string"}],"inLanguage":"es"},{"@type":"Person","@id":"https:\/\/www.tecdmx.org.mx\/#\/schema\/person\/208c898199fb3234203823c5f0cf31d6","name":"Difusion2025","image":{"@type":"ImageObject","inLanguage":"es","@id":"https:\/\/www.tecdmx.org.mx\/#\/schema\/person\/image\/","url":"https:\/\/secure.gravatar.com\/avatar\/6f7a4ba3acb418040e90a2eb99b5df28?s=96&d=mm&r=g","contentUrl":"https:\/\/secure.gravatar.com\/avatar\/6f7a4ba3acb418040e90a2eb99b5df28?s=96&d=mm&r=g","caption":"Difusion2025"}}]}},"_links":{"self":[{"href":"https:\/\/www.tecdmx.org.mx\/index.php\/wp-json\/wp\/v2\/posts\/22082"}],"collection":[{"href":"https:\/\/www.tecdmx.org.mx\/index.php\/wp-json\/wp\/v2\/posts"}],"about":[{"href":"https:\/\/www.tecdmx.org.mx\/index.php\/wp-json\/wp\/v2\/types\/post"}],"author":[{"embeddable":true,"href":"https:\/\/www.tecdmx.org.mx\/index.php\/wp-json\/wp\/v2\/users\/13"}],"replies":[{"embeddable":true,"href":"https:\/\/www.tecdmx.org.mx\/index.php\/wp-json\/wp\/v2\/comments?post=22082"}],"version-history":[{"count":3,"href":"https:\/\/www.tecdmx.org.mx\/index.php\/wp-json\/wp\/v2\/posts\/22082\/revisions"}],"predecessor-version":[{"id":22091,"href":"https:\/\/www.tecdmx.org.mx\/index.php\/wp-json\/wp\/v2\/posts\/22082\/revisions\/22091"}],"wp:featuredmedia":[{"embeddable":true,"href":"https:\/\/www.tecdmx.org.mx\/index.php\/wp-json\/wp\/v2\/media\/21168"}],"wp:attachment":[{"href":"https:\/\/www.tecdmx.org.mx\/index.php\/wp-json\/wp\/v2\/media?parent=22082"}],"wp:term":[{"taxonomy":"category","embeddable":true,"href":"https:\/\/www.tecdmx.org.mx\/index.php\/wp-json\/wp\/v2\/categories?post=22082"},{"taxonomy":"post_tag","embeddable":true,"href":"https:\/\/www.tecdmx.org.mx\/index.php\/wp-json\/wp\/v2\/tags?post=22082"}],"curies":[{"name":"wp","href":"https:\/\/api.w.org\/{rel}","templated":true}]}}