{"id":22197,"date":"2020-09-22T14:52:53","date_gmt":"2020-09-22T19:52:53","guid":{"rendered":"https:\/\/www.tecdmx.org.mx\/?p=22197"},"modified":"2020-09-22T14:52:54","modified_gmt":"2020-09-22T19:52:54","slug":"convenio-entre-sectei-y-tecdmx-para-difusion-del-ejercicio-y-proteccion-de-derechos-politico-electorales","status":"publish","type":"post","link":"https:\/\/www.tecdmx.org.mx\/index.php\/comunicados\/2020\/09\/22\/convenio-entre-sectei-y-tecdmx-para-difusion-del-ejercicio-y-proteccion-de-derechos-politico-electorales\/","title":{"rendered":"Convenio entre SECTEI y TECDMX para difusi\u00f3n del ejercicio y protecci\u00f3n de derechos pol\u00edtico-electorales"},"content":{"rendered":"\n<p class=\"has-text-align-right\">Ciudad de M\u00e9xico a 22 de septiembre del\n2020<\/p>\n\n\n\n<p class=\"has-text-align-right\">Bolet\u00edn No. 64<\/p>\n\n\n\n<p><\/p>\n\n\n\n<ul><li>Se generar\u00e1n espacios de capacitaci\u00f3n para las personas servidoras\np\u00fablicas, y se prev\u00e9 la realizaci\u00f3n de eventos acad\u00e9micos.<\/li><li>Ambas instituciones refrendan su compromiso para impulsar acciones en\nfavor de las mujeres y la poblaci\u00f3n de atenci\u00f3n prioritaria. <\/li><\/ul>\n\n\n\n<p>La Secretar\u00eda de Educaci\u00f3n, Ciencia,\nTecnolog\u00eda e Innovaci\u00f3n de la Ciudad de M\u00e9xico (SECTEI) y el Tribunal Electoral\nde la Ciudad de M\u00e9xico (TECDMX) firmaron un convenio de colaboraci\u00f3n para\nconjuntar experiencias y esfuerzos en materia educativa, de innovaci\u00f3n,\nactualizaci\u00f3n y capacitaci\u00f3n para contribuir al fortalecimiento de los derechos\nciudadanos.<\/p>\n\n\n\n<p>El documento fue firmado por la titular\nde la SECTEI, Rosaura Ruiz Guti\u00e9rrez y por el presidente del TECDMX, Gustavo\nAnzaldo Hern\u00e1ndez. Compromete a ambas instituciones en el dise\u00f1o e implementaci\u00f3n\nde mecanismos para fomentar el inter\u00e9s de ni\u00f1os, ni\u00f1as, adolescentes y j\u00f3venes\nresidentes de la Ciudad de M\u00e9xico en los programas que promueven la cultura\ndemocr\u00e1tica y la participaci\u00f3n ciudadana.<\/p>\n\n\n\n<p>Tambi\u00e9n, prev\u00e9 la generaci\u00f3n de espacios\nde capacitaci\u00f3n para las personas servidoras p\u00fablicas de ambas instituciones,\nas\u00ed como la realizaci\u00f3n de eventos acad\u00e9micos.<\/p>\n\n\n\n<p>Tanto la Secretar\u00eda como el Tribunal\nimpulsar\u00e1n acciones en favor de la promoci\u00f3n y protecci\u00f3n del ejercicio de los\nderechos pol\u00edtico-electorales de las mujeres y la poblaci\u00f3n de atenci\u00f3n\nprioritaria. <\/p>\n\n\n\n<p>Con el fin de generar mayor\nconocimiento de su labor, la SECTEI y el TECDMX difundir\u00e1n campa\u00f1as relativas a\nla protecci\u00f3n de los derechos pol\u00edtico-electorales, la participaci\u00f3n ciudadana,\nla cultura democr\u00e1tica, as\u00ed como las pol\u00edticas p\u00fablicas en materia de\neducaci\u00f3n, ciencia, tecnolog\u00eda e innovaci\u00f3n en la Ciudad de M\u00e9xico.<\/p>\n\n\n\n<p>El Convenio entre ambas instituciones\nestar\u00e1 vigente hasta el 31 de diciembre de 2024. <\/p>\n\n\n\n<p class=\"has-text-align-center\"><strong>o-O-o<\/strong><\/p>\n","protected":false},"excerpt":{"rendered":"<p>Ciudad de M\u00e9xico a 22 de septiembre del 2020 Bolet\u00edn No. 64 Se generar\u00e1n espacios de capacitaci\u00f3n para las personas servidoras p\u00fablicas, y se prev\u00e9 la realizaci\u00f3n de eventos acad\u00e9micos. [&hellip;]<\/p>\n","protected":false},"author":13,"featured_media":21168,"comment_status":"open","ping_status":"open","sticky":false,"template":"","format":"standard","meta":{"_acf_changed":false,"_exactmetrics_skip_tracking":false,"_exactmetrics_sitenote_active":false,"_exactmetrics_sitenote_note":"","_exactmetrics_sitenote_category":0,"footnotes":""},"categories":[32,47],"tags":[],"acf":[],"yoast_head":"<!-- This site is optimized with the Yoast SEO plugin v22.3 - https:\/\/yoast.com\/wordpress\/plugins\/seo\/ -->\n<title>Convenio entre SECTEI y TECDMX para difusi\u00f3n del ejercicio y protecci\u00f3n de derechos pol\u00edtico-electorales - Tribunal Electoral de la Ciudad de M\u00e9xico<\/title>\n<meta name=\"robots\" content=\"index, follow, max-snippet:-1, max-image-preview:large, max-video-preview:-1\" \/>\n<link rel=\"canonical\" href=\"https:\/\/www.tecdmx.org.mx\/index.php\/comunicados\/2020\/09\/22\/convenio-entre-sectei-y-tecdmx-para-difusion-del-ejercicio-y-proteccion-de-derechos-politico-electorales\/\" \/>\n<meta property=\"og:locale\" content=\"es_ES\" \/>\n<meta property=\"og:type\" content=\"article\" \/>\n<meta property=\"og:title\" content=\"Convenio entre SECTEI y TECDMX para difusi\u00f3n del ejercicio y protecci\u00f3n de derechos pol\u00edtico-electorales - Tribunal Electoral de la Ciudad de M\u00e9xico\" \/>\n<meta property=\"og:description\" content=\"Ciudad de M\u00e9xico a 22 de septiembre del 2020 Bolet\u00edn No. 64 Se generar\u00e1n espacios de capacitaci\u00f3n para las personas servidoras p\u00fablicas, y se prev\u00e9 la realizaci\u00f3n de eventos acad\u00e9micos. [&hellip;]\" \/>\n<meta property=\"og:url\" content=\"https:\/\/www.tecdmx.org.mx\/index.php\/comunicados\/2020\/09\/22\/convenio-entre-sectei-y-tecdmx-para-difusion-del-ejercicio-y-proteccion-de-derechos-politico-electorales\/\" \/>\n<meta property=\"og:site_name\" content=\"Tribunal Electoral de la Ciudad de M\u00e9xico\" \/>\n<meta property=\"article:publisher\" content=\"https:\/\/www.facebook.com\/TECDMX\/\" \/>\n<meta property=\"article:published_time\" content=\"2020-09-22T19:52:53+00:00\" \/>\n<meta property=\"article:modified_time\" content=\"2020-09-22T19:52:54+00:00\" \/>\n<meta property=\"og:image\" content=\"https:\/\/www.tecdmx.org.mx\/wp-content\/uploads\/2020\/08\/comunicado_nuevo.jpg\" \/>\n\t<meta property=\"og:image:width\" content=\"600\" \/>\n\t<meta property=\"og:image:height\" content=\"366\" \/>\n\t<meta property=\"og:image:type\" content=\"image\/jpeg\" \/>\n<meta name=\"author\" content=\"Difusion2025\" \/>\n<meta name=\"twitter:card\" content=\"summary_large_image\" \/>\n<meta name=\"twitter:creator\" content=\"@tecdmx\" \/>\n<meta name=\"twitter:site\" content=\"@tecdmx\" \/>\n<meta name=\"twitter:label1\" content=\"Escrito por\" \/>\n\t<meta name=\"twitter:data1\" content=\"Difusion2025\" \/>\n\t<meta name=\"twitter:label2\" content=\"Tiempo de lectura\" \/>\n\t<meta name=\"twitter:data2\" content=\"2 minutos\" \/>\n<script type=\"application\/ld+json\" class=\"yoast-schema-graph\">{\"@context\":\"https:\/\/schema.org\",\"@graph\":[{\"@type\":\"WebPage\",\"@id\":\"https:\/\/www.tecdmx.org.mx\/index.php\/comunicados\/2020\/09\/22\/convenio-entre-sectei-y-tecdmx-para-difusion-del-ejercicio-y-proteccion-de-derechos-politico-electorales\/\",\"url\":\"https:\/\/www.tecdmx.org.mx\/index.php\/comunicados\/2020\/09\/22\/convenio-entre-sectei-y-tecdmx-para-difusion-del-ejercicio-y-proteccion-de-derechos-politico-electorales\/\",\"name\":\"Convenio entre SECTEI y TECDMX para difusi\u00f3n del ejercicio y protecci\u00f3n de derechos pol\u00edtico-electorales - Tribunal Electoral de la Ciudad de M\u00e9xico\",\"isPartOf\":{\"@id\":\"https:\/\/www.tecdmx.org.mx\/#website\"},\"primaryImageOfPage\":{\"@id\":\"https:\/\/www.tecdmx.org.mx\/index.php\/comunicados\/2020\/09\/22\/convenio-entre-sectei-y-tecdmx-para-difusion-del-ejercicio-y-proteccion-de-derechos-politico-electorales\/#primaryimage\"},\"image\":{\"@id\":\"https:\/\/www.tecdmx.org.mx\/index.php\/comunicados\/2020\/09\/22\/convenio-entre-sectei-y-tecdmx-para-difusion-del-ejercicio-y-proteccion-de-derechos-politico-electorales\/#primaryimage\"},\"thumbnailUrl\":\"https:\/\/www.tecdmx.org.mx\/wp-content\/uploads\/2020\/08\/comunicado_nuevo.jpg\",\"datePublished\":\"2020-09-22T19:52:53+00:00\",\"dateModified\":\"2020-09-22T19:52:54+00:00\",\"author\":{\"@id\":\"https:\/\/www.tecdmx.org.mx\/#\/schema\/person\/208c898199fb3234203823c5f0cf31d6\"},\"breadcrumb\":{\"@id\":\"https:\/\/www.tecdmx.org.mx\/index.php\/comunicados\/2020\/09\/22\/convenio-entre-sectei-y-tecdmx-para-difusion-del-ejercicio-y-proteccion-de-derechos-politico-electorales\/#breadcrumb\"},\"inLanguage\":\"es\",\"potentialAction\":[{\"@type\":\"ReadAction\",\"target\":[\"https:\/\/www.tecdmx.org.mx\/index.php\/comunicados\/2020\/09\/22\/convenio-entre-sectei-y-tecdmx-para-difusion-del-ejercicio-y-proteccion-de-derechos-politico-electorales\/\"]}]},{\"@type\":\"ImageObject\",\"inLanguage\":\"es\",\"@id\":\"https:\/\/www.tecdmx.org.mx\/index.php\/comunicados\/2020\/09\/22\/convenio-entre-sectei-y-tecdmx-para-difusion-del-ejercicio-y-proteccion-de-derechos-politico-electorales\/#primaryimage\",\"url\":\"https:\/\/www.tecdmx.org.mx\/wp-content\/uploads\/2020\/08\/comunicado_nuevo.jpg\",\"contentUrl\":\"https:\/\/www.tecdmx.org.mx\/wp-content\/uploads\/2020\/08\/comunicado_nuevo.jpg\",\"width\":600,\"height\":366},{\"@type\":\"BreadcrumbList\",\"@id\":\"https:\/\/www.tecdmx.org.mx\/index.php\/comunicados\/2020\/09\/22\/convenio-entre-sectei-y-tecdmx-para-difusion-del-ejercicio-y-proteccion-de-derechos-politico-electorales\/#breadcrumb\",\"itemListElement\":[{\"@type\":\"ListItem\",\"position\":1,\"name\":\"Portada\",\"item\":\"https:\/\/www.tecdmx.org.mx\/\"},{\"@type\":\"ListItem\",\"position\":2,\"name\":\"Convenio entre SECTEI y TECDMX para difusi\u00f3n del ejercicio y protecci\u00f3n de derechos pol\u00edtico-electorales\"}]},{\"@type\":\"WebSite\",\"@id\":\"https:\/\/www.tecdmx.org.mx\/#website\",\"url\":\"https:\/\/www.tecdmx.org.mx\/\",\"name\":\"Tribunal Electoral de la Ciudad de M\u00e9xico\",\"description\":\"25 a\u00f1os garantizando justicia en tu elecci\u00f3n\",\"potentialAction\":[{\"@type\":\"SearchAction\",\"target\":{\"@type\":\"EntryPoint\",\"urlTemplate\":\"https:\/\/www.tecdmx.org.mx\/?s={search_term_string}\"},\"query-input\":\"required name=search_term_string\"}],\"inLanguage\":\"es\"},{\"@type\":\"Person\",\"@id\":\"https:\/\/www.tecdmx.org.mx\/#\/schema\/person\/208c898199fb3234203823c5f0cf31d6\",\"name\":\"Difusion2025\",\"image\":{\"@type\":\"ImageObject\",\"inLanguage\":\"es\",\"@id\":\"https:\/\/www.tecdmx.org.mx\/#\/schema\/person\/image\/\",\"url\":\"https:\/\/secure.gravatar.com\/avatar\/6f7a4ba3acb418040e90a2eb99b5df28?s=96&d=mm&r=g\",\"contentUrl\":\"https:\/\/secure.gravatar.com\/avatar\/6f7a4ba3acb418040e90a2eb99b5df28?s=96&d=mm&r=g\",\"caption\":\"Difusion2025\"}}]}<\/script>\n<!-- \/ Yoast SEO plugin. -->","yoast_head_json":{"title":"Convenio entre SECTEI y TECDMX para difusi\u00f3n del ejercicio y protecci\u00f3n de derechos pol\u00edtico-electorales - Tribunal Electoral de la Ciudad de M\u00e9xico","robots":{"index":"index","follow":"follow","max-snippet":"max-snippet:-1","max-image-preview":"max-image-preview:large","max-video-preview":"max-video-preview:-1"},"canonical":"https:\/\/www.tecdmx.org.mx\/index.php\/comunicados\/2020\/09\/22\/convenio-entre-sectei-y-tecdmx-para-difusion-del-ejercicio-y-proteccion-de-derechos-politico-electorales\/","og_locale":"es_ES","og_type":"article","og_title":"Convenio entre SECTEI y TECDMX para difusi\u00f3n del ejercicio y protecci\u00f3n de derechos pol\u00edtico-electorales - Tribunal Electoral de la Ciudad de M\u00e9xico","og_description":"Ciudad de M\u00e9xico a 22 de septiembre del 2020 Bolet\u00edn No. 64 Se generar\u00e1n espacios de capacitaci\u00f3n para las personas servidoras p\u00fablicas, y se prev\u00e9 la realizaci\u00f3n de eventos acad\u00e9micos. [&hellip;]","og_url":"https:\/\/www.tecdmx.org.mx\/index.php\/comunicados\/2020\/09\/22\/convenio-entre-sectei-y-tecdmx-para-difusion-del-ejercicio-y-proteccion-de-derechos-politico-electorales\/","og_site_name":"Tribunal Electoral de la Ciudad de M\u00e9xico","article_publisher":"https:\/\/www.facebook.com\/TECDMX\/","article_published_time":"2020-09-22T19:52:53+00:00","article_modified_time":"2020-09-22T19:52:54+00:00","og_image":[{"width":600,"height":366,"url":"https:\/\/www.tecdmx.org.mx\/wp-content\/uploads\/2020\/08\/comunicado_nuevo.jpg","type":"image\/jpeg"}],"author":"Difusion2025","twitter_card":"summary_large_image","twitter_creator":"@tecdmx","twitter_site":"@tecdmx","twitter_misc":{"Escrito por":"Difusion2025","Tiempo de lectura":"2 minutos"},"schema":{"@context":"https:\/\/schema.org","@graph":[{"@type":"WebPage","@id":"https:\/\/www.tecdmx.org.mx\/index.php\/comunicados\/2020\/09\/22\/convenio-entre-sectei-y-tecdmx-para-difusion-del-ejercicio-y-proteccion-de-derechos-politico-electorales\/","url":"https:\/\/www.tecdmx.org.mx\/index.php\/comunicados\/2020\/09\/22\/convenio-entre-sectei-y-tecdmx-para-difusion-del-ejercicio-y-proteccion-de-derechos-politico-electorales\/","name":"Convenio entre SECTEI y TECDMX para difusi\u00f3n del ejercicio y protecci\u00f3n de derechos pol\u00edtico-electorales - Tribunal Electoral de la Ciudad de M\u00e9xico","isPartOf":{"@id":"https:\/\/www.tecdmx.org.mx\/#website"},"primaryImageOfPage":{"@id":"https:\/\/www.tecdmx.org.mx\/index.php\/comunicados\/2020\/09\/22\/convenio-entre-sectei-y-tecdmx-para-difusion-del-ejercicio-y-proteccion-de-derechos-politico-electorales\/#primaryimage"},"image":{"@id":"https:\/\/www.tecdmx.org.mx\/index.php\/comunicados\/2020\/09\/22\/convenio-entre-sectei-y-tecdmx-para-difusion-del-ejercicio-y-proteccion-de-derechos-politico-electorales\/#primaryimage"},"thumbnailUrl":"https:\/\/www.tecdmx.org.mx\/wp-content\/uploads\/2020\/08\/comunicado_nuevo.jpg","datePublished":"2020-09-22T19:52:53+00:00","dateModified":"2020-09-22T19:52:54+00:00","author":{"@id":"https:\/\/www.tecdmx.org.mx\/#\/schema\/person\/208c898199fb3234203823c5f0cf31d6"},"breadcrumb":{"@id":"https:\/\/www.tecdmx.org.mx\/index.php\/comunicados\/2020\/09\/22\/convenio-entre-sectei-y-tecdmx-para-difusion-del-ejercicio-y-proteccion-de-derechos-politico-electorales\/#breadcrumb"},"inLanguage":"es","potentialAction":[{"@type":"ReadAction","target":["https:\/\/www.tecdmx.org.mx\/index.php\/comunicados\/2020\/09\/22\/convenio-entre-sectei-y-tecdmx-para-difusion-del-ejercicio-y-proteccion-de-derechos-politico-electorales\/"]}]},{"@type":"ImageObject","inLanguage":"es","@id":"https:\/\/www.tecdmx.org.mx\/index.php\/comunicados\/2020\/09\/22\/convenio-entre-sectei-y-tecdmx-para-difusion-del-ejercicio-y-proteccion-de-derechos-politico-electorales\/#primaryimage","url":"https:\/\/www.tecdmx.org.mx\/wp-content\/uploads\/2020\/08\/comunicado_nuevo.jpg","contentUrl":"https:\/\/www.tecdmx.org.mx\/wp-content\/uploads\/2020\/08\/comunicado_nuevo.jpg","width":600,"height":366},{"@type":"BreadcrumbList","@id":"https:\/\/www.tecdmx.org.mx\/index.php\/comunicados\/2020\/09\/22\/convenio-entre-sectei-y-tecdmx-para-difusion-del-ejercicio-y-proteccion-de-derechos-politico-electorales\/#breadcrumb","itemListElement":[{"@type":"ListItem","position":1,"name":"Portada","item":"https:\/\/www.tecdmx.org.mx\/"},{"@type":"ListItem","position":2,"name":"Convenio entre SECTEI y TECDMX para difusi\u00f3n del ejercicio y protecci\u00f3n de derechos pol\u00edtico-electorales"}]},{"@type":"WebSite","@id":"https:\/\/www.tecdmx.org.mx\/#website","url":"https:\/\/www.tecdmx.org.mx\/","name":"Tribunal Electoral de la Ciudad de M\u00e9xico","description":"25 a\u00f1os garantizando justicia en tu elecci\u00f3n","potentialAction":[{"@type":"SearchAction","target":{"@type":"EntryPoint","urlTemplate":"https:\/\/www.tecdmx.org.mx\/?s={search_term_string}"},"query-input":"required name=search_term_string"}],"inLanguage":"es"},{"@type":"Person","@id":"https:\/\/www.tecdmx.org.mx\/#\/schema\/person\/208c898199fb3234203823c5f0cf31d6","name":"Difusion2025","image":{"@type":"ImageObject","inLanguage":"es","@id":"https:\/\/www.tecdmx.org.mx\/#\/schema\/person\/image\/","url":"https:\/\/secure.gravatar.com\/avatar\/6f7a4ba3acb418040e90a2eb99b5df28?s=96&d=mm&r=g","contentUrl":"https:\/\/secure.gravatar.com\/avatar\/6f7a4ba3acb418040e90a2eb99b5df28?s=96&d=mm&r=g","caption":"Difusion2025"}}]}},"_links":{"self":[{"href":"https:\/\/www.tecdmx.org.mx\/index.php\/wp-json\/wp\/v2\/posts\/22197"}],"collection":[{"href":"https:\/\/www.tecdmx.org.mx\/index.php\/wp-json\/wp\/v2\/posts"}],"about":[{"href":"https:\/\/www.tecdmx.org.mx\/index.php\/wp-json\/wp\/v2\/types\/post"}],"author":[{"embeddable":true,"href":"https:\/\/www.tecdmx.org.mx\/index.php\/wp-json\/wp\/v2\/users\/13"}],"replies":[{"embeddable":true,"href":"https:\/\/www.tecdmx.org.mx\/index.php\/wp-json\/wp\/v2\/comments?post=22197"}],"version-history":[{"count":2,"href":"https:\/\/www.tecdmx.org.mx\/index.php\/wp-json\/wp\/v2\/posts\/22197\/revisions"}],"predecessor-version":[{"id":22204,"href":"https:\/\/www.tecdmx.org.mx\/index.php\/wp-json\/wp\/v2\/posts\/22197\/revisions\/22204"}],"wp:featuredmedia":[{"embeddable":true,"href":"https:\/\/www.tecdmx.org.mx\/index.php\/wp-json\/wp\/v2\/media\/21168"}],"wp:attachment":[{"href":"https:\/\/www.tecdmx.org.mx\/index.php\/wp-json\/wp\/v2\/media?parent=22197"}],"wp:term":[{"taxonomy":"category","embeddable":true,"href":"https:\/\/www.tecdmx.org.mx\/index.php\/wp-json\/wp\/v2\/categories?post=22197"},{"taxonomy":"post_tag","embeddable":true,"href":"https:\/\/www.tecdmx.org.mx\/index.php\/wp-json\/wp\/v2\/tags?post=22197"}],"curies":[{"name":"wp","href":"https:\/\/api.w.org\/{rel}","templated":true}]}}