{"id":22243,"date":"2020-09-24T09:33:21","date_gmt":"2020-09-24T14:33:21","guid":{"rendered":"https:\/\/www.tecdmx.org.mx\/?p=22243"},"modified":"2020-09-24T09:33:23","modified_gmt":"2020-09-24T14:33:23","slug":"no-podemos-caer-en-facultades-discrecionales-en-materia-de-transparencia-afirma-magistrada-martha-mercado-ramirez","status":"publish","type":"post","link":"https:\/\/www.tecdmx.org.mx\/index.php\/comunicados\/2020\/09\/24\/no-podemos-caer-en-facultades-discrecionales-en-materia-de-transparencia-afirma-magistrada-martha-mercado-ramirez\/","title":{"rendered":"No podemos caer en facultades discrecionales en materia de transparencia, afirma Magistrada Martha Mercado Ram\u00edrez"},"content":{"rendered":"\n<ul><li>El panel estuvo conformado por la Magistrada del TECDMX, Martha Mercado Ram\u00edrez, el Comisionado Presidente del InfoCdMex, Julio C\u00e9sar Bonilla, el Consejero del IECM, Yuri Beltr\u00e1n Miranda, y Gloria Alcocer Olmos, directora de la revista Voz y Voto, como moderadora<\/li><\/ul>\n\n\n\n<p>La Magistrada del Tribunal Electoral de la Ciudad de M\u00e9xico, Martha Leticia Mercado Ram\u00edrez, particip\u00f3 en el foro \u201cLa transparencia en los partidos pol\u00edticos\u201d, organizado de manera conjunta por el Instituto de Transparencia, Acceso a la Informaci\u00f3n P\u00fablica, Protecci\u00f3n de Datos Personales y Rendici\u00f3n de Cuentas de la Ciudad de M\u00e9xico (InfoCdMex) y la Revista Voz y Voto.<\/p>\n\n\n\n<p>Durante su participaci\u00f3n, la Magistrada Mercado Ram\u00edrez consider\u00f3 que la transparencia y la rendici\u00f3n de cuentas debe ser un deliberativo, en beneficio de la institucionalidad del Estado de Derecho.<\/p>\n\n\n\n<p>Asimismo, reflexion\u00f3 sobre la problem\u00e1tica que hace algunos a\u00f1os se vivi\u00f3 en el \u00e1mbito de los partidos pol\u00edticos, pues \u201cno podemos tener, para efectos de transparencia, criterios acotados de decisi\u00f3n de un solo grupo, sin mecanismos que obliguen a la rendici\u00f3n de cuentas\u201d.<\/p>\n\n\n\n<p>Por otra parte, la Magistrada Martha Mercado afirm\u00f3 que no se puede hablar de transparencia si no existe certeza de c\u00f3mo se desarrollan los procesos internos para elegir a las dirigencias de los partidos pol\u00edticos,&nbsp;destacando la falta de mujeres en espacios de toma de decisiones al interior de estos.<\/p>\n\n\n\n<p>Al hacer uso de la voz, el Consejero del Instituto Electoral de la Ciudad de M\u00e9xico, Yuri Beltr\u00e1n Miranda, afirm\u00f3 que los partidos pol\u00edticos son el canal de comunicaci\u00f3n entre la sociedad y el gobierno, as\u00ed como los actores principales en la lucha de poder.<\/p>\n\n\n\n<p>\u201cLas cosas que pasan al interior de los partidos no afectan solo a quienes forman parte de estos, sino a toda la sociedad. Nos preocupan por el uso de recursos p\u00fablicos y por la funci\u00f3n que tienen para socializar la pol\u00edtica y construir la representaci\u00f3n\u201d, afirm\u00f3 el Consejero Beltr\u00e1n Miranda<\/p>\n\n\n\n<p>Por su parte, el Comisionado Presidente del InfoCdMex&nbsp;destac\u00f3 la importancia de que los partidos pol\u00edticos rindas cuentas a la sociedad y sean transparentes. Destacando que la opacidad de los partidos pol\u00edticos es muy grave por su naturaleza jur\u00eddica y su funci\u00f3n social.<\/p>\n\n\n\n<p>\u201cLa transparencia debe ser internalizada por los partidos pol\u00edticos como una precondici\u00f3n de su legitimidad y una condici\u00f3n necesaria de la democracia sustancial. Ello implica una l\u00f3gica de ganar-ganar de cara a las personas\u201d, afirm\u00f3 el Comisionado Presidente.<\/p>\n\n\n\n<p>Finalmente, la Directora de la Revista Voz y Voto y quien moder\u00f3 este foro, Gloria Alcocer Olmos, consider\u00f3 que es fundamental que los partidos pol\u00edticos no deben esperar a que exista un esc\u00e1ndalo para transparentar su informaci\u00f3n.<\/p>\n\n\n\n<p>\u201cComo sociedad civil debemos ser corresponsables; aprendamos a cuestionar, aprendamos a construir, aprendamos a pedir informaci\u00f3n, pero tambi\u00e9n a ser transparentes porque tambi\u00e9n ese es un trabajo que nos toca a todas y a todos\u201d, concluy\u00f3 Alcocer Olmos.<\/p>\n\n\n\n<p><strong>o-O-o<\/strong><strong><\/strong><\/p>\n","protected":false},"excerpt":{"rendered":"<p>El panel estuvo conformado por la Magistrada del TECDMX, Martha Mercado Ram\u00edrez, el Comisionado Presidente del InfoCdMex, Julio C\u00e9sar Bonilla, el Consejero del IECM, Yuri Beltr\u00e1n Miranda, y Gloria Alcocer [&hellip;]<\/p>\n","protected":false},"author":13,"featured_media":21168,"comment_status":"open","ping_status":"open","sticky":false,"template":"","format":"standard","meta":{"_acf_changed":false,"_exactmetrics_skip_tracking":false,"_exactmetrics_sitenote_active":false,"_exactmetrics_sitenote_note":"","_exactmetrics_sitenote_category":0,"footnotes":""},"categories":[32,47],"tags":[],"acf":[],"yoast_head":"<!-- This site is optimized with the Yoast SEO plugin v22.3 - https:\/\/yoast.com\/wordpress\/plugins\/seo\/ -->\n<title>No podemos caer en facultades discrecionales en materia de transparencia, afirma Magistrada Martha Mercado Ram\u00edrez - Tribunal Electoral de la Ciudad de M\u00e9xico<\/title>\n<meta name=\"robots\" content=\"index, follow, max-snippet:-1, max-image-preview:large, max-video-preview:-1\" \/>\n<link rel=\"canonical\" href=\"https:\/\/www.tecdmx.org.mx\/index.php\/comunicados\/2020\/09\/24\/no-podemos-caer-en-facultades-discrecionales-en-materia-de-transparencia-afirma-magistrada-martha-mercado-ramirez\/\" \/>\n<meta property=\"og:locale\" content=\"es_ES\" \/>\n<meta property=\"og:type\" content=\"article\" \/>\n<meta property=\"og:title\" content=\"No podemos caer en facultades discrecionales en materia de transparencia, afirma Magistrada Martha Mercado Ram\u00edrez - Tribunal Electoral de la Ciudad de M\u00e9xico\" \/>\n<meta property=\"og:description\" content=\"El panel estuvo conformado por la Magistrada del TECDMX, Martha Mercado Ram\u00edrez, el Comisionado Presidente del InfoCdMex, Julio C\u00e9sar Bonilla, el Consejero del IECM, Yuri Beltr\u00e1n Miranda, y Gloria Alcocer [&hellip;]\" \/>\n<meta property=\"og:url\" content=\"https:\/\/www.tecdmx.org.mx\/index.php\/comunicados\/2020\/09\/24\/no-podemos-caer-en-facultades-discrecionales-en-materia-de-transparencia-afirma-magistrada-martha-mercado-ramirez\/\" \/>\n<meta property=\"og:site_name\" content=\"Tribunal Electoral de la Ciudad de M\u00e9xico\" \/>\n<meta property=\"article:publisher\" content=\"https:\/\/www.facebook.com\/TECDMX\/\" \/>\n<meta property=\"article:published_time\" content=\"2020-09-24T14:33:21+00:00\" \/>\n<meta property=\"article:modified_time\" content=\"2020-09-24T14:33:23+00:00\" \/>\n<meta property=\"og:image\" content=\"https:\/\/www.tecdmx.org.mx\/wp-content\/uploads\/2020\/08\/comunicado_nuevo.jpg\" \/>\n\t<meta property=\"og:image:width\" content=\"600\" \/>\n\t<meta property=\"og:image:height\" content=\"366\" \/>\n\t<meta property=\"og:image:type\" content=\"image\/jpeg\" \/>\n<meta name=\"author\" content=\"Difusion2025\" \/>\n<meta name=\"twitter:card\" content=\"summary_large_image\" \/>\n<meta name=\"twitter:creator\" content=\"@tecdmx\" \/>\n<meta name=\"twitter:site\" content=\"@tecdmx\" \/>\n<meta name=\"twitter:label1\" content=\"Escrito por\" \/>\n\t<meta name=\"twitter:data1\" content=\"Difusion2025\" \/>\n\t<meta name=\"twitter:label2\" content=\"Tiempo de lectura\" \/>\n\t<meta name=\"twitter:data2\" content=\"3 minutos\" \/>\n<script type=\"application\/ld+json\" class=\"yoast-schema-graph\">{\"@context\":\"https:\/\/schema.org\",\"@graph\":[{\"@type\":\"WebPage\",\"@id\":\"https:\/\/www.tecdmx.org.mx\/index.php\/comunicados\/2020\/09\/24\/no-podemos-caer-en-facultades-discrecionales-en-materia-de-transparencia-afirma-magistrada-martha-mercado-ramirez\/\",\"url\":\"https:\/\/www.tecdmx.org.mx\/index.php\/comunicados\/2020\/09\/24\/no-podemos-caer-en-facultades-discrecionales-en-materia-de-transparencia-afirma-magistrada-martha-mercado-ramirez\/\",\"name\":\"No podemos caer en facultades discrecionales en materia de transparencia, afirma Magistrada Martha Mercado Ram\u00edrez - Tribunal Electoral de la Ciudad de M\u00e9xico\",\"isPartOf\":{\"@id\":\"https:\/\/www.tecdmx.org.mx\/#website\"},\"primaryImageOfPage\":{\"@id\":\"https:\/\/www.tecdmx.org.mx\/index.php\/comunicados\/2020\/09\/24\/no-podemos-caer-en-facultades-discrecionales-en-materia-de-transparencia-afirma-magistrada-martha-mercado-ramirez\/#primaryimage\"},\"image\":{\"@id\":\"https:\/\/www.tecdmx.org.mx\/index.php\/comunicados\/2020\/09\/24\/no-podemos-caer-en-facultades-discrecionales-en-materia-de-transparencia-afirma-magistrada-martha-mercado-ramirez\/#primaryimage\"},\"thumbnailUrl\":\"https:\/\/www.tecdmx.org.mx\/wp-content\/uploads\/2020\/08\/comunicado_nuevo.jpg\",\"datePublished\":\"2020-09-24T14:33:21+00:00\",\"dateModified\":\"2020-09-24T14:33:23+00:00\",\"author\":{\"@id\":\"https:\/\/www.tecdmx.org.mx\/#\/schema\/person\/208c898199fb3234203823c5f0cf31d6\"},\"breadcrumb\":{\"@id\":\"https:\/\/www.tecdmx.org.mx\/index.php\/comunicados\/2020\/09\/24\/no-podemos-caer-en-facultades-discrecionales-en-materia-de-transparencia-afirma-magistrada-martha-mercado-ramirez\/#breadcrumb\"},\"inLanguage\":\"es\",\"potentialAction\":[{\"@type\":\"ReadAction\",\"target\":[\"https:\/\/www.tecdmx.org.mx\/index.php\/comunicados\/2020\/09\/24\/no-podemos-caer-en-facultades-discrecionales-en-materia-de-transparencia-afirma-magistrada-martha-mercado-ramirez\/\"]}]},{\"@type\":\"ImageObject\",\"inLanguage\":\"es\",\"@id\":\"https:\/\/www.tecdmx.org.mx\/index.php\/comunicados\/2020\/09\/24\/no-podemos-caer-en-facultades-discrecionales-en-materia-de-transparencia-afirma-magistrada-martha-mercado-ramirez\/#primaryimage\",\"url\":\"https:\/\/www.tecdmx.org.mx\/wp-content\/uploads\/2020\/08\/comunicado_nuevo.jpg\",\"contentUrl\":\"https:\/\/www.tecdmx.org.mx\/wp-content\/uploads\/2020\/08\/comunicado_nuevo.jpg\",\"width\":600,\"height\":366},{\"@type\":\"BreadcrumbList\",\"@id\":\"https:\/\/www.tecdmx.org.mx\/index.php\/comunicados\/2020\/09\/24\/no-podemos-caer-en-facultades-discrecionales-en-materia-de-transparencia-afirma-magistrada-martha-mercado-ramirez\/#breadcrumb\",\"itemListElement\":[{\"@type\":\"ListItem\",\"position\":1,\"name\":\"Portada\",\"item\":\"https:\/\/www.tecdmx.org.mx\/\"},{\"@type\":\"ListItem\",\"position\":2,\"name\":\"No podemos caer en facultades discrecionales en materia de transparencia, afirma Magistrada Martha Mercado Ram\u00edrez\"}]},{\"@type\":\"WebSite\",\"@id\":\"https:\/\/www.tecdmx.org.mx\/#website\",\"url\":\"https:\/\/www.tecdmx.org.mx\/\",\"name\":\"Tribunal Electoral de la Ciudad de M\u00e9xico\",\"description\":\"25 a\u00f1os garantizando justicia en tu elecci\u00f3n\",\"potentialAction\":[{\"@type\":\"SearchAction\",\"target\":{\"@type\":\"EntryPoint\",\"urlTemplate\":\"https:\/\/www.tecdmx.org.mx\/?s={search_term_string}\"},\"query-input\":\"required name=search_term_string\"}],\"inLanguage\":\"es\"},{\"@type\":\"Person\",\"@id\":\"https:\/\/www.tecdmx.org.mx\/#\/schema\/person\/208c898199fb3234203823c5f0cf31d6\",\"name\":\"Difusion2025\",\"image\":{\"@type\":\"ImageObject\",\"inLanguage\":\"es\",\"@id\":\"https:\/\/www.tecdmx.org.mx\/#\/schema\/person\/image\/\",\"url\":\"https:\/\/secure.gravatar.com\/avatar\/6f7a4ba3acb418040e90a2eb99b5df28?s=96&d=mm&r=g\",\"contentUrl\":\"https:\/\/secure.gravatar.com\/avatar\/6f7a4ba3acb418040e90a2eb99b5df28?s=96&d=mm&r=g\",\"caption\":\"Difusion2025\"}}]}<\/script>\n<!-- \/ Yoast SEO plugin. -->","yoast_head_json":{"title":"No podemos caer en facultades discrecionales en materia de transparencia, afirma Magistrada Martha Mercado Ram\u00edrez - Tribunal Electoral de la Ciudad de M\u00e9xico","robots":{"index":"index","follow":"follow","max-snippet":"max-snippet:-1","max-image-preview":"max-image-preview:large","max-video-preview":"max-video-preview:-1"},"canonical":"https:\/\/www.tecdmx.org.mx\/index.php\/comunicados\/2020\/09\/24\/no-podemos-caer-en-facultades-discrecionales-en-materia-de-transparencia-afirma-magistrada-martha-mercado-ramirez\/","og_locale":"es_ES","og_type":"article","og_title":"No podemos caer en facultades discrecionales en materia de transparencia, afirma Magistrada Martha Mercado Ram\u00edrez - Tribunal Electoral de la Ciudad de M\u00e9xico","og_description":"El panel estuvo conformado por la Magistrada del TECDMX, Martha Mercado Ram\u00edrez, el Comisionado Presidente del InfoCdMex, Julio C\u00e9sar Bonilla, el Consejero del IECM, Yuri Beltr\u00e1n Miranda, y Gloria Alcocer [&hellip;]","og_url":"https:\/\/www.tecdmx.org.mx\/index.php\/comunicados\/2020\/09\/24\/no-podemos-caer-en-facultades-discrecionales-en-materia-de-transparencia-afirma-magistrada-martha-mercado-ramirez\/","og_site_name":"Tribunal Electoral de la Ciudad de M\u00e9xico","article_publisher":"https:\/\/www.facebook.com\/TECDMX\/","article_published_time":"2020-09-24T14:33:21+00:00","article_modified_time":"2020-09-24T14:33:23+00:00","og_image":[{"width":600,"height":366,"url":"https:\/\/www.tecdmx.org.mx\/wp-content\/uploads\/2020\/08\/comunicado_nuevo.jpg","type":"image\/jpeg"}],"author":"Difusion2025","twitter_card":"summary_large_image","twitter_creator":"@tecdmx","twitter_site":"@tecdmx","twitter_misc":{"Escrito por":"Difusion2025","Tiempo de lectura":"3 minutos"},"schema":{"@context":"https:\/\/schema.org","@graph":[{"@type":"WebPage","@id":"https:\/\/www.tecdmx.org.mx\/index.php\/comunicados\/2020\/09\/24\/no-podemos-caer-en-facultades-discrecionales-en-materia-de-transparencia-afirma-magistrada-martha-mercado-ramirez\/","url":"https:\/\/www.tecdmx.org.mx\/index.php\/comunicados\/2020\/09\/24\/no-podemos-caer-en-facultades-discrecionales-en-materia-de-transparencia-afirma-magistrada-martha-mercado-ramirez\/","name":"No podemos caer en facultades discrecionales en materia de transparencia, afirma Magistrada Martha Mercado Ram\u00edrez - Tribunal Electoral de la Ciudad de M\u00e9xico","isPartOf":{"@id":"https:\/\/www.tecdmx.org.mx\/#website"},"primaryImageOfPage":{"@id":"https:\/\/www.tecdmx.org.mx\/index.php\/comunicados\/2020\/09\/24\/no-podemos-caer-en-facultades-discrecionales-en-materia-de-transparencia-afirma-magistrada-martha-mercado-ramirez\/#primaryimage"},"image":{"@id":"https:\/\/www.tecdmx.org.mx\/index.php\/comunicados\/2020\/09\/24\/no-podemos-caer-en-facultades-discrecionales-en-materia-de-transparencia-afirma-magistrada-martha-mercado-ramirez\/#primaryimage"},"thumbnailUrl":"https:\/\/www.tecdmx.org.mx\/wp-content\/uploads\/2020\/08\/comunicado_nuevo.jpg","datePublished":"2020-09-24T14:33:21+00:00","dateModified":"2020-09-24T14:33:23+00:00","author":{"@id":"https:\/\/www.tecdmx.org.mx\/#\/schema\/person\/208c898199fb3234203823c5f0cf31d6"},"breadcrumb":{"@id":"https:\/\/www.tecdmx.org.mx\/index.php\/comunicados\/2020\/09\/24\/no-podemos-caer-en-facultades-discrecionales-en-materia-de-transparencia-afirma-magistrada-martha-mercado-ramirez\/#breadcrumb"},"inLanguage":"es","potentialAction":[{"@type":"ReadAction","target":["https:\/\/www.tecdmx.org.mx\/index.php\/comunicados\/2020\/09\/24\/no-podemos-caer-en-facultades-discrecionales-en-materia-de-transparencia-afirma-magistrada-martha-mercado-ramirez\/"]}]},{"@type":"ImageObject","inLanguage":"es","@id":"https:\/\/www.tecdmx.org.mx\/index.php\/comunicados\/2020\/09\/24\/no-podemos-caer-en-facultades-discrecionales-en-materia-de-transparencia-afirma-magistrada-martha-mercado-ramirez\/#primaryimage","url":"https:\/\/www.tecdmx.org.mx\/wp-content\/uploads\/2020\/08\/comunicado_nuevo.jpg","contentUrl":"https:\/\/www.tecdmx.org.mx\/wp-content\/uploads\/2020\/08\/comunicado_nuevo.jpg","width":600,"height":366},{"@type":"BreadcrumbList","@id":"https:\/\/www.tecdmx.org.mx\/index.php\/comunicados\/2020\/09\/24\/no-podemos-caer-en-facultades-discrecionales-en-materia-de-transparencia-afirma-magistrada-martha-mercado-ramirez\/#breadcrumb","itemListElement":[{"@type":"ListItem","position":1,"name":"Portada","item":"https:\/\/www.tecdmx.org.mx\/"},{"@type":"ListItem","position":2,"name":"No podemos caer en facultades discrecionales en materia de transparencia, afirma Magistrada Martha Mercado Ram\u00edrez"}]},{"@type":"WebSite","@id":"https:\/\/www.tecdmx.org.mx\/#website","url":"https:\/\/www.tecdmx.org.mx\/","name":"Tribunal Electoral de la Ciudad de M\u00e9xico","description":"25 a\u00f1os garantizando justicia en tu elecci\u00f3n","potentialAction":[{"@type":"SearchAction","target":{"@type":"EntryPoint","urlTemplate":"https:\/\/www.tecdmx.org.mx\/?s={search_term_string}"},"query-input":"required name=search_term_string"}],"inLanguage":"es"},{"@type":"Person","@id":"https:\/\/www.tecdmx.org.mx\/#\/schema\/person\/208c898199fb3234203823c5f0cf31d6","name":"Difusion2025","image":{"@type":"ImageObject","inLanguage":"es","@id":"https:\/\/www.tecdmx.org.mx\/#\/schema\/person\/image\/","url":"https:\/\/secure.gravatar.com\/avatar\/6f7a4ba3acb418040e90a2eb99b5df28?s=96&d=mm&r=g","contentUrl":"https:\/\/secure.gravatar.com\/avatar\/6f7a4ba3acb418040e90a2eb99b5df28?s=96&d=mm&r=g","caption":"Difusion2025"}}]}},"_links":{"self":[{"href":"https:\/\/www.tecdmx.org.mx\/index.php\/wp-json\/wp\/v2\/posts\/22243"}],"collection":[{"href":"https:\/\/www.tecdmx.org.mx\/index.php\/wp-json\/wp\/v2\/posts"}],"about":[{"href":"https:\/\/www.tecdmx.org.mx\/index.php\/wp-json\/wp\/v2\/types\/post"}],"author":[{"embeddable":true,"href":"https:\/\/www.tecdmx.org.mx\/index.php\/wp-json\/wp\/v2\/users\/13"}],"replies":[{"embeddable":true,"href":"https:\/\/www.tecdmx.org.mx\/index.php\/wp-json\/wp\/v2\/comments?post=22243"}],"version-history":[{"count":2,"href":"https:\/\/www.tecdmx.org.mx\/index.php\/wp-json\/wp\/v2\/posts\/22243\/revisions"}],"predecessor-version":[{"id":22246,"href":"https:\/\/www.tecdmx.org.mx\/index.php\/wp-json\/wp\/v2\/posts\/22243\/revisions\/22246"}],"wp:featuredmedia":[{"embeddable":true,"href":"https:\/\/www.tecdmx.org.mx\/index.php\/wp-json\/wp\/v2\/media\/21168"}],"wp:attachment":[{"href":"https:\/\/www.tecdmx.org.mx\/index.php\/wp-json\/wp\/v2\/media?parent=22243"}],"wp:term":[{"taxonomy":"category","embeddable":true,"href":"https:\/\/www.tecdmx.org.mx\/index.php\/wp-json\/wp\/v2\/categories?post=22243"},{"taxonomy":"post_tag","embeddable":true,"href":"https:\/\/www.tecdmx.org.mx\/index.php\/wp-json\/wp\/v2\/tags?post=22243"}],"curies":[{"name":"wp","href":"https:\/\/api.w.org\/{rel}","templated":true}]}}