{"id":22947,"date":"2020-10-05T22:08:16","date_gmt":"2020-10-06T03:08:16","guid":{"rendered":"https:\/\/www.tecdmx.org.mx\/?p=22947"},"modified":"2020-10-05T22:08:18","modified_gmt":"2020-10-06T03:08:18","slug":"boletin-no-73-tecdmx-infocdmx-y-uam-xochimilco-suman-esfuerzos-para-capacitar-en-materia-de-proteccion-de-datos-personales-y-gobierno-abierto","status":"publish","type":"post","link":"https:\/\/www.tecdmx.org.mx\/index.php\/comunicados\/2020\/10\/05\/boletin-no-73-tecdmx-infocdmx-y-uam-xochimilco-suman-esfuerzos-para-capacitar-en-materia-de-proteccion-de-datos-personales-y-gobierno-abierto\/","title":{"rendered":"Bolet\u00edn N\u00ba 73 TECDMX, InfoCDMX y UAM Xochimilco suman esfuerzos para capacitar en materia de Protecci\u00f3n de Datos Personales y Gobierno Abierto"},"content":{"rendered":"\n<ul><li>El\nTECDMX, el INFO capitalino y la UAM, unidad Xochimilco organizan de manera\nconjunta el 3er Diplomado en Protecci\u00f3n de Datos Personales y Gobierno Abierto.<\/li><\/ul>\n\n\n\n<p>El Tribunal Electoral de la Ciudad de M\u00e9xico (TECDMX) y\nel Instituto de Transparencia, Acceso a la Informaci\u00f3n P\u00fablica, Protecci\u00f3n de\nDatos Personales y Rendici\u00f3n de Cuentas de la Ciudad de M\u00e9xico (INFOCDMX),\ninauguraron los trabajos del 3er Diplomado en Protecci\u00f3n de Datos Personales y\nGobierno Abierto \u201cTransparencia, Datos Personales y Elecciones\u201d, el cual es\ntambi\u00e9n organizado con la colaboraci\u00f3n de la Universidad Aut\u00f3noma\nMetropolitana, unidad Xochimilco (UAM-X).<\/p>\n\n\n\n<p>Al hacer uso de la voz, el Magistrado Armando Ambriz\nHern\u00e1ndez, Presidente del Comit\u00e9 de Transparencia del TECDMX, destac\u00f3 la\nimportancia de la capacitaci\u00f3n de las personas servidoras p\u00fablicas y de la\nciudadan\u00eda en materia de transparencia y datos personales, para el\nfortalecimiento de la democracia.<\/p>\n\n\n\n<p>Por\nsu parte, el Comisionado Presidente del INFOCDMX, Julio C\u00e9sar Bonilla, afirm\u00f3\nque, en la actualidad, la transparencia no es un elemento negociable de la\ndemocracia y que jam\u00e1s debe volver a serlo, retierando que el Gobierno Abierto\ndebe ser implementado por las instituciones de modo proactivo y progresivo.<\/p>\n\n\n\n<p>La\nMagistrada del TECDMX, Martha Leticia Mercado Ram\u00edrez, dese\u00f3 el mayor de los\n\u00e9xitos a las personas inscritas en el diplomado al inaugurar formalmente los\ntrabajos de este.<\/p>\n\n\n\n<p>Finalmente,\nel evento cont\u00f3 con la participaci\u00f3n a distancia del Magistrado Juan Carlos\nS\u00e1nchez Le\u00f3n y del Comisionado Ar\u00edstides Guerrero Garc\u00eda.<\/p>\n\n\n\n<p><strong>o-O-o<\/strong><\/p>\n","protected":false},"excerpt":{"rendered":"<p>El TECDMX, el INFO capitalino y la UAM, unidad Xochimilco organizan de manera conjunta el 3er Diplomado en Protecci\u00f3n de Datos Personales y Gobierno Abierto. El Tribunal Electoral de la [&hellip;]<\/p>\n","protected":false},"author":13,"featured_media":21168,"comment_status":"open","ping_status":"open","sticky":false,"template":"","format":"standard","meta":{"_acf_changed":false,"_exactmetrics_skip_tracking":false,"_exactmetrics_sitenote_active":false,"_exactmetrics_sitenote_note":"","_exactmetrics_sitenote_category":0,"footnotes":""},"categories":[32,47],"tags":[],"acf":[],"yoast_head":"<!-- This site is optimized with the Yoast SEO plugin v22.3 - https:\/\/yoast.com\/wordpress\/plugins\/seo\/ -->\n<title>Bolet\u00edn N\u00ba 73 TECDMX, InfoCDMX y UAM Xochimilco suman esfuerzos para capacitar en materia de Protecci\u00f3n de Datos Personales y Gobierno Abierto - Tribunal Electoral de la Ciudad de M\u00e9xico<\/title>\n<meta name=\"robots\" content=\"index, follow, max-snippet:-1, max-image-preview:large, max-video-preview:-1\" \/>\n<link rel=\"canonical\" href=\"https:\/\/www.tecdmx.org.mx\/index.php\/comunicados\/2020\/10\/05\/boletin-no-73-tecdmx-infocdmx-y-uam-xochimilco-suman-esfuerzos-para-capacitar-en-materia-de-proteccion-de-datos-personales-y-gobierno-abierto\/\" \/>\n<meta property=\"og:locale\" content=\"es_ES\" \/>\n<meta property=\"og:type\" content=\"article\" \/>\n<meta property=\"og:title\" content=\"Bolet\u00edn N\u00ba 73 TECDMX, InfoCDMX y UAM Xochimilco suman esfuerzos para capacitar en materia de Protecci\u00f3n de Datos Personales y Gobierno Abierto - Tribunal Electoral de la Ciudad de M\u00e9xico\" \/>\n<meta property=\"og:description\" content=\"El TECDMX, el INFO capitalino y la UAM, unidad Xochimilco organizan de manera conjunta el 3er Diplomado en Protecci\u00f3n de Datos Personales y Gobierno Abierto. El Tribunal Electoral de la [&hellip;]\" \/>\n<meta property=\"og:url\" content=\"https:\/\/www.tecdmx.org.mx\/index.php\/comunicados\/2020\/10\/05\/boletin-no-73-tecdmx-infocdmx-y-uam-xochimilco-suman-esfuerzos-para-capacitar-en-materia-de-proteccion-de-datos-personales-y-gobierno-abierto\/\" \/>\n<meta property=\"og:site_name\" content=\"Tribunal Electoral de la Ciudad de M\u00e9xico\" \/>\n<meta property=\"article:publisher\" content=\"https:\/\/www.facebook.com\/TECDMX\/\" \/>\n<meta property=\"article:published_time\" content=\"2020-10-06T03:08:16+00:00\" \/>\n<meta property=\"article:modified_time\" content=\"2020-10-06T03:08:18+00:00\" \/>\n<meta property=\"og:image\" content=\"https:\/\/www.tecdmx.org.mx\/wp-content\/uploads\/2020\/08\/comunicado_nuevo.jpg\" \/>\n\t<meta property=\"og:image:width\" content=\"600\" \/>\n\t<meta property=\"og:image:height\" content=\"366\" \/>\n\t<meta property=\"og:image:type\" content=\"image\/jpeg\" \/>\n<meta name=\"author\" content=\"Difusion2025\" \/>\n<meta name=\"twitter:card\" content=\"summary_large_image\" \/>\n<meta name=\"twitter:creator\" content=\"@tecdmx\" \/>\n<meta name=\"twitter:site\" content=\"@tecdmx\" \/>\n<meta name=\"twitter:label1\" content=\"Escrito por\" \/>\n\t<meta name=\"twitter:data1\" content=\"Difusion2025\" \/>\n\t<meta name=\"twitter:label2\" content=\"Tiempo de lectura\" \/>\n\t<meta name=\"twitter:data2\" content=\"1 minuto\" \/>\n<script type=\"application\/ld+json\" class=\"yoast-schema-graph\">{\"@context\":\"https:\/\/schema.org\",\"@graph\":[{\"@type\":\"WebPage\",\"@id\":\"https:\/\/www.tecdmx.org.mx\/index.php\/comunicados\/2020\/10\/05\/boletin-no-73-tecdmx-infocdmx-y-uam-xochimilco-suman-esfuerzos-para-capacitar-en-materia-de-proteccion-de-datos-personales-y-gobierno-abierto\/\",\"url\":\"https:\/\/www.tecdmx.org.mx\/index.php\/comunicados\/2020\/10\/05\/boletin-no-73-tecdmx-infocdmx-y-uam-xochimilco-suman-esfuerzos-para-capacitar-en-materia-de-proteccion-de-datos-personales-y-gobierno-abierto\/\",\"name\":\"Bolet\u00edn N\u00ba 73 TECDMX, InfoCDMX y UAM Xochimilco suman esfuerzos para capacitar en materia de Protecci\u00f3n de Datos Personales y Gobierno Abierto - Tribunal Electoral de la Ciudad de M\u00e9xico\",\"isPartOf\":{\"@id\":\"https:\/\/www.tecdmx.org.mx\/#website\"},\"primaryImageOfPage\":{\"@id\":\"https:\/\/www.tecdmx.org.mx\/index.php\/comunicados\/2020\/10\/05\/boletin-no-73-tecdmx-infocdmx-y-uam-xochimilco-suman-esfuerzos-para-capacitar-en-materia-de-proteccion-de-datos-personales-y-gobierno-abierto\/#primaryimage\"},\"image\":{\"@id\":\"https:\/\/www.tecdmx.org.mx\/index.php\/comunicados\/2020\/10\/05\/boletin-no-73-tecdmx-infocdmx-y-uam-xochimilco-suman-esfuerzos-para-capacitar-en-materia-de-proteccion-de-datos-personales-y-gobierno-abierto\/#primaryimage\"},\"thumbnailUrl\":\"https:\/\/www.tecdmx.org.mx\/wp-content\/uploads\/2020\/08\/comunicado_nuevo.jpg\",\"datePublished\":\"2020-10-06T03:08:16+00:00\",\"dateModified\":\"2020-10-06T03:08:18+00:00\",\"author\":{\"@id\":\"https:\/\/www.tecdmx.org.mx\/#\/schema\/person\/208c898199fb3234203823c5f0cf31d6\"},\"breadcrumb\":{\"@id\":\"https:\/\/www.tecdmx.org.mx\/index.php\/comunicados\/2020\/10\/05\/boletin-no-73-tecdmx-infocdmx-y-uam-xochimilco-suman-esfuerzos-para-capacitar-en-materia-de-proteccion-de-datos-personales-y-gobierno-abierto\/#breadcrumb\"},\"inLanguage\":\"es\",\"potentialAction\":[{\"@type\":\"ReadAction\",\"target\":[\"https:\/\/www.tecdmx.org.mx\/index.php\/comunicados\/2020\/10\/05\/boletin-no-73-tecdmx-infocdmx-y-uam-xochimilco-suman-esfuerzos-para-capacitar-en-materia-de-proteccion-de-datos-personales-y-gobierno-abierto\/\"]}]},{\"@type\":\"ImageObject\",\"inLanguage\":\"es\",\"@id\":\"https:\/\/www.tecdmx.org.mx\/index.php\/comunicados\/2020\/10\/05\/boletin-no-73-tecdmx-infocdmx-y-uam-xochimilco-suman-esfuerzos-para-capacitar-en-materia-de-proteccion-de-datos-personales-y-gobierno-abierto\/#primaryimage\",\"url\":\"https:\/\/www.tecdmx.org.mx\/wp-content\/uploads\/2020\/08\/comunicado_nuevo.jpg\",\"contentUrl\":\"https:\/\/www.tecdmx.org.mx\/wp-content\/uploads\/2020\/08\/comunicado_nuevo.jpg\",\"width\":600,\"height\":366},{\"@type\":\"BreadcrumbList\",\"@id\":\"https:\/\/www.tecdmx.org.mx\/index.php\/comunicados\/2020\/10\/05\/boletin-no-73-tecdmx-infocdmx-y-uam-xochimilco-suman-esfuerzos-para-capacitar-en-materia-de-proteccion-de-datos-personales-y-gobierno-abierto\/#breadcrumb\",\"itemListElement\":[{\"@type\":\"ListItem\",\"position\":1,\"name\":\"Portada\",\"item\":\"https:\/\/www.tecdmx.org.mx\/\"},{\"@type\":\"ListItem\",\"position\":2,\"name\":\"Bolet\u00edn N\u00ba 73 TECDMX, InfoCDMX y UAM Xochimilco suman esfuerzos para capacitar en materia de Protecci\u00f3n de Datos Personales y Gobierno Abierto\"}]},{\"@type\":\"WebSite\",\"@id\":\"https:\/\/www.tecdmx.org.mx\/#website\",\"url\":\"https:\/\/www.tecdmx.org.mx\/\",\"name\":\"Tribunal Electoral de la Ciudad de M\u00e9xico\",\"description\":\"25 a\u00f1os garantizando justicia en tu elecci\u00f3n\",\"potentialAction\":[{\"@type\":\"SearchAction\",\"target\":{\"@type\":\"EntryPoint\",\"urlTemplate\":\"https:\/\/www.tecdmx.org.mx\/?s={search_term_string}\"},\"query-input\":\"required name=search_term_string\"}],\"inLanguage\":\"es\"},{\"@type\":\"Person\",\"@id\":\"https:\/\/www.tecdmx.org.mx\/#\/schema\/person\/208c898199fb3234203823c5f0cf31d6\",\"name\":\"Difusion2025\",\"image\":{\"@type\":\"ImageObject\",\"inLanguage\":\"es\",\"@id\":\"https:\/\/www.tecdmx.org.mx\/#\/schema\/person\/image\/\",\"url\":\"https:\/\/secure.gravatar.com\/avatar\/6f7a4ba3acb418040e90a2eb99b5df28?s=96&d=mm&r=g\",\"contentUrl\":\"https:\/\/secure.gravatar.com\/avatar\/6f7a4ba3acb418040e90a2eb99b5df28?s=96&d=mm&r=g\",\"caption\":\"Difusion2025\"}}]}<\/script>\n<!-- \/ Yoast SEO plugin. -->","yoast_head_json":{"title":"Bolet\u00edn N\u00ba 73 TECDMX, InfoCDMX y UAM Xochimilco suman esfuerzos para capacitar en materia de Protecci\u00f3n de Datos Personales y Gobierno Abierto - Tribunal Electoral de la Ciudad de M\u00e9xico","robots":{"index":"index","follow":"follow","max-snippet":"max-snippet:-1","max-image-preview":"max-image-preview:large","max-video-preview":"max-video-preview:-1"},"canonical":"https:\/\/www.tecdmx.org.mx\/index.php\/comunicados\/2020\/10\/05\/boletin-no-73-tecdmx-infocdmx-y-uam-xochimilco-suman-esfuerzos-para-capacitar-en-materia-de-proteccion-de-datos-personales-y-gobierno-abierto\/","og_locale":"es_ES","og_type":"article","og_title":"Bolet\u00edn N\u00ba 73 TECDMX, InfoCDMX y UAM Xochimilco suman esfuerzos para capacitar en materia de Protecci\u00f3n de Datos Personales y Gobierno Abierto - Tribunal Electoral de la Ciudad de M\u00e9xico","og_description":"El TECDMX, el INFO capitalino y la UAM, unidad Xochimilco organizan de manera conjunta el 3er Diplomado en Protecci\u00f3n de Datos Personales y Gobierno Abierto. El Tribunal Electoral de la [&hellip;]","og_url":"https:\/\/www.tecdmx.org.mx\/index.php\/comunicados\/2020\/10\/05\/boletin-no-73-tecdmx-infocdmx-y-uam-xochimilco-suman-esfuerzos-para-capacitar-en-materia-de-proteccion-de-datos-personales-y-gobierno-abierto\/","og_site_name":"Tribunal Electoral de la Ciudad de M\u00e9xico","article_publisher":"https:\/\/www.facebook.com\/TECDMX\/","article_published_time":"2020-10-06T03:08:16+00:00","article_modified_time":"2020-10-06T03:08:18+00:00","og_image":[{"width":600,"height":366,"url":"https:\/\/www.tecdmx.org.mx\/wp-content\/uploads\/2020\/08\/comunicado_nuevo.jpg","type":"image\/jpeg"}],"author":"Difusion2025","twitter_card":"summary_large_image","twitter_creator":"@tecdmx","twitter_site":"@tecdmx","twitter_misc":{"Escrito por":"Difusion2025","Tiempo de lectura":"1 minuto"},"schema":{"@context":"https:\/\/schema.org","@graph":[{"@type":"WebPage","@id":"https:\/\/www.tecdmx.org.mx\/index.php\/comunicados\/2020\/10\/05\/boletin-no-73-tecdmx-infocdmx-y-uam-xochimilco-suman-esfuerzos-para-capacitar-en-materia-de-proteccion-de-datos-personales-y-gobierno-abierto\/","url":"https:\/\/www.tecdmx.org.mx\/index.php\/comunicados\/2020\/10\/05\/boletin-no-73-tecdmx-infocdmx-y-uam-xochimilco-suman-esfuerzos-para-capacitar-en-materia-de-proteccion-de-datos-personales-y-gobierno-abierto\/","name":"Bolet\u00edn N\u00ba 73 TECDMX, InfoCDMX y UAM Xochimilco suman esfuerzos para capacitar en materia de Protecci\u00f3n de Datos Personales y Gobierno Abierto - Tribunal Electoral de la Ciudad de M\u00e9xico","isPartOf":{"@id":"https:\/\/www.tecdmx.org.mx\/#website"},"primaryImageOfPage":{"@id":"https:\/\/www.tecdmx.org.mx\/index.php\/comunicados\/2020\/10\/05\/boletin-no-73-tecdmx-infocdmx-y-uam-xochimilco-suman-esfuerzos-para-capacitar-en-materia-de-proteccion-de-datos-personales-y-gobierno-abierto\/#primaryimage"},"image":{"@id":"https:\/\/www.tecdmx.org.mx\/index.php\/comunicados\/2020\/10\/05\/boletin-no-73-tecdmx-infocdmx-y-uam-xochimilco-suman-esfuerzos-para-capacitar-en-materia-de-proteccion-de-datos-personales-y-gobierno-abierto\/#primaryimage"},"thumbnailUrl":"https:\/\/www.tecdmx.org.mx\/wp-content\/uploads\/2020\/08\/comunicado_nuevo.jpg","datePublished":"2020-10-06T03:08:16+00:00","dateModified":"2020-10-06T03:08:18+00:00","author":{"@id":"https:\/\/www.tecdmx.org.mx\/#\/schema\/person\/208c898199fb3234203823c5f0cf31d6"},"breadcrumb":{"@id":"https:\/\/www.tecdmx.org.mx\/index.php\/comunicados\/2020\/10\/05\/boletin-no-73-tecdmx-infocdmx-y-uam-xochimilco-suman-esfuerzos-para-capacitar-en-materia-de-proteccion-de-datos-personales-y-gobierno-abierto\/#breadcrumb"},"inLanguage":"es","potentialAction":[{"@type":"ReadAction","target":["https:\/\/www.tecdmx.org.mx\/index.php\/comunicados\/2020\/10\/05\/boletin-no-73-tecdmx-infocdmx-y-uam-xochimilco-suman-esfuerzos-para-capacitar-en-materia-de-proteccion-de-datos-personales-y-gobierno-abierto\/"]}]},{"@type":"ImageObject","inLanguage":"es","@id":"https:\/\/www.tecdmx.org.mx\/index.php\/comunicados\/2020\/10\/05\/boletin-no-73-tecdmx-infocdmx-y-uam-xochimilco-suman-esfuerzos-para-capacitar-en-materia-de-proteccion-de-datos-personales-y-gobierno-abierto\/#primaryimage","url":"https:\/\/www.tecdmx.org.mx\/wp-content\/uploads\/2020\/08\/comunicado_nuevo.jpg","contentUrl":"https:\/\/www.tecdmx.org.mx\/wp-content\/uploads\/2020\/08\/comunicado_nuevo.jpg","width":600,"height":366},{"@type":"BreadcrumbList","@id":"https:\/\/www.tecdmx.org.mx\/index.php\/comunicados\/2020\/10\/05\/boletin-no-73-tecdmx-infocdmx-y-uam-xochimilco-suman-esfuerzos-para-capacitar-en-materia-de-proteccion-de-datos-personales-y-gobierno-abierto\/#breadcrumb","itemListElement":[{"@type":"ListItem","position":1,"name":"Portada","item":"https:\/\/www.tecdmx.org.mx\/"},{"@type":"ListItem","position":2,"name":"Bolet\u00edn N\u00ba 73 TECDMX, InfoCDMX y UAM Xochimilco suman esfuerzos para capacitar en materia de Protecci\u00f3n de Datos Personales y Gobierno Abierto"}]},{"@type":"WebSite","@id":"https:\/\/www.tecdmx.org.mx\/#website","url":"https:\/\/www.tecdmx.org.mx\/","name":"Tribunal Electoral de la Ciudad de M\u00e9xico","description":"25 a\u00f1os garantizando justicia en tu elecci\u00f3n","potentialAction":[{"@type":"SearchAction","target":{"@type":"EntryPoint","urlTemplate":"https:\/\/www.tecdmx.org.mx\/?s={search_term_string}"},"query-input":"required name=search_term_string"}],"inLanguage":"es"},{"@type":"Person","@id":"https:\/\/www.tecdmx.org.mx\/#\/schema\/person\/208c898199fb3234203823c5f0cf31d6","name":"Difusion2025","image":{"@type":"ImageObject","inLanguage":"es","@id":"https:\/\/www.tecdmx.org.mx\/#\/schema\/person\/image\/","url":"https:\/\/secure.gravatar.com\/avatar\/6f7a4ba3acb418040e90a2eb99b5df28?s=96&d=mm&r=g","contentUrl":"https:\/\/secure.gravatar.com\/avatar\/6f7a4ba3acb418040e90a2eb99b5df28?s=96&d=mm&r=g","caption":"Difusion2025"}}]}},"_links":{"self":[{"href":"https:\/\/www.tecdmx.org.mx\/index.php\/wp-json\/wp\/v2\/posts\/22947"}],"collection":[{"href":"https:\/\/www.tecdmx.org.mx\/index.php\/wp-json\/wp\/v2\/posts"}],"about":[{"href":"https:\/\/www.tecdmx.org.mx\/index.php\/wp-json\/wp\/v2\/types\/post"}],"author":[{"embeddable":true,"href":"https:\/\/www.tecdmx.org.mx\/index.php\/wp-json\/wp\/v2\/users\/13"}],"replies":[{"embeddable":true,"href":"https:\/\/www.tecdmx.org.mx\/index.php\/wp-json\/wp\/v2\/comments?post=22947"}],"version-history":[{"count":2,"href":"https:\/\/www.tecdmx.org.mx\/index.php\/wp-json\/wp\/v2\/posts\/22947\/revisions"}],"predecessor-version":[{"id":22950,"href":"https:\/\/www.tecdmx.org.mx\/index.php\/wp-json\/wp\/v2\/posts\/22947\/revisions\/22950"}],"wp:featuredmedia":[{"embeddable":true,"href":"https:\/\/www.tecdmx.org.mx\/index.php\/wp-json\/wp\/v2\/media\/21168"}],"wp:attachment":[{"href":"https:\/\/www.tecdmx.org.mx\/index.php\/wp-json\/wp\/v2\/media?parent=22947"}],"wp:term":[{"taxonomy":"category","embeddable":true,"href":"https:\/\/www.tecdmx.org.mx\/index.php\/wp-json\/wp\/v2\/categories?post=22947"},{"taxonomy":"post_tag","embeddable":true,"href":"https:\/\/www.tecdmx.org.mx\/index.php\/wp-json\/wp\/v2\/tags?post=22947"}],"curies":[{"name":"wp","href":"https:\/\/api.w.org\/{rel}","templated":true}]}}