{"id":23122,"date":"2020-10-08T17:16:00","date_gmt":"2020-10-08T22:16:00","guid":{"rendered":"https:\/\/www.tecdmx.org.mx\/?p=23122"},"modified":"2020-10-08T17:16:02","modified_gmt":"2020-10-08T22:16:02","slug":"ordena-el-tecdmx-convocar-a-jornada-electiva-extraordinaria-en-las-unidades-territoriales-asturias-santa-maria-unidad-habitacional-y-obrera-i-asi-como-jornada-consultiva-extraordinaria-en-atlampa","status":"publish","type":"post","link":"https:\/\/www.tecdmx.org.mx\/index.php\/comunicados\/2020\/10\/08\/ordena-el-tecdmx-convocar-a-jornada-electiva-extraordinaria-en-las-unidades-territoriales-asturias-santa-maria-unidad-habitacional-y-obrera-i-asi-como-jornada-consultiva-extraordinaria-en-atlampa\/","title":{"rendered":"Ordena el TECDMX convocar a Jornada Electiva Extraordinaria en las unidades territoriales Asturias, Santa Mar\u00eda (unidad habitacional) y Obrera I, as\u00ed como Jornada Consultiva Extraordinaria en Atlampa, todas de la demarcaci\u00f3n Cuauht\u00e9moc"},"content":{"rendered":"\n<p class=\"has-text-align-right\">Ciudad de M\u00e9xico, a 8 de octubre de 2020<\/p>\n\n\n\n<p class=\"has-text-align-right\"><strong>Bolet\u00edn N\u00ba 75<\/strong><\/p>\n\n\n\n<p><\/p>\n\n\n\n<p>En Sesi\u00f3n P\u00fablica de resoluci\u00f3n a\ndistancia por videoconferencia, celebrada este jueves 8 de octubre, en los\nJuicios Electorales 128 y su acumulado<a href=\"#_ftn1\">[1]<\/a>;\n258, 271 y 307, todos de este a\u00f1o, el Tribunal Electoral de la Ciudad de M\u00e9xico\ndetermin\u00f3 declarar la nulidad de las Jornadas Electivas en las unidades\nterritoriales Asturias, Santa Mar\u00eda (Unidad Habitacional) y Obrera I, as\u00ed como\nlas Jornadas Consultivas en Asturias y Atlampa.<\/p>\n\n\n\n<p>Lo anterior, por los motivos siguientes:<\/p>\n\n\n\n<ul><li>El\n     Sistema Electr\u00f3nico por Internet (SEI) implementado por el Instituto\n     Electoral de la Ciudad de M\u00e9xico (IECM) para la emisi\u00f3n de votaci\u00f3n present\u00f3\n     fallas a partir del inicio de la Jornada Electiva de recepci\u00f3n de votaci\u00f3n\n     y de opini\u00f3n, debido a esta situaci\u00f3n, la ciudadan\u00eda no estuvo en\n     posibilidad de emitir su voto.<\/li><li>Las medidas ordenadas por la autoridad responsable, a efecto de\n     subsanar las fallas acontecidas el d\u00eda de la Jornada, resultaron\n     insuficientes.<\/li><\/ul>\n\n\n\n<p>Con base en lo anterior, se consider\u00f3 que las irregularidades acreditadas fueron determinantes\npara el resultado de la elecci\u00f3n, dado que se vulner\u00f3 el derecho de la\nciudadan\u00eda de las referidas unidades territoriales a emitir su voto.<\/p>\n\n\n\n<p>Derivado de los siguientes motivos, el TECDMX\ndetermin\u00f3:<\/p>\n\n\n\n<ul><li>Respecto a la\n     unidad territorial Asturias declarar la nulidad de resultados de la\n     votaci\u00f3n recibida en las Mesas Receptoras de Votaci\u00f3n y Opini\u00f3n de la\n     elecci\u00f3n de la COPACO y la Consulta de Presupuesto Participativo\n     2020-2021. Asimismo, se revocaron el Acta de C\u00f3mputo Total, la Constancia\n     de Asignaci\u00f3n e Integraci\u00f3n de la COPACO y la Constancia de Validaci\u00f3n de\n     Resultados de la citada consulta, dejando sin efectos la toma de protesta\n     correspondiente.<\/li><li>En las\n     unidades terrioriales Santa Mar\u00eda (unidad habitacional) y Obrera I\n     declarar la nulidad de resultados de la votaci\u00f3n recibida en las Mesas\n     Repectoras de Votaci\u00f3n y Opini\u00f3n. Asimismo, revocar el Acta de C\u00f3mputo\n     Total de la elecci\u00f3n de COPACO y la Constancia de Asignaci\u00f3n e\n     Integraci\u00f3n, dejando sin efectos la toma de protesta correspondiente.<\/li><li>En Atlampa se\n     declara la nulidad de resultados de la votaci\u00f3n en las Mesas Receptoras de\n     Votaci\u00f3n y Opini\u00f3n de la Consulta de Presupuesto Participativo 2020-2021.\n     Asimismo, se revocan las Constancias de Validaci\u00f3n de Resultados de la\n     citada consulta.<\/li><li>Respecto de\n     las unidades territoriales Asturias, Santa Mar\u00eda (Unidad Habitacional) y\n     Obrera I, se orden\u00f3 al IECM emitir las Convocatorias correspondientes a las\n     Jornadas Electivas Extraordinarias.<\/li><li>Finalmente, en\n     las unidades territoriales Asturias y Atlampa, se orden\u00f3 al Instituto\n     emitir las Convocatorias correspondientes a las Jornadas Consultivas\n     Extraordinarias.<\/li><\/ul>\n\n\n\n<p class=\"has-text-align-center\"><strong>o-O-o<\/strong><\/p>\n\n\n\n<p>*Los criterios para las resoluciones de\neste Pleno son coincidentes.<br><\/p>\n\n\n\n<hr class=\"wp-block-separator\"\/>\n\n\n\n<p><a href=\"#_ftnref1\">[1]<\/a> TECDMX-JEL-329\/2020<\/p>\n","protected":false},"excerpt":{"rendered":"<p>Ciudad de M\u00e9xico, a 8 de octubre de 2020 Bolet\u00edn N\u00ba 75 En Sesi\u00f3n P\u00fablica de resoluci\u00f3n a distancia por videoconferencia, celebrada este jueves 8 de octubre, en los Juicios [&hellip;]<\/p>\n","protected":false},"author":13,"featured_media":21168,"comment_status":"open","ping_status":"open","sticky":false,"template":"","format":"standard","meta":{"_acf_changed":false,"_exactmetrics_skip_tracking":false,"_exactmetrics_sitenote_active":false,"_exactmetrics_sitenote_note":"","_exactmetrics_sitenote_category":0,"footnotes":""},"categories":[32,47],"tags":[],"acf":[],"yoast_head":"<!-- This site is optimized with the Yoast SEO plugin v22.3 - https:\/\/yoast.com\/wordpress\/plugins\/seo\/ -->\n<title>Ordena el TECDMX convocar a Jornada Electiva Extraordinaria en las unidades territoriales Asturias, Santa Mar\u00eda (unidad habitacional) y Obrera I, as\u00ed como Jornada Consultiva Extraordinaria en Atlampa, todas de la demarcaci\u00f3n Cuauht\u00e9moc - Tribunal Electoral de la Ciudad de M\u00e9xico<\/title>\n<meta name=\"robots\" content=\"index, follow, max-snippet:-1, max-image-preview:large, max-video-preview:-1\" \/>\n<link rel=\"canonical\" href=\"https:\/\/www.tecdmx.org.mx\/index.php\/comunicados\/2020\/10\/08\/ordena-el-tecdmx-convocar-a-jornada-electiva-extraordinaria-en-las-unidades-territoriales-asturias-santa-maria-unidad-habitacional-y-obrera-i-asi-como-jornada-consultiva-extraordinaria-en-atlampa\/\" \/>\n<meta property=\"og:locale\" content=\"es_ES\" \/>\n<meta property=\"og:type\" content=\"article\" \/>\n<meta property=\"og:title\" content=\"Ordena el TECDMX convocar a Jornada Electiva Extraordinaria en las unidades territoriales Asturias, Santa Mar\u00eda (unidad habitacional) y Obrera I, as\u00ed como Jornada Consultiva Extraordinaria en Atlampa, todas de la demarcaci\u00f3n Cuauht\u00e9moc - Tribunal Electoral de la Ciudad de M\u00e9xico\" \/>\n<meta property=\"og:description\" content=\"Ciudad de M\u00e9xico, a 8 de octubre de 2020 Bolet\u00edn N\u00ba 75 En Sesi\u00f3n P\u00fablica de resoluci\u00f3n a distancia por videoconferencia, celebrada este jueves 8 de octubre, en los Juicios [&hellip;]\" \/>\n<meta property=\"og:url\" content=\"https:\/\/www.tecdmx.org.mx\/index.php\/comunicados\/2020\/10\/08\/ordena-el-tecdmx-convocar-a-jornada-electiva-extraordinaria-en-las-unidades-territoriales-asturias-santa-maria-unidad-habitacional-y-obrera-i-asi-como-jornada-consultiva-extraordinaria-en-atlampa\/\" \/>\n<meta property=\"og:site_name\" content=\"Tribunal Electoral de la Ciudad de M\u00e9xico\" \/>\n<meta property=\"article:publisher\" content=\"https:\/\/www.facebook.com\/TECDMX\/\" \/>\n<meta property=\"article:published_time\" content=\"2020-10-08T22:16:00+00:00\" \/>\n<meta property=\"article:modified_time\" content=\"2020-10-08T22:16:02+00:00\" \/>\n<meta property=\"og:image\" content=\"https:\/\/www.tecdmx.org.mx\/wp-content\/uploads\/2020\/08\/comunicado_nuevo.jpg\" \/>\n\t<meta property=\"og:image:width\" content=\"600\" \/>\n\t<meta property=\"og:image:height\" content=\"366\" \/>\n\t<meta property=\"og:image:type\" content=\"image\/jpeg\" \/>\n<meta name=\"author\" content=\"Difusion2025\" \/>\n<meta name=\"twitter:card\" content=\"summary_large_image\" \/>\n<meta name=\"twitter:creator\" content=\"@tecdmx\" \/>\n<meta name=\"twitter:site\" content=\"@tecdmx\" \/>\n<meta name=\"twitter:label1\" content=\"Escrito por\" \/>\n\t<meta name=\"twitter:data1\" content=\"Difusion2025\" \/>\n\t<meta name=\"twitter:label2\" content=\"Tiempo de lectura\" \/>\n\t<meta name=\"twitter:data2\" content=\"2 minutos\" \/>\n<script type=\"application\/ld+json\" class=\"yoast-schema-graph\">{\"@context\":\"https:\/\/schema.org\",\"@graph\":[{\"@type\":\"WebPage\",\"@id\":\"https:\/\/www.tecdmx.org.mx\/index.php\/comunicados\/2020\/10\/08\/ordena-el-tecdmx-convocar-a-jornada-electiva-extraordinaria-en-las-unidades-territoriales-asturias-santa-maria-unidad-habitacional-y-obrera-i-asi-como-jornada-consultiva-extraordinaria-en-atlampa\/\",\"url\":\"https:\/\/www.tecdmx.org.mx\/index.php\/comunicados\/2020\/10\/08\/ordena-el-tecdmx-convocar-a-jornada-electiva-extraordinaria-en-las-unidades-territoriales-asturias-santa-maria-unidad-habitacional-y-obrera-i-asi-como-jornada-consultiva-extraordinaria-en-atlampa\/\",\"name\":\"Ordena el TECDMX convocar a Jornada Electiva Extraordinaria en las unidades territoriales Asturias, Santa Mar\u00eda (unidad habitacional) y Obrera I, as\u00ed como Jornada Consultiva Extraordinaria en Atlampa, todas de la demarcaci\u00f3n Cuauht\u00e9moc - Tribunal Electoral de la Ciudad de M\u00e9xico\",\"isPartOf\":{\"@id\":\"https:\/\/www.tecdmx.org.mx\/#website\"},\"primaryImageOfPage\":{\"@id\":\"https:\/\/www.tecdmx.org.mx\/index.php\/comunicados\/2020\/10\/08\/ordena-el-tecdmx-convocar-a-jornada-electiva-extraordinaria-en-las-unidades-territoriales-asturias-santa-maria-unidad-habitacional-y-obrera-i-asi-como-jornada-consultiva-extraordinaria-en-atlampa\/#primaryimage\"},\"image\":{\"@id\":\"https:\/\/www.tecdmx.org.mx\/index.php\/comunicados\/2020\/10\/08\/ordena-el-tecdmx-convocar-a-jornada-electiva-extraordinaria-en-las-unidades-territoriales-asturias-santa-maria-unidad-habitacional-y-obrera-i-asi-como-jornada-consultiva-extraordinaria-en-atlampa\/#primaryimage\"},\"thumbnailUrl\":\"https:\/\/www.tecdmx.org.mx\/wp-content\/uploads\/2020\/08\/comunicado_nuevo.jpg\",\"datePublished\":\"2020-10-08T22:16:00+00:00\",\"dateModified\":\"2020-10-08T22:16:02+00:00\",\"author\":{\"@id\":\"https:\/\/www.tecdmx.org.mx\/#\/schema\/person\/208c898199fb3234203823c5f0cf31d6\"},\"breadcrumb\":{\"@id\":\"https:\/\/www.tecdmx.org.mx\/index.php\/comunicados\/2020\/10\/08\/ordena-el-tecdmx-convocar-a-jornada-electiva-extraordinaria-en-las-unidades-territoriales-asturias-santa-maria-unidad-habitacional-y-obrera-i-asi-como-jornada-consultiva-extraordinaria-en-atlampa\/#breadcrumb\"},\"inLanguage\":\"es\",\"potentialAction\":[{\"@type\":\"ReadAction\",\"target\":[\"https:\/\/www.tecdmx.org.mx\/index.php\/comunicados\/2020\/10\/08\/ordena-el-tecdmx-convocar-a-jornada-electiva-extraordinaria-en-las-unidades-territoriales-asturias-santa-maria-unidad-habitacional-y-obrera-i-asi-como-jornada-consultiva-extraordinaria-en-atlampa\/\"]}]},{\"@type\":\"ImageObject\",\"inLanguage\":\"es\",\"@id\":\"https:\/\/www.tecdmx.org.mx\/index.php\/comunicados\/2020\/10\/08\/ordena-el-tecdmx-convocar-a-jornada-electiva-extraordinaria-en-las-unidades-territoriales-asturias-santa-maria-unidad-habitacional-y-obrera-i-asi-como-jornada-consultiva-extraordinaria-en-atlampa\/#primaryimage\",\"url\":\"https:\/\/www.tecdmx.org.mx\/wp-content\/uploads\/2020\/08\/comunicado_nuevo.jpg\",\"contentUrl\":\"https:\/\/www.tecdmx.org.mx\/wp-content\/uploads\/2020\/08\/comunicado_nuevo.jpg\",\"width\":600,\"height\":366},{\"@type\":\"BreadcrumbList\",\"@id\":\"https:\/\/www.tecdmx.org.mx\/index.php\/comunicados\/2020\/10\/08\/ordena-el-tecdmx-convocar-a-jornada-electiva-extraordinaria-en-las-unidades-territoriales-asturias-santa-maria-unidad-habitacional-y-obrera-i-asi-como-jornada-consultiva-extraordinaria-en-atlampa\/#breadcrumb\",\"itemListElement\":[{\"@type\":\"ListItem\",\"position\":1,\"name\":\"Portada\",\"item\":\"https:\/\/www.tecdmx.org.mx\/\"},{\"@type\":\"ListItem\",\"position\":2,\"name\":\"Ordena el TECDMX convocar a Jornada Electiva Extraordinaria en las unidades territoriales Asturias, Santa Mar\u00eda (unidad habitacional) y Obrera I, as\u00ed como Jornada Consultiva Extraordinaria en Atlampa, todas de la demarcaci\u00f3n Cuauht\u00e9moc\"}]},{\"@type\":\"WebSite\",\"@id\":\"https:\/\/www.tecdmx.org.mx\/#website\",\"url\":\"https:\/\/www.tecdmx.org.mx\/\",\"name\":\"Tribunal Electoral de la Ciudad de M\u00e9xico\",\"description\":\"25 a\u00f1os garantizando justicia en tu elecci\u00f3n\",\"potentialAction\":[{\"@type\":\"SearchAction\",\"target\":{\"@type\":\"EntryPoint\",\"urlTemplate\":\"https:\/\/www.tecdmx.org.mx\/?s={search_term_string}\"},\"query-input\":\"required name=search_term_string\"}],\"inLanguage\":\"es\"},{\"@type\":\"Person\",\"@id\":\"https:\/\/www.tecdmx.org.mx\/#\/schema\/person\/208c898199fb3234203823c5f0cf31d6\",\"name\":\"Difusion2025\",\"image\":{\"@type\":\"ImageObject\",\"inLanguage\":\"es\",\"@id\":\"https:\/\/www.tecdmx.org.mx\/#\/schema\/person\/image\/\",\"url\":\"https:\/\/secure.gravatar.com\/avatar\/6f7a4ba3acb418040e90a2eb99b5df28?s=96&d=mm&r=g\",\"contentUrl\":\"https:\/\/secure.gravatar.com\/avatar\/6f7a4ba3acb418040e90a2eb99b5df28?s=96&d=mm&r=g\",\"caption\":\"Difusion2025\"}}]}<\/script>\n<!-- \/ Yoast SEO plugin. -->","yoast_head_json":{"title":"Ordena el TECDMX convocar a Jornada Electiva Extraordinaria en las unidades territoriales Asturias, Santa Mar\u00eda (unidad habitacional) y Obrera I, as\u00ed como Jornada Consultiva Extraordinaria en Atlampa, todas de la demarcaci\u00f3n Cuauht\u00e9moc - Tribunal Electoral de la Ciudad de M\u00e9xico","robots":{"index":"index","follow":"follow","max-snippet":"max-snippet:-1","max-image-preview":"max-image-preview:large","max-video-preview":"max-video-preview:-1"},"canonical":"https:\/\/www.tecdmx.org.mx\/index.php\/comunicados\/2020\/10\/08\/ordena-el-tecdmx-convocar-a-jornada-electiva-extraordinaria-en-las-unidades-territoriales-asturias-santa-maria-unidad-habitacional-y-obrera-i-asi-como-jornada-consultiva-extraordinaria-en-atlampa\/","og_locale":"es_ES","og_type":"article","og_title":"Ordena el TECDMX convocar a Jornada Electiva Extraordinaria en las unidades territoriales Asturias, Santa Mar\u00eda (unidad habitacional) y Obrera I, as\u00ed como Jornada Consultiva Extraordinaria en Atlampa, todas de la demarcaci\u00f3n Cuauht\u00e9moc - Tribunal Electoral de la Ciudad de M\u00e9xico","og_description":"Ciudad de M\u00e9xico, a 8 de octubre de 2020 Bolet\u00edn N\u00ba 75 En Sesi\u00f3n P\u00fablica de resoluci\u00f3n a distancia por videoconferencia, celebrada este jueves 8 de octubre, en los Juicios [&hellip;]","og_url":"https:\/\/www.tecdmx.org.mx\/index.php\/comunicados\/2020\/10\/08\/ordena-el-tecdmx-convocar-a-jornada-electiva-extraordinaria-en-las-unidades-territoriales-asturias-santa-maria-unidad-habitacional-y-obrera-i-asi-como-jornada-consultiva-extraordinaria-en-atlampa\/","og_site_name":"Tribunal Electoral de la Ciudad de M\u00e9xico","article_publisher":"https:\/\/www.facebook.com\/TECDMX\/","article_published_time":"2020-10-08T22:16:00+00:00","article_modified_time":"2020-10-08T22:16:02+00:00","og_image":[{"width":600,"height":366,"url":"https:\/\/www.tecdmx.org.mx\/wp-content\/uploads\/2020\/08\/comunicado_nuevo.jpg","type":"image\/jpeg"}],"author":"Difusion2025","twitter_card":"summary_large_image","twitter_creator":"@tecdmx","twitter_site":"@tecdmx","twitter_misc":{"Escrito por":"Difusion2025","Tiempo de lectura":"2 minutos"},"schema":{"@context":"https:\/\/schema.org","@graph":[{"@type":"WebPage","@id":"https:\/\/www.tecdmx.org.mx\/index.php\/comunicados\/2020\/10\/08\/ordena-el-tecdmx-convocar-a-jornada-electiva-extraordinaria-en-las-unidades-territoriales-asturias-santa-maria-unidad-habitacional-y-obrera-i-asi-como-jornada-consultiva-extraordinaria-en-atlampa\/","url":"https:\/\/www.tecdmx.org.mx\/index.php\/comunicados\/2020\/10\/08\/ordena-el-tecdmx-convocar-a-jornada-electiva-extraordinaria-en-las-unidades-territoriales-asturias-santa-maria-unidad-habitacional-y-obrera-i-asi-como-jornada-consultiva-extraordinaria-en-atlampa\/","name":"Ordena el TECDMX convocar a Jornada Electiva Extraordinaria en las unidades territoriales Asturias, Santa Mar\u00eda (unidad habitacional) y Obrera I, as\u00ed como Jornada Consultiva Extraordinaria en Atlampa, todas de la demarcaci\u00f3n Cuauht\u00e9moc - Tribunal Electoral de la Ciudad de M\u00e9xico","isPartOf":{"@id":"https:\/\/www.tecdmx.org.mx\/#website"},"primaryImageOfPage":{"@id":"https:\/\/www.tecdmx.org.mx\/index.php\/comunicados\/2020\/10\/08\/ordena-el-tecdmx-convocar-a-jornada-electiva-extraordinaria-en-las-unidades-territoriales-asturias-santa-maria-unidad-habitacional-y-obrera-i-asi-como-jornada-consultiva-extraordinaria-en-atlampa\/#primaryimage"},"image":{"@id":"https:\/\/www.tecdmx.org.mx\/index.php\/comunicados\/2020\/10\/08\/ordena-el-tecdmx-convocar-a-jornada-electiva-extraordinaria-en-las-unidades-territoriales-asturias-santa-maria-unidad-habitacional-y-obrera-i-asi-como-jornada-consultiva-extraordinaria-en-atlampa\/#primaryimage"},"thumbnailUrl":"https:\/\/www.tecdmx.org.mx\/wp-content\/uploads\/2020\/08\/comunicado_nuevo.jpg","datePublished":"2020-10-08T22:16:00+00:00","dateModified":"2020-10-08T22:16:02+00:00","author":{"@id":"https:\/\/www.tecdmx.org.mx\/#\/schema\/person\/208c898199fb3234203823c5f0cf31d6"},"breadcrumb":{"@id":"https:\/\/www.tecdmx.org.mx\/index.php\/comunicados\/2020\/10\/08\/ordena-el-tecdmx-convocar-a-jornada-electiva-extraordinaria-en-las-unidades-territoriales-asturias-santa-maria-unidad-habitacional-y-obrera-i-asi-como-jornada-consultiva-extraordinaria-en-atlampa\/#breadcrumb"},"inLanguage":"es","potentialAction":[{"@type":"ReadAction","target":["https:\/\/www.tecdmx.org.mx\/index.php\/comunicados\/2020\/10\/08\/ordena-el-tecdmx-convocar-a-jornada-electiva-extraordinaria-en-las-unidades-territoriales-asturias-santa-maria-unidad-habitacional-y-obrera-i-asi-como-jornada-consultiva-extraordinaria-en-atlampa\/"]}]},{"@type":"ImageObject","inLanguage":"es","@id":"https:\/\/www.tecdmx.org.mx\/index.php\/comunicados\/2020\/10\/08\/ordena-el-tecdmx-convocar-a-jornada-electiva-extraordinaria-en-las-unidades-territoriales-asturias-santa-maria-unidad-habitacional-y-obrera-i-asi-como-jornada-consultiva-extraordinaria-en-atlampa\/#primaryimage","url":"https:\/\/www.tecdmx.org.mx\/wp-content\/uploads\/2020\/08\/comunicado_nuevo.jpg","contentUrl":"https:\/\/www.tecdmx.org.mx\/wp-content\/uploads\/2020\/08\/comunicado_nuevo.jpg","width":600,"height":366},{"@type":"BreadcrumbList","@id":"https:\/\/www.tecdmx.org.mx\/index.php\/comunicados\/2020\/10\/08\/ordena-el-tecdmx-convocar-a-jornada-electiva-extraordinaria-en-las-unidades-territoriales-asturias-santa-maria-unidad-habitacional-y-obrera-i-asi-como-jornada-consultiva-extraordinaria-en-atlampa\/#breadcrumb","itemListElement":[{"@type":"ListItem","position":1,"name":"Portada","item":"https:\/\/www.tecdmx.org.mx\/"},{"@type":"ListItem","position":2,"name":"Ordena el TECDMX convocar a Jornada Electiva Extraordinaria en las unidades territoriales Asturias, Santa Mar\u00eda (unidad habitacional) y Obrera I, as\u00ed como Jornada Consultiva Extraordinaria en Atlampa, todas de la demarcaci\u00f3n Cuauht\u00e9moc"}]},{"@type":"WebSite","@id":"https:\/\/www.tecdmx.org.mx\/#website","url":"https:\/\/www.tecdmx.org.mx\/","name":"Tribunal Electoral de la Ciudad de M\u00e9xico","description":"25 a\u00f1os garantizando justicia en tu elecci\u00f3n","potentialAction":[{"@type":"SearchAction","target":{"@type":"EntryPoint","urlTemplate":"https:\/\/www.tecdmx.org.mx\/?s={search_term_string}"},"query-input":"required name=search_term_string"}],"inLanguage":"es"},{"@type":"Person","@id":"https:\/\/www.tecdmx.org.mx\/#\/schema\/person\/208c898199fb3234203823c5f0cf31d6","name":"Difusion2025","image":{"@type":"ImageObject","inLanguage":"es","@id":"https:\/\/www.tecdmx.org.mx\/#\/schema\/person\/image\/","url":"https:\/\/secure.gravatar.com\/avatar\/6f7a4ba3acb418040e90a2eb99b5df28?s=96&d=mm&r=g","contentUrl":"https:\/\/secure.gravatar.com\/avatar\/6f7a4ba3acb418040e90a2eb99b5df28?s=96&d=mm&r=g","caption":"Difusion2025"}}]}},"_links":{"self":[{"href":"https:\/\/www.tecdmx.org.mx\/index.php\/wp-json\/wp\/v2\/posts\/23122"}],"collection":[{"href":"https:\/\/www.tecdmx.org.mx\/index.php\/wp-json\/wp\/v2\/posts"}],"about":[{"href":"https:\/\/www.tecdmx.org.mx\/index.php\/wp-json\/wp\/v2\/types\/post"}],"author":[{"embeddable":true,"href":"https:\/\/www.tecdmx.org.mx\/index.php\/wp-json\/wp\/v2\/users\/13"}],"replies":[{"embeddable":true,"href":"https:\/\/www.tecdmx.org.mx\/index.php\/wp-json\/wp\/v2\/comments?post=23122"}],"version-history":[{"count":2,"href":"https:\/\/www.tecdmx.org.mx\/index.php\/wp-json\/wp\/v2\/posts\/23122\/revisions"}],"predecessor-version":[{"id":23125,"href":"https:\/\/www.tecdmx.org.mx\/index.php\/wp-json\/wp\/v2\/posts\/23122\/revisions\/23125"}],"wp:featuredmedia":[{"embeddable":true,"href":"https:\/\/www.tecdmx.org.mx\/index.php\/wp-json\/wp\/v2\/media\/21168"}],"wp:attachment":[{"href":"https:\/\/www.tecdmx.org.mx\/index.php\/wp-json\/wp\/v2\/media?parent=23122"}],"wp:term":[{"taxonomy":"category","embeddable":true,"href":"https:\/\/www.tecdmx.org.mx\/index.php\/wp-json\/wp\/v2\/categories?post=23122"},{"taxonomy":"post_tag","embeddable":true,"href":"https:\/\/www.tecdmx.org.mx\/index.php\/wp-json\/wp\/v2\/tags?post=23122"}],"curies":[{"name":"wp","href":"https:\/\/api.w.org\/{rel}","templated":true}]}}