{"id":23207,"date":"2020-10-12T21:10:00","date_gmt":"2020-10-13T02:10:00","guid":{"rendered":"https:\/\/www.tecdmx.org.mx\/?p=23207"},"modified":"2020-10-12T21:10:03","modified_gmt":"2020-10-13T02:10:03","slug":"las-reformas-a-la-ley-deben-y-tienen-que-poner-fin-a-la-violencia-politica-por-razon-de-genero-en-mexico-afirma-magistrada-martha-mercado__trashed","status":"publish","type":"post","link":"https:\/\/www.tecdmx.org.mx\/index.php\/comunicados\/2020\/10\/12\/las-reformas-a-la-ley-deben-y-tienen-que-poner-fin-a-la-violencia-politica-por-razon-de-genero-en-mexico-afirma-magistrada-martha-mercado__trashed\/","title":{"rendered":"Las reformas a la ley deben y tienen que poner fin a la violencia pol\u00edtica por raz\u00f3n de g\u00e9nero en M\u00e9xico, afirma Magistrada Martha Mercado"},"content":{"rendered":"\n<p class=\"has-text-align-right\">Ciudad de M\u00e9xico, a 12 de octubre de 2020<\/p>\n\n\n\n<p class=\"has-text-align-right\"><strong>Bolet\u00edn N\u00ba 76<\/strong><\/p>\n\n\n\n<p><\/p>\n\n\n\n<p>La Magistrada del Tribunal Electoral de la Ciudad de M\u00e9xico (TECDMX), Martha Leticia Mercado Ram\u00edrez, particip\u00f3 en el 1er Congreso Internacional de Comunicaci\u00f3n Pol\u00edtica y Perspectiva de G\u00e9nero \u201cPink Bunker, #EllasAlPoder\u201d, organizado por 33 Mujeres, A.C., Asociaci\u00f3n Latinoamericana de Consultores Pol\u00edticos y la organizaci\u00f3n Mujeres de la Pol\u00edtica.<\/p>\n\n\n\n<p>Al abordar el tema \u201c\u00bfC\u00f3mo apoya el Tribunal Electoral a las mujeres?\u201d, la Magistrada habl\u00f3 de la importancia de dar cabida en la ley y el desarrollo de las instituciones a todas las representaciones sociales, afirmando que la inclusi\u00f3n debe formar parte, forzosamente, de un marco legal.<\/p>\n\n\n\n<p>Asimismo, recalc\u00f3 que los espacios de formaci\u00f3n para mujeres son de vital importancia para incrementar las capacidades de liderazgo a trav\u00e9s de la generaci\u00f3n de redes sororarias, las cuales permitir\u00e1n un impulso en el desarrollo personal y profesional de las mujeres.<\/p>\n\n\n\n<p>Por otro lado, cit\u00f3 las recientes reformas electorales aprobadas a nivel nacional y local en donde hist\u00f3ricamente se incluy\u00f3 la prevenci\u00f3n y erradicaci\u00f3n de la violencia pol\u00edtica por raz\u00f3n de g\u00e9nero y la paridad, ya que dado el momento en el que \u201chay una situaci\u00f3n de violencia muy clara contra las mujeres es indispensable que nuestra participaci\u00f3n sea respetada en todos los espacios\u201d, asever\u00f3.<\/p>\n\n\n\n<p>Destac\u00f3 el trabajo cotidiano que realiza el TECDMX en materia de justicia electoral, el cual busca que se respeten los derechos humanos y los derechos pol\u00edtico-electorales de todas las personas. Asimismo, dio a conocer los esfuerzos institucionales que realiza este \u00f3rgano aut\u00f3nomo en temas como capacitaci\u00f3n, igualdad sustantiva y derechos humanos, entre otros.&nbsp;<\/p>\n\n\n\n<p>Para concluir su participaci\u00f3n, invit\u00f3 a todas las mujeres a seguirse preparando y abrirse camino en las instituciones y en los diferentes espacios de participaci\u00f3n pol\u00edtica.<\/p>\n\n\n\n<p>En el evento tambi\u00e9n participaron Clara Villarreal, Directora y Fundadora de la Agencia Triple A, quien habl\u00f3 sobre la importancia de la imagen y los protocolos en la realizaci\u00f3n de eventos pol\u00edticos, as\u00ed como Wilson Mayorga, Gerente en 5 Sentidos de Ecuador, quien comparti\u00f3 la experiencia de dicho pa\u00eds en el desarrollo de la participaci\u00f3n pol\u00edtica y democr\u00e1tica de las mujeres.<\/p>\n\n\n\n<p class=\"has-text-align-center\"><strong>o-O-o<\/strong><\/p>\n","protected":false},"excerpt":{"rendered":"<p>Ciudad de M\u00e9xico, a 12 de octubre de 2020 Bolet\u00edn N\u00ba 76 La Magistrada del Tribunal Electoral de la Ciudad de M\u00e9xico (TECDMX), Martha Leticia Mercado Ram\u00edrez, particip\u00f3 en el [&hellip;]<\/p>\n","protected":false},"author":13,"featured_media":21168,"comment_status":"open","ping_status":"open","sticky":false,"template":"","format":"standard","meta":{"_acf_changed":false,"_exactmetrics_skip_tracking":false,"_exactmetrics_sitenote_active":false,"_exactmetrics_sitenote_note":"","_exactmetrics_sitenote_category":0,"footnotes":""},"categories":[32,47],"tags":[],"acf":[],"yoast_head":"<!-- This site is optimized with the Yoast SEO plugin v22.3 - https:\/\/yoast.com\/wordpress\/plugins\/seo\/ -->\n<title>Las reformas a la ley deben y tienen que poner fin a la violencia pol\u00edtica por raz\u00f3n de g\u00e9nero en M\u00e9xico, afirma Magistrada Martha Mercado - Tribunal Electoral de la Ciudad de M\u00e9xico<\/title>\n<meta name=\"robots\" content=\"index, follow, max-snippet:-1, max-image-preview:large, max-video-preview:-1\" \/>\n<link rel=\"canonical\" href=\"https:\/\/www.tecdmx.org.mx\/index.php\/comunicados\/2020\/10\/12\/las-reformas-a-la-ley-deben-y-tienen-que-poner-fin-a-la-violencia-politica-por-razon-de-genero-en-mexico-afirma-magistrada-martha-mercado__trashed\/\" \/>\n<meta property=\"og:locale\" content=\"es_ES\" \/>\n<meta property=\"og:type\" content=\"article\" \/>\n<meta property=\"og:title\" content=\"Las reformas a la ley deben y tienen que poner fin a la violencia pol\u00edtica por raz\u00f3n de g\u00e9nero en M\u00e9xico, afirma Magistrada Martha Mercado - Tribunal Electoral de la Ciudad de M\u00e9xico\" \/>\n<meta property=\"og:description\" content=\"Ciudad de M\u00e9xico, a 12 de octubre de 2020 Bolet\u00edn N\u00ba 76 La Magistrada del Tribunal Electoral de la Ciudad de M\u00e9xico (TECDMX), Martha Leticia Mercado Ram\u00edrez, particip\u00f3 en el [&hellip;]\" \/>\n<meta property=\"og:url\" content=\"https:\/\/www.tecdmx.org.mx\/index.php\/comunicados\/2020\/10\/12\/las-reformas-a-la-ley-deben-y-tienen-que-poner-fin-a-la-violencia-politica-por-razon-de-genero-en-mexico-afirma-magistrada-martha-mercado__trashed\/\" \/>\n<meta property=\"og:site_name\" content=\"Tribunal Electoral de la Ciudad de M\u00e9xico\" \/>\n<meta property=\"article:publisher\" content=\"https:\/\/www.facebook.com\/TECDMX\/\" \/>\n<meta property=\"article:published_time\" content=\"2020-10-13T02:10:00+00:00\" \/>\n<meta property=\"article:modified_time\" content=\"2020-10-13T02:10:03+00:00\" \/>\n<meta property=\"og:image\" content=\"https:\/\/www.tecdmx.org.mx\/wp-content\/uploads\/2020\/08\/comunicado_nuevo.jpg\" \/>\n\t<meta property=\"og:image:width\" content=\"600\" \/>\n\t<meta property=\"og:image:height\" content=\"366\" \/>\n\t<meta property=\"og:image:type\" content=\"image\/jpeg\" \/>\n<meta name=\"author\" content=\"Difusion2025\" \/>\n<meta name=\"twitter:card\" content=\"summary_large_image\" \/>\n<meta name=\"twitter:creator\" content=\"@tecdmx\" \/>\n<meta name=\"twitter:site\" content=\"@tecdmx\" \/>\n<meta name=\"twitter:label1\" content=\"Escrito por\" \/>\n\t<meta name=\"twitter:data1\" content=\"Difusion2025\" \/>\n\t<meta name=\"twitter:label2\" content=\"Tiempo de lectura\" \/>\n\t<meta name=\"twitter:data2\" content=\"2 minutos\" \/>\n<script type=\"application\/ld+json\" class=\"yoast-schema-graph\">{\"@context\":\"https:\/\/schema.org\",\"@graph\":[{\"@type\":\"WebPage\",\"@id\":\"https:\/\/www.tecdmx.org.mx\/index.php\/comunicados\/2020\/10\/12\/las-reformas-a-la-ley-deben-y-tienen-que-poner-fin-a-la-violencia-politica-por-razon-de-genero-en-mexico-afirma-magistrada-martha-mercado__trashed\/\",\"url\":\"https:\/\/www.tecdmx.org.mx\/index.php\/comunicados\/2020\/10\/12\/las-reformas-a-la-ley-deben-y-tienen-que-poner-fin-a-la-violencia-politica-por-razon-de-genero-en-mexico-afirma-magistrada-martha-mercado__trashed\/\",\"name\":\"Las reformas a la ley deben y tienen que poner fin a la violencia pol\u00edtica por raz\u00f3n de g\u00e9nero en M\u00e9xico, afirma Magistrada Martha Mercado - Tribunal Electoral de la Ciudad de M\u00e9xico\",\"isPartOf\":{\"@id\":\"https:\/\/www.tecdmx.org.mx\/#website\"},\"primaryImageOfPage\":{\"@id\":\"https:\/\/www.tecdmx.org.mx\/index.php\/comunicados\/2020\/10\/12\/las-reformas-a-la-ley-deben-y-tienen-que-poner-fin-a-la-violencia-politica-por-razon-de-genero-en-mexico-afirma-magistrada-martha-mercado__trashed\/#primaryimage\"},\"image\":{\"@id\":\"https:\/\/www.tecdmx.org.mx\/index.php\/comunicados\/2020\/10\/12\/las-reformas-a-la-ley-deben-y-tienen-que-poner-fin-a-la-violencia-politica-por-razon-de-genero-en-mexico-afirma-magistrada-martha-mercado__trashed\/#primaryimage\"},\"thumbnailUrl\":\"https:\/\/www.tecdmx.org.mx\/wp-content\/uploads\/2020\/08\/comunicado_nuevo.jpg\",\"datePublished\":\"2020-10-13T02:10:00+00:00\",\"dateModified\":\"2020-10-13T02:10:03+00:00\",\"author\":{\"@id\":\"https:\/\/www.tecdmx.org.mx\/#\/schema\/person\/208c898199fb3234203823c5f0cf31d6\"},\"breadcrumb\":{\"@id\":\"https:\/\/www.tecdmx.org.mx\/index.php\/comunicados\/2020\/10\/12\/las-reformas-a-la-ley-deben-y-tienen-que-poner-fin-a-la-violencia-politica-por-razon-de-genero-en-mexico-afirma-magistrada-martha-mercado__trashed\/#breadcrumb\"},\"inLanguage\":\"es\",\"potentialAction\":[{\"@type\":\"ReadAction\",\"target\":[\"https:\/\/www.tecdmx.org.mx\/index.php\/comunicados\/2020\/10\/12\/las-reformas-a-la-ley-deben-y-tienen-que-poner-fin-a-la-violencia-politica-por-razon-de-genero-en-mexico-afirma-magistrada-martha-mercado__trashed\/\"]}]},{\"@type\":\"ImageObject\",\"inLanguage\":\"es\",\"@id\":\"https:\/\/www.tecdmx.org.mx\/index.php\/comunicados\/2020\/10\/12\/las-reformas-a-la-ley-deben-y-tienen-que-poner-fin-a-la-violencia-politica-por-razon-de-genero-en-mexico-afirma-magistrada-martha-mercado__trashed\/#primaryimage\",\"url\":\"https:\/\/www.tecdmx.org.mx\/wp-content\/uploads\/2020\/08\/comunicado_nuevo.jpg\",\"contentUrl\":\"https:\/\/www.tecdmx.org.mx\/wp-content\/uploads\/2020\/08\/comunicado_nuevo.jpg\",\"width\":600,\"height\":366},{\"@type\":\"BreadcrumbList\",\"@id\":\"https:\/\/www.tecdmx.org.mx\/index.php\/comunicados\/2020\/10\/12\/las-reformas-a-la-ley-deben-y-tienen-que-poner-fin-a-la-violencia-politica-por-razon-de-genero-en-mexico-afirma-magistrada-martha-mercado__trashed\/#breadcrumb\",\"itemListElement\":[{\"@type\":\"ListItem\",\"position\":1,\"name\":\"Portada\",\"item\":\"https:\/\/www.tecdmx.org.mx\/\"},{\"@type\":\"ListItem\",\"position\":2,\"name\":\"Las reformas a la ley deben y tienen que poner fin a la violencia pol\u00edtica por raz\u00f3n de g\u00e9nero en M\u00e9xico, afirma Magistrada Martha Mercado\"}]},{\"@type\":\"WebSite\",\"@id\":\"https:\/\/www.tecdmx.org.mx\/#website\",\"url\":\"https:\/\/www.tecdmx.org.mx\/\",\"name\":\"Tribunal Electoral de la Ciudad de M\u00e9xico\",\"description\":\"25 a\u00f1os garantizando justicia en tu elecci\u00f3n\",\"potentialAction\":[{\"@type\":\"SearchAction\",\"target\":{\"@type\":\"EntryPoint\",\"urlTemplate\":\"https:\/\/www.tecdmx.org.mx\/?s={search_term_string}\"},\"query-input\":\"required name=search_term_string\"}],\"inLanguage\":\"es\"},{\"@type\":\"Person\",\"@id\":\"https:\/\/www.tecdmx.org.mx\/#\/schema\/person\/208c898199fb3234203823c5f0cf31d6\",\"name\":\"Difusion2025\",\"image\":{\"@type\":\"ImageObject\",\"inLanguage\":\"es\",\"@id\":\"https:\/\/www.tecdmx.org.mx\/#\/schema\/person\/image\/\",\"url\":\"https:\/\/secure.gravatar.com\/avatar\/6f7a4ba3acb418040e90a2eb99b5df28?s=96&d=mm&r=g\",\"contentUrl\":\"https:\/\/secure.gravatar.com\/avatar\/6f7a4ba3acb418040e90a2eb99b5df28?s=96&d=mm&r=g\",\"caption\":\"Difusion2025\"}}]}<\/script>\n<!-- \/ Yoast SEO plugin. -->","yoast_head_json":{"title":"Las reformas a la ley deben y tienen que poner fin a la violencia pol\u00edtica por raz\u00f3n de g\u00e9nero en M\u00e9xico, afirma Magistrada Martha Mercado - Tribunal Electoral de la Ciudad de M\u00e9xico","robots":{"index":"index","follow":"follow","max-snippet":"max-snippet:-1","max-image-preview":"max-image-preview:large","max-video-preview":"max-video-preview:-1"},"canonical":"https:\/\/www.tecdmx.org.mx\/index.php\/comunicados\/2020\/10\/12\/las-reformas-a-la-ley-deben-y-tienen-que-poner-fin-a-la-violencia-politica-por-razon-de-genero-en-mexico-afirma-magistrada-martha-mercado__trashed\/","og_locale":"es_ES","og_type":"article","og_title":"Las reformas a la ley deben y tienen que poner fin a la violencia pol\u00edtica por raz\u00f3n de g\u00e9nero en M\u00e9xico, afirma Magistrada Martha Mercado - Tribunal Electoral de la Ciudad de M\u00e9xico","og_description":"Ciudad de M\u00e9xico, a 12 de octubre de 2020 Bolet\u00edn N\u00ba 76 La Magistrada del Tribunal Electoral de la Ciudad de M\u00e9xico (TECDMX), Martha Leticia Mercado Ram\u00edrez, particip\u00f3 en el [&hellip;]","og_url":"https:\/\/www.tecdmx.org.mx\/index.php\/comunicados\/2020\/10\/12\/las-reformas-a-la-ley-deben-y-tienen-que-poner-fin-a-la-violencia-politica-por-razon-de-genero-en-mexico-afirma-magistrada-martha-mercado__trashed\/","og_site_name":"Tribunal Electoral de la Ciudad de M\u00e9xico","article_publisher":"https:\/\/www.facebook.com\/TECDMX\/","article_published_time":"2020-10-13T02:10:00+00:00","article_modified_time":"2020-10-13T02:10:03+00:00","og_image":[{"width":600,"height":366,"url":"https:\/\/www.tecdmx.org.mx\/wp-content\/uploads\/2020\/08\/comunicado_nuevo.jpg","type":"image\/jpeg"}],"author":"Difusion2025","twitter_card":"summary_large_image","twitter_creator":"@tecdmx","twitter_site":"@tecdmx","twitter_misc":{"Escrito por":"Difusion2025","Tiempo de lectura":"2 minutos"},"schema":{"@context":"https:\/\/schema.org","@graph":[{"@type":"WebPage","@id":"https:\/\/www.tecdmx.org.mx\/index.php\/comunicados\/2020\/10\/12\/las-reformas-a-la-ley-deben-y-tienen-que-poner-fin-a-la-violencia-politica-por-razon-de-genero-en-mexico-afirma-magistrada-martha-mercado__trashed\/","url":"https:\/\/www.tecdmx.org.mx\/index.php\/comunicados\/2020\/10\/12\/las-reformas-a-la-ley-deben-y-tienen-que-poner-fin-a-la-violencia-politica-por-razon-de-genero-en-mexico-afirma-magistrada-martha-mercado__trashed\/","name":"Las reformas a la ley deben y tienen que poner fin a la violencia pol\u00edtica por raz\u00f3n de g\u00e9nero en M\u00e9xico, afirma Magistrada Martha Mercado - Tribunal Electoral de la Ciudad de M\u00e9xico","isPartOf":{"@id":"https:\/\/www.tecdmx.org.mx\/#website"},"primaryImageOfPage":{"@id":"https:\/\/www.tecdmx.org.mx\/index.php\/comunicados\/2020\/10\/12\/las-reformas-a-la-ley-deben-y-tienen-que-poner-fin-a-la-violencia-politica-por-razon-de-genero-en-mexico-afirma-magistrada-martha-mercado__trashed\/#primaryimage"},"image":{"@id":"https:\/\/www.tecdmx.org.mx\/index.php\/comunicados\/2020\/10\/12\/las-reformas-a-la-ley-deben-y-tienen-que-poner-fin-a-la-violencia-politica-por-razon-de-genero-en-mexico-afirma-magistrada-martha-mercado__trashed\/#primaryimage"},"thumbnailUrl":"https:\/\/www.tecdmx.org.mx\/wp-content\/uploads\/2020\/08\/comunicado_nuevo.jpg","datePublished":"2020-10-13T02:10:00+00:00","dateModified":"2020-10-13T02:10:03+00:00","author":{"@id":"https:\/\/www.tecdmx.org.mx\/#\/schema\/person\/208c898199fb3234203823c5f0cf31d6"},"breadcrumb":{"@id":"https:\/\/www.tecdmx.org.mx\/index.php\/comunicados\/2020\/10\/12\/las-reformas-a-la-ley-deben-y-tienen-que-poner-fin-a-la-violencia-politica-por-razon-de-genero-en-mexico-afirma-magistrada-martha-mercado__trashed\/#breadcrumb"},"inLanguage":"es","potentialAction":[{"@type":"ReadAction","target":["https:\/\/www.tecdmx.org.mx\/index.php\/comunicados\/2020\/10\/12\/las-reformas-a-la-ley-deben-y-tienen-que-poner-fin-a-la-violencia-politica-por-razon-de-genero-en-mexico-afirma-magistrada-martha-mercado__trashed\/"]}]},{"@type":"ImageObject","inLanguage":"es","@id":"https:\/\/www.tecdmx.org.mx\/index.php\/comunicados\/2020\/10\/12\/las-reformas-a-la-ley-deben-y-tienen-que-poner-fin-a-la-violencia-politica-por-razon-de-genero-en-mexico-afirma-magistrada-martha-mercado__trashed\/#primaryimage","url":"https:\/\/www.tecdmx.org.mx\/wp-content\/uploads\/2020\/08\/comunicado_nuevo.jpg","contentUrl":"https:\/\/www.tecdmx.org.mx\/wp-content\/uploads\/2020\/08\/comunicado_nuevo.jpg","width":600,"height":366},{"@type":"BreadcrumbList","@id":"https:\/\/www.tecdmx.org.mx\/index.php\/comunicados\/2020\/10\/12\/las-reformas-a-la-ley-deben-y-tienen-que-poner-fin-a-la-violencia-politica-por-razon-de-genero-en-mexico-afirma-magistrada-martha-mercado__trashed\/#breadcrumb","itemListElement":[{"@type":"ListItem","position":1,"name":"Portada","item":"https:\/\/www.tecdmx.org.mx\/"},{"@type":"ListItem","position":2,"name":"Las reformas a la ley deben y tienen que poner fin a la violencia pol\u00edtica por raz\u00f3n de g\u00e9nero en M\u00e9xico, afirma Magistrada Martha Mercado"}]},{"@type":"WebSite","@id":"https:\/\/www.tecdmx.org.mx\/#website","url":"https:\/\/www.tecdmx.org.mx\/","name":"Tribunal Electoral de la Ciudad de M\u00e9xico","description":"25 a\u00f1os garantizando justicia en tu elecci\u00f3n","potentialAction":[{"@type":"SearchAction","target":{"@type":"EntryPoint","urlTemplate":"https:\/\/www.tecdmx.org.mx\/?s={search_term_string}"},"query-input":"required name=search_term_string"}],"inLanguage":"es"},{"@type":"Person","@id":"https:\/\/www.tecdmx.org.mx\/#\/schema\/person\/208c898199fb3234203823c5f0cf31d6","name":"Difusion2025","image":{"@type":"ImageObject","inLanguage":"es","@id":"https:\/\/www.tecdmx.org.mx\/#\/schema\/person\/image\/","url":"https:\/\/secure.gravatar.com\/avatar\/6f7a4ba3acb418040e90a2eb99b5df28?s=96&d=mm&r=g","contentUrl":"https:\/\/secure.gravatar.com\/avatar\/6f7a4ba3acb418040e90a2eb99b5df28?s=96&d=mm&r=g","caption":"Difusion2025"}}]}},"_links":{"self":[{"href":"https:\/\/www.tecdmx.org.mx\/index.php\/wp-json\/wp\/v2\/posts\/23207"}],"collection":[{"href":"https:\/\/www.tecdmx.org.mx\/index.php\/wp-json\/wp\/v2\/posts"}],"about":[{"href":"https:\/\/www.tecdmx.org.mx\/index.php\/wp-json\/wp\/v2\/types\/post"}],"author":[{"embeddable":true,"href":"https:\/\/www.tecdmx.org.mx\/index.php\/wp-json\/wp\/v2\/users\/13"}],"replies":[{"embeddable":true,"href":"https:\/\/www.tecdmx.org.mx\/index.php\/wp-json\/wp\/v2\/comments?post=23207"}],"version-history":[{"count":2,"href":"https:\/\/www.tecdmx.org.mx\/index.php\/wp-json\/wp\/v2\/posts\/23207\/revisions"}],"predecessor-version":[{"id":23210,"href":"https:\/\/www.tecdmx.org.mx\/index.php\/wp-json\/wp\/v2\/posts\/23207\/revisions\/23210"}],"wp:featuredmedia":[{"embeddable":true,"href":"https:\/\/www.tecdmx.org.mx\/index.php\/wp-json\/wp\/v2\/media\/21168"}],"wp:attachment":[{"href":"https:\/\/www.tecdmx.org.mx\/index.php\/wp-json\/wp\/v2\/media?parent=23207"}],"wp:term":[{"taxonomy":"category","embeddable":true,"href":"https:\/\/www.tecdmx.org.mx\/index.php\/wp-json\/wp\/v2\/categories?post=23207"},{"taxonomy":"post_tag","embeddable":true,"href":"https:\/\/www.tecdmx.org.mx\/index.php\/wp-json\/wp\/v2\/tags?post=23207"}],"curies":[{"name":"wp","href":"https:\/\/api.w.org\/{rel}","templated":true}]}}