{"id":23271,"date":"2020-10-16T17:15:46","date_gmt":"2020-10-16T22:15:46","guid":{"rendered":"https:\/\/www.tecdmx.org.mx\/?p=23271"},"modified":"2020-10-16T17:15:48","modified_gmt":"2020-10-16T22:15:48","slug":"participan-magistradas-del-tecdmx-en-conmemoracion-del-reconocimiento-de-los-derechos-politicos-de-las-mujeres","status":"publish","type":"post","link":"https:\/\/www.tecdmx.org.mx\/index.php\/destacados\/2020\/10\/16\/participan-magistradas-del-tecdmx-en-conmemoracion-del-reconocimiento-de-los-derechos-politicos-de-las-mujeres\/","title":{"rendered":"Participan Magistradas del TECDMX en conmemoraci\u00f3n del reconocimiento de los derechos pol\u00edticos de las mujeres"},"content":{"rendered":"\n<p class=\"has-text-align-right\">Ciudad de M\u00e9xico, a 16 de octubre de 2020<\/p>\n\n\n\n<p class=\"has-text-align-right\"><strong>Bolet\u00edn N\u00ba 79<\/strong><\/p>\n\n\n\n<p><\/p>\n\n\n\n<ul><li>La Consejera del IECM, Carolina del \u00c1ngel Cruz, present\u00f3 el \u201cABC para futuras Concejalas\u201d.<\/li><li>El evento fue moderado por Paulina Mendoza, Directora de Investigaci\u00f3n, An\u00e1lisis y Propuestas en Derechos Humanos (IAP-DH)<\/li><\/ul>\n\n\n\n<p>Las Magistradas del Tribunal Electoral de la Ciudad de M\u00e9xico (TECDMX), Alejandra Ch\u00e1vez Camarena y Martha Leticia Mercado Ram\u00edrez, participaron en el Panel Virtual para conmemorar el 67\u00ba Aniversario del reconocimiento constitucional de los derechos pol\u00edticos de las mujeres, el cual fue organizado por el Observatorio de Participaci\u00f3n Pol\u00edtica de las Mujeres en la Ciudad de M\u00e9xico, del cual este \u00d3rgano Jurisdiccional forma parte.<\/p>\n\n\n\n<p>En el evento, la Consejera del Instituto Electoral de la Ciudad de M\u00e9xico, Carolina del \u00c1ngel Cruz, present\u00f3 el \u201cABC para futuras Concejalas\u201d, el cual es una gu\u00eda para que las mujeres que buscar\u00e1n ocupar esos espacios conozcan los aspectos m\u00e1s relevantes de las funciones de la Alcald\u00eda y las Concejal\u00edas.<\/p>\n\n\n\n<p>Por su parte, la Presidenta de la Mesa Directiva del Congreso de la Ciudad de M\u00e9xico, Margarita Salda\u00f1a, reconoci\u00f3 el valor de esta obra, pues en el Proceso Electoral 2017-2018, muchas mujeres que participaron en las contiendas desconoc\u00edan el papel y las funciones de las Concejal\u00edas.<\/p>\n\n\n\n<p>La acad\u00e9mica Hilda Rodr\u00edguez Loredo, afirm\u00f3 que la gu\u00eda ayudar\u00e1 a reivindicar el trabajo pol\u00edtico de las mujeres, pues a trav\u00e9s de ella conocer\u00e1n los pormenores de las funciones y actividades a desempe\u00f1ar como Concejalas.<\/p>\n\n\n\n<p>Para iniciar el panel, el Presidente de la Mesa Directiva del Senado, Oscar Eduardo Ram\u00edrez Aguilar, destac\u00f3 la importancia de la participaci\u00f3n de las mujeres en la vida democr\u00e1tica, pues solo a trav\u00e9s de \u00e9sta se alcanzar\u00e1 el m\u00e1ximo desarrollo social y econ\u00f3mico de nuestro pa\u00eds.<\/p>\n\n\n\n<p>Por su parte, la Magistrada Yolidabey Alvarado de la Cruz, Presidenta de la Asociaci\u00f3n de Magistradas y Magistrados Electorales Locales (AMMEL), dio un panorama hist\u00f3rico de las reformas pol\u00edtico-electorales que han permitido un mayor acceso de las mujeres a la vida democr\u00e1tica de M\u00e9xico, destacando las reformas en materia de paridad y violencia pol\u00edtica por raz\u00f3n de g\u00e9nero.<\/p>\n\n\n\n<p>Al hacer uso de la voz, la Magistrada Martha Leticia Mercado Ram\u00edrez consider\u00f3 fundamental continuar el perfeccionamiento de las leyes a favor de los derechos pol\u00edtico-electorales de las mujeres. Asimismo, destac\u00f3 la relevancia de la capacitaci\u00f3n y la formaci\u00f3n de las nuevas generaciones de mujeres para ocupar espacios de toma de decisiones, pues es desde ah\u00ed donde se podr\u00e1 erradicar la violencia contra \u00e9stas.<\/p>\n\n\n\n<p>\u201cQue todas tengamos la oportunidad de que nuestro nombre est\u00e9 en la historia del pa\u00eds y que sea un tema de oportunidad y elecci\u00f3n, pero, sobre todo, que seamos parte de una sociedad cuya identidad con la mujer sea parte natural de su evoluci\u00f3n\u201d, afirm\u00f3 la Magistrada Mercado Ram\u00edrez.<\/p>\n\n\n\n<p>Al hacer uso de la voz, la Consejera del Instituto Nacional Electoral, Dania Paola Ravel Cuevas, recalc\u00f3 que, aunque existan leyes en favor de la paridad y el acceso de las mujeres a la vida pol\u00edtica, se debe seguir trabajando para garantizar que las mujeres sean vistas igual que los hombres y erradicar las desventajas entre ambos, pues nadie cuestiona que un var\u00f3n est\u00e9 capacitado para ocupar un cargo p\u00fablico, mientras que las mujeres si son demeritadas en este aspecto.<\/p>\n\n\n\n<p>Por su parte, la Magistrada Alejandra Ch\u00e1vez Camarena, quien clausur\u00f3 los trabajos de este panel virtual, afirm\u00f3 que la participaci\u00f3n pol\u00edtica efectiva de toda la ciudadan\u00eda constituye la condici\u00f3n de un sistema pol\u00edtico sano, necesario para decidir mediante consensos leg\u00edtimos lo que hay que hacer y c\u00f3mo debe hacerse, con el fin de enfocar el ejercicio del poder p\u00fablico al bienestar com\u00fan.<\/p>\n\n\n\n<p>\u201cEste di\u00e1logo sobre la lucha sufragista y la condici\u00f3n pol\u00edtica actual de las mujeres en M\u00e9xico, guarda en cada palabra el influjo de la justicia. De ah\u00ed que debamos continuar, d\u00eda con d\u00eda, dando vida al proceso vigoroso e irreversible para consolidar el ideal paritario, incluyente y libre a favor de las mujeres\u201d, expres\u00f3 la Magistrada Ch\u00e1vez Camarena.<\/p>\n\n\n\n<p class=\"has-text-align-center\"><strong>o-O-o<\/strong><\/p>\n","protected":false},"excerpt":{"rendered":"<p>Ciudad de M\u00e9xico, a 16 de octubre de 2020 Bolet\u00edn N\u00ba 79 La Consejera del IECM, Carolina del \u00c1ngel Cruz, present\u00f3 el \u201cABC para futuras Concejalas\u201d. El evento fue moderado [&hellip;]<\/p>\n","protected":false},"author":13,"featured_media":21168,"comment_status":"open","ping_status":"open","sticky":false,"template":"","format":"standard","meta":{"_acf_changed":false,"_exactmetrics_skip_tracking":false,"_exactmetrics_sitenote_active":false,"_exactmetrics_sitenote_note":"","_exactmetrics_sitenote_category":0,"footnotes":""},"categories":[32,47],"tags":[],"acf":[],"yoast_head":"<!-- This site is optimized with the Yoast SEO plugin v22.3 - https:\/\/yoast.com\/wordpress\/plugins\/seo\/ -->\n<title>Participan Magistradas del TECDMX en conmemoraci\u00f3n del reconocimiento de los derechos pol\u00edticos de las mujeres - Tribunal Electoral de la Ciudad de M\u00e9xico<\/title>\n<meta name=\"robots\" content=\"index, follow, max-snippet:-1, max-image-preview:large, max-video-preview:-1\" \/>\n<link rel=\"canonical\" href=\"https:\/\/www.tecdmx.org.mx\/index.php\/destacados\/2020\/10\/16\/participan-magistradas-del-tecdmx-en-conmemoracion-del-reconocimiento-de-los-derechos-politicos-de-las-mujeres\/\" \/>\n<meta property=\"og:locale\" content=\"es_ES\" \/>\n<meta property=\"og:type\" content=\"article\" \/>\n<meta property=\"og:title\" content=\"Participan Magistradas del TECDMX en conmemoraci\u00f3n del reconocimiento de los derechos pol\u00edticos de las mujeres - Tribunal Electoral de la Ciudad de M\u00e9xico\" \/>\n<meta property=\"og:description\" content=\"Ciudad de M\u00e9xico, a 16 de octubre de 2020 Bolet\u00edn N\u00ba 79 La Consejera del IECM, Carolina del \u00c1ngel Cruz, present\u00f3 el \u201cABC para futuras Concejalas\u201d. El evento fue moderado [&hellip;]\" \/>\n<meta property=\"og:url\" content=\"https:\/\/www.tecdmx.org.mx\/index.php\/destacados\/2020\/10\/16\/participan-magistradas-del-tecdmx-en-conmemoracion-del-reconocimiento-de-los-derechos-politicos-de-las-mujeres\/\" \/>\n<meta property=\"og:site_name\" content=\"Tribunal Electoral de la Ciudad de M\u00e9xico\" \/>\n<meta property=\"article:publisher\" content=\"https:\/\/www.facebook.com\/TECDMX\/\" \/>\n<meta property=\"article:published_time\" content=\"2020-10-16T22:15:46+00:00\" \/>\n<meta property=\"article:modified_time\" content=\"2020-10-16T22:15:48+00:00\" \/>\n<meta property=\"og:image\" content=\"https:\/\/www.tecdmx.org.mx\/wp-content\/uploads\/2020\/08\/comunicado_nuevo.jpg\" \/>\n\t<meta property=\"og:image:width\" content=\"600\" \/>\n\t<meta property=\"og:image:height\" content=\"366\" \/>\n\t<meta property=\"og:image:type\" content=\"image\/jpeg\" \/>\n<meta name=\"author\" content=\"Difusion2025\" \/>\n<meta name=\"twitter:card\" content=\"summary_large_image\" \/>\n<meta name=\"twitter:creator\" content=\"@tecdmx\" \/>\n<meta name=\"twitter:site\" content=\"@tecdmx\" \/>\n<meta name=\"twitter:label1\" content=\"Escrito por\" \/>\n\t<meta name=\"twitter:data1\" content=\"Difusion2025\" \/>\n\t<meta name=\"twitter:label2\" content=\"Tiempo de lectura\" \/>\n\t<meta name=\"twitter:data2\" content=\"4 minutos\" \/>\n<script type=\"application\/ld+json\" class=\"yoast-schema-graph\">{\"@context\":\"https:\/\/schema.org\",\"@graph\":[{\"@type\":\"WebPage\",\"@id\":\"https:\/\/www.tecdmx.org.mx\/index.php\/destacados\/2020\/10\/16\/participan-magistradas-del-tecdmx-en-conmemoracion-del-reconocimiento-de-los-derechos-politicos-de-las-mujeres\/\",\"url\":\"https:\/\/www.tecdmx.org.mx\/index.php\/destacados\/2020\/10\/16\/participan-magistradas-del-tecdmx-en-conmemoracion-del-reconocimiento-de-los-derechos-politicos-de-las-mujeres\/\",\"name\":\"Participan Magistradas del TECDMX en conmemoraci\u00f3n del reconocimiento de los derechos pol\u00edticos de las mujeres - Tribunal Electoral de la Ciudad de M\u00e9xico\",\"isPartOf\":{\"@id\":\"https:\/\/www.tecdmx.org.mx\/#website\"},\"primaryImageOfPage\":{\"@id\":\"https:\/\/www.tecdmx.org.mx\/index.php\/destacados\/2020\/10\/16\/participan-magistradas-del-tecdmx-en-conmemoracion-del-reconocimiento-de-los-derechos-politicos-de-las-mujeres\/#primaryimage\"},\"image\":{\"@id\":\"https:\/\/www.tecdmx.org.mx\/index.php\/destacados\/2020\/10\/16\/participan-magistradas-del-tecdmx-en-conmemoracion-del-reconocimiento-de-los-derechos-politicos-de-las-mujeres\/#primaryimage\"},\"thumbnailUrl\":\"https:\/\/www.tecdmx.org.mx\/wp-content\/uploads\/2020\/08\/comunicado_nuevo.jpg\",\"datePublished\":\"2020-10-16T22:15:46+00:00\",\"dateModified\":\"2020-10-16T22:15:48+00:00\",\"author\":{\"@id\":\"https:\/\/www.tecdmx.org.mx\/#\/schema\/person\/208c898199fb3234203823c5f0cf31d6\"},\"breadcrumb\":{\"@id\":\"https:\/\/www.tecdmx.org.mx\/index.php\/destacados\/2020\/10\/16\/participan-magistradas-del-tecdmx-en-conmemoracion-del-reconocimiento-de-los-derechos-politicos-de-las-mujeres\/#breadcrumb\"},\"inLanguage\":\"es\",\"potentialAction\":[{\"@type\":\"ReadAction\",\"target\":[\"https:\/\/www.tecdmx.org.mx\/index.php\/destacados\/2020\/10\/16\/participan-magistradas-del-tecdmx-en-conmemoracion-del-reconocimiento-de-los-derechos-politicos-de-las-mujeres\/\"]}]},{\"@type\":\"ImageObject\",\"inLanguage\":\"es\",\"@id\":\"https:\/\/www.tecdmx.org.mx\/index.php\/destacados\/2020\/10\/16\/participan-magistradas-del-tecdmx-en-conmemoracion-del-reconocimiento-de-los-derechos-politicos-de-las-mujeres\/#primaryimage\",\"url\":\"https:\/\/www.tecdmx.org.mx\/wp-content\/uploads\/2020\/08\/comunicado_nuevo.jpg\",\"contentUrl\":\"https:\/\/www.tecdmx.org.mx\/wp-content\/uploads\/2020\/08\/comunicado_nuevo.jpg\",\"width\":600,\"height\":366},{\"@type\":\"BreadcrumbList\",\"@id\":\"https:\/\/www.tecdmx.org.mx\/index.php\/destacados\/2020\/10\/16\/participan-magistradas-del-tecdmx-en-conmemoracion-del-reconocimiento-de-los-derechos-politicos-de-las-mujeres\/#breadcrumb\",\"itemListElement\":[{\"@type\":\"ListItem\",\"position\":1,\"name\":\"Portada\",\"item\":\"https:\/\/www.tecdmx.org.mx\/\"},{\"@type\":\"ListItem\",\"position\":2,\"name\":\"Participan Magistradas del TECDMX en conmemoraci\u00f3n del reconocimiento de los derechos pol\u00edticos de las mujeres\"}]},{\"@type\":\"WebSite\",\"@id\":\"https:\/\/www.tecdmx.org.mx\/#website\",\"url\":\"https:\/\/www.tecdmx.org.mx\/\",\"name\":\"Tribunal Electoral de la Ciudad de M\u00e9xico\",\"description\":\"25 a\u00f1os garantizando justicia en tu elecci\u00f3n\",\"potentialAction\":[{\"@type\":\"SearchAction\",\"target\":{\"@type\":\"EntryPoint\",\"urlTemplate\":\"https:\/\/www.tecdmx.org.mx\/?s={search_term_string}\"},\"query-input\":\"required name=search_term_string\"}],\"inLanguage\":\"es\"},{\"@type\":\"Person\",\"@id\":\"https:\/\/www.tecdmx.org.mx\/#\/schema\/person\/208c898199fb3234203823c5f0cf31d6\",\"name\":\"Difusion2025\",\"image\":{\"@type\":\"ImageObject\",\"inLanguage\":\"es\",\"@id\":\"https:\/\/www.tecdmx.org.mx\/#\/schema\/person\/image\/\",\"url\":\"https:\/\/secure.gravatar.com\/avatar\/6f7a4ba3acb418040e90a2eb99b5df28?s=96&d=mm&r=g\",\"contentUrl\":\"https:\/\/secure.gravatar.com\/avatar\/6f7a4ba3acb418040e90a2eb99b5df28?s=96&d=mm&r=g\",\"caption\":\"Difusion2025\"}}]}<\/script>\n<!-- \/ Yoast SEO plugin. -->","yoast_head_json":{"title":"Participan Magistradas del TECDMX en conmemoraci\u00f3n del reconocimiento de los derechos pol\u00edticos de las mujeres - Tribunal Electoral de la Ciudad de M\u00e9xico","robots":{"index":"index","follow":"follow","max-snippet":"max-snippet:-1","max-image-preview":"max-image-preview:large","max-video-preview":"max-video-preview:-1"},"canonical":"https:\/\/www.tecdmx.org.mx\/index.php\/destacados\/2020\/10\/16\/participan-magistradas-del-tecdmx-en-conmemoracion-del-reconocimiento-de-los-derechos-politicos-de-las-mujeres\/","og_locale":"es_ES","og_type":"article","og_title":"Participan Magistradas del TECDMX en conmemoraci\u00f3n del reconocimiento de los derechos pol\u00edticos de las mujeres - Tribunal Electoral de la Ciudad de M\u00e9xico","og_description":"Ciudad de M\u00e9xico, a 16 de octubre de 2020 Bolet\u00edn N\u00ba 79 La Consejera del IECM, Carolina del \u00c1ngel Cruz, present\u00f3 el \u201cABC para futuras Concejalas\u201d. El evento fue moderado [&hellip;]","og_url":"https:\/\/www.tecdmx.org.mx\/index.php\/destacados\/2020\/10\/16\/participan-magistradas-del-tecdmx-en-conmemoracion-del-reconocimiento-de-los-derechos-politicos-de-las-mujeres\/","og_site_name":"Tribunal Electoral de la Ciudad de M\u00e9xico","article_publisher":"https:\/\/www.facebook.com\/TECDMX\/","article_published_time":"2020-10-16T22:15:46+00:00","article_modified_time":"2020-10-16T22:15:48+00:00","og_image":[{"width":600,"height":366,"url":"https:\/\/www.tecdmx.org.mx\/wp-content\/uploads\/2020\/08\/comunicado_nuevo.jpg","type":"image\/jpeg"}],"author":"Difusion2025","twitter_card":"summary_large_image","twitter_creator":"@tecdmx","twitter_site":"@tecdmx","twitter_misc":{"Escrito por":"Difusion2025","Tiempo de lectura":"4 minutos"},"schema":{"@context":"https:\/\/schema.org","@graph":[{"@type":"WebPage","@id":"https:\/\/www.tecdmx.org.mx\/index.php\/destacados\/2020\/10\/16\/participan-magistradas-del-tecdmx-en-conmemoracion-del-reconocimiento-de-los-derechos-politicos-de-las-mujeres\/","url":"https:\/\/www.tecdmx.org.mx\/index.php\/destacados\/2020\/10\/16\/participan-magistradas-del-tecdmx-en-conmemoracion-del-reconocimiento-de-los-derechos-politicos-de-las-mujeres\/","name":"Participan Magistradas del TECDMX en conmemoraci\u00f3n del reconocimiento de los derechos pol\u00edticos de las mujeres - Tribunal Electoral de la Ciudad de M\u00e9xico","isPartOf":{"@id":"https:\/\/www.tecdmx.org.mx\/#website"},"primaryImageOfPage":{"@id":"https:\/\/www.tecdmx.org.mx\/index.php\/destacados\/2020\/10\/16\/participan-magistradas-del-tecdmx-en-conmemoracion-del-reconocimiento-de-los-derechos-politicos-de-las-mujeres\/#primaryimage"},"image":{"@id":"https:\/\/www.tecdmx.org.mx\/index.php\/destacados\/2020\/10\/16\/participan-magistradas-del-tecdmx-en-conmemoracion-del-reconocimiento-de-los-derechos-politicos-de-las-mujeres\/#primaryimage"},"thumbnailUrl":"https:\/\/www.tecdmx.org.mx\/wp-content\/uploads\/2020\/08\/comunicado_nuevo.jpg","datePublished":"2020-10-16T22:15:46+00:00","dateModified":"2020-10-16T22:15:48+00:00","author":{"@id":"https:\/\/www.tecdmx.org.mx\/#\/schema\/person\/208c898199fb3234203823c5f0cf31d6"},"breadcrumb":{"@id":"https:\/\/www.tecdmx.org.mx\/index.php\/destacados\/2020\/10\/16\/participan-magistradas-del-tecdmx-en-conmemoracion-del-reconocimiento-de-los-derechos-politicos-de-las-mujeres\/#breadcrumb"},"inLanguage":"es","potentialAction":[{"@type":"ReadAction","target":["https:\/\/www.tecdmx.org.mx\/index.php\/destacados\/2020\/10\/16\/participan-magistradas-del-tecdmx-en-conmemoracion-del-reconocimiento-de-los-derechos-politicos-de-las-mujeres\/"]}]},{"@type":"ImageObject","inLanguage":"es","@id":"https:\/\/www.tecdmx.org.mx\/index.php\/destacados\/2020\/10\/16\/participan-magistradas-del-tecdmx-en-conmemoracion-del-reconocimiento-de-los-derechos-politicos-de-las-mujeres\/#primaryimage","url":"https:\/\/www.tecdmx.org.mx\/wp-content\/uploads\/2020\/08\/comunicado_nuevo.jpg","contentUrl":"https:\/\/www.tecdmx.org.mx\/wp-content\/uploads\/2020\/08\/comunicado_nuevo.jpg","width":600,"height":366},{"@type":"BreadcrumbList","@id":"https:\/\/www.tecdmx.org.mx\/index.php\/destacados\/2020\/10\/16\/participan-magistradas-del-tecdmx-en-conmemoracion-del-reconocimiento-de-los-derechos-politicos-de-las-mujeres\/#breadcrumb","itemListElement":[{"@type":"ListItem","position":1,"name":"Portada","item":"https:\/\/www.tecdmx.org.mx\/"},{"@type":"ListItem","position":2,"name":"Participan Magistradas del TECDMX en conmemoraci\u00f3n del reconocimiento de los derechos pol\u00edticos de las mujeres"}]},{"@type":"WebSite","@id":"https:\/\/www.tecdmx.org.mx\/#website","url":"https:\/\/www.tecdmx.org.mx\/","name":"Tribunal Electoral de la Ciudad de M\u00e9xico","description":"25 a\u00f1os garantizando justicia en tu elecci\u00f3n","potentialAction":[{"@type":"SearchAction","target":{"@type":"EntryPoint","urlTemplate":"https:\/\/www.tecdmx.org.mx\/?s={search_term_string}"},"query-input":"required name=search_term_string"}],"inLanguage":"es"},{"@type":"Person","@id":"https:\/\/www.tecdmx.org.mx\/#\/schema\/person\/208c898199fb3234203823c5f0cf31d6","name":"Difusion2025","image":{"@type":"ImageObject","inLanguage":"es","@id":"https:\/\/www.tecdmx.org.mx\/#\/schema\/person\/image\/","url":"https:\/\/secure.gravatar.com\/avatar\/6f7a4ba3acb418040e90a2eb99b5df28?s=96&d=mm&r=g","contentUrl":"https:\/\/secure.gravatar.com\/avatar\/6f7a4ba3acb418040e90a2eb99b5df28?s=96&d=mm&r=g","caption":"Difusion2025"}}]}},"_links":{"self":[{"href":"https:\/\/www.tecdmx.org.mx\/index.php\/wp-json\/wp\/v2\/posts\/23271"}],"collection":[{"href":"https:\/\/www.tecdmx.org.mx\/index.php\/wp-json\/wp\/v2\/posts"}],"about":[{"href":"https:\/\/www.tecdmx.org.mx\/index.php\/wp-json\/wp\/v2\/types\/post"}],"author":[{"embeddable":true,"href":"https:\/\/www.tecdmx.org.mx\/index.php\/wp-json\/wp\/v2\/users\/13"}],"replies":[{"embeddable":true,"href":"https:\/\/www.tecdmx.org.mx\/index.php\/wp-json\/wp\/v2\/comments?post=23271"}],"version-history":[{"count":2,"href":"https:\/\/www.tecdmx.org.mx\/index.php\/wp-json\/wp\/v2\/posts\/23271\/revisions"}],"predecessor-version":[{"id":23274,"href":"https:\/\/www.tecdmx.org.mx\/index.php\/wp-json\/wp\/v2\/posts\/23271\/revisions\/23274"}],"wp:featuredmedia":[{"embeddable":true,"href":"https:\/\/www.tecdmx.org.mx\/index.php\/wp-json\/wp\/v2\/media\/21168"}],"wp:attachment":[{"href":"https:\/\/www.tecdmx.org.mx\/index.php\/wp-json\/wp\/v2\/media?parent=23271"}],"wp:term":[{"taxonomy":"category","embeddable":true,"href":"https:\/\/www.tecdmx.org.mx\/index.php\/wp-json\/wp\/v2\/categories?post=23271"},{"taxonomy":"post_tag","embeddable":true,"href":"https:\/\/www.tecdmx.org.mx\/index.php\/wp-json\/wp\/v2\/tags?post=23271"}],"curies":[{"name":"wp","href":"https:\/\/api.w.org\/{rel}","templated":true}]}}