{"id":23316,"date":"2020-10-20T08:56:06","date_gmt":"2020-10-20T13:56:06","guid":{"rendered":"https:\/\/www.tecdmx.org.mx\/?p=23316"},"modified":"2020-10-20T08:56:08","modified_gmt":"2020-10-20T13:56:08","slug":"capacita-tecdmx-a-personal-del-consejo-ciudadano-para-la-seguridad-y-justicia-de-la-cdmx","status":"publish","type":"post","link":"https:\/\/www.tecdmx.org.mx\/index.php\/destacados\/2020\/10\/20\/capacita-tecdmx-a-personal-del-consejo-ciudadano-para-la-seguridad-y-justicia-de-la-cdmx\/","title":{"rendered":"Capacita TECDMX a personal del Consejo Ciudadano para la Seguridad y Justicia de la CDMX"},"content":{"rendered":"\n<p>Ciudad de M\u00e9xico, a 19 de octubre de 2020<\/p>\n\n\n\n<p><strong>Bolet\u00edn N\u00ba 81<\/strong><\/p>\n\n\n\n<ul><li>En el evento tambi\u00e9n participaron la Magistrada Martha Mercado Ram\u00edrez y el Magistrado Juan Carlos S\u00e1nchez Le\u00f3n.<\/li><li>Las recientes reformas en materia de paridad y erradicaci\u00f3n de la violencia de g\u00e9nero demuestran la transformaci\u00f3n permanente del \u00e1mbito electoral.<\/li><\/ul>\n\n\n\n<p>El Tribunal Electoral de la Ciudad de M\u00e9xico (TECDMX) y el Consejo Ciudadano para la Seguridad y Justicia de la Ciudad de M\u00e9xico, inauguraron los trabajos de la \u201cCapacitaci\u00f3n virtual en materia electoral\u201d, en el marco del Programa Comun\u00edcaTE Atenci\u00f3n Ciudadana.<\/p>\n\n\n\n<p>Al hacer uso de la voz, el Presidente del Consejo Ciudadano, Salvador Guerrero Chipr\u00e9s, destac\u00f3 la importancia del trabajo conjunto entre el Consejo y el TECDMX de la promoci\u00f3n de la cultura c\u00edvica, agregando valor a los insumos democr\u00e1ticos con los cuales participa la ciudadan\u00eda para hacer presente su voluntad frente al Estado y frente a los proyectos pol\u00edticos que se le presentan.<\/p>\n\n\n\n<p>\u201cEs una gran oportunidad de demostrar que se pueden establecer sinergias entre lo que hacen organizaciones como el nuestro (Consejo Ciudadano) y el que ustedes encabezan (TECDMX). En especial, el asunto de la cultura c\u00edvica y su vinculaci\u00f3n con la cultura democr\u00e1tica de la capital nacional y, por lo tanto, s\u00ed, inevitablemente, en todo el pa\u00eds\u201d, afirm\u00f3 Guerrero Chipr\u00e9s.<\/p>\n\n\n\n<p>Al hacer uso de la voz, la Magistrada Alejandra Ch\u00e1vez Camarena, Presidenta del Comit\u00e9 de G\u00e9nero y Derechos Humanos del TECDMX, destac\u00f3 que la alianza estrat\u00e9gica con el Consejo Ciudadano se implementa a trav\u00e9s de l\u00edneas de acci\u00f3n para la planeaci\u00f3n corresponsable y con perspectiva de g\u00e9nero, de los derechos pol\u00edtico-electorales de la ciudadan\u00eda.<\/p>\n\n\n\n<p>\u201cEl \u00e1mbito electoral guarda una din\u00e1mica de transformaci\u00f3n permanente, lo cual se advierte de las recientes reformas constitucionales y legales en materia de paridad y erradicaci\u00f3n de violencia pol\u00edtica contra las mujeres por raz\u00f3n de g\u00e9nero\u201d, afirm\u00f3 la Magistrada Ch\u00e1vez Camarena.<\/p>\n\n\n\n<p>Finalmente, la Magistrada dio a conocer que el objetivo del curso es que las personas participantes cuenten con los aprendizajes y herramientas para proporcionar informaci\u00f3n sobre el marco normativo y operativo de los procesos electorales y de participaci\u00f3n ciudadana, as\u00ed como los medios de impugnaci\u00f3n, delitos electorales, violencia pol\u00edtica contra las mujeres por raz\u00f3n de g\u00e9nero y sistemas normativos ind\u00edgenas.<\/p>\n\n\n\n<p><strong>o-O-o<\/strong><\/p>\n","protected":false},"excerpt":{"rendered":"<p>Ciudad de M\u00e9xico, a 19 de octubre de 2020 Bolet\u00edn N\u00ba 81 En el evento tambi\u00e9n participaron la Magistrada Martha Mercado Ram\u00edrez y el Magistrado Juan Carlos S\u00e1nchez Le\u00f3n. Las [&hellip;]<\/p>\n","protected":false},"author":13,"featured_media":21168,"comment_status":"open","ping_status":"open","sticky":false,"template":"","format":"standard","meta":{"_acf_changed":false,"_exactmetrics_skip_tracking":false,"_exactmetrics_sitenote_active":false,"_exactmetrics_sitenote_note":"","_exactmetrics_sitenote_category":0,"footnotes":""},"categories":[32,47],"tags":[],"acf":[],"yoast_head":"<!-- This site is optimized with the Yoast SEO plugin v22.3 - https:\/\/yoast.com\/wordpress\/plugins\/seo\/ -->\n<title>Capacita TECDMX a personal del Consejo Ciudadano para la Seguridad y Justicia de la CDMX - Tribunal Electoral de la Ciudad de M\u00e9xico<\/title>\n<meta name=\"robots\" content=\"index, follow, max-snippet:-1, max-image-preview:large, max-video-preview:-1\" \/>\n<link rel=\"canonical\" href=\"https:\/\/www.tecdmx.org.mx\/index.php\/destacados\/2020\/10\/20\/capacita-tecdmx-a-personal-del-consejo-ciudadano-para-la-seguridad-y-justicia-de-la-cdmx\/\" \/>\n<meta property=\"og:locale\" content=\"es_ES\" \/>\n<meta property=\"og:type\" content=\"article\" \/>\n<meta property=\"og:title\" content=\"Capacita TECDMX a personal del Consejo Ciudadano para la Seguridad y Justicia de la CDMX - Tribunal Electoral de la Ciudad de M\u00e9xico\" \/>\n<meta property=\"og:description\" content=\"Ciudad de M\u00e9xico, a 19 de octubre de 2020 Bolet\u00edn N\u00ba 81 En el evento tambi\u00e9n participaron la Magistrada Martha Mercado Ram\u00edrez y el Magistrado Juan Carlos S\u00e1nchez Le\u00f3n. Las [&hellip;]\" \/>\n<meta property=\"og:url\" content=\"https:\/\/www.tecdmx.org.mx\/index.php\/destacados\/2020\/10\/20\/capacita-tecdmx-a-personal-del-consejo-ciudadano-para-la-seguridad-y-justicia-de-la-cdmx\/\" \/>\n<meta property=\"og:site_name\" content=\"Tribunal Electoral de la Ciudad de M\u00e9xico\" \/>\n<meta property=\"article:publisher\" content=\"https:\/\/www.facebook.com\/TECDMX\/\" \/>\n<meta property=\"article:published_time\" content=\"2020-10-20T13:56:06+00:00\" \/>\n<meta property=\"article:modified_time\" content=\"2020-10-20T13:56:08+00:00\" \/>\n<meta property=\"og:image\" content=\"https:\/\/www.tecdmx.org.mx\/wp-content\/uploads\/2020\/08\/comunicado_nuevo.jpg\" \/>\n\t<meta property=\"og:image:width\" content=\"600\" \/>\n\t<meta property=\"og:image:height\" content=\"366\" \/>\n\t<meta property=\"og:image:type\" content=\"image\/jpeg\" \/>\n<meta name=\"author\" content=\"Difusion2025\" \/>\n<meta name=\"twitter:card\" content=\"summary_large_image\" \/>\n<meta name=\"twitter:creator\" content=\"@tecdmx\" \/>\n<meta name=\"twitter:site\" content=\"@tecdmx\" \/>\n<meta name=\"twitter:label1\" content=\"Escrito por\" \/>\n\t<meta name=\"twitter:data1\" content=\"Difusion2025\" \/>\n\t<meta name=\"twitter:label2\" content=\"Tiempo de lectura\" \/>\n\t<meta name=\"twitter:data2\" content=\"2 minutos\" \/>\n<script type=\"application\/ld+json\" class=\"yoast-schema-graph\">{\"@context\":\"https:\/\/schema.org\",\"@graph\":[{\"@type\":\"WebPage\",\"@id\":\"https:\/\/www.tecdmx.org.mx\/index.php\/destacados\/2020\/10\/20\/capacita-tecdmx-a-personal-del-consejo-ciudadano-para-la-seguridad-y-justicia-de-la-cdmx\/\",\"url\":\"https:\/\/www.tecdmx.org.mx\/index.php\/destacados\/2020\/10\/20\/capacita-tecdmx-a-personal-del-consejo-ciudadano-para-la-seguridad-y-justicia-de-la-cdmx\/\",\"name\":\"Capacita TECDMX a personal del Consejo Ciudadano para la Seguridad y Justicia de la CDMX - Tribunal Electoral de la Ciudad de M\u00e9xico\",\"isPartOf\":{\"@id\":\"https:\/\/www.tecdmx.org.mx\/#website\"},\"primaryImageOfPage\":{\"@id\":\"https:\/\/www.tecdmx.org.mx\/index.php\/destacados\/2020\/10\/20\/capacita-tecdmx-a-personal-del-consejo-ciudadano-para-la-seguridad-y-justicia-de-la-cdmx\/#primaryimage\"},\"image\":{\"@id\":\"https:\/\/www.tecdmx.org.mx\/index.php\/destacados\/2020\/10\/20\/capacita-tecdmx-a-personal-del-consejo-ciudadano-para-la-seguridad-y-justicia-de-la-cdmx\/#primaryimage\"},\"thumbnailUrl\":\"https:\/\/www.tecdmx.org.mx\/wp-content\/uploads\/2020\/08\/comunicado_nuevo.jpg\",\"datePublished\":\"2020-10-20T13:56:06+00:00\",\"dateModified\":\"2020-10-20T13:56:08+00:00\",\"author\":{\"@id\":\"https:\/\/www.tecdmx.org.mx\/#\/schema\/person\/208c898199fb3234203823c5f0cf31d6\"},\"breadcrumb\":{\"@id\":\"https:\/\/www.tecdmx.org.mx\/index.php\/destacados\/2020\/10\/20\/capacita-tecdmx-a-personal-del-consejo-ciudadano-para-la-seguridad-y-justicia-de-la-cdmx\/#breadcrumb\"},\"inLanguage\":\"es\",\"potentialAction\":[{\"@type\":\"ReadAction\",\"target\":[\"https:\/\/www.tecdmx.org.mx\/index.php\/destacados\/2020\/10\/20\/capacita-tecdmx-a-personal-del-consejo-ciudadano-para-la-seguridad-y-justicia-de-la-cdmx\/\"]}]},{\"@type\":\"ImageObject\",\"inLanguage\":\"es\",\"@id\":\"https:\/\/www.tecdmx.org.mx\/index.php\/destacados\/2020\/10\/20\/capacita-tecdmx-a-personal-del-consejo-ciudadano-para-la-seguridad-y-justicia-de-la-cdmx\/#primaryimage\",\"url\":\"https:\/\/www.tecdmx.org.mx\/wp-content\/uploads\/2020\/08\/comunicado_nuevo.jpg\",\"contentUrl\":\"https:\/\/www.tecdmx.org.mx\/wp-content\/uploads\/2020\/08\/comunicado_nuevo.jpg\",\"width\":600,\"height\":366},{\"@type\":\"BreadcrumbList\",\"@id\":\"https:\/\/www.tecdmx.org.mx\/index.php\/destacados\/2020\/10\/20\/capacita-tecdmx-a-personal-del-consejo-ciudadano-para-la-seguridad-y-justicia-de-la-cdmx\/#breadcrumb\",\"itemListElement\":[{\"@type\":\"ListItem\",\"position\":1,\"name\":\"Portada\",\"item\":\"https:\/\/www.tecdmx.org.mx\/\"},{\"@type\":\"ListItem\",\"position\":2,\"name\":\"Capacita TECDMX a personal del Consejo Ciudadano para la Seguridad y Justicia de la CDMX\"}]},{\"@type\":\"WebSite\",\"@id\":\"https:\/\/www.tecdmx.org.mx\/#website\",\"url\":\"https:\/\/www.tecdmx.org.mx\/\",\"name\":\"Tribunal Electoral de la Ciudad de M\u00e9xico\",\"description\":\"25 a\u00f1os garantizando justicia en tu elecci\u00f3n\",\"potentialAction\":[{\"@type\":\"SearchAction\",\"target\":{\"@type\":\"EntryPoint\",\"urlTemplate\":\"https:\/\/www.tecdmx.org.mx\/?s={search_term_string}\"},\"query-input\":\"required name=search_term_string\"}],\"inLanguage\":\"es\"},{\"@type\":\"Person\",\"@id\":\"https:\/\/www.tecdmx.org.mx\/#\/schema\/person\/208c898199fb3234203823c5f0cf31d6\",\"name\":\"Difusion2025\",\"image\":{\"@type\":\"ImageObject\",\"inLanguage\":\"es\",\"@id\":\"https:\/\/www.tecdmx.org.mx\/#\/schema\/person\/image\/\",\"url\":\"https:\/\/secure.gravatar.com\/avatar\/6f7a4ba3acb418040e90a2eb99b5df28?s=96&d=mm&r=g\",\"contentUrl\":\"https:\/\/secure.gravatar.com\/avatar\/6f7a4ba3acb418040e90a2eb99b5df28?s=96&d=mm&r=g\",\"caption\":\"Difusion2025\"}}]}<\/script>\n<!-- \/ Yoast SEO plugin. -->","yoast_head_json":{"title":"Capacita TECDMX a personal del Consejo Ciudadano para la Seguridad y Justicia de la CDMX - Tribunal Electoral de la Ciudad de M\u00e9xico","robots":{"index":"index","follow":"follow","max-snippet":"max-snippet:-1","max-image-preview":"max-image-preview:large","max-video-preview":"max-video-preview:-1"},"canonical":"https:\/\/www.tecdmx.org.mx\/index.php\/destacados\/2020\/10\/20\/capacita-tecdmx-a-personal-del-consejo-ciudadano-para-la-seguridad-y-justicia-de-la-cdmx\/","og_locale":"es_ES","og_type":"article","og_title":"Capacita TECDMX a personal del Consejo Ciudadano para la Seguridad y Justicia de la CDMX - Tribunal Electoral de la Ciudad de M\u00e9xico","og_description":"Ciudad de M\u00e9xico, a 19 de octubre de 2020 Bolet\u00edn N\u00ba 81 En el evento tambi\u00e9n participaron la Magistrada Martha Mercado Ram\u00edrez y el Magistrado Juan Carlos S\u00e1nchez Le\u00f3n. Las [&hellip;]","og_url":"https:\/\/www.tecdmx.org.mx\/index.php\/destacados\/2020\/10\/20\/capacita-tecdmx-a-personal-del-consejo-ciudadano-para-la-seguridad-y-justicia-de-la-cdmx\/","og_site_name":"Tribunal Electoral de la Ciudad de M\u00e9xico","article_publisher":"https:\/\/www.facebook.com\/TECDMX\/","article_published_time":"2020-10-20T13:56:06+00:00","article_modified_time":"2020-10-20T13:56:08+00:00","og_image":[{"width":600,"height":366,"url":"https:\/\/www.tecdmx.org.mx\/wp-content\/uploads\/2020\/08\/comunicado_nuevo.jpg","type":"image\/jpeg"}],"author":"Difusion2025","twitter_card":"summary_large_image","twitter_creator":"@tecdmx","twitter_site":"@tecdmx","twitter_misc":{"Escrito por":"Difusion2025","Tiempo de lectura":"2 minutos"},"schema":{"@context":"https:\/\/schema.org","@graph":[{"@type":"WebPage","@id":"https:\/\/www.tecdmx.org.mx\/index.php\/destacados\/2020\/10\/20\/capacita-tecdmx-a-personal-del-consejo-ciudadano-para-la-seguridad-y-justicia-de-la-cdmx\/","url":"https:\/\/www.tecdmx.org.mx\/index.php\/destacados\/2020\/10\/20\/capacita-tecdmx-a-personal-del-consejo-ciudadano-para-la-seguridad-y-justicia-de-la-cdmx\/","name":"Capacita TECDMX a personal del Consejo Ciudadano para la Seguridad y Justicia de la CDMX - Tribunal Electoral de la Ciudad de M\u00e9xico","isPartOf":{"@id":"https:\/\/www.tecdmx.org.mx\/#website"},"primaryImageOfPage":{"@id":"https:\/\/www.tecdmx.org.mx\/index.php\/destacados\/2020\/10\/20\/capacita-tecdmx-a-personal-del-consejo-ciudadano-para-la-seguridad-y-justicia-de-la-cdmx\/#primaryimage"},"image":{"@id":"https:\/\/www.tecdmx.org.mx\/index.php\/destacados\/2020\/10\/20\/capacita-tecdmx-a-personal-del-consejo-ciudadano-para-la-seguridad-y-justicia-de-la-cdmx\/#primaryimage"},"thumbnailUrl":"https:\/\/www.tecdmx.org.mx\/wp-content\/uploads\/2020\/08\/comunicado_nuevo.jpg","datePublished":"2020-10-20T13:56:06+00:00","dateModified":"2020-10-20T13:56:08+00:00","author":{"@id":"https:\/\/www.tecdmx.org.mx\/#\/schema\/person\/208c898199fb3234203823c5f0cf31d6"},"breadcrumb":{"@id":"https:\/\/www.tecdmx.org.mx\/index.php\/destacados\/2020\/10\/20\/capacita-tecdmx-a-personal-del-consejo-ciudadano-para-la-seguridad-y-justicia-de-la-cdmx\/#breadcrumb"},"inLanguage":"es","potentialAction":[{"@type":"ReadAction","target":["https:\/\/www.tecdmx.org.mx\/index.php\/destacados\/2020\/10\/20\/capacita-tecdmx-a-personal-del-consejo-ciudadano-para-la-seguridad-y-justicia-de-la-cdmx\/"]}]},{"@type":"ImageObject","inLanguage":"es","@id":"https:\/\/www.tecdmx.org.mx\/index.php\/destacados\/2020\/10\/20\/capacita-tecdmx-a-personal-del-consejo-ciudadano-para-la-seguridad-y-justicia-de-la-cdmx\/#primaryimage","url":"https:\/\/www.tecdmx.org.mx\/wp-content\/uploads\/2020\/08\/comunicado_nuevo.jpg","contentUrl":"https:\/\/www.tecdmx.org.mx\/wp-content\/uploads\/2020\/08\/comunicado_nuevo.jpg","width":600,"height":366},{"@type":"BreadcrumbList","@id":"https:\/\/www.tecdmx.org.mx\/index.php\/destacados\/2020\/10\/20\/capacita-tecdmx-a-personal-del-consejo-ciudadano-para-la-seguridad-y-justicia-de-la-cdmx\/#breadcrumb","itemListElement":[{"@type":"ListItem","position":1,"name":"Portada","item":"https:\/\/www.tecdmx.org.mx\/"},{"@type":"ListItem","position":2,"name":"Capacita TECDMX a personal del Consejo Ciudadano para la Seguridad y Justicia de la CDMX"}]},{"@type":"WebSite","@id":"https:\/\/www.tecdmx.org.mx\/#website","url":"https:\/\/www.tecdmx.org.mx\/","name":"Tribunal Electoral de la Ciudad de M\u00e9xico","description":"25 a\u00f1os garantizando justicia en tu elecci\u00f3n","potentialAction":[{"@type":"SearchAction","target":{"@type":"EntryPoint","urlTemplate":"https:\/\/www.tecdmx.org.mx\/?s={search_term_string}"},"query-input":"required name=search_term_string"}],"inLanguage":"es"},{"@type":"Person","@id":"https:\/\/www.tecdmx.org.mx\/#\/schema\/person\/208c898199fb3234203823c5f0cf31d6","name":"Difusion2025","image":{"@type":"ImageObject","inLanguage":"es","@id":"https:\/\/www.tecdmx.org.mx\/#\/schema\/person\/image\/","url":"https:\/\/secure.gravatar.com\/avatar\/6f7a4ba3acb418040e90a2eb99b5df28?s=96&d=mm&r=g","contentUrl":"https:\/\/secure.gravatar.com\/avatar\/6f7a4ba3acb418040e90a2eb99b5df28?s=96&d=mm&r=g","caption":"Difusion2025"}}]}},"_links":{"self":[{"href":"https:\/\/www.tecdmx.org.mx\/index.php\/wp-json\/wp\/v2\/posts\/23316"}],"collection":[{"href":"https:\/\/www.tecdmx.org.mx\/index.php\/wp-json\/wp\/v2\/posts"}],"about":[{"href":"https:\/\/www.tecdmx.org.mx\/index.php\/wp-json\/wp\/v2\/types\/post"}],"author":[{"embeddable":true,"href":"https:\/\/www.tecdmx.org.mx\/index.php\/wp-json\/wp\/v2\/users\/13"}],"replies":[{"embeddable":true,"href":"https:\/\/www.tecdmx.org.mx\/index.php\/wp-json\/wp\/v2\/comments?post=23316"}],"version-history":[{"count":2,"href":"https:\/\/www.tecdmx.org.mx\/index.php\/wp-json\/wp\/v2\/posts\/23316\/revisions"}],"predecessor-version":[{"id":23319,"href":"https:\/\/www.tecdmx.org.mx\/index.php\/wp-json\/wp\/v2\/posts\/23316\/revisions\/23319"}],"wp:featuredmedia":[{"embeddable":true,"href":"https:\/\/www.tecdmx.org.mx\/index.php\/wp-json\/wp\/v2\/media\/21168"}],"wp:attachment":[{"href":"https:\/\/www.tecdmx.org.mx\/index.php\/wp-json\/wp\/v2\/media?parent=23316"}],"wp:term":[{"taxonomy":"category","embeddable":true,"href":"https:\/\/www.tecdmx.org.mx\/index.php\/wp-json\/wp\/v2\/categories?post=23316"},{"taxonomy":"post_tag","embeddable":true,"href":"https:\/\/www.tecdmx.org.mx\/index.php\/wp-json\/wp\/v2\/tags?post=23316"}],"curies":[{"name":"wp","href":"https:\/\/api.w.org\/{rel}","templated":true}]}}