{"id":23492,"date":"2020-10-29T20:41:36","date_gmt":"2020-10-30T02:41:36","guid":{"rendered":"https:\/\/www.tecdmx.org.mx\/?p=23492"},"modified":"2020-10-29T20:41:37","modified_gmt":"2020-10-30T02:41:37","slug":"confirma-tecdmx-integracion-de-copaco-en-la-unidad-territorial-polanco-reforma","status":"publish","type":"post","link":"https:\/\/www.tecdmx.org.mx\/index.php\/comunicados\/2020\/10\/29\/confirma-tecdmx-integracion-de-copaco-en-la-unidad-territorial-polanco-reforma\/","title":{"rendered":"Confirma TECDMX integraci\u00f3n de COPACO en la unidad territorial Polanco Reforma"},"content":{"rendered":"\n<p class=\"has-text-align-right\">Ciudad de M\u00e9xico, a 29 de octubre de 2020<\/p>\n\n\n\n<p class=\"has-text-align-right\"><strong>Bolet\u00edn N\u00ba 85<\/strong><\/p>\n\n\n\n<p><\/p>\n\n\n\n<ul><li>Se impuso una amonestaci\u00f3n p\u00fablica al Consejo Electoral de San Antonio Tec\u00f3mitl, Milpa Alta por la omisi\u00f3n de tramitar el medio de impugnaci\u00f3n sobre la elecci\u00f3n de Coordinador de Enlace Territorial.<\/li><li>Se atendieron asuntos vinculados con Pueblos y Barrios Originarios, as\u00ed como con COPACO y Consulta de Presupuesto Participativo.<\/li><\/ul>\n\n\n\n<p>Las Magistradas y Magistrados integrantes del Pleno del Tribunal Electoral de la Ciudad de M\u00e9xico (TECDMX), celebraron Sesi\u00f3n P\u00fablica de resoluci\u00f3n a distancia por videoconferencia con el fin de resolver un Juicio Electoral (JEL) y tres Juicios para la Protecci\u00f3n de los Derechos Pol\u00edtico-Electorales de la Ciudadan\u00eda (JLDC).<\/p>\n\n\n\n<p>Al resolver el juicio <strong>TECDMX-JEL-279\/2020<\/strong>, en cumplimiento de sentencia de la Sala Regional Ciudad de M\u00e9xico del Tribunal Electoral del Poder Judicial de la Federaci\u00f3n, en donde se controvirti\u00f3 la integraci\u00f3n de la Comisi\u00f3n de Participaci\u00f3n Comunitaria (COPACO) de la unidad territorial Polanco Reforma, demarcaci\u00f3n Miguel Hidalgo; el Pleno resolvi\u00f3 <strong>confirmar el acto impugnado<\/strong>, ya que la persona que ocupa la posici\u00f3n 8 de la citada comisi\u00f3n, motivo de controversia, se registr\u00f3 como persona joven y cont\u00f3 con la voluntad popular.<\/p>\n\n\n\n<p>En el juicio <strong>TECDMX-JLDC-012\/2020<\/strong>, en contra la Convocatoria para la Elecci\u00f3n de Coordinador de Enlace Territorial de San Antonio Tec\u00f3mitl, Milpa Alta; las Magistraturas determinaron <strong>desechar de plano la demanda<\/strong> al haber sido presentada de manera extempor\u00e1nea. Asimismo, <strong>se impuso una<\/strong> <strong>amonestaci\u00f3n p\u00fablica<\/strong> <strong>al Consejo Electoral de San Antonio Tec\u00f3mitl<\/strong> por la omisi\u00f3n de tramitar el medio de impugnaci\u00f3n.<\/p>\n\n\n\n<p>Finalmente, al atender el expediente <strong>TECDMX-JLDC-025\/2020 y su acumulado<a href=\"#_ftn1\"><strong>[1]<\/strong><\/a><\/strong>, en donde se solicit\u00f3 la nulidad de la elecci\u00f3n de las Comisiones de Participaci\u00f3n Comunitaria 2020 y la Consulta Ciudadana sobre Presupuesto Participativo 2020 y 2021, en las unidades territoriales Cerro Grande, Tesmic y La Ca\u00f1ada, Guadalupe, Santa Cruz Chavarrieta, San Jos\u00e9 Zacatepec y Santa In\u00e9s, en la demarcaci\u00f3n Xochimilco; las Magistradas y Magistrados resolvieron <strong>desechar de plano la demanda<\/strong>, toda vez que se considera como cosa juzgada.<\/p>\n\n\n\n<p>Lo anterior, debido a que la Sala Regional determin\u00f3 esencialmente cancelar la jornada relativa a la elecci\u00f3n de las COPACO y la celebraci\u00f3n de la Consulta en las unidades territoriales que corresponden a pueblos y barrios originarios de la Ciudad de M\u00e9xico. En tanto la Sala Superior resolvi\u00f3 modificar dicha resoluci\u00f3n limitando los efectos a 48 \u00e1mbitos territoriales, conforme al Marco Geogr\u00e1fico aprobado por el Instituto Electoral.<\/p>\n\n\n\n<p>Por lo dicho, desde el punto de vista jur\u00eddico las decisiones de la referida Sala Superior y sus efectos no pueden ser objeto de control jurisdiccional por parte de este Tribunal Electoral.<\/p>\n\n\n\n<p class=\"has-text-align-center\"><strong>o-O-o<\/strong><\/p>\n\n\n\n<p>* Los criterios para las resoluciones de este Pleno son coincidentes<\/p>\n\n\n\n<hr class=\"wp-block-separator\"\/>\n\n\n\n<p><a href=\"#_ftnref1\">[1]<\/a> TECDMX-JLDC-028\/2020<\/p>\n","protected":false},"excerpt":{"rendered":"<p>Ciudad de M\u00e9xico, a 29 de octubre de 2020 Bolet\u00edn N\u00ba 85 Se impuso una amonestaci\u00f3n p\u00fablica al Consejo Electoral de San Antonio Tec\u00f3mitl, Milpa Alta por la omisi\u00f3n de [&hellip;]<\/p>\n","protected":false},"author":13,"featured_media":21168,"comment_status":"open","ping_status":"open","sticky":false,"template":"","format":"standard","meta":{"_acf_changed":false,"_exactmetrics_skip_tracking":false,"_exactmetrics_sitenote_active":false,"_exactmetrics_sitenote_note":"","_exactmetrics_sitenote_category":0,"footnotes":""},"categories":[32,47],"tags":[],"acf":[],"yoast_head":"<!-- This site is optimized with the Yoast SEO plugin v22.3 - https:\/\/yoast.com\/wordpress\/plugins\/seo\/ -->\n<title>Confirma TECDMX integraci\u00f3n de COPACO en la unidad territorial Polanco Reforma - Tribunal Electoral de la Ciudad de M\u00e9xico<\/title>\n<meta name=\"robots\" content=\"index, follow, max-snippet:-1, max-image-preview:large, max-video-preview:-1\" \/>\n<link rel=\"canonical\" href=\"https:\/\/www.tecdmx.org.mx\/index.php\/comunicados\/2020\/10\/29\/confirma-tecdmx-integracion-de-copaco-en-la-unidad-territorial-polanco-reforma\/\" \/>\n<meta property=\"og:locale\" content=\"es_ES\" \/>\n<meta property=\"og:type\" content=\"article\" \/>\n<meta property=\"og:title\" content=\"Confirma TECDMX integraci\u00f3n de COPACO en la unidad territorial Polanco Reforma - Tribunal Electoral de la Ciudad de M\u00e9xico\" \/>\n<meta property=\"og:description\" content=\"Ciudad de M\u00e9xico, a 29 de octubre de 2020 Bolet\u00edn N\u00ba 85 Se impuso una amonestaci\u00f3n p\u00fablica al Consejo Electoral de San Antonio Tec\u00f3mitl, Milpa Alta por la omisi\u00f3n de [&hellip;]\" \/>\n<meta property=\"og:url\" content=\"https:\/\/www.tecdmx.org.mx\/index.php\/comunicados\/2020\/10\/29\/confirma-tecdmx-integracion-de-copaco-en-la-unidad-territorial-polanco-reforma\/\" \/>\n<meta property=\"og:site_name\" content=\"Tribunal Electoral de la Ciudad de M\u00e9xico\" \/>\n<meta property=\"article:publisher\" content=\"https:\/\/www.facebook.com\/TECDMX\/\" \/>\n<meta property=\"article:published_time\" content=\"2020-10-30T02:41:36+00:00\" \/>\n<meta property=\"article:modified_time\" content=\"2020-10-30T02:41:37+00:00\" \/>\n<meta property=\"og:image\" content=\"https:\/\/www.tecdmx.org.mx\/wp-content\/uploads\/2020\/08\/comunicado_nuevo.jpg\" \/>\n\t<meta property=\"og:image:width\" content=\"600\" \/>\n\t<meta property=\"og:image:height\" content=\"366\" \/>\n\t<meta property=\"og:image:type\" content=\"image\/jpeg\" \/>\n<meta name=\"author\" content=\"Difusion2025\" \/>\n<meta name=\"twitter:card\" content=\"summary_large_image\" \/>\n<meta name=\"twitter:creator\" content=\"@tecdmx\" \/>\n<meta name=\"twitter:site\" content=\"@tecdmx\" \/>\n<meta name=\"twitter:label1\" content=\"Escrito por\" \/>\n\t<meta name=\"twitter:data1\" content=\"Difusion2025\" \/>\n\t<meta name=\"twitter:label2\" content=\"Tiempo de lectura\" \/>\n\t<meta name=\"twitter:data2\" content=\"2 minutos\" \/>\n<script type=\"application\/ld+json\" class=\"yoast-schema-graph\">{\"@context\":\"https:\/\/schema.org\",\"@graph\":[{\"@type\":\"WebPage\",\"@id\":\"https:\/\/www.tecdmx.org.mx\/index.php\/comunicados\/2020\/10\/29\/confirma-tecdmx-integracion-de-copaco-en-la-unidad-territorial-polanco-reforma\/\",\"url\":\"https:\/\/www.tecdmx.org.mx\/index.php\/comunicados\/2020\/10\/29\/confirma-tecdmx-integracion-de-copaco-en-la-unidad-territorial-polanco-reforma\/\",\"name\":\"Confirma TECDMX integraci\u00f3n de COPACO en la unidad territorial Polanco Reforma - Tribunal Electoral de la Ciudad de M\u00e9xico\",\"isPartOf\":{\"@id\":\"https:\/\/www.tecdmx.org.mx\/#website\"},\"primaryImageOfPage\":{\"@id\":\"https:\/\/www.tecdmx.org.mx\/index.php\/comunicados\/2020\/10\/29\/confirma-tecdmx-integracion-de-copaco-en-la-unidad-territorial-polanco-reforma\/#primaryimage\"},\"image\":{\"@id\":\"https:\/\/www.tecdmx.org.mx\/index.php\/comunicados\/2020\/10\/29\/confirma-tecdmx-integracion-de-copaco-en-la-unidad-territorial-polanco-reforma\/#primaryimage\"},\"thumbnailUrl\":\"https:\/\/www.tecdmx.org.mx\/wp-content\/uploads\/2020\/08\/comunicado_nuevo.jpg\",\"datePublished\":\"2020-10-30T02:41:36+00:00\",\"dateModified\":\"2020-10-30T02:41:37+00:00\",\"author\":{\"@id\":\"https:\/\/www.tecdmx.org.mx\/#\/schema\/person\/208c898199fb3234203823c5f0cf31d6\"},\"breadcrumb\":{\"@id\":\"https:\/\/www.tecdmx.org.mx\/index.php\/comunicados\/2020\/10\/29\/confirma-tecdmx-integracion-de-copaco-en-la-unidad-territorial-polanco-reforma\/#breadcrumb\"},\"inLanguage\":\"es\",\"potentialAction\":[{\"@type\":\"ReadAction\",\"target\":[\"https:\/\/www.tecdmx.org.mx\/index.php\/comunicados\/2020\/10\/29\/confirma-tecdmx-integracion-de-copaco-en-la-unidad-territorial-polanco-reforma\/\"]}]},{\"@type\":\"ImageObject\",\"inLanguage\":\"es\",\"@id\":\"https:\/\/www.tecdmx.org.mx\/index.php\/comunicados\/2020\/10\/29\/confirma-tecdmx-integracion-de-copaco-en-la-unidad-territorial-polanco-reforma\/#primaryimage\",\"url\":\"https:\/\/www.tecdmx.org.mx\/wp-content\/uploads\/2020\/08\/comunicado_nuevo.jpg\",\"contentUrl\":\"https:\/\/www.tecdmx.org.mx\/wp-content\/uploads\/2020\/08\/comunicado_nuevo.jpg\",\"width\":600,\"height\":366},{\"@type\":\"BreadcrumbList\",\"@id\":\"https:\/\/www.tecdmx.org.mx\/index.php\/comunicados\/2020\/10\/29\/confirma-tecdmx-integracion-de-copaco-en-la-unidad-territorial-polanco-reforma\/#breadcrumb\",\"itemListElement\":[{\"@type\":\"ListItem\",\"position\":1,\"name\":\"Portada\",\"item\":\"https:\/\/www.tecdmx.org.mx\/\"},{\"@type\":\"ListItem\",\"position\":2,\"name\":\"Confirma TECDMX integraci\u00f3n de COPACO en la unidad territorial Polanco Reforma\"}]},{\"@type\":\"WebSite\",\"@id\":\"https:\/\/www.tecdmx.org.mx\/#website\",\"url\":\"https:\/\/www.tecdmx.org.mx\/\",\"name\":\"Tribunal Electoral de la Ciudad de M\u00e9xico\",\"description\":\"25 a\u00f1os garantizando justicia en tu elecci\u00f3n\",\"potentialAction\":[{\"@type\":\"SearchAction\",\"target\":{\"@type\":\"EntryPoint\",\"urlTemplate\":\"https:\/\/www.tecdmx.org.mx\/?s={search_term_string}\"},\"query-input\":\"required name=search_term_string\"}],\"inLanguage\":\"es\"},{\"@type\":\"Person\",\"@id\":\"https:\/\/www.tecdmx.org.mx\/#\/schema\/person\/208c898199fb3234203823c5f0cf31d6\",\"name\":\"Difusion2025\",\"image\":{\"@type\":\"ImageObject\",\"inLanguage\":\"es\",\"@id\":\"https:\/\/www.tecdmx.org.mx\/#\/schema\/person\/image\/\",\"url\":\"https:\/\/secure.gravatar.com\/avatar\/6f7a4ba3acb418040e90a2eb99b5df28?s=96&d=mm&r=g\",\"contentUrl\":\"https:\/\/secure.gravatar.com\/avatar\/6f7a4ba3acb418040e90a2eb99b5df28?s=96&d=mm&r=g\",\"caption\":\"Difusion2025\"}}]}<\/script>\n<!-- \/ Yoast SEO plugin. -->","yoast_head_json":{"title":"Confirma TECDMX integraci\u00f3n de COPACO en la unidad territorial Polanco Reforma - Tribunal Electoral de la Ciudad de M\u00e9xico","robots":{"index":"index","follow":"follow","max-snippet":"max-snippet:-1","max-image-preview":"max-image-preview:large","max-video-preview":"max-video-preview:-1"},"canonical":"https:\/\/www.tecdmx.org.mx\/index.php\/comunicados\/2020\/10\/29\/confirma-tecdmx-integracion-de-copaco-en-la-unidad-territorial-polanco-reforma\/","og_locale":"es_ES","og_type":"article","og_title":"Confirma TECDMX integraci\u00f3n de COPACO en la unidad territorial Polanco Reforma - Tribunal Electoral de la Ciudad de M\u00e9xico","og_description":"Ciudad de M\u00e9xico, a 29 de octubre de 2020 Bolet\u00edn N\u00ba 85 Se impuso una amonestaci\u00f3n p\u00fablica al Consejo Electoral de San Antonio Tec\u00f3mitl, Milpa Alta por la omisi\u00f3n de [&hellip;]","og_url":"https:\/\/www.tecdmx.org.mx\/index.php\/comunicados\/2020\/10\/29\/confirma-tecdmx-integracion-de-copaco-en-la-unidad-territorial-polanco-reforma\/","og_site_name":"Tribunal Electoral de la Ciudad de M\u00e9xico","article_publisher":"https:\/\/www.facebook.com\/TECDMX\/","article_published_time":"2020-10-30T02:41:36+00:00","article_modified_time":"2020-10-30T02:41:37+00:00","og_image":[{"width":600,"height":366,"url":"https:\/\/www.tecdmx.org.mx\/wp-content\/uploads\/2020\/08\/comunicado_nuevo.jpg","type":"image\/jpeg"}],"author":"Difusion2025","twitter_card":"summary_large_image","twitter_creator":"@tecdmx","twitter_site":"@tecdmx","twitter_misc":{"Escrito por":"Difusion2025","Tiempo de lectura":"2 minutos"},"schema":{"@context":"https:\/\/schema.org","@graph":[{"@type":"WebPage","@id":"https:\/\/www.tecdmx.org.mx\/index.php\/comunicados\/2020\/10\/29\/confirma-tecdmx-integracion-de-copaco-en-la-unidad-territorial-polanco-reforma\/","url":"https:\/\/www.tecdmx.org.mx\/index.php\/comunicados\/2020\/10\/29\/confirma-tecdmx-integracion-de-copaco-en-la-unidad-territorial-polanco-reforma\/","name":"Confirma TECDMX integraci\u00f3n de COPACO en la unidad territorial Polanco Reforma - Tribunal Electoral de la Ciudad de M\u00e9xico","isPartOf":{"@id":"https:\/\/www.tecdmx.org.mx\/#website"},"primaryImageOfPage":{"@id":"https:\/\/www.tecdmx.org.mx\/index.php\/comunicados\/2020\/10\/29\/confirma-tecdmx-integracion-de-copaco-en-la-unidad-territorial-polanco-reforma\/#primaryimage"},"image":{"@id":"https:\/\/www.tecdmx.org.mx\/index.php\/comunicados\/2020\/10\/29\/confirma-tecdmx-integracion-de-copaco-en-la-unidad-territorial-polanco-reforma\/#primaryimage"},"thumbnailUrl":"https:\/\/www.tecdmx.org.mx\/wp-content\/uploads\/2020\/08\/comunicado_nuevo.jpg","datePublished":"2020-10-30T02:41:36+00:00","dateModified":"2020-10-30T02:41:37+00:00","author":{"@id":"https:\/\/www.tecdmx.org.mx\/#\/schema\/person\/208c898199fb3234203823c5f0cf31d6"},"breadcrumb":{"@id":"https:\/\/www.tecdmx.org.mx\/index.php\/comunicados\/2020\/10\/29\/confirma-tecdmx-integracion-de-copaco-en-la-unidad-territorial-polanco-reforma\/#breadcrumb"},"inLanguage":"es","potentialAction":[{"@type":"ReadAction","target":["https:\/\/www.tecdmx.org.mx\/index.php\/comunicados\/2020\/10\/29\/confirma-tecdmx-integracion-de-copaco-en-la-unidad-territorial-polanco-reforma\/"]}]},{"@type":"ImageObject","inLanguage":"es","@id":"https:\/\/www.tecdmx.org.mx\/index.php\/comunicados\/2020\/10\/29\/confirma-tecdmx-integracion-de-copaco-en-la-unidad-territorial-polanco-reforma\/#primaryimage","url":"https:\/\/www.tecdmx.org.mx\/wp-content\/uploads\/2020\/08\/comunicado_nuevo.jpg","contentUrl":"https:\/\/www.tecdmx.org.mx\/wp-content\/uploads\/2020\/08\/comunicado_nuevo.jpg","width":600,"height":366},{"@type":"BreadcrumbList","@id":"https:\/\/www.tecdmx.org.mx\/index.php\/comunicados\/2020\/10\/29\/confirma-tecdmx-integracion-de-copaco-en-la-unidad-territorial-polanco-reforma\/#breadcrumb","itemListElement":[{"@type":"ListItem","position":1,"name":"Portada","item":"https:\/\/www.tecdmx.org.mx\/"},{"@type":"ListItem","position":2,"name":"Confirma TECDMX integraci\u00f3n de COPACO en la unidad territorial Polanco Reforma"}]},{"@type":"WebSite","@id":"https:\/\/www.tecdmx.org.mx\/#website","url":"https:\/\/www.tecdmx.org.mx\/","name":"Tribunal Electoral de la Ciudad de M\u00e9xico","description":"25 a\u00f1os garantizando justicia en tu elecci\u00f3n","potentialAction":[{"@type":"SearchAction","target":{"@type":"EntryPoint","urlTemplate":"https:\/\/www.tecdmx.org.mx\/?s={search_term_string}"},"query-input":"required name=search_term_string"}],"inLanguage":"es"},{"@type":"Person","@id":"https:\/\/www.tecdmx.org.mx\/#\/schema\/person\/208c898199fb3234203823c5f0cf31d6","name":"Difusion2025","image":{"@type":"ImageObject","inLanguage":"es","@id":"https:\/\/www.tecdmx.org.mx\/#\/schema\/person\/image\/","url":"https:\/\/secure.gravatar.com\/avatar\/6f7a4ba3acb418040e90a2eb99b5df28?s=96&d=mm&r=g","contentUrl":"https:\/\/secure.gravatar.com\/avatar\/6f7a4ba3acb418040e90a2eb99b5df28?s=96&d=mm&r=g","caption":"Difusion2025"}}]}},"_links":{"self":[{"href":"https:\/\/www.tecdmx.org.mx\/index.php\/wp-json\/wp\/v2\/posts\/23492"}],"collection":[{"href":"https:\/\/www.tecdmx.org.mx\/index.php\/wp-json\/wp\/v2\/posts"}],"about":[{"href":"https:\/\/www.tecdmx.org.mx\/index.php\/wp-json\/wp\/v2\/types\/post"}],"author":[{"embeddable":true,"href":"https:\/\/www.tecdmx.org.mx\/index.php\/wp-json\/wp\/v2\/users\/13"}],"replies":[{"embeddable":true,"href":"https:\/\/www.tecdmx.org.mx\/index.php\/wp-json\/wp\/v2\/comments?post=23492"}],"version-history":[{"count":2,"href":"https:\/\/www.tecdmx.org.mx\/index.php\/wp-json\/wp\/v2\/posts\/23492\/revisions"}],"predecessor-version":[{"id":23495,"href":"https:\/\/www.tecdmx.org.mx\/index.php\/wp-json\/wp\/v2\/posts\/23492\/revisions\/23495"}],"wp:featuredmedia":[{"embeddable":true,"href":"https:\/\/www.tecdmx.org.mx\/index.php\/wp-json\/wp\/v2\/media\/21168"}],"wp:attachment":[{"href":"https:\/\/www.tecdmx.org.mx\/index.php\/wp-json\/wp\/v2\/media?parent=23492"}],"wp:term":[{"taxonomy":"category","embeddable":true,"href":"https:\/\/www.tecdmx.org.mx\/index.php\/wp-json\/wp\/v2\/categories?post=23492"},{"taxonomy":"post_tag","embeddable":true,"href":"https:\/\/www.tecdmx.org.mx\/index.php\/wp-json\/wp\/v2\/tags?post=23492"}],"curies":[{"name":"wp","href":"https:\/\/api.w.org\/{rel}","templated":true}]}}