{"id":23611,"date":"2020-11-05T20:46:55","date_gmt":"2020-11-06T02:46:55","guid":{"rendered":"https:\/\/www.tecdmx.org.mx\/?p=23611"},"modified":"2020-11-05T20:46:57","modified_gmt":"2020-11-06T02:46:57","slug":"ordena-el-tecdmx-convocar-a-jornadas-electivas-y-consultiva-extraordinarias-en-diversas-unidades-territoriales","status":"publish","type":"post","link":"https:\/\/www.tecdmx.org.mx\/index.php\/comunicados\/2020\/11\/05\/ordena-el-tecdmx-convocar-a-jornadas-electivas-y-consultiva-extraordinarias-en-diversas-unidades-territoriales\/","title":{"rendered":"Ordena el TECDMX convocar a Jornadas Electivas y Consultiva Extraordinarias en diversas unidades territoriales"},"content":{"rendered":"\n<p class=\"has-text-align-right\">Ciudad de M\u00e9xico, a 5 de noviembre de 2020<\/p>\n\n\n\n<p class=\"has-text-align-right\"><strong>Bolet\u00edn N\u00ba 86<\/strong><\/p>\n\n\n\n<p><\/p>\n\n\n\n<p>En Sesi\u00f3n P\u00fablica de resoluci\u00f3n a distancia por videoconferencia, celebrada este jueves 5 de noviembre, en el Juicio Electoral 208 de este a\u00f1o, el Tribunal Electoral de la Ciudad de M\u00e9xico determin\u00f3 declarar la nulidad de los resultados de la Consulta de Presupuesto Participativo 2020 y 2021 en la unidad territorial Cafetales I, en Coyoac\u00e1n y, por ende, orden\u00f3 al Instituto Electoral de la Ciudad de M\u00e9xico la realizaci\u00f3n de una Jornada Consultiva Extraordinaria.<\/p>\n\n\n\n<p>Lo anterior, ya que la Mesa Receptora de Votaci\u00f3n en la citada unidad territorial fue instalada en una zona similar a un fraccionamiento cerrado, al cual s\u00f3lo se puede acceder por una calle y mediante la autorizaci\u00f3n del personal de seguridad, lo que impidi\u00f3 el libre acceso de la ciudadan\u00eda para emitir su opini\u00f3n.<\/p>\n\n\n\n<p>Por otra parte, en los Juicios Electorales 300 y 399, ambos de este a\u00f1o, relativos a la elecci\u00f3n de Comisiones de Participaci\u00f3n Comunitaria en las unidades territoriales Tabacalera, en Cuauht\u00e9moc, y San Miguel Chapultepec II, en Miguel Hidalgo, el Pleno determin\u00f3 anular la elecci\u00f3n.<\/p>\n\n\n\n<p>Lo anterior, ya que el Sistema Electr\u00f3nico de Votaci\u00f3n present\u00f3 problemas durante horas, y aun cuando las autoridades determinaron el cambio de la modalidad de la recepci\u00f3n de votos para que se realizara mediante boletas impresas, tanto el tiempo de las fallas como el tiempo de implementaci\u00f3n de papeletas tradicionales, constituyeron un obst\u00e1culo para que la ciudadan\u00eda emitiera su voto.<\/p>\n\n\n\n<p>Se consider\u00f3 que las irregularidades acreditadas fueron determinantes para el resultado de la elecci\u00f3n, dado que se vulner\u00f3 el derecho de la ciudadan\u00eda de las referidas unidades territoriales a emitir su voto, por lo que el TECDMX determin\u00f3:<\/p>\n\n\n\n<ul><li>Declarar la nulidad de los resultados de la votaci\u00f3n recibida en las Mesas Receptoras de Votaci\u00f3n y Opini\u00f3n de la elecci\u00f3n de las COPACO.<\/li><li>Revocar las Actas de C\u00f3mputo total de la elecci\u00f3n, la Constancia de Asignaci\u00f3n e Integraci\u00f3n de las COPACO, dejando sin efectos la toma de protesta correspondiente.<\/li><li>Ordenar al IECM convocar a una Jornada Electiva Extraordinaria.<\/li><\/ul>\n\n\n\n<p class=\"has-text-align-center\"><strong>o-O-o<\/strong><\/p>\n\n\n\n<p>*Los criterios para las resoluciones de este Pleno son coincidentes.<\/p>\n","protected":false},"excerpt":{"rendered":"<p>Ciudad de M\u00e9xico, a 5 de noviembre de 2020 Bolet\u00edn N\u00ba 86 En Sesi\u00f3n P\u00fablica de resoluci\u00f3n a distancia por videoconferencia, celebrada este jueves 5 de noviembre, en el Juicio [&hellip;]<\/p>\n","protected":false},"author":13,"featured_media":21168,"comment_status":"open","ping_status":"open","sticky":false,"template":"","format":"standard","meta":{"_acf_changed":false,"_exactmetrics_skip_tracking":false,"_exactmetrics_sitenote_active":false,"_exactmetrics_sitenote_note":"","_exactmetrics_sitenote_category":0,"footnotes":""},"categories":[32,47],"tags":[],"acf":[],"yoast_head":"<!-- This site is optimized with the Yoast SEO plugin v22.3 - https:\/\/yoast.com\/wordpress\/plugins\/seo\/ -->\n<title>Ordena el TECDMX convocar a Jornadas Electivas y Consultiva Extraordinarias en diversas unidades territoriales - Tribunal Electoral de la Ciudad de M\u00e9xico<\/title>\n<meta name=\"robots\" content=\"index, follow, max-snippet:-1, max-image-preview:large, max-video-preview:-1\" \/>\n<link rel=\"canonical\" href=\"https:\/\/www.tecdmx.org.mx\/index.php\/comunicados\/2020\/11\/05\/ordena-el-tecdmx-convocar-a-jornadas-electivas-y-consultiva-extraordinarias-en-diversas-unidades-territoriales\/\" \/>\n<meta property=\"og:locale\" content=\"es_ES\" \/>\n<meta property=\"og:type\" content=\"article\" \/>\n<meta property=\"og:title\" content=\"Ordena el TECDMX convocar a Jornadas Electivas y Consultiva Extraordinarias en diversas unidades territoriales - Tribunal Electoral de la Ciudad de M\u00e9xico\" \/>\n<meta property=\"og:description\" content=\"Ciudad de M\u00e9xico, a 5 de noviembre de 2020 Bolet\u00edn N\u00ba 86 En Sesi\u00f3n P\u00fablica de resoluci\u00f3n a distancia por videoconferencia, celebrada este jueves 5 de noviembre, en el Juicio [&hellip;]\" \/>\n<meta property=\"og:url\" content=\"https:\/\/www.tecdmx.org.mx\/index.php\/comunicados\/2020\/11\/05\/ordena-el-tecdmx-convocar-a-jornadas-electivas-y-consultiva-extraordinarias-en-diversas-unidades-territoriales\/\" \/>\n<meta property=\"og:site_name\" content=\"Tribunal Electoral de la Ciudad de M\u00e9xico\" \/>\n<meta property=\"article:publisher\" content=\"https:\/\/www.facebook.com\/TECDMX\/\" \/>\n<meta property=\"article:published_time\" content=\"2020-11-06T02:46:55+00:00\" \/>\n<meta property=\"article:modified_time\" content=\"2020-11-06T02:46:57+00:00\" \/>\n<meta property=\"og:image\" content=\"https:\/\/www.tecdmx.org.mx\/wp-content\/uploads\/2020\/08\/comunicado_nuevo.jpg\" \/>\n\t<meta property=\"og:image:width\" content=\"600\" \/>\n\t<meta property=\"og:image:height\" content=\"366\" \/>\n\t<meta property=\"og:image:type\" content=\"image\/jpeg\" \/>\n<meta name=\"author\" content=\"Difusion2025\" \/>\n<meta name=\"twitter:card\" content=\"summary_large_image\" \/>\n<meta name=\"twitter:creator\" content=\"@tecdmx\" \/>\n<meta name=\"twitter:site\" content=\"@tecdmx\" \/>\n<meta name=\"twitter:label1\" content=\"Escrito por\" \/>\n\t<meta name=\"twitter:data1\" content=\"Difusion2025\" \/>\n\t<meta name=\"twitter:label2\" content=\"Tiempo de lectura\" \/>\n\t<meta name=\"twitter:data2\" content=\"2 minutos\" \/>\n<script type=\"application\/ld+json\" class=\"yoast-schema-graph\">{\"@context\":\"https:\/\/schema.org\",\"@graph\":[{\"@type\":\"WebPage\",\"@id\":\"https:\/\/www.tecdmx.org.mx\/index.php\/comunicados\/2020\/11\/05\/ordena-el-tecdmx-convocar-a-jornadas-electivas-y-consultiva-extraordinarias-en-diversas-unidades-territoriales\/\",\"url\":\"https:\/\/www.tecdmx.org.mx\/index.php\/comunicados\/2020\/11\/05\/ordena-el-tecdmx-convocar-a-jornadas-electivas-y-consultiva-extraordinarias-en-diversas-unidades-territoriales\/\",\"name\":\"Ordena el TECDMX convocar a Jornadas Electivas y Consultiva Extraordinarias en diversas unidades territoriales - Tribunal Electoral de la Ciudad de M\u00e9xico\",\"isPartOf\":{\"@id\":\"https:\/\/www.tecdmx.org.mx\/#website\"},\"primaryImageOfPage\":{\"@id\":\"https:\/\/www.tecdmx.org.mx\/index.php\/comunicados\/2020\/11\/05\/ordena-el-tecdmx-convocar-a-jornadas-electivas-y-consultiva-extraordinarias-en-diversas-unidades-territoriales\/#primaryimage\"},\"image\":{\"@id\":\"https:\/\/www.tecdmx.org.mx\/index.php\/comunicados\/2020\/11\/05\/ordena-el-tecdmx-convocar-a-jornadas-electivas-y-consultiva-extraordinarias-en-diversas-unidades-territoriales\/#primaryimage\"},\"thumbnailUrl\":\"https:\/\/www.tecdmx.org.mx\/wp-content\/uploads\/2020\/08\/comunicado_nuevo.jpg\",\"datePublished\":\"2020-11-06T02:46:55+00:00\",\"dateModified\":\"2020-11-06T02:46:57+00:00\",\"author\":{\"@id\":\"https:\/\/www.tecdmx.org.mx\/#\/schema\/person\/208c898199fb3234203823c5f0cf31d6\"},\"breadcrumb\":{\"@id\":\"https:\/\/www.tecdmx.org.mx\/index.php\/comunicados\/2020\/11\/05\/ordena-el-tecdmx-convocar-a-jornadas-electivas-y-consultiva-extraordinarias-en-diversas-unidades-territoriales\/#breadcrumb\"},\"inLanguage\":\"es\",\"potentialAction\":[{\"@type\":\"ReadAction\",\"target\":[\"https:\/\/www.tecdmx.org.mx\/index.php\/comunicados\/2020\/11\/05\/ordena-el-tecdmx-convocar-a-jornadas-electivas-y-consultiva-extraordinarias-en-diversas-unidades-territoriales\/\"]}]},{\"@type\":\"ImageObject\",\"inLanguage\":\"es\",\"@id\":\"https:\/\/www.tecdmx.org.mx\/index.php\/comunicados\/2020\/11\/05\/ordena-el-tecdmx-convocar-a-jornadas-electivas-y-consultiva-extraordinarias-en-diversas-unidades-territoriales\/#primaryimage\",\"url\":\"https:\/\/www.tecdmx.org.mx\/wp-content\/uploads\/2020\/08\/comunicado_nuevo.jpg\",\"contentUrl\":\"https:\/\/www.tecdmx.org.mx\/wp-content\/uploads\/2020\/08\/comunicado_nuevo.jpg\",\"width\":600,\"height\":366},{\"@type\":\"BreadcrumbList\",\"@id\":\"https:\/\/www.tecdmx.org.mx\/index.php\/comunicados\/2020\/11\/05\/ordena-el-tecdmx-convocar-a-jornadas-electivas-y-consultiva-extraordinarias-en-diversas-unidades-territoriales\/#breadcrumb\",\"itemListElement\":[{\"@type\":\"ListItem\",\"position\":1,\"name\":\"Portada\",\"item\":\"https:\/\/www.tecdmx.org.mx\/\"},{\"@type\":\"ListItem\",\"position\":2,\"name\":\"Ordena el TECDMX convocar a Jornadas Electivas y Consultiva Extraordinarias en diversas unidades territoriales\"}]},{\"@type\":\"WebSite\",\"@id\":\"https:\/\/www.tecdmx.org.mx\/#website\",\"url\":\"https:\/\/www.tecdmx.org.mx\/\",\"name\":\"Tribunal Electoral de la Ciudad de M\u00e9xico\",\"description\":\"25 a\u00f1os garantizando justicia en tu elecci\u00f3n\",\"potentialAction\":[{\"@type\":\"SearchAction\",\"target\":{\"@type\":\"EntryPoint\",\"urlTemplate\":\"https:\/\/www.tecdmx.org.mx\/?s={search_term_string}\"},\"query-input\":\"required name=search_term_string\"}],\"inLanguage\":\"es\"},{\"@type\":\"Person\",\"@id\":\"https:\/\/www.tecdmx.org.mx\/#\/schema\/person\/208c898199fb3234203823c5f0cf31d6\",\"name\":\"Difusion2025\",\"image\":{\"@type\":\"ImageObject\",\"inLanguage\":\"es\",\"@id\":\"https:\/\/www.tecdmx.org.mx\/#\/schema\/person\/image\/\",\"url\":\"https:\/\/secure.gravatar.com\/avatar\/6f7a4ba3acb418040e90a2eb99b5df28?s=96&d=mm&r=g\",\"contentUrl\":\"https:\/\/secure.gravatar.com\/avatar\/6f7a4ba3acb418040e90a2eb99b5df28?s=96&d=mm&r=g\",\"caption\":\"Difusion2025\"}}]}<\/script>\n<!-- \/ Yoast SEO plugin. -->","yoast_head_json":{"title":"Ordena el TECDMX convocar a Jornadas Electivas y Consultiva Extraordinarias en diversas unidades territoriales - Tribunal Electoral de la Ciudad de M\u00e9xico","robots":{"index":"index","follow":"follow","max-snippet":"max-snippet:-1","max-image-preview":"max-image-preview:large","max-video-preview":"max-video-preview:-1"},"canonical":"https:\/\/www.tecdmx.org.mx\/index.php\/comunicados\/2020\/11\/05\/ordena-el-tecdmx-convocar-a-jornadas-electivas-y-consultiva-extraordinarias-en-diversas-unidades-territoriales\/","og_locale":"es_ES","og_type":"article","og_title":"Ordena el TECDMX convocar a Jornadas Electivas y Consultiva Extraordinarias en diversas unidades territoriales - Tribunal Electoral de la Ciudad de M\u00e9xico","og_description":"Ciudad de M\u00e9xico, a 5 de noviembre de 2020 Bolet\u00edn N\u00ba 86 En Sesi\u00f3n P\u00fablica de resoluci\u00f3n a distancia por videoconferencia, celebrada este jueves 5 de noviembre, en el Juicio [&hellip;]","og_url":"https:\/\/www.tecdmx.org.mx\/index.php\/comunicados\/2020\/11\/05\/ordena-el-tecdmx-convocar-a-jornadas-electivas-y-consultiva-extraordinarias-en-diversas-unidades-territoriales\/","og_site_name":"Tribunal Electoral de la Ciudad de M\u00e9xico","article_publisher":"https:\/\/www.facebook.com\/TECDMX\/","article_published_time":"2020-11-06T02:46:55+00:00","article_modified_time":"2020-11-06T02:46:57+00:00","og_image":[{"width":600,"height":366,"url":"https:\/\/www.tecdmx.org.mx\/wp-content\/uploads\/2020\/08\/comunicado_nuevo.jpg","type":"image\/jpeg"}],"author":"Difusion2025","twitter_card":"summary_large_image","twitter_creator":"@tecdmx","twitter_site":"@tecdmx","twitter_misc":{"Escrito por":"Difusion2025","Tiempo de lectura":"2 minutos"},"schema":{"@context":"https:\/\/schema.org","@graph":[{"@type":"WebPage","@id":"https:\/\/www.tecdmx.org.mx\/index.php\/comunicados\/2020\/11\/05\/ordena-el-tecdmx-convocar-a-jornadas-electivas-y-consultiva-extraordinarias-en-diversas-unidades-territoriales\/","url":"https:\/\/www.tecdmx.org.mx\/index.php\/comunicados\/2020\/11\/05\/ordena-el-tecdmx-convocar-a-jornadas-electivas-y-consultiva-extraordinarias-en-diversas-unidades-territoriales\/","name":"Ordena el TECDMX convocar a Jornadas Electivas y Consultiva Extraordinarias en diversas unidades territoriales - Tribunal Electoral de la Ciudad de M\u00e9xico","isPartOf":{"@id":"https:\/\/www.tecdmx.org.mx\/#website"},"primaryImageOfPage":{"@id":"https:\/\/www.tecdmx.org.mx\/index.php\/comunicados\/2020\/11\/05\/ordena-el-tecdmx-convocar-a-jornadas-electivas-y-consultiva-extraordinarias-en-diversas-unidades-territoriales\/#primaryimage"},"image":{"@id":"https:\/\/www.tecdmx.org.mx\/index.php\/comunicados\/2020\/11\/05\/ordena-el-tecdmx-convocar-a-jornadas-electivas-y-consultiva-extraordinarias-en-diversas-unidades-territoriales\/#primaryimage"},"thumbnailUrl":"https:\/\/www.tecdmx.org.mx\/wp-content\/uploads\/2020\/08\/comunicado_nuevo.jpg","datePublished":"2020-11-06T02:46:55+00:00","dateModified":"2020-11-06T02:46:57+00:00","author":{"@id":"https:\/\/www.tecdmx.org.mx\/#\/schema\/person\/208c898199fb3234203823c5f0cf31d6"},"breadcrumb":{"@id":"https:\/\/www.tecdmx.org.mx\/index.php\/comunicados\/2020\/11\/05\/ordena-el-tecdmx-convocar-a-jornadas-electivas-y-consultiva-extraordinarias-en-diversas-unidades-territoriales\/#breadcrumb"},"inLanguage":"es","potentialAction":[{"@type":"ReadAction","target":["https:\/\/www.tecdmx.org.mx\/index.php\/comunicados\/2020\/11\/05\/ordena-el-tecdmx-convocar-a-jornadas-electivas-y-consultiva-extraordinarias-en-diversas-unidades-territoriales\/"]}]},{"@type":"ImageObject","inLanguage":"es","@id":"https:\/\/www.tecdmx.org.mx\/index.php\/comunicados\/2020\/11\/05\/ordena-el-tecdmx-convocar-a-jornadas-electivas-y-consultiva-extraordinarias-en-diversas-unidades-territoriales\/#primaryimage","url":"https:\/\/www.tecdmx.org.mx\/wp-content\/uploads\/2020\/08\/comunicado_nuevo.jpg","contentUrl":"https:\/\/www.tecdmx.org.mx\/wp-content\/uploads\/2020\/08\/comunicado_nuevo.jpg","width":600,"height":366},{"@type":"BreadcrumbList","@id":"https:\/\/www.tecdmx.org.mx\/index.php\/comunicados\/2020\/11\/05\/ordena-el-tecdmx-convocar-a-jornadas-electivas-y-consultiva-extraordinarias-en-diversas-unidades-territoriales\/#breadcrumb","itemListElement":[{"@type":"ListItem","position":1,"name":"Portada","item":"https:\/\/www.tecdmx.org.mx\/"},{"@type":"ListItem","position":2,"name":"Ordena el TECDMX convocar a Jornadas Electivas y Consultiva Extraordinarias en diversas unidades territoriales"}]},{"@type":"WebSite","@id":"https:\/\/www.tecdmx.org.mx\/#website","url":"https:\/\/www.tecdmx.org.mx\/","name":"Tribunal Electoral de la Ciudad de M\u00e9xico","description":"25 a\u00f1os garantizando justicia en tu elecci\u00f3n","potentialAction":[{"@type":"SearchAction","target":{"@type":"EntryPoint","urlTemplate":"https:\/\/www.tecdmx.org.mx\/?s={search_term_string}"},"query-input":"required name=search_term_string"}],"inLanguage":"es"},{"@type":"Person","@id":"https:\/\/www.tecdmx.org.mx\/#\/schema\/person\/208c898199fb3234203823c5f0cf31d6","name":"Difusion2025","image":{"@type":"ImageObject","inLanguage":"es","@id":"https:\/\/www.tecdmx.org.mx\/#\/schema\/person\/image\/","url":"https:\/\/secure.gravatar.com\/avatar\/6f7a4ba3acb418040e90a2eb99b5df28?s=96&d=mm&r=g","contentUrl":"https:\/\/secure.gravatar.com\/avatar\/6f7a4ba3acb418040e90a2eb99b5df28?s=96&d=mm&r=g","caption":"Difusion2025"}}]}},"_links":{"self":[{"href":"https:\/\/www.tecdmx.org.mx\/index.php\/wp-json\/wp\/v2\/posts\/23611"}],"collection":[{"href":"https:\/\/www.tecdmx.org.mx\/index.php\/wp-json\/wp\/v2\/posts"}],"about":[{"href":"https:\/\/www.tecdmx.org.mx\/index.php\/wp-json\/wp\/v2\/types\/post"}],"author":[{"embeddable":true,"href":"https:\/\/www.tecdmx.org.mx\/index.php\/wp-json\/wp\/v2\/users\/13"}],"replies":[{"embeddable":true,"href":"https:\/\/www.tecdmx.org.mx\/index.php\/wp-json\/wp\/v2\/comments?post=23611"}],"version-history":[{"count":2,"href":"https:\/\/www.tecdmx.org.mx\/index.php\/wp-json\/wp\/v2\/posts\/23611\/revisions"}],"predecessor-version":[{"id":23614,"href":"https:\/\/www.tecdmx.org.mx\/index.php\/wp-json\/wp\/v2\/posts\/23611\/revisions\/23614"}],"wp:featuredmedia":[{"embeddable":true,"href":"https:\/\/www.tecdmx.org.mx\/index.php\/wp-json\/wp\/v2\/media\/21168"}],"wp:attachment":[{"href":"https:\/\/www.tecdmx.org.mx\/index.php\/wp-json\/wp\/v2\/media?parent=23611"}],"wp:term":[{"taxonomy":"category","embeddable":true,"href":"https:\/\/www.tecdmx.org.mx\/index.php\/wp-json\/wp\/v2\/categories?post=23611"},{"taxonomy":"post_tag","embeddable":true,"href":"https:\/\/www.tecdmx.org.mx\/index.php\/wp-json\/wp\/v2\/tags?post=23611"}],"curies":[{"name":"wp","href":"https:\/\/api.w.org\/{rel}","templated":true}]}}