{"id":23626,"date":"2020-11-06T17:50:31","date_gmt":"2020-11-06T23:50:31","guid":{"rendered":"https:\/\/www.tecdmx.org.mx\/?p=23626"},"modified":"2020-11-06T17:50:33","modified_gmt":"2020-11-06T23:50:33","slug":"jovenes-quieren-participar-pero-no-encuentran-espacios-para-hacerlo-afirma-magistrada-martha-mercado","status":"publish","type":"post","link":"https:\/\/www.tecdmx.org.mx\/index.php\/comunicados\/2020\/11\/06\/jovenes-quieren-participar-pero-no-encuentran-espacios-para-hacerlo-afirma-magistrada-martha-mercado\/","title":{"rendered":"J\u00f3venes quieren participar, pero no encuentran espacios para hacerlo, afirma Magistrada Martha Mercado"},"content":{"rendered":"\n<p class=\"has-text-align-right\">Ciudad de M\u00e9xico, a 6 de noviembre de 2020<\/p>\n\n\n\n<p class=\"has-text-align-right\"><strong>Bolet\u00edn N\u00ba 88<\/strong><\/p>\n\n\n\n<p><\/p>\n\n\n\n<p>La Magistrada del Tribunal Electoral de la Ciudad de M\u00e9xico (TECDMX), Martha Leticia Mercado Ram\u00edrez, particip\u00f3 en la Mesa I de la XV Asamblea General Ordinaria de la Asociaci\u00f3n Mexicana de Impartidores de Justicia (AMIJ), con el tema \u201cProtecci\u00f3n Constitucional y Convencional de las ni\u00f1as, ni\u00f1os y adolescentes\u201d, la cual fue coordinada por la Ministra de la Suprema Corte de Justicia de la Naci\u00f3n, Yasm\u00edn Esquivel Mosso.<\/p>\n\n\n\n<p>Al hacer uso de la voz, la Magistrada Mercado Ram\u00edrez destac\u00f3 que en este evento se fortalece y reconoce a la justicia local, pues ah\u00ed se pueden plantear soluciones diferenciadas a las problem\u00e1ticas que impactan a la sociedad.<\/p>\n\n\n\n<p>La Magistrada Mercado Ram\u00edrez retom\u00f3 las declaraciones de la Corte Interamericana de los Derechos Humanos sobre la importancia de la inclusi\u00f3n de grupos vulnerables y la tutela de sus derechos en el marco del Covid-19.<\/p>\n\n\n\n<p>\u201cLos derechos econ\u00f3micos, sociales, culturales y ambientales tienen que garantizarse sin discriminaci\u00f3n a toda persona bajo la jurisdicci\u00f3n del Estado, en especial, grupos que son afectados de forma desproporcionada porque se encuentran en situaci\u00f3n de mayor vulnerabilidad, desde luego, ni\u00f1as y ni\u00f1os\u201d, afirm\u00f3 la Magistrada del TECDMX.<\/p>\n\n\n\n<p>Asimismo, retom\u00f3 informaci\u00f3n de la Organizaci\u00f3n de las Naciones Unidas sobre el impacto negativo que est\u00e1 teniendo el confinamiento en materia educativo, donde m\u00e1s de mil millones de estudiantes se est\u00e1n viendo afectados por el cierre de escuelas, defini\u00e9ndolo como una cat\u00e1strofe generacional.<\/p>\n\n\n\n<p>Por otra parte, la Magistrada Mercado Ram\u00edrez dio a conocer que la UNAM prev\u00e9 que 72 mil estudiantes de preparatoria y licenciatura est\u00e1n en riesgo de abandonar sus estudios, lo que corresponde al 20 por ciento de su matr\u00edcula.<\/p>\n\n\n\n<p>De igual forma, la Magistrada Mercado afirm\u00f3 que se debe revisar la noci\u00f3n sobre la apat\u00eda de la participaci\u00f3n de las personas j\u00f3venes en materia pol\u00edtico-electoral, pues el problema de participaci\u00f3n de ni\u00f1as, ni\u00f1os y adolescentes \u201cse debe a que no encuentran la cabida real, no es que no quieran participar, sino que no tienen espacios para hacerlo\u201d.<\/p>\n\n\n\n<p>Finalmente, la Magistrada Martha Mercado afirm\u00f3 que las personas juzgadoras tienen la oportunidad de generar sentencias y criterios claros que permitan la inclusi\u00f3n y un manto protector para que los grupos vulnerables sientan el acompa\u00f1amiento del Estado.<\/p>\n\n\n\n<p>En el evento participaron el Magistrado Juan Rom\u00e1n Robledo Ruiz, Presidente del Tribunal de Justicia Administrativa de San Luis Potos\u00ed; el Magistrado Roberto Maldonado Corpus, del Tribunal de Justicia Administrativa de Nuevo Le\u00f3n; el Consejero de la Judicatura Federal, Jorge Antonio Cruz Ramos; la Presidenta de la Comisi\u00f3n de Derechos Humanos de la Ciudad de M\u00e9xico, Nashieli Ram\u00edrez; la Consejera de la Judicatura del Tribunal Superior de Justicia de la Ciudad de M\u00e9xico, Blanca Estela Zamudio Vald\u00e9s; la Magistrada Presidenta de la Sala Regional Toluca del Tribunal Electoral del Poder Judicial de la Federaci\u00f3n, Maricela Elena Fern\u00e1ndez Dom\u00ednguez; la Jueza Auxiliar y de Oralidad en Materia Familiar de Primera Insrancia del Primer Distrito Judicial de Campeche, Kitty Faride Prieto Miss; y la Magistrada de la Quinta Sala del Tribunal Federal de Conciliaci\u00f3n y Arbitraje, Roc\u00edo Rojas P\u00e9rez.<\/p>\n\n\n\n<p class=\"has-text-align-center\"><strong>o-O-o<\/strong><\/p>\n","protected":false},"excerpt":{"rendered":"<p>Ciudad de M\u00e9xico, a 6 de noviembre de 2020 Bolet\u00edn N\u00ba 88 La Magistrada del Tribunal Electoral de la Ciudad de M\u00e9xico (TECDMX), Martha Leticia Mercado Ram\u00edrez, particip\u00f3 en la [&hellip;]<\/p>\n","protected":false},"author":13,"featured_media":21168,"comment_status":"open","ping_status":"open","sticky":false,"template":"","format":"standard","meta":{"_acf_changed":false,"_exactmetrics_skip_tracking":false,"_exactmetrics_sitenote_active":false,"_exactmetrics_sitenote_note":"","_exactmetrics_sitenote_category":0,"footnotes":""},"categories":[32,47],"tags":[],"acf":[],"yoast_head":"<!-- This site is optimized with the Yoast SEO plugin v22.3 - https:\/\/yoast.com\/wordpress\/plugins\/seo\/ -->\n<title>J\u00f3venes quieren participar, pero no encuentran espacios para hacerlo, afirma Magistrada Martha Mercado - Tribunal Electoral de la Ciudad de M\u00e9xico<\/title>\n<meta name=\"robots\" content=\"index, follow, max-snippet:-1, max-image-preview:large, max-video-preview:-1\" \/>\n<link rel=\"canonical\" href=\"https:\/\/www.tecdmx.org.mx\/index.php\/comunicados\/2020\/11\/06\/jovenes-quieren-participar-pero-no-encuentran-espacios-para-hacerlo-afirma-magistrada-martha-mercado\/\" \/>\n<meta property=\"og:locale\" content=\"es_ES\" \/>\n<meta property=\"og:type\" content=\"article\" \/>\n<meta property=\"og:title\" content=\"J\u00f3venes quieren participar, pero no encuentran espacios para hacerlo, afirma Magistrada Martha Mercado - Tribunal Electoral de la Ciudad de M\u00e9xico\" \/>\n<meta property=\"og:description\" content=\"Ciudad de M\u00e9xico, a 6 de noviembre de 2020 Bolet\u00edn N\u00ba 88 La Magistrada del Tribunal Electoral de la Ciudad de M\u00e9xico (TECDMX), Martha Leticia Mercado Ram\u00edrez, particip\u00f3 en la [&hellip;]\" \/>\n<meta property=\"og:url\" content=\"https:\/\/www.tecdmx.org.mx\/index.php\/comunicados\/2020\/11\/06\/jovenes-quieren-participar-pero-no-encuentran-espacios-para-hacerlo-afirma-magistrada-martha-mercado\/\" \/>\n<meta property=\"og:site_name\" content=\"Tribunal Electoral de la Ciudad de M\u00e9xico\" \/>\n<meta property=\"article:publisher\" content=\"https:\/\/www.facebook.com\/TECDMX\/\" \/>\n<meta property=\"article:published_time\" content=\"2020-11-06T23:50:31+00:00\" \/>\n<meta property=\"article:modified_time\" content=\"2020-11-06T23:50:33+00:00\" \/>\n<meta property=\"og:image\" content=\"https:\/\/www.tecdmx.org.mx\/wp-content\/uploads\/2020\/08\/comunicado_nuevo.jpg\" \/>\n\t<meta property=\"og:image:width\" content=\"600\" \/>\n\t<meta property=\"og:image:height\" content=\"366\" \/>\n\t<meta property=\"og:image:type\" content=\"image\/jpeg\" \/>\n<meta name=\"author\" content=\"Difusion2025\" \/>\n<meta name=\"twitter:card\" content=\"summary_large_image\" \/>\n<meta name=\"twitter:creator\" content=\"@tecdmx\" \/>\n<meta name=\"twitter:site\" content=\"@tecdmx\" \/>\n<meta name=\"twitter:label1\" content=\"Escrito por\" \/>\n\t<meta name=\"twitter:data1\" content=\"Difusion2025\" \/>\n\t<meta name=\"twitter:label2\" content=\"Tiempo de lectura\" \/>\n\t<meta name=\"twitter:data2\" content=\"3 minutos\" \/>\n<script type=\"application\/ld+json\" class=\"yoast-schema-graph\">{\"@context\":\"https:\/\/schema.org\",\"@graph\":[{\"@type\":\"WebPage\",\"@id\":\"https:\/\/www.tecdmx.org.mx\/index.php\/comunicados\/2020\/11\/06\/jovenes-quieren-participar-pero-no-encuentran-espacios-para-hacerlo-afirma-magistrada-martha-mercado\/\",\"url\":\"https:\/\/www.tecdmx.org.mx\/index.php\/comunicados\/2020\/11\/06\/jovenes-quieren-participar-pero-no-encuentran-espacios-para-hacerlo-afirma-magistrada-martha-mercado\/\",\"name\":\"J\u00f3venes quieren participar, pero no encuentran espacios para hacerlo, afirma Magistrada Martha Mercado - Tribunal Electoral de la Ciudad de M\u00e9xico\",\"isPartOf\":{\"@id\":\"https:\/\/www.tecdmx.org.mx\/#website\"},\"primaryImageOfPage\":{\"@id\":\"https:\/\/www.tecdmx.org.mx\/index.php\/comunicados\/2020\/11\/06\/jovenes-quieren-participar-pero-no-encuentran-espacios-para-hacerlo-afirma-magistrada-martha-mercado\/#primaryimage\"},\"image\":{\"@id\":\"https:\/\/www.tecdmx.org.mx\/index.php\/comunicados\/2020\/11\/06\/jovenes-quieren-participar-pero-no-encuentran-espacios-para-hacerlo-afirma-magistrada-martha-mercado\/#primaryimage\"},\"thumbnailUrl\":\"https:\/\/www.tecdmx.org.mx\/wp-content\/uploads\/2020\/08\/comunicado_nuevo.jpg\",\"datePublished\":\"2020-11-06T23:50:31+00:00\",\"dateModified\":\"2020-11-06T23:50:33+00:00\",\"author\":{\"@id\":\"https:\/\/www.tecdmx.org.mx\/#\/schema\/person\/208c898199fb3234203823c5f0cf31d6\"},\"breadcrumb\":{\"@id\":\"https:\/\/www.tecdmx.org.mx\/index.php\/comunicados\/2020\/11\/06\/jovenes-quieren-participar-pero-no-encuentran-espacios-para-hacerlo-afirma-magistrada-martha-mercado\/#breadcrumb\"},\"inLanguage\":\"es\",\"potentialAction\":[{\"@type\":\"ReadAction\",\"target\":[\"https:\/\/www.tecdmx.org.mx\/index.php\/comunicados\/2020\/11\/06\/jovenes-quieren-participar-pero-no-encuentran-espacios-para-hacerlo-afirma-magistrada-martha-mercado\/\"]}]},{\"@type\":\"ImageObject\",\"inLanguage\":\"es\",\"@id\":\"https:\/\/www.tecdmx.org.mx\/index.php\/comunicados\/2020\/11\/06\/jovenes-quieren-participar-pero-no-encuentran-espacios-para-hacerlo-afirma-magistrada-martha-mercado\/#primaryimage\",\"url\":\"https:\/\/www.tecdmx.org.mx\/wp-content\/uploads\/2020\/08\/comunicado_nuevo.jpg\",\"contentUrl\":\"https:\/\/www.tecdmx.org.mx\/wp-content\/uploads\/2020\/08\/comunicado_nuevo.jpg\",\"width\":600,\"height\":366},{\"@type\":\"BreadcrumbList\",\"@id\":\"https:\/\/www.tecdmx.org.mx\/index.php\/comunicados\/2020\/11\/06\/jovenes-quieren-participar-pero-no-encuentran-espacios-para-hacerlo-afirma-magistrada-martha-mercado\/#breadcrumb\",\"itemListElement\":[{\"@type\":\"ListItem\",\"position\":1,\"name\":\"Portada\",\"item\":\"https:\/\/www.tecdmx.org.mx\/\"},{\"@type\":\"ListItem\",\"position\":2,\"name\":\"J\u00f3venes quieren participar, pero no encuentran espacios para hacerlo, afirma Magistrada Martha Mercado\"}]},{\"@type\":\"WebSite\",\"@id\":\"https:\/\/www.tecdmx.org.mx\/#website\",\"url\":\"https:\/\/www.tecdmx.org.mx\/\",\"name\":\"Tribunal Electoral de la Ciudad de M\u00e9xico\",\"description\":\"25 a\u00f1os garantizando justicia en tu elecci\u00f3n\",\"potentialAction\":[{\"@type\":\"SearchAction\",\"target\":{\"@type\":\"EntryPoint\",\"urlTemplate\":\"https:\/\/www.tecdmx.org.mx\/?s={search_term_string}\"},\"query-input\":\"required name=search_term_string\"}],\"inLanguage\":\"es\"},{\"@type\":\"Person\",\"@id\":\"https:\/\/www.tecdmx.org.mx\/#\/schema\/person\/208c898199fb3234203823c5f0cf31d6\",\"name\":\"Difusion2025\",\"image\":{\"@type\":\"ImageObject\",\"inLanguage\":\"es\",\"@id\":\"https:\/\/www.tecdmx.org.mx\/#\/schema\/person\/image\/\",\"url\":\"https:\/\/secure.gravatar.com\/avatar\/6f7a4ba3acb418040e90a2eb99b5df28?s=96&d=mm&r=g\",\"contentUrl\":\"https:\/\/secure.gravatar.com\/avatar\/6f7a4ba3acb418040e90a2eb99b5df28?s=96&d=mm&r=g\",\"caption\":\"Difusion2025\"}}]}<\/script>\n<!-- \/ Yoast SEO plugin. -->","yoast_head_json":{"title":"J\u00f3venes quieren participar, pero no encuentran espacios para hacerlo, afirma Magistrada Martha Mercado - Tribunal Electoral de la Ciudad de M\u00e9xico","robots":{"index":"index","follow":"follow","max-snippet":"max-snippet:-1","max-image-preview":"max-image-preview:large","max-video-preview":"max-video-preview:-1"},"canonical":"https:\/\/www.tecdmx.org.mx\/index.php\/comunicados\/2020\/11\/06\/jovenes-quieren-participar-pero-no-encuentran-espacios-para-hacerlo-afirma-magistrada-martha-mercado\/","og_locale":"es_ES","og_type":"article","og_title":"J\u00f3venes quieren participar, pero no encuentran espacios para hacerlo, afirma Magistrada Martha Mercado - Tribunal Electoral de la Ciudad de M\u00e9xico","og_description":"Ciudad de M\u00e9xico, a 6 de noviembre de 2020 Bolet\u00edn N\u00ba 88 La Magistrada del Tribunal Electoral de la Ciudad de M\u00e9xico (TECDMX), Martha Leticia Mercado Ram\u00edrez, particip\u00f3 en la [&hellip;]","og_url":"https:\/\/www.tecdmx.org.mx\/index.php\/comunicados\/2020\/11\/06\/jovenes-quieren-participar-pero-no-encuentran-espacios-para-hacerlo-afirma-magistrada-martha-mercado\/","og_site_name":"Tribunal Electoral de la Ciudad de M\u00e9xico","article_publisher":"https:\/\/www.facebook.com\/TECDMX\/","article_published_time":"2020-11-06T23:50:31+00:00","article_modified_time":"2020-11-06T23:50:33+00:00","og_image":[{"width":600,"height":366,"url":"https:\/\/www.tecdmx.org.mx\/wp-content\/uploads\/2020\/08\/comunicado_nuevo.jpg","type":"image\/jpeg"}],"author":"Difusion2025","twitter_card":"summary_large_image","twitter_creator":"@tecdmx","twitter_site":"@tecdmx","twitter_misc":{"Escrito por":"Difusion2025","Tiempo de lectura":"3 minutos"},"schema":{"@context":"https:\/\/schema.org","@graph":[{"@type":"WebPage","@id":"https:\/\/www.tecdmx.org.mx\/index.php\/comunicados\/2020\/11\/06\/jovenes-quieren-participar-pero-no-encuentran-espacios-para-hacerlo-afirma-magistrada-martha-mercado\/","url":"https:\/\/www.tecdmx.org.mx\/index.php\/comunicados\/2020\/11\/06\/jovenes-quieren-participar-pero-no-encuentran-espacios-para-hacerlo-afirma-magistrada-martha-mercado\/","name":"J\u00f3venes quieren participar, pero no encuentran espacios para hacerlo, afirma Magistrada Martha Mercado - Tribunal Electoral de la Ciudad de M\u00e9xico","isPartOf":{"@id":"https:\/\/www.tecdmx.org.mx\/#website"},"primaryImageOfPage":{"@id":"https:\/\/www.tecdmx.org.mx\/index.php\/comunicados\/2020\/11\/06\/jovenes-quieren-participar-pero-no-encuentran-espacios-para-hacerlo-afirma-magistrada-martha-mercado\/#primaryimage"},"image":{"@id":"https:\/\/www.tecdmx.org.mx\/index.php\/comunicados\/2020\/11\/06\/jovenes-quieren-participar-pero-no-encuentran-espacios-para-hacerlo-afirma-magistrada-martha-mercado\/#primaryimage"},"thumbnailUrl":"https:\/\/www.tecdmx.org.mx\/wp-content\/uploads\/2020\/08\/comunicado_nuevo.jpg","datePublished":"2020-11-06T23:50:31+00:00","dateModified":"2020-11-06T23:50:33+00:00","author":{"@id":"https:\/\/www.tecdmx.org.mx\/#\/schema\/person\/208c898199fb3234203823c5f0cf31d6"},"breadcrumb":{"@id":"https:\/\/www.tecdmx.org.mx\/index.php\/comunicados\/2020\/11\/06\/jovenes-quieren-participar-pero-no-encuentran-espacios-para-hacerlo-afirma-magistrada-martha-mercado\/#breadcrumb"},"inLanguage":"es","potentialAction":[{"@type":"ReadAction","target":["https:\/\/www.tecdmx.org.mx\/index.php\/comunicados\/2020\/11\/06\/jovenes-quieren-participar-pero-no-encuentran-espacios-para-hacerlo-afirma-magistrada-martha-mercado\/"]}]},{"@type":"ImageObject","inLanguage":"es","@id":"https:\/\/www.tecdmx.org.mx\/index.php\/comunicados\/2020\/11\/06\/jovenes-quieren-participar-pero-no-encuentran-espacios-para-hacerlo-afirma-magistrada-martha-mercado\/#primaryimage","url":"https:\/\/www.tecdmx.org.mx\/wp-content\/uploads\/2020\/08\/comunicado_nuevo.jpg","contentUrl":"https:\/\/www.tecdmx.org.mx\/wp-content\/uploads\/2020\/08\/comunicado_nuevo.jpg","width":600,"height":366},{"@type":"BreadcrumbList","@id":"https:\/\/www.tecdmx.org.mx\/index.php\/comunicados\/2020\/11\/06\/jovenes-quieren-participar-pero-no-encuentran-espacios-para-hacerlo-afirma-magistrada-martha-mercado\/#breadcrumb","itemListElement":[{"@type":"ListItem","position":1,"name":"Portada","item":"https:\/\/www.tecdmx.org.mx\/"},{"@type":"ListItem","position":2,"name":"J\u00f3venes quieren participar, pero no encuentran espacios para hacerlo, afirma Magistrada Martha Mercado"}]},{"@type":"WebSite","@id":"https:\/\/www.tecdmx.org.mx\/#website","url":"https:\/\/www.tecdmx.org.mx\/","name":"Tribunal Electoral de la Ciudad de M\u00e9xico","description":"25 a\u00f1os garantizando justicia en tu elecci\u00f3n","potentialAction":[{"@type":"SearchAction","target":{"@type":"EntryPoint","urlTemplate":"https:\/\/www.tecdmx.org.mx\/?s={search_term_string}"},"query-input":"required name=search_term_string"}],"inLanguage":"es"},{"@type":"Person","@id":"https:\/\/www.tecdmx.org.mx\/#\/schema\/person\/208c898199fb3234203823c5f0cf31d6","name":"Difusion2025","image":{"@type":"ImageObject","inLanguage":"es","@id":"https:\/\/www.tecdmx.org.mx\/#\/schema\/person\/image\/","url":"https:\/\/secure.gravatar.com\/avatar\/6f7a4ba3acb418040e90a2eb99b5df28?s=96&d=mm&r=g","contentUrl":"https:\/\/secure.gravatar.com\/avatar\/6f7a4ba3acb418040e90a2eb99b5df28?s=96&d=mm&r=g","caption":"Difusion2025"}}]}},"_links":{"self":[{"href":"https:\/\/www.tecdmx.org.mx\/index.php\/wp-json\/wp\/v2\/posts\/23626"}],"collection":[{"href":"https:\/\/www.tecdmx.org.mx\/index.php\/wp-json\/wp\/v2\/posts"}],"about":[{"href":"https:\/\/www.tecdmx.org.mx\/index.php\/wp-json\/wp\/v2\/types\/post"}],"author":[{"embeddable":true,"href":"https:\/\/www.tecdmx.org.mx\/index.php\/wp-json\/wp\/v2\/users\/13"}],"replies":[{"embeddable":true,"href":"https:\/\/www.tecdmx.org.mx\/index.php\/wp-json\/wp\/v2\/comments?post=23626"}],"version-history":[{"count":2,"href":"https:\/\/www.tecdmx.org.mx\/index.php\/wp-json\/wp\/v2\/posts\/23626\/revisions"}],"predecessor-version":[{"id":23629,"href":"https:\/\/www.tecdmx.org.mx\/index.php\/wp-json\/wp\/v2\/posts\/23626\/revisions\/23629"}],"wp:featuredmedia":[{"embeddable":true,"href":"https:\/\/www.tecdmx.org.mx\/index.php\/wp-json\/wp\/v2\/media\/21168"}],"wp:attachment":[{"href":"https:\/\/www.tecdmx.org.mx\/index.php\/wp-json\/wp\/v2\/media?parent=23626"}],"wp:term":[{"taxonomy":"category","embeddable":true,"href":"https:\/\/www.tecdmx.org.mx\/index.php\/wp-json\/wp\/v2\/categories?post=23626"},{"taxonomy":"post_tag","embeddable":true,"href":"https:\/\/www.tecdmx.org.mx\/index.php\/wp-json\/wp\/v2\/tags?post=23626"}],"curies":[{"name":"wp","href":"https:\/\/api.w.org\/{rel}","templated":true}]}}