{"id":23794,"date":"2020-11-23T19:26:29","date_gmt":"2020-11-24T01:26:29","guid":{"rendered":"https:\/\/www.tecdmx.org.mx\/?p=23794"},"modified":"2020-11-23T19:26:31","modified_gmt":"2020-11-24T01:26:31","slug":"celebra-tecdmx-conversatorio-en-el-marco-del-dia-internacional-para-erradicar-la-violencia-contra-la-mujer","status":"publish","type":"post","link":"https:\/\/www.tecdmx.org.mx\/index.php\/comunicados\/2020\/11\/23\/celebra-tecdmx-conversatorio-en-el-marco-del-dia-internacional-para-erradicar-la-violencia-contra-la-mujer\/","title":{"rendered":"Celebra TECDMX Conversatorio en el marco del D\u00eda Internacional para Erradicar la Violencia contra la Mujer"},"content":{"rendered":"\n<p class=\"has-text-align-right\">Ciudad de M\u00e9xico, a 23 de noviembre de 2020<\/p>\n\n\n\n<p class=\"has-text-align-right\"><strong>Bolet\u00edn N\u00ba 94<\/strong><\/p>\n\n\n\n<p><\/p>\n\n\n\n<ul><li>El evento cont\u00f3 con la participaci\u00f3n de las Magistradas Alejandra Ch\u00e1vez Camarena, Martha Mercado Ram\u00edrez y el Magistrado Juan Carlos S\u00e1nchez Le\u00f3n.<\/li><\/ul>\n\n\n\n<p>El Tribunal Electoral de la Ciudad de M\u00e9xico (TECDMX) celebr\u00f3 el Conversatorio &#8220;La perspectiva de la violencia pol\u00edtica contra las mujeres en raz\u00f3n de g\u00e9nero en el Proceso Electoral 2020-2021&#8221;, con motivo del D\u00eda Internacional para la Erradicar la Violencia contra la Mujer.<\/p>\n\n\n\n<p>Al dar la bienvenida, la Magistrada Martha Alejandra Ch\u00e1vez Camarena, Presidenta del Comit\u00e9 de G\u00e9nero y Derechos Humanos del TECDMX, destac\u00f3 que la complejidad del escenario pol\u00edtico requiere de un an\u00e1lisis especializado con enfoque de derechos humanos que nos permitir\u00e1 disminuir al m\u00e1ximo los efectos adversos que se presentan en relaci\u00f3n con la participaci\u00f3n pol\u00edtica de las mujeres.<\/p>\n\n\n\n<p>\u201cEl derecho de las mujeres a una vida libre y paritaria en el \u00e1mbito pol\u00edtico-electoral se ha visto comprometido por un incremento exponencial en los \u00edndices de la violencia de g\u00e9nero en su contra. En el Proceso Electoral 2014-2015 se registraron 38 casos de este tipo de violencia, en el pasado proceso se presentaron 106 casos de mujeres agredidas, de las cuales el 59% pertenec\u00edan al \u00e1mbito municipal, 29% al nivel estatal y 12% al nivel federal\u201d, afirm\u00f3 la Magistrada Ch\u00e1vez Camarena.<\/p>\n\n\n\n<p>Por su parte, la Magistrada Martha Leticia Mercado Ram\u00edrez, quien fungi\u00f3 como moderadora, resalt\u00f3 la importancia de fortalecer las instituciones para que los temas y leyes lleguen a donde queremos y tengan un impacto real y que no se limite la participaci\u00f3n pol\u00edtica de la mujer.<\/p>\n\n\n\n<p>\u201cQue la mujer no pague un precio por estar ah\u00ed, que no se nos trate como mujeres reci\u00e9n llegadas, sino como mujeres capacitadas\u201d, afirm\u00f3 la Magistrada Mercado Ram\u00edrez.<\/p>\n\n\n\n<p>Al hacer uso de la voz, Iris Gonz\u00e1lez V\u00e1zquez, Coordinadora de Derechos Humanos y G\u00e9nero del TECDMX, afirm\u00f3 que a trav\u00e9s de la promoci\u00f3n de la perspectiva con enfoque de g\u00e9nero se podr\u00e1 instaurar el principio pro-mujer y dejar de lado las hist\u00f3ricas desigualdades en su contra<\/p>\n\n\n\n<p>\u201cA partir de esta premisa, podemos estar convencidas que el patriarcado no es un modelo para siempre y que no es la mejor forma de organizaci\u00f3n humana. Los sistemas pol\u00edticos han transitado desde la tiran\u00eda de la autocracia hasta el r\u00e9gimen igualitario de la demanda republicana\u201d, afirm\u00f3 la licenciada Gonz\u00e1lez V\u00e1zquez.<\/p>\n\n\n\n<p>Por su parte, Alfonso Roiz Elizondo, Consejero Electoral de la Comisi\u00f3n Estatal Electoral de Nuevo Le\u00f3n, realiz\u00f3 un an\u00e1lisis sobre las dudas que genera la nueva normativa en materia de violencia pol\u00edtica en raz\u00f3n de g\u00e9nero respecto de las \u00e1reas de atribuci\u00f3n de las autoridades en la materia.<\/p>\n\n\n\n<p>\u201cHasta d\u00f3nde llega la competencia de las autoridades electorales para conocer los temas que tienen que ver con violencia pol\u00edtica de g\u00e9nero. Aunque en algunos temas y \u00f3rganos jurisdiccionales existen dudas sobre la pertinencia de un Procedimiento Sancionador o un Juicio Ciudadano\u201d, reflexion\u00f3 Roiz Elizondo.<\/p>\n\n\n\n<p>Finalmente, Roselia Bustillo Mar\u00edn, Secretaria de Estudio y Cuenta en el Tribunal Electoral del Poder Judicial de la Federaci\u00f3n, afirm\u00f3 que es fundamental impulsar que las mujeres denuncien, se quejen y que tengan un respaldo institucional que salvaguardar\u00e1 sus derechos.<\/p>\n\n\n\n<p>\u201cSiempre las decisiones de violencia pol\u00edtica de g\u00e9nero deben tener la visi\u00f3n de protecci\u00f3n a la v\u00edctima, y buscando su erradicaci\u00f3n a trav\u00e9s de las sanciones\u201d, reiter\u00f3 Bustillo Mar\u00edn.<\/p>\n\n\n\n<p class=\"has-text-align-center\"><strong>o-O-o<\/strong><strong><\/strong><\/p>\n","protected":false},"excerpt":{"rendered":"<p>Ciudad de M\u00e9xico, a 23 de noviembre de 2020 Bolet\u00edn N\u00ba 94 El evento cont\u00f3 con la participaci\u00f3n de las Magistradas Alejandra Ch\u00e1vez Camarena, Martha Mercado Ram\u00edrez y el Magistrado [&hellip;]<\/p>\n","protected":false},"author":13,"featured_media":21168,"comment_status":"open","ping_status":"open","sticky":false,"template":"","format":"standard","meta":{"_acf_changed":false,"_exactmetrics_skip_tracking":false,"_exactmetrics_sitenote_active":false,"_exactmetrics_sitenote_note":"","_exactmetrics_sitenote_category":0,"footnotes":""},"categories":[32,47],"tags":[],"acf":[],"yoast_head":"<!-- This site is optimized with the Yoast SEO plugin v22.3 - https:\/\/yoast.com\/wordpress\/plugins\/seo\/ -->\n<title>Celebra TECDMX Conversatorio en el marco del D\u00eda Internacional para Erradicar la Violencia contra la Mujer - Tribunal Electoral de la Ciudad de M\u00e9xico<\/title>\n<meta name=\"robots\" content=\"index, follow, max-snippet:-1, max-image-preview:large, max-video-preview:-1\" \/>\n<link rel=\"canonical\" href=\"https:\/\/www.tecdmx.org.mx\/index.php\/comunicados\/2020\/11\/23\/celebra-tecdmx-conversatorio-en-el-marco-del-dia-internacional-para-erradicar-la-violencia-contra-la-mujer\/\" \/>\n<meta property=\"og:locale\" content=\"es_ES\" \/>\n<meta property=\"og:type\" content=\"article\" \/>\n<meta property=\"og:title\" content=\"Celebra TECDMX Conversatorio en el marco del D\u00eda Internacional para Erradicar la Violencia contra la Mujer - Tribunal Electoral de la Ciudad de M\u00e9xico\" \/>\n<meta property=\"og:description\" content=\"Ciudad de M\u00e9xico, a 23 de noviembre de 2020 Bolet\u00edn N\u00ba 94 El evento cont\u00f3 con la participaci\u00f3n de las Magistradas Alejandra Ch\u00e1vez Camarena, Martha Mercado Ram\u00edrez y el Magistrado [&hellip;]\" \/>\n<meta property=\"og:url\" content=\"https:\/\/www.tecdmx.org.mx\/index.php\/comunicados\/2020\/11\/23\/celebra-tecdmx-conversatorio-en-el-marco-del-dia-internacional-para-erradicar-la-violencia-contra-la-mujer\/\" \/>\n<meta property=\"og:site_name\" content=\"Tribunal Electoral de la Ciudad de M\u00e9xico\" \/>\n<meta property=\"article:publisher\" content=\"https:\/\/www.facebook.com\/TECDMX\/\" \/>\n<meta property=\"article:published_time\" content=\"2020-11-24T01:26:29+00:00\" \/>\n<meta property=\"article:modified_time\" content=\"2020-11-24T01:26:31+00:00\" \/>\n<meta property=\"og:image\" content=\"https:\/\/www.tecdmx.org.mx\/wp-content\/uploads\/2020\/08\/comunicado_nuevo.jpg\" \/>\n\t<meta property=\"og:image:width\" content=\"600\" \/>\n\t<meta property=\"og:image:height\" content=\"366\" \/>\n\t<meta property=\"og:image:type\" content=\"image\/jpeg\" \/>\n<meta name=\"author\" content=\"Difusion2025\" \/>\n<meta name=\"twitter:card\" content=\"summary_large_image\" \/>\n<meta name=\"twitter:creator\" content=\"@tecdmx\" \/>\n<meta name=\"twitter:site\" content=\"@tecdmx\" \/>\n<meta name=\"twitter:label1\" content=\"Escrito por\" \/>\n\t<meta name=\"twitter:data1\" content=\"Difusion2025\" \/>\n\t<meta name=\"twitter:label2\" content=\"Tiempo de lectura\" \/>\n\t<meta name=\"twitter:data2\" content=\"3 minutos\" \/>\n<script type=\"application\/ld+json\" class=\"yoast-schema-graph\">{\"@context\":\"https:\/\/schema.org\",\"@graph\":[{\"@type\":\"WebPage\",\"@id\":\"https:\/\/www.tecdmx.org.mx\/index.php\/comunicados\/2020\/11\/23\/celebra-tecdmx-conversatorio-en-el-marco-del-dia-internacional-para-erradicar-la-violencia-contra-la-mujer\/\",\"url\":\"https:\/\/www.tecdmx.org.mx\/index.php\/comunicados\/2020\/11\/23\/celebra-tecdmx-conversatorio-en-el-marco-del-dia-internacional-para-erradicar-la-violencia-contra-la-mujer\/\",\"name\":\"Celebra TECDMX Conversatorio en el marco del D\u00eda Internacional para Erradicar la Violencia contra la Mujer - Tribunal Electoral de la Ciudad de M\u00e9xico\",\"isPartOf\":{\"@id\":\"https:\/\/www.tecdmx.org.mx\/#website\"},\"primaryImageOfPage\":{\"@id\":\"https:\/\/www.tecdmx.org.mx\/index.php\/comunicados\/2020\/11\/23\/celebra-tecdmx-conversatorio-en-el-marco-del-dia-internacional-para-erradicar-la-violencia-contra-la-mujer\/#primaryimage\"},\"image\":{\"@id\":\"https:\/\/www.tecdmx.org.mx\/index.php\/comunicados\/2020\/11\/23\/celebra-tecdmx-conversatorio-en-el-marco-del-dia-internacional-para-erradicar-la-violencia-contra-la-mujer\/#primaryimage\"},\"thumbnailUrl\":\"https:\/\/www.tecdmx.org.mx\/wp-content\/uploads\/2020\/08\/comunicado_nuevo.jpg\",\"datePublished\":\"2020-11-24T01:26:29+00:00\",\"dateModified\":\"2020-11-24T01:26:31+00:00\",\"author\":{\"@id\":\"https:\/\/www.tecdmx.org.mx\/#\/schema\/person\/208c898199fb3234203823c5f0cf31d6\"},\"breadcrumb\":{\"@id\":\"https:\/\/www.tecdmx.org.mx\/index.php\/comunicados\/2020\/11\/23\/celebra-tecdmx-conversatorio-en-el-marco-del-dia-internacional-para-erradicar-la-violencia-contra-la-mujer\/#breadcrumb\"},\"inLanguage\":\"es\",\"potentialAction\":[{\"@type\":\"ReadAction\",\"target\":[\"https:\/\/www.tecdmx.org.mx\/index.php\/comunicados\/2020\/11\/23\/celebra-tecdmx-conversatorio-en-el-marco-del-dia-internacional-para-erradicar-la-violencia-contra-la-mujer\/\"]}]},{\"@type\":\"ImageObject\",\"inLanguage\":\"es\",\"@id\":\"https:\/\/www.tecdmx.org.mx\/index.php\/comunicados\/2020\/11\/23\/celebra-tecdmx-conversatorio-en-el-marco-del-dia-internacional-para-erradicar-la-violencia-contra-la-mujer\/#primaryimage\",\"url\":\"https:\/\/www.tecdmx.org.mx\/wp-content\/uploads\/2020\/08\/comunicado_nuevo.jpg\",\"contentUrl\":\"https:\/\/www.tecdmx.org.mx\/wp-content\/uploads\/2020\/08\/comunicado_nuevo.jpg\",\"width\":600,\"height\":366},{\"@type\":\"BreadcrumbList\",\"@id\":\"https:\/\/www.tecdmx.org.mx\/index.php\/comunicados\/2020\/11\/23\/celebra-tecdmx-conversatorio-en-el-marco-del-dia-internacional-para-erradicar-la-violencia-contra-la-mujer\/#breadcrumb\",\"itemListElement\":[{\"@type\":\"ListItem\",\"position\":1,\"name\":\"Portada\",\"item\":\"https:\/\/www.tecdmx.org.mx\/\"},{\"@type\":\"ListItem\",\"position\":2,\"name\":\"Celebra TECDMX Conversatorio en el marco del D\u00eda Internacional para Erradicar la Violencia contra la Mujer\"}]},{\"@type\":\"WebSite\",\"@id\":\"https:\/\/www.tecdmx.org.mx\/#website\",\"url\":\"https:\/\/www.tecdmx.org.mx\/\",\"name\":\"Tribunal Electoral de la Ciudad de M\u00e9xico\",\"description\":\"25 a\u00f1os garantizando justicia en tu elecci\u00f3n\",\"potentialAction\":[{\"@type\":\"SearchAction\",\"target\":{\"@type\":\"EntryPoint\",\"urlTemplate\":\"https:\/\/www.tecdmx.org.mx\/?s={search_term_string}\"},\"query-input\":\"required name=search_term_string\"}],\"inLanguage\":\"es\"},{\"@type\":\"Person\",\"@id\":\"https:\/\/www.tecdmx.org.mx\/#\/schema\/person\/208c898199fb3234203823c5f0cf31d6\",\"name\":\"Difusion2025\",\"image\":{\"@type\":\"ImageObject\",\"inLanguage\":\"es\",\"@id\":\"https:\/\/www.tecdmx.org.mx\/#\/schema\/person\/image\/\",\"url\":\"https:\/\/secure.gravatar.com\/avatar\/6f7a4ba3acb418040e90a2eb99b5df28?s=96&d=mm&r=g\",\"contentUrl\":\"https:\/\/secure.gravatar.com\/avatar\/6f7a4ba3acb418040e90a2eb99b5df28?s=96&d=mm&r=g\",\"caption\":\"Difusion2025\"}}]}<\/script>\n<!-- \/ Yoast SEO plugin. -->","yoast_head_json":{"title":"Celebra TECDMX Conversatorio en el marco del D\u00eda Internacional para Erradicar la Violencia contra la Mujer - Tribunal Electoral de la Ciudad de M\u00e9xico","robots":{"index":"index","follow":"follow","max-snippet":"max-snippet:-1","max-image-preview":"max-image-preview:large","max-video-preview":"max-video-preview:-1"},"canonical":"https:\/\/www.tecdmx.org.mx\/index.php\/comunicados\/2020\/11\/23\/celebra-tecdmx-conversatorio-en-el-marco-del-dia-internacional-para-erradicar-la-violencia-contra-la-mujer\/","og_locale":"es_ES","og_type":"article","og_title":"Celebra TECDMX Conversatorio en el marco del D\u00eda Internacional para Erradicar la Violencia contra la Mujer - Tribunal Electoral de la Ciudad de M\u00e9xico","og_description":"Ciudad de M\u00e9xico, a 23 de noviembre de 2020 Bolet\u00edn N\u00ba 94 El evento cont\u00f3 con la participaci\u00f3n de las Magistradas Alejandra Ch\u00e1vez Camarena, Martha Mercado Ram\u00edrez y el Magistrado [&hellip;]","og_url":"https:\/\/www.tecdmx.org.mx\/index.php\/comunicados\/2020\/11\/23\/celebra-tecdmx-conversatorio-en-el-marco-del-dia-internacional-para-erradicar-la-violencia-contra-la-mujer\/","og_site_name":"Tribunal Electoral de la Ciudad de M\u00e9xico","article_publisher":"https:\/\/www.facebook.com\/TECDMX\/","article_published_time":"2020-11-24T01:26:29+00:00","article_modified_time":"2020-11-24T01:26:31+00:00","og_image":[{"width":600,"height":366,"url":"https:\/\/www.tecdmx.org.mx\/wp-content\/uploads\/2020\/08\/comunicado_nuevo.jpg","type":"image\/jpeg"}],"author":"Difusion2025","twitter_card":"summary_large_image","twitter_creator":"@tecdmx","twitter_site":"@tecdmx","twitter_misc":{"Escrito por":"Difusion2025","Tiempo de lectura":"3 minutos"},"schema":{"@context":"https:\/\/schema.org","@graph":[{"@type":"WebPage","@id":"https:\/\/www.tecdmx.org.mx\/index.php\/comunicados\/2020\/11\/23\/celebra-tecdmx-conversatorio-en-el-marco-del-dia-internacional-para-erradicar-la-violencia-contra-la-mujer\/","url":"https:\/\/www.tecdmx.org.mx\/index.php\/comunicados\/2020\/11\/23\/celebra-tecdmx-conversatorio-en-el-marco-del-dia-internacional-para-erradicar-la-violencia-contra-la-mujer\/","name":"Celebra TECDMX Conversatorio en el marco del D\u00eda Internacional para Erradicar la Violencia contra la Mujer - Tribunal Electoral de la Ciudad de M\u00e9xico","isPartOf":{"@id":"https:\/\/www.tecdmx.org.mx\/#website"},"primaryImageOfPage":{"@id":"https:\/\/www.tecdmx.org.mx\/index.php\/comunicados\/2020\/11\/23\/celebra-tecdmx-conversatorio-en-el-marco-del-dia-internacional-para-erradicar-la-violencia-contra-la-mujer\/#primaryimage"},"image":{"@id":"https:\/\/www.tecdmx.org.mx\/index.php\/comunicados\/2020\/11\/23\/celebra-tecdmx-conversatorio-en-el-marco-del-dia-internacional-para-erradicar-la-violencia-contra-la-mujer\/#primaryimage"},"thumbnailUrl":"https:\/\/www.tecdmx.org.mx\/wp-content\/uploads\/2020\/08\/comunicado_nuevo.jpg","datePublished":"2020-11-24T01:26:29+00:00","dateModified":"2020-11-24T01:26:31+00:00","author":{"@id":"https:\/\/www.tecdmx.org.mx\/#\/schema\/person\/208c898199fb3234203823c5f0cf31d6"},"breadcrumb":{"@id":"https:\/\/www.tecdmx.org.mx\/index.php\/comunicados\/2020\/11\/23\/celebra-tecdmx-conversatorio-en-el-marco-del-dia-internacional-para-erradicar-la-violencia-contra-la-mujer\/#breadcrumb"},"inLanguage":"es","potentialAction":[{"@type":"ReadAction","target":["https:\/\/www.tecdmx.org.mx\/index.php\/comunicados\/2020\/11\/23\/celebra-tecdmx-conversatorio-en-el-marco-del-dia-internacional-para-erradicar-la-violencia-contra-la-mujer\/"]}]},{"@type":"ImageObject","inLanguage":"es","@id":"https:\/\/www.tecdmx.org.mx\/index.php\/comunicados\/2020\/11\/23\/celebra-tecdmx-conversatorio-en-el-marco-del-dia-internacional-para-erradicar-la-violencia-contra-la-mujer\/#primaryimage","url":"https:\/\/www.tecdmx.org.mx\/wp-content\/uploads\/2020\/08\/comunicado_nuevo.jpg","contentUrl":"https:\/\/www.tecdmx.org.mx\/wp-content\/uploads\/2020\/08\/comunicado_nuevo.jpg","width":600,"height":366},{"@type":"BreadcrumbList","@id":"https:\/\/www.tecdmx.org.mx\/index.php\/comunicados\/2020\/11\/23\/celebra-tecdmx-conversatorio-en-el-marco-del-dia-internacional-para-erradicar-la-violencia-contra-la-mujer\/#breadcrumb","itemListElement":[{"@type":"ListItem","position":1,"name":"Portada","item":"https:\/\/www.tecdmx.org.mx\/"},{"@type":"ListItem","position":2,"name":"Celebra TECDMX Conversatorio en el marco del D\u00eda Internacional para Erradicar la Violencia contra la Mujer"}]},{"@type":"WebSite","@id":"https:\/\/www.tecdmx.org.mx\/#website","url":"https:\/\/www.tecdmx.org.mx\/","name":"Tribunal Electoral de la Ciudad de M\u00e9xico","description":"25 a\u00f1os garantizando justicia en tu elecci\u00f3n","potentialAction":[{"@type":"SearchAction","target":{"@type":"EntryPoint","urlTemplate":"https:\/\/www.tecdmx.org.mx\/?s={search_term_string}"},"query-input":"required name=search_term_string"}],"inLanguage":"es"},{"@type":"Person","@id":"https:\/\/www.tecdmx.org.mx\/#\/schema\/person\/208c898199fb3234203823c5f0cf31d6","name":"Difusion2025","image":{"@type":"ImageObject","inLanguage":"es","@id":"https:\/\/www.tecdmx.org.mx\/#\/schema\/person\/image\/","url":"https:\/\/secure.gravatar.com\/avatar\/6f7a4ba3acb418040e90a2eb99b5df28?s=96&d=mm&r=g","contentUrl":"https:\/\/secure.gravatar.com\/avatar\/6f7a4ba3acb418040e90a2eb99b5df28?s=96&d=mm&r=g","caption":"Difusion2025"}}]}},"_links":{"self":[{"href":"https:\/\/www.tecdmx.org.mx\/index.php\/wp-json\/wp\/v2\/posts\/23794"}],"collection":[{"href":"https:\/\/www.tecdmx.org.mx\/index.php\/wp-json\/wp\/v2\/posts"}],"about":[{"href":"https:\/\/www.tecdmx.org.mx\/index.php\/wp-json\/wp\/v2\/types\/post"}],"author":[{"embeddable":true,"href":"https:\/\/www.tecdmx.org.mx\/index.php\/wp-json\/wp\/v2\/users\/13"}],"replies":[{"embeddable":true,"href":"https:\/\/www.tecdmx.org.mx\/index.php\/wp-json\/wp\/v2\/comments?post=23794"}],"version-history":[{"count":2,"href":"https:\/\/www.tecdmx.org.mx\/index.php\/wp-json\/wp\/v2\/posts\/23794\/revisions"}],"predecessor-version":[{"id":23797,"href":"https:\/\/www.tecdmx.org.mx\/index.php\/wp-json\/wp\/v2\/posts\/23794\/revisions\/23797"}],"wp:featuredmedia":[{"embeddable":true,"href":"https:\/\/www.tecdmx.org.mx\/index.php\/wp-json\/wp\/v2\/media\/21168"}],"wp:attachment":[{"href":"https:\/\/www.tecdmx.org.mx\/index.php\/wp-json\/wp\/v2\/media?parent=23794"}],"wp:term":[{"taxonomy":"category","embeddable":true,"href":"https:\/\/www.tecdmx.org.mx\/index.php\/wp-json\/wp\/v2\/categories?post=23794"},{"taxonomy":"post_tag","embeddable":true,"href":"https:\/\/www.tecdmx.org.mx\/index.php\/wp-json\/wp\/v2\/tags?post=23794"}],"curies":[{"name":"wp","href":"https:\/\/api.w.org\/{rel}","templated":true}]}}