{"id":23958,"date":"2020-12-02T17:31:22","date_gmt":"2020-12-02T23:31:22","guid":{"rendered":"https:\/\/www.tecdmx.org.mx\/?p=23958"},"modified":"2020-12-02T17:31:46","modified_gmt":"2020-12-02T23:31:46","slug":"boletin-no-98","status":"publish","type":"post","link":"https:\/\/www.tecdmx.org.mx\/index.php\/comunicados\/2020\/12\/02\/boletin-no-98\/","title":{"rendered":"Bolet\u00edn N\u00ba 98"},"content":{"rendered":"\n<p class=\"has-text-align-right\">Ciudad de M\u00e9xico, a 2 de diciembre de 2020<\/p>\n\n\n\n<p class=\"has-text-align-right\"><strong>Bolet\u00edn N\u00ba 9<\/strong>8<\/p>\n\n\n\n<p><strong>Resaltan especialistas en conversatorio del TECDMX la importancia de garantizar derechos de personas con discapacidad<\/strong><\/p>\n\n\n\n<ul><li>El evento reuni\u00f3 a especialistas del \u00e1mbito privado y p\u00fablico para compartir su visi\u00f3n sobre las personas con discapacidad.<\/li><\/ul>\n\n\n\n<p>El Tribunal Electoral de la Ciudad de M\u00e9xico (TECDMX) celebr\u00f3 el Conversatorio Virtual \u201cDesarrollo, avances y perspectivas de los derechos pol\u00edtico-electorales de las personas con discapacidad\u201d, como parte de las actividades en el marco del D\u00eda Internacional de las Personas con Discapacidad.<\/p>\n\n\n\n<p>El an\u00e1lisis y la generaci\u00f3n de mecanismos a favor de las personas con discapacidad resultan de gran relevancia, pues en M\u00e9xico viven, de acuerdo con datos del INEGI, 7.8 millones de personas con alguna discapacidad, lo que representa al 6.3% de la poblaci\u00f3n.<\/p>\n\n\n\n<p>Dentro de las personas con alguna discapacidad el 58.6% tiene dificultades para moverse o caminar, 8.4% para ver, 15.4% para escuchar, 8.5% con discapacidad intelectual y 9.4% con discapacidad mental.<\/p>\n\n\n\n<p>Al inaugurar los trabajos del conversatorio, la Magistrada del TECDMX, Alejandra Ch\u00e1vez Camarena, destac\u00f3 la importancia de trascender la visi\u00f3n asistencialista en la atenci\u00f3n de las personas con discapacidad, hacia un modelo que promueva las condiciones \u00f3ptimas para el desarrollo de \u00e9stas.<\/p>\n\n\n\n<p>\u201cLa judicatura electoral ha emitido una serie de sentencias con perspectiva de discapacidad a fin de proteger y garantizar el ejercicio pleno y con oportunidades de los derechos pol\u00edtico-electorales de las personas con discapacidad\u201d, recalc\u00f3 la Magistrada Ch\u00e1vez Camarena.<\/p>\n\n\n\n<p>En el marco de las ponencias de las personas que participaron en el conversatorio, la Magistrada Martha L. Mercado Ram\u00edrez habl\u00f3 durante su intervenci\u00f3n de la sensibilidad que requieren las instituciones sobre las necesidades que enfrenta la ciudadan\u00eda con discapacidad.<\/p>\n\n\n\n<p>\u201cUna sociedad que se llama democr\u00e1tica, pero sigue teniendo grupos que est\u00e1n empujando, impulsando, pidiendo entrar y ser vistos, no creo que pudi\u00e9ramos estar hablando de un pa\u00eds democr\u00e1tico\u201d, reflexion\u00f3 la Magistrada Mercado Ram\u00edrez.<\/p>\n\n\n\n<p>Por otra parte, la Dra. Lourdes Sarvide \u00c1lvarez Icaza, Directora General de la Fundaci\u00f3n Humanista de Ayuda a Personas con Discapacidad, reconoci\u00f3 el trabajo que ha emprendido el TECDMX respecto de la inclusi\u00f3n de mecanismos a favor de las personas con discapacidad, destacando los ajustes razonables para cada condici\u00f3n.<\/p>\n\n\n\n<p>\u201cLos ajustes razonables son important\u00edsimos porque cada discapacidad debe de tomar en cuenta este ajuste. Todas estas garant\u00edas que est\u00e1 ofreciendo el Tribunal Electoral es un avance muy importante y, sobre todo, es una invitaci\u00f3n de bienvenida a las personas con discapacidad\u201d, afirm\u00f3 la Dra. Sarvide \u00c1lvarez Icaza.<\/p>\n\n\n\n<p>Al hacer uso de la voz, Luis Fernando Viejo Meneses, Subdirector General de Asistencia, Protecci\u00f3n Social y Rehabilitaci\u00f3n del Sistema para el Desarrollo Integral de la Familia del Estado de Hidalgo, recalc\u00f3 la importancia de generar una cultura de la discapacidad desde los primeros momentos de la vida acad\u00e9mica, con el fin de ir eliminando de manera natural los estereotipos.<\/p>\n\n\n\n<p>\u201cSi bien es cierto que tenemos un rezago en infraestructura sobre la accesibilidad y la inclusi\u00f3m, eso lo podemos ir cambiando, pero lo que principalmente debemos ir cambiando es nosotros como personas y las acciones que vamos a hacer para eliminar esas perspectivas y generar m\u00e1s inclusi\u00f3n\u201d, afirm\u00f3 el Mtro. Viejo Meneses.<\/p>\n\n\n\n<p>Finalmente, Fritz Thompson comparti\u00f3 su experiencia de discapacidad, la cual inici\u00f3 tras un grave accidente automovil\u00edstico con el cual qued\u00f3 cuadrapl\u00e9jico. Sin embargo, consider\u00f3 que la resiliciencia y la terapia son factores fundamentales para superar las adversidades que presenta una discapacidad e hizo un llamado al esfuerzo y apoyo para tener progresos en la atenci\u00f3n de las diferentes discapacidades.<\/p>\n\n\n\n<p>El conversatorio fue moderado por Daniela Garc\u00eda Luises, titular de la Coordinaci\u00f3n de Vinculaci\u00f3n y Relaciones Internacionales del TECDMX.<\/p>\n\n\n\n<p><strong>o-O-o<\/strong><\/p>\n","protected":false},"excerpt":{"rendered":"<p>Ciudad de M\u00e9xico, a 2 de diciembre de 2020 Bolet\u00edn N\u00ba 98 Resaltan especialistas en conversatorio del TECDMX la importancia de garantizar derechos de personas con discapacidad El evento reuni\u00f3 [&hellip;]<\/p>\n","protected":false},"author":13,"featured_media":21168,"comment_status":"open","ping_status":"open","sticky":false,"template":"","format":"standard","meta":{"_acf_changed":false,"_exactmetrics_skip_tracking":false,"_exactmetrics_sitenote_active":false,"_exactmetrics_sitenote_note":"","_exactmetrics_sitenote_category":0,"footnotes":""},"categories":[32,47],"tags":[],"acf":[],"yoast_head":"<!-- This site is optimized with the Yoast SEO plugin v22.3 - https:\/\/yoast.com\/wordpress\/plugins\/seo\/ -->\n<title>Bolet\u00edn N\u00ba 98 - Tribunal Electoral de la Ciudad de M\u00e9xico<\/title>\n<meta name=\"robots\" content=\"index, follow, max-snippet:-1, max-image-preview:large, max-video-preview:-1\" \/>\n<link rel=\"canonical\" href=\"https:\/\/www.tecdmx.org.mx\/index.php\/comunicados\/2020\/12\/02\/boletin-no-98\/\" \/>\n<meta property=\"og:locale\" content=\"es_ES\" \/>\n<meta property=\"og:type\" content=\"article\" \/>\n<meta property=\"og:title\" content=\"Bolet\u00edn N\u00ba 98 - Tribunal Electoral de la Ciudad de M\u00e9xico\" \/>\n<meta property=\"og:description\" content=\"Ciudad de M\u00e9xico, a 2 de diciembre de 2020 Bolet\u00edn N\u00ba 98 Resaltan especialistas en conversatorio del TECDMX la importancia de garantizar derechos de personas con discapacidad El evento reuni\u00f3 [&hellip;]\" \/>\n<meta property=\"og:url\" content=\"https:\/\/www.tecdmx.org.mx\/index.php\/comunicados\/2020\/12\/02\/boletin-no-98\/\" \/>\n<meta property=\"og:site_name\" content=\"Tribunal Electoral de la Ciudad de M\u00e9xico\" \/>\n<meta property=\"article:publisher\" content=\"https:\/\/www.facebook.com\/TECDMX\/\" \/>\n<meta property=\"article:published_time\" content=\"2020-12-02T23:31:22+00:00\" \/>\n<meta property=\"article:modified_time\" content=\"2020-12-02T23:31:46+00:00\" \/>\n<meta property=\"og:image\" content=\"https:\/\/www.tecdmx.org.mx\/wp-content\/uploads\/2020\/08\/comunicado_nuevo.jpg\" \/>\n\t<meta property=\"og:image:width\" content=\"600\" \/>\n\t<meta property=\"og:image:height\" content=\"366\" \/>\n\t<meta property=\"og:image:type\" content=\"image\/jpeg\" \/>\n<meta name=\"author\" content=\"Difusion2025\" \/>\n<meta name=\"twitter:card\" content=\"summary_large_image\" \/>\n<meta name=\"twitter:creator\" content=\"@tecdmx\" \/>\n<meta name=\"twitter:site\" content=\"@tecdmx\" \/>\n<meta name=\"twitter:label1\" content=\"Escrito por\" \/>\n\t<meta name=\"twitter:data1\" content=\"Difusion2025\" \/>\n\t<meta name=\"twitter:label2\" content=\"Tiempo de lectura\" \/>\n\t<meta name=\"twitter:data2\" content=\"3 minutos\" \/>\n<script type=\"application\/ld+json\" class=\"yoast-schema-graph\">{\"@context\":\"https:\/\/schema.org\",\"@graph\":[{\"@type\":\"WebPage\",\"@id\":\"https:\/\/www.tecdmx.org.mx\/index.php\/comunicados\/2020\/12\/02\/boletin-no-98\/\",\"url\":\"https:\/\/www.tecdmx.org.mx\/index.php\/comunicados\/2020\/12\/02\/boletin-no-98\/\",\"name\":\"Bolet\u00edn N\u00ba 98 - Tribunal Electoral de la Ciudad de M\u00e9xico\",\"isPartOf\":{\"@id\":\"https:\/\/www.tecdmx.org.mx\/#website\"},\"primaryImageOfPage\":{\"@id\":\"https:\/\/www.tecdmx.org.mx\/index.php\/comunicados\/2020\/12\/02\/boletin-no-98\/#primaryimage\"},\"image\":{\"@id\":\"https:\/\/www.tecdmx.org.mx\/index.php\/comunicados\/2020\/12\/02\/boletin-no-98\/#primaryimage\"},\"thumbnailUrl\":\"https:\/\/www.tecdmx.org.mx\/wp-content\/uploads\/2020\/08\/comunicado_nuevo.jpg\",\"datePublished\":\"2020-12-02T23:31:22+00:00\",\"dateModified\":\"2020-12-02T23:31:46+00:00\",\"author\":{\"@id\":\"https:\/\/www.tecdmx.org.mx\/#\/schema\/person\/208c898199fb3234203823c5f0cf31d6\"},\"breadcrumb\":{\"@id\":\"https:\/\/www.tecdmx.org.mx\/index.php\/comunicados\/2020\/12\/02\/boletin-no-98\/#breadcrumb\"},\"inLanguage\":\"es\",\"potentialAction\":[{\"@type\":\"ReadAction\",\"target\":[\"https:\/\/www.tecdmx.org.mx\/index.php\/comunicados\/2020\/12\/02\/boletin-no-98\/\"]}]},{\"@type\":\"ImageObject\",\"inLanguage\":\"es\",\"@id\":\"https:\/\/www.tecdmx.org.mx\/index.php\/comunicados\/2020\/12\/02\/boletin-no-98\/#primaryimage\",\"url\":\"https:\/\/www.tecdmx.org.mx\/wp-content\/uploads\/2020\/08\/comunicado_nuevo.jpg\",\"contentUrl\":\"https:\/\/www.tecdmx.org.mx\/wp-content\/uploads\/2020\/08\/comunicado_nuevo.jpg\",\"width\":600,\"height\":366},{\"@type\":\"BreadcrumbList\",\"@id\":\"https:\/\/www.tecdmx.org.mx\/index.php\/comunicados\/2020\/12\/02\/boletin-no-98\/#breadcrumb\",\"itemListElement\":[{\"@type\":\"ListItem\",\"position\":1,\"name\":\"Portada\",\"item\":\"https:\/\/www.tecdmx.org.mx\/\"},{\"@type\":\"ListItem\",\"position\":2,\"name\":\"Bolet\u00edn N\u00ba 98\"}]},{\"@type\":\"WebSite\",\"@id\":\"https:\/\/www.tecdmx.org.mx\/#website\",\"url\":\"https:\/\/www.tecdmx.org.mx\/\",\"name\":\"Tribunal Electoral de la Ciudad de M\u00e9xico\",\"description\":\"25 a\u00f1os garantizando justicia en tu elecci\u00f3n\",\"potentialAction\":[{\"@type\":\"SearchAction\",\"target\":{\"@type\":\"EntryPoint\",\"urlTemplate\":\"https:\/\/www.tecdmx.org.mx\/?s={search_term_string}\"},\"query-input\":\"required name=search_term_string\"}],\"inLanguage\":\"es\"},{\"@type\":\"Person\",\"@id\":\"https:\/\/www.tecdmx.org.mx\/#\/schema\/person\/208c898199fb3234203823c5f0cf31d6\",\"name\":\"Difusion2025\",\"image\":{\"@type\":\"ImageObject\",\"inLanguage\":\"es\",\"@id\":\"https:\/\/www.tecdmx.org.mx\/#\/schema\/person\/image\/\",\"url\":\"https:\/\/secure.gravatar.com\/avatar\/6f7a4ba3acb418040e90a2eb99b5df28?s=96&d=mm&r=g\",\"contentUrl\":\"https:\/\/secure.gravatar.com\/avatar\/6f7a4ba3acb418040e90a2eb99b5df28?s=96&d=mm&r=g\",\"caption\":\"Difusion2025\"}}]}<\/script>\n<!-- \/ Yoast SEO plugin. -->","yoast_head_json":{"title":"Bolet\u00edn N\u00ba 98 - Tribunal Electoral de la Ciudad de M\u00e9xico","robots":{"index":"index","follow":"follow","max-snippet":"max-snippet:-1","max-image-preview":"max-image-preview:large","max-video-preview":"max-video-preview:-1"},"canonical":"https:\/\/www.tecdmx.org.mx\/index.php\/comunicados\/2020\/12\/02\/boletin-no-98\/","og_locale":"es_ES","og_type":"article","og_title":"Bolet\u00edn N\u00ba 98 - Tribunal Electoral de la Ciudad de M\u00e9xico","og_description":"Ciudad de M\u00e9xico, a 2 de diciembre de 2020 Bolet\u00edn N\u00ba 98 Resaltan especialistas en conversatorio del TECDMX la importancia de garantizar derechos de personas con discapacidad El evento reuni\u00f3 [&hellip;]","og_url":"https:\/\/www.tecdmx.org.mx\/index.php\/comunicados\/2020\/12\/02\/boletin-no-98\/","og_site_name":"Tribunal Electoral de la Ciudad de M\u00e9xico","article_publisher":"https:\/\/www.facebook.com\/TECDMX\/","article_published_time":"2020-12-02T23:31:22+00:00","article_modified_time":"2020-12-02T23:31:46+00:00","og_image":[{"width":600,"height":366,"url":"https:\/\/www.tecdmx.org.mx\/wp-content\/uploads\/2020\/08\/comunicado_nuevo.jpg","type":"image\/jpeg"}],"author":"Difusion2025","twitter_card":"summary_large_image","twitter_creator":"@tecdmx","twitter_site":"@tecdmx","twitter_misc":{"Escrito por":"Difusion2025","Tiempo de lectura":"3 minutos"},"schema":{"@context":"https:\/\/schema.org","@graph":[{"@type":"WebPage","@id":"https:\/\/www.tecdmx.org.mx\/index.php\/comunicados\/2020\/12\/02\/boletin-no-98\/","url":"https:\/\/www.tecdmx.org.mx\/index.php\/comunicados\/2020\/12\/02\/boletin-no-98\/","name":"Bolet\u00edn N\u00ba 98 - Tribunal Electoral de la Ciudad de M\u00e9xico","isPartOf":{"@id":"https:\/\/www.tecdmx.org.mx\/#website"},"primaryImageOfPage":{"@id":"https:\/\/www.tecdmx.org.mx\/index.php\/comunicados\/2020\/12\/02\/boletin-no-98\/#primaryimage"},"image":{"@id":"https:\/\/www.tecdmx.org.mx\/index.php\/comunicados\/2020\/12\/02\/boletin-no-98\/#primaryimage"},"thumbnailUrl":"https:\/\/www.tecdmx.org.mx\/wp-content\/uploads\/2020\/08\/comunicado_nuevo.jpg","datePublished":"2020-12-02T23:31:22+00:00","dateModified":"2020-12-02T23:31:46+00:00","author":{"@id":"https:\/\/www.tecdmx.org.mx\/#\/schema\/person\/208c898199fb3234203823c5f0cf31d6"},"breadcrumb":{"@id":"https:\/\/www.tecdmx.org.mx\/index.php\/comunicados\/2020\/12\/02\/boletin-no-98\/#breadcrumb"},"inLanguage":"es","potentialAction":[{"@type":"ReadAction","target":["https:\/\/www.tecdmx.org.mx\/index.php\/comunicados\/2020\/12\/02\/boletin-no-98\/"]}]},{"@type":"ImageObject","inLanguage":"es","@id":"https:\/\/www.tecdmx.org.mx\/index.php\/comunicados\/2020\/12\/02\/boletin-no-98\/#primaryimage","url":"https:\/\/www.tecdmx.org.mx\/wp-content\/uploads\/2020\/08\/comunicado_nuevo.jpg","contentUrl":"https:\/\/www.tecdmx.org.mx\/wp-content\/uploads\/2020\/08\/comunicado_nuevo.jpg","width":600,"height":366},{"@type":"BreadcrumbList","@id":"https:\/\/www.tecdmx.org.mx\/index.php\/comunicados\/2020\/12\/02\/boletin-no-98\/#breadcrumb","itemListElement":[{"@type":"ListItem","position":1,"name":"Portada","item":"https:\/\/www.tecdmx.org.mx\/"},{"@type":"ListItem","position":2,"name":"Bolet\u00edn N\u00ba 98"}]},{"@type":"WebSite","@id":"https:\/\/www.tecdmx.org.mx\/#website","url":"https:\/\/www.tecdmx.org.mx\/","name":"Tribunal Electoral de la Ciudad de M\u00e9xico","description":"25 a\u00f1os garantizando justicia en tu elecci\u00f3n","potentialAction":[{"@type":"SearchAction","target":{"@type":"EntryPoint","urlTemplate":"https:\/\/www.tecdmx.org.mx\/?s={search_term_string}"},"query-input":"required name=search_term_string"}],"inLanguage":"es"},{"@type":"Person","@id":"https:\/\/www.tecdmx.org.mx\/#\/schema\/person\/208c898199fb3234203823c5f0cf31d6","name":"Difusion2025","image":{"@type":"ImageObject","inLanguage":"es","@id":"https:\/\/www.tecdmx.org.mx\/#\/schema\/person\/image\/","url":"https:\/\/secure.gravatar.com\/avatar\/6f7a4ba3acb418040e90a2eb99b5df28?s=96&d=mm&r=g","contentUrl":"https:\/\/secure.gravatar.com\/avatar\/6f7a4ba3acb418040e90a2eb99b5df28?s=96&d=mm&r=g","caption":"Difusion2025"}}]}},"_links":{"self":[{"href":"https:\/\/www.tecdmx.org.mx\/index.php\/wp-json\/wp\/v2\/posts\/23958"}],"collection":[{"href":"https:\/\/www.tecdmx.org.mx\/index.php\/wp-json\/wp\/v2\/posts"}],"about":[{"href":"https:\/\/www.tecdmx.org.mx\/index.php\/wp-json\/wp\/v2\/types\/post"}],"author":[{"embeddable":true,"href":"https:\/\/www.tecdmx.org.mx\/index.php\/wp-json\/wp\/v2\/users\/13"}],"replies":[{"embeddable":true,"href":"https:\/\/www.tecdmx.org.mx\/index.php\/wp-json\/wp\/v2\/comments?post=23958"}],"version-history":[{"count":2,"href":"https:\/\/www.tecdmx.org.mx\/index.php\/wp-json\/wp\/v2\/posts\/23958\/revisions"}],"predecessor-version":[{"id":23961,"href":"https:\/\/www.tecdmx.org.mx\/index.php\/wp-json\/wp\/v2\/posts\/23958\/revisions\/23961"}],"wp:featuredmedia":[{"embeddable":true,"href":"https:\/\/www.tecdmx.org.mx\/index.php\/wp-json\/wp\/v2\/media\/21168"}],"wp:attachment":[{"href":"https:\/\/www.tecdmx.org.mx\/index.php\/wp-json\/wp\/v2\/media?parent=23958"}],"wp:term":[{"taxonomy":"category","embeddable":true,"href":"https:\/\/www.tecdmx.org.mx\/index.php\/wp-json\/wp\/v2\/categories?post=23958"},{"taxonomy":"post_tag","embeddable":true,"href":"https:\/\/www.tecdmx.org.mx\/index.php\/wp-json\/wp\/v2\/tags?post=23958"}],"curies":[{"name":"wp","href":"https:\/\/api.w.org\/{rel}","templated":true}]}}