{"id":23972,"date":"2020-12-03T20:36:53","date_gmt":"2020-12-04T02:36:53","guid":{"rendered":"https:\/\/www.tecdmx.org.mx\/?p=23972"},"modified":"2020-12-03T20:36:55","modified_gmt":"2020-12-04T02:36:55","slug":"boletin-no-101","status":"publish","type":"post","link":"https:\/\/www.tecdmx.org.mx\/index.php\/comunicados\/2020\/12\/03\/boletin-no-101\/","title":{"rendered":"Bolet\u00edn N\u00ba 101"},"content":{"rendered":"\n<p class=\"has-text-align-right\">Ciudad de M\u00e9xico, a 3 de diciembre de 2020<\/p>\n\n\n\n<p><strong>\u201cHay que decirlo fuerte, ya no sin las personas con discapacidad\u201d, afirma Magistrada Mercado Ram\u00edrez<\/strong><\/p>\n\n\n\n<p>La Magistrada del Tribunal Electoral de la Ciudad de M\u00e9xico (TECDMX), Martha Leticia Mercado Ram\u00edrez, y el Magistrado Juan Carlos S\u00e1nchez Le\u00f3n participaron en la inauguraci\u00f3n del Quinto Taller Nacional de Profesionalizaci\u00f3n de los Servicios de Interpretaci\u00f3n En Lengua De Se\u00f1as Mexicana En El \u00c1mbito Jur\u00eddico.<\/p>\n\n\n\n<p>Durante su participaci\u00f3n, la Magistrada Mercado Ram\u00edrez, destac\u00f3 que quienes hoy ocupan un cargo en el servicio p\u00fablico deben trabajar por la inclusi\u00f3n y reafirmar que no se puede avanzar sin las personas con discapacidad.<\/p>\n\n\n\n<p>\u201cEsto se hace en el marco de un nuevo modelo social que se centra en la eliminaci\u00f3n de cualquier tipo de barrera para las personas con discapacidad\u201d, afirm\u00f3 la Magistrada Martha Mercado.<\/p>\n\n\n\n<p>Al hacer uso de la voz, Almudena Ocejo Rojo, Secretaria de Inclusi\u00f3n y Bienestar Social de la Ciudad de M\u00e9xico, recalc\u00f3 la importancia de generar mecanismos, estrategias y pol\u00edticas p\u00fablicas que permitan ir eliminando los obst\u00e1culos derivados de las desigualdades estructurales que impiden una plena inclusi\u00f3n de las personas con discapacidad.<\/p>\n\n\n\n<p>\u201cNo podemos dejar de destacar, que uno de los compromisos asumidos por los Estados Parte a ratificar la Convenci\u00f3n sobre los Derechos de las Personas con Discapacidad, impone la obligaci\u00f3n de velar por el respecto al derecho de acceso a la justicia y establece la obligaci\u00f3n de propiciar las condiciones para que las personas con discapacidad puedan participar de manera efectiva en los procesos judiciales\u201d, afirmo la Secretaria Ocejo Rojo.<\/p>\n\n\n\n<p>Por su parte, Le\u00f3n Ricardo Encinas, Presidente de la Uni\u00f3n Nacional de Sordos, consider\u00f3 que es muy importante que las personas int\u00e9rpretes tengan m\u00e1s conocimientos en el tema jur\u00eddico, ya que tiene t\u00e9rminos muy espec\u00edficos y representan una barrera hacia las personas sordas.<\/p>\n\n\n\n<p>\u201cC\u00f3mo podemos tener acceso a una buena defensa, a un buen juicio, si no sabemos lo que est\u00e1 pasando. Por eso agradezco mucho que se haga este esfuerzo para que los int\u00e9rpretes puedan ser m\u00e1s profesionales y puedan hacer su trabajo de mejor manera\u201d, afirm\u00f3 Le\u00f3n Ricardo Encinas.<\/p>\n\n\n\n<p>Asimismo, Daniel Maya Ortega, int\u00e9rprete de Lengua de Se\u00f1as Mexicanas, reiter\u00f3 el compromiso de las personas int\u00e9rpretes a seguir aprendiendo y seguir desempe\u00f1ando su trabajo con profesionalismo, con el fin de fortalecer la inclusi\u00f3n para las personas sordas.<\/p>\n\n\n\n<p>\u201cAhora, la figura del int\u00e9rprete en lengua de se\u00f1as est\u00e1 en casi todas las instituciones de gobierno. Por lo que agradezco a quienes nos han estado apoyando\u201d, afirm\u00f3 Maya Ortega.<\/p>\n\n\n\n<p>Durante su participaci\u00f3n, el Comisionado Presidente del INFO Ciudad de M\u00e9xico, Julio C\u00e9sar Bonilla, indic\u00f3 que la Lengua de Se\u00f1as Mexicana es una herramienta producto del reconocimiento de que, en la actualidad, el ser humano requiere acceder a la informaci\u00f3n que se genera para poder tomar decisiones.<\/p>\n\n\n\n<p>\u201cEste tipo de Talleres son una oportunidad para construir puentes para el tr\u00e1nsito bidireccional de la informaci\u00f3n, de las instituciones a las personas y viceversa, y que puede derivar en cogesti\u00f3n y gobernanza en temas que son de inter\u00e9s de las personas\u201d, recalc\u00f3 el Comisionado Presidente.<\/p>\n\n\n\n<p>Por su parte, el tambi\u00e9n Comisionado del INFO Ciudad de M\u00e9xico, Ar\u00edstides Rodrigo Guerrero, habl\u00f3 sobre el impulso institucional que han dado diversos \u00f3rganos p\u00fablicos a la promoci\u00f3n del acceso de las personas discapacitadas a la justicia.<\/p>\n\n\n\n<p>Asimismo, la Consejera de la Judicatura de la Ciudad de M\u00e9xico, Blanca Estela Zamudio Vald\u00e9s,&nbsp; felicit\u00f3 a las personas int\u00e9rpretes por el deseo de seguir prepar\u00e1ndose y capacit\u00e1ndose para que su intervenci\u00f3n en los procedimientos jurisdiccionales sea siempre por una justicia con derechos humanos.<\/p>\n\n\n\n<p>\u201cSon la voz de las personas con discapacidad, quienes les conf\u00edan su libertad, sus bienes y sus familias\u201d, reflexion\u00f3 Zamudio Vald\u00e9s.<\/p>\n\n\n\n<p>Por su parte, el Magistrado Presidente de la Sala Regional Especializada del Tribunal Electoral del Poder Judicial de la Federaci\u00f3n, Rub\u00e9n Lara Patr\u00f3n, remarc\u00f3 la importancia del trabajo por la inclusi\u00f3n y la eliminaci\u00f3n de barreras en el acceso a la justicia y a la protecci\u00f3n de los derechos de las personas.<\/p>\n\n\n\n<p>\u201cLa posibilidad de trabajar de la mano con las personas especializadas en este Lenguaje de Se\u00f1as Mexicanas es que se vuelven nuestra voz. Nos permiten con sus habilidades que podamos comunicarnos, lo que genera una transparencia en el ejercicio de las labores que llevamos a cabo\u201d, afirm\u00f3 el Magistrado Lara Patr\u00f3n.<\/p>\n\n\n\n<p>Finalmente, la Maestra Mar\u00eda del Carmen Carre\u00f3n Castro destac\u00f3 el crecimiento que ha tenido la participaci\u00f3n de int\u00e9rpretes en este taller, iniciando con 54 personas en 2016 y actualmente contando con 104 personas inscritas.<\/p>\n\n\n\n<p>\u201cEstamos interesados en que la comunidad se empodere y cada vez cuente con mayores herramientas para defender y reclamar sus derechos. Esto no es un taller aislado, es una pol\u00edtica p\u00fablica institucional desarroll\u00e1ndose en diversos campos en acci\u00f3n del ambito jur\u00eddico para eliminar las barreras que enfrentar las personas con discapacidad auditiva para ejercer su derechos de acceso a la justicia\u201d, concluy\u00f3 Carre\u00f3n Castro.<\/p>\n\n\n\n<p class=\"has-text-align-center\"><strong>o-O-o<\/strong><\/p>\n","protected":false},"excerpt":{"rendered":"<p>Ciudad de M\u00e9xico, a 3 de diciembre de 2020 \u201cHay que decirlo fuerte, ya no sin las personas con discapacidad\u201d, afirma Magistrada Mercado Ram\u00edrez La Magistrada del Tribunal Electoral de [&hellip;]<\/p>\n","protected":false},"author":13,"featured_media":21168,"comment_status":"open","ping_status":"open","sticky":false,"template":"","format":"standard","meta":{"_acf_changed":false,"_exactmetrics_skip_tracking":false,"_exactmetrics_sitenote_active":false,"_exactmetrics_sitenote_note":"","_exactmetrics_sitenote_category":0,"footnotes":""},"categories":[32,47],"tags":[],"acf":[],"yoast_head":"<!-- This site is optimized with the Yoast SEO plugin v22.3 - https:\/\/yoast.com\/wordpress\/plugins\/seo\/ -->\n<title>Bolet\u00edn N\u00ba 101 - Tribunal Electoral de la Ciudad de M\u00e9xico<\/title>\n<meta name=\"robots\" content=\"index, follow, max-snippet:-1, max-image-preview:large, max-video-preview:-1\" \/>\n<link rel=\"canonical\" href=\"https:\/\/www.tecdmx.org.mx\/index.php\/comunicados\/2020\/12\/03\/boletin-no-101\/\" \/>\n<meta property=\"og:locale\" content=\"es_ES\" \/>\n<meta property=\"og:type\" content=\"article\" \/>\n<meta property=\"og:title\" content=\"Bolet\u00edn N\u00ba 101 - Tribunal Electoral de la Ciudad de M\u00e9xico\" \/>\n<meta property=\"og:description\" content=\"Ciudad de M\u00e9xico, a 3 de diciembre de 2020 \u201cHay que decirlo fuerte, ya no sin las personas con discapacidad\u201d, afirma Magistrada Mercado Ram\u00edrez La Magistrada del Tribunal Electoral de [&hellip;]\" \/>\n<meta property=\"og:url\" content=\"https:\/\/www.tecdmx.org.mx\/index.php\/comunicados\/2020\/12\/03\/boletin-no-101\/\" \/>\n<meta property=\"og:site_name\" content=\"Tribunal Electoral de la Ciudad de M\u00e9xico\" \/>\n<meta property=\"article:publisher\" content=\"https:\/\/www.facebook.com\/TECDMX\/\" \/>\n<meta property=\"article:published_time\" content=\"2020-12-04T02:36:53+00:00\" \/>\n<meta property=\"article:modified_time\" content=\"2020-12-04T02:36:55+00:00\" \/>\n<meta property=\"og:image\" content=\"https:\/\/www.tecdmx.org.mx\/wp-content\/uploads\/2020\/08\/comunicado_nuevo.jpg\" \/>\n\t<meta property=\"og:image:width\" content=\"600\" \/>\n\t<meta property=\"og:image:height\" content=\"366\" \/>\n\t<meta property=\"og:image:type\" content=\"image\/jpeg\" \/>\n<meta name=\"author\" content=\"Difusion2025\" \/>\n<meta name=\"twitter:card\" content=\"summary_large_image\" \/>\n<meta name=\"twitter:creator\" content=\"@tecdmx\" \/>\n<meta name=\"twitter:site\" content=\"@tecdmx\" \/>\n<meta name=\"twitter:label1\" content=\"Escrito por\" \/>\n\t<meta name=\"twitter:data1\" content=\"Difusion2025\" \/>\n\t<meta name=\"twitter:label2\" content=\"Tiempo de lectura\" \/>\n\t<meta name=\"twitter:data2\" content=\"4 minutos\" \/>\n<script type=\"application\/ld+json\" class=\"yoast-schema-graph\">{\"@context\":\"https:\/\/schema.org\",\"@graph\":[{\"@type\":\"WebPage\",\"@id\":\"https:\/\/www.tecdmx.org.mx\/index.php\/comunicados\/2020\/12\/03\/boletin-no-101\/\",\"url\":\"https:\/\/www.tecdmx.org.mx\/index.php\/comunicados\/2020\/12\/03\/boletin-no-101\/\",\"name\":\"Bolet\u00edn N\u00ba 101 - Tribunal Electoral de la Ciudad de M\u00e9xico\",\"isPartOf\":{\"@id\":\"https:\/\/www.tecdmx.org.mx\/#website\"},\"primaryImageOfPage\":{\"@id\":\"https:\/\/www.tecdmx.org.mx\/index.php\/comunicados\/2020\/12\/03\/boletin-no-101\/#primaryimage\"},\"image\":{\"@id\":\"https:\/\/www.tecdmx.org.mx\/index.php\/comunicados\/2020\/12\/03\/boletin-no-101\/#primaryimage\"},\"thumbnailUrl\":\"https:\/\/www.tecdmx.org.mx\/wp-content\/uploads\/2020\/08\/comunicado_nuevo.jpg\",\"datePublished\":\"2020-12-04T02:36:53+00:00\",\"dateModified\":\"2020-12-04T02:36:55+00:00\",\"author\":{\"@id\":\"https:\/\/www.tecdmx.org.mx\/#\/schema\/person\/208c898199fb3234203823c5f0cf31d6\"},\"breadcrumb\":{\"@id\":\"https:\/\/www.tecdmx.org.mx\/index.php\/comunicados\/2020\/12\/03\/boletin-no-101\/#breadcrumb\"},\"inLanguage\":\"es\",\"potentialAction\":[{\"@type\":\"ReadAction\",\"target\":[\"https:\/\/www.tecdmx.org.mx\/index.php\/comunicados\/2020\/12\/03\/boletin-no-101\/\"]}]},{\"@type\":\"ImageObject\",\"inLanguage\":\"es\",\"@id\":\"https:\/\/www.tecdmx.org.mx\/index.php\/comunicados\/2020\/12\/03\/boletin-no-101\/#primaryimage\",\"url\":\"https:\/\/www.tecdmx.org.mx\/wp-content\/uploads\/2020\/08\/comunicado_nuevo.jpg\",\"contentUrl\":\"https:\/\/www.tecdmx.org.mx\/wp-content\/uploads\/2020\/08\/comunicado_nuevo.jpg\",\"width\":600,\"height\":366},{\"@type\":\"BreadcrumbList\",\"@id\":\"https:\/\/www.tecdmx.org.mx\/index.php\/comunicados\/2020\/12\/03\/boletin-no-101\/#breadcrumb\",\"itemListElement\":[{\"@type\":\"ListItem\",\"position\":1,\"name\":\"Portada\",\"item\":\"https:\/\/www.tecdmx.org.mx\/\"},{\"@type\":\"ListItem\",\"position\":2,\"name\":\"Bolet\u00edn N\u00ba 101\"}]},{\"@type\":\"WebSite\",\"@id\":\"https:\/\/www.tecdmx.org.mx\/#website\",\"url\":\"https:\/\/www.tecdmx.org.mx\/\",\"name\":\"Tribunal Electoral de la Ciudad de M\u00e9xico\",\"description\":\"25 a\u00f1os garantizando justicia en tu elecci\u00f3n\",\"potentialAction\":[{\"@type\":\"SearchAction\",\"target\":{\"@type\":\"EntryPoint\",\"urlTemplate\":\"https:\/\/www.tecdmx.org.mx\/?s={search_term_string}\"},\"query-input\":\"required name=search_term_string\"}],\"inLanguage\":\"es\"},{\"@type\":\"Person\",\"@id\":\"https:\/\/www.tecdmx.org.mx\/#\/schema\/person\/208c898199fb3234203823c5f0cf31d6\",\"name\":\"Difusion2025\",\"image\":{\"@type\":\"ImageObject\",\"inLanguage\":\"es\",\"@id\":\"https:\/\/www.tecdmx.org.mx\/#\/schema\/person\/image\/\",\"url\":\"https:\/\/secure.gravatar.com\/avatar\/6f7a4ba3acb418040e90a2eb99b5df28?s=96&d=mm&r=g\",\"contentUrl\":\"https:\/\/secure.gravatar.com\/avatar\/6f7a4ba3acb418040e90a2eb99b5df28?s=96&d=mm&r=g\",\"caption\":\"Difusion2025\"}}]}<\/script>\n<!-- \/ Yoast SEO plugin. -->","yoast_head_json":{"title":"Bolet\u00edn N\u00ba 101 - Tribunal Electoral de la Ciudad de M\u00e9xico","robots":{"index":"index","follow":"follow","max-snippet":"max-snippet:-1","max-image-preview":"max-image-preview:large","max-video-preview":"max-video-preview:-1"},"canonical":"https:\/\/www.tecdmx.org.mx\/index.php\/comunicados\/2020\/12\/03\/boletin-no-101\/","og_locale":"es_ES","og_type":"article","og_title":"Bolet\u00edn N\u00ba 101 - Tribunal Electoral de la Ciudad de M\u00e9xico","og_description":"Ciudad de M\u00e9xico, a 3 de diciembre de 2020 \u201cHay que decirlo fuerte, ya no sin las personas con discapacidad\u201d, afirma Magistrada Mercado Ram\u00edrez La Magistrada del Tribunal Electoral de [&hellip;]","og_url":"https:\/\/www.tecdmx.org.mx\/index.php\/comunicados\/2020\/12\/03\/boletin-no-101\/","og_site_name":"Tribunal Electoral de la Ciudad de M\u00e9xico","article_publisher":"https:\/\/www.facebook.com\/TECDMX\/","article_published_time":"2020-12-04T02:36:53+00:00","article_modified_time":"2020-12-04T02:36:55+00:00","og_image":[{"width":600,"height":366,"url":"https:\/\/www.tecdmx.org.mx\/wp-content\/uploads\/2020\/08\/comunicado_nuevo.jpg","type":"image\/jpeg"}],"author":"Difusion2025","twitter_card":"summary_large_image","twitter_creator":"@tecdmx","twitter_site":"@tecdmx","twitter_misc":{"Escrito por":"Difusion2025","Tiempo de lectura":"4 minutos"},"schema":{"@context":"https:\/\/schema.org","@graph":[{"@type":"WebPage","@id":"https:\/\/www.tecdmx.org.mx\/index.php\/comunicados\/2020\/12\/03\/boletin-no-101\/","url":"https:\/\/www.tecdmx.org.mx\/index.php\/comunicados\/2020\/12\/03\/boletin-no-101\/","name":"Bolet\u00edn N\u00ba 101 - Tribunal Electoral de la Ciudad de M\u00e9xico","isPartOf":{"@id":"https:\/\/www.tecdmx.org.mx\/#website"},"primaryImageOfPage":{"@id":"https:\/\/www.tecdmx.org.mx\/index.php\/comunicados\/2020\/12\/03\/boletin-no-101\/#primaryimage"},"image":{"@id":"https:\/\/www.tecdmx.org.mx\/index.php\/comunicados\/2020\/12\/03\/boletin-no-101\/#primaryimage"},"thumbnailUrl":"https:\/\/www.tecdmx.org.mx\/wp-content\/uploads\/2020\/08\/comunicado_nuevo.jpg","datePublished":"2020-12-04T02:36:53+00:00","dateModified":"2020-12-04T02:36:55+00:00","author":{"@id":"https:\/\/www.tecdmx.org.mx\/#\/schema\/person\/208c898199fb3234203823c5f0cf31d6"},"breadcrumb":{"@id":"https:\/\/www.tecdmx.org.mx\/index.php\/comunicados\/2020\/12\/03\/boletin-no-101\/#breadcrumb"},"inLanguage":"es","potentialAction":[{"@type":"ReadAction","target":["https:\/\/www.tecdmx.org.mx\/index.php\/comunicados\/2020\/12\/03\/boletin-no-101\/"]}]},{"@type":"ImageObject","inLanguage":"es","@id":"https:\/\/www.tecdmx.org.mx\/index.php\/comunicados\/2020\/12\/03\/boletin-no-101\/#primaryimage","url":"https:\/\/www.tecdmx.org.mx\/wp-content\/uploads\/2020\/08\/comunicado_nuevo.jpg","contentUrl":"https:\/\/www.tecdmx.org.mx\/wp-content\/uploads\/2020\/08\/comunicado_nuevo.jpg","width":600,"height":366},{"@type":"BreadcrumbList","@id":"https:\/\/www.tecdmx.org.mx\/index.php\/comunicados\/2020\/12\/03\/boletin-no-101\/#breadcrumb","itemListElement":[{"@type":"ListItem","position":1,"name":"Portada","item":"https:\/\/www.tecdmx.org.mx\/"},{"@type":"ListItem","position":2,"name":"Bolet\u00edn N\u00ba 101"}]},{"@type":"WebSite","@id":"https:\/\/www.tecdmx.org.mx\/#website","url":"https:\/\/www.tecdmx.org.mx\/","name":"Tribunal Electoral de la Ciudad de M\u00e9xico","description":"25 a\u00f1os garantizando justicia en tu elecci\u00f3n","potentialAction":[{"@type":"SearchAction","target":{"@type":"EntryPoint","urlTemplate":"https:\/\/www.tecdmx.org.mx\/?s={search_term_string}"},"query-input":"required name=search_term_string"}],"inLanguage":"es"},{"@type":"Person","@id":"https:\/\/www.tecdmx.org.mx\/#\/schema\/person\/208c898199fb3234203823c5f0cf31d6","name":"Difusion2025","image":{"@type":"ImageObject","inLanguage":"es","@id":"https:\/\/www.tecdmx.org.mx\/#\/schema\/person\/image\/","url":"https:\/\/secure.gravatar.com\/avatar\/6f7a4ba3acb418040e90a2eb99b5df28?s=96&d=mm&r=g","contentUrl":"https:\/\/secure.gravatar.com\/avatar\/6f7a4ba3acb418040e90a2eb99b5df28?s=96&d=mm&r=g","caption":"Difusion2025"}}]}},"_links":{"self":[{"href":"https:\/\/www.tecdmx.org.mx\/index.php\/wp-json\/wp\/v2\/posts\/23972"}],"collection":[{"href":"https:\/\/www.tecdmx.org.mx\/index.php\/wp-json\/wp\/v2\/posts"}],"about":[{"href":"https:\/\/www.tecdmx.org.mx\/index.php\/wp-json\/wp\/v2\/types\/post"}],"author":[{"embeddable":true,"href":"https:\/\/www.tecdmx.org.mx\/index.php\/wp-json\/wp\/v2\/users\/13"}],"replies":[{"embeddable":true,"href":"https:\/\/www.tecdmx.org.mx\/index.php\/wp-json\/wp\/v2\/comments?post=23972"}],"version-history":[{"count":2,"href":"https:\/\/www.tecdmx.org.mx\/index.php\/wp-json\/wp\/v2\/posts\/23972\/revisions"}],"predecessor-version":[{"id":23975,"href":"https:\/\/www.tecdmx.org.mx\/index.php\/wp-json\/wp\/v2\/posts\/23972\/revisions\/23975"}],"wp:featuredmedia":[{"embeddable":true,"href":"https:\/\/www.tecdmx.org.mx\/index.php\/wp-json\/wp\/v2\/media\/21168"}],"wp:attachment":[{"href":"https:\/\/www.tecdmx.org.mx\/index.php\/wp-json\/wp\/v2\/media?parent=23972"}],"wp:term":[{"taxonomy":"category","embeddable":true,"href":"https:\/\/www.tecdmx.org.mx\/index.php\/wp-json\/wp\/v2\/categories?post=23972"},{"taxonomy":"post_tag","embeddable":true,"href":"https:\/\/www.tecdmx.org.mx\/index.php\/wp-json\/wp\/v2\/tags?post=23972"}],"curies":[{"name":"wp","href":"https:\/\/api.w.org\/{rel}","templated":true}]}}