{"id":23982,"date":"2020-12-05T18:45:27","date_gmt":"2020-12-06T00:45:27","guid":{"rendered":"https:\/\/www.tecdmx.org.mx\/?p=23982"},"modified":"2020-12-05T18:45:28","modified_gmt":"2020-12-06T00:45:28","slug":"boletin-no-103","status":"publish","type":"post","link":"https:\/\/www.tecdmx.org.mx\/index.php\/comunicados\/2020\/12\/05\/boletin-no-103\/","title":{"rendered":"Bolet\u00edn N\u00ba 103"},"content":{"rendered":"\n<p class=\"has-text-align-right\">Ciudad de M\u00e9xico, a 5 de diciembre de 2020<\/p>\n\n\n\n<p><strong>Eliminar las barreras contribuye a la protecci\u00f3n de los derechos de las personas con discapacidad.<\/strong><\/p>\n\n\n\n<ul><li>En el marco de la Conmemoraci\u00f3n del D\u00eda Internacional de las Personas con Discapacidad se llev\u00f3 a cabo este importante evento.<\/li><\/ul>\n\n\n\n<p>Hoy concluy\u00f3 el Quinto&nbsp;Taller&nbsp;nacional de profesionalizaci\u00f3n de los servicios de interpretaci\u00f3n en Lengua de Se\u00f1as Mexicana en el \u00e1mbito jur\u00eddico, evento que se realiza con la finalidad de construir mecanismos que abonen a la eliminaci\u00f3n de barreras en el \u00e1mbito de la justicia.<\/p>\n\n\n\n<p>En materia electoral la interpretaci\u00f3n en Lengua de Se\u00f1as Mexicana ha sido un pilar elemental para que la justicia electoral sea accesible para las personas con discapacidad.<\/p>\n\n\n\n<p>En dicho taller se impartieron tem\u00e1ticas como:<\/p>\n\n\n\n<ul><li>Correcci\u00f3n ling\u00fc\u00edstica y responsabilidad profesional<\/li><li>Impartici\u00f3n de justicia con perspectiva de Derechos Humanos.<\/li><li>Derechos Humanos de las personas con discapacidad y obligaciones del Estado mexicano.<\/li><li>\u00c9tica y Derechos Humanos<\/li><li>Interpretaci\u00f3n de juicios<\/li><li>Espacios multi &#8211; ling\u00fc\u00edsticos<\/li><\/ul>\n\n\n\n<p>A lo largo de tres d\u00edas, la suma de esfuerzos entre el Tribunal Electoral de la Ciudad de M\u00e9xico, el INFO Ciudad de M\u00e9xico, el Instituto para las Personas con Discapacidad del Gobierno de la CDMX y la Sala Regional Especializada del Tribunal Electoral del Poder Judicial de la Federaci\u00f3n, permiti\u00f3 que cerca de 150 profesionales de los servicios de interpretaci\u00f3n en Lengua de Se\u00f1as Mexicana escucharan a expositores nacionales e internacionales de la talla de Tony Rosado, Laura Astrada y Santiago Parra.<\/p>\n\n\n\n<p>Con el trabajo conjunto entre instituciones, organizaciones de la sociedad civil y las personas profesionales, se espera que los esfuerzos de este taller tengan un impacto positivo en los diferentes campos de acci\u00f3n como la accesibilidad a la informaci\u00f3n p\u00fablica, inclusi\u00f3n y eliminaci\u00f3n de barreras, as\u00ed como la promoci\u00f3n del respeto por los derechos pol\u00edtico-electorales de las personas con discapacidad.<\/p>\n\n\n\n<p>Al capacitar constantemente a las personas que colaboran en las instituciones electorales realizando la indispensable labor de servicios de interpretaci\u00f3n, la informaci\u00f3n que generen los \u00f3rganos electorales y las instituciones p\u00fablicas podr\u00e1 cumplir con m\u00e1s elementos de inclusi\u00f3n para las personas con discapacidad.<\/p>\n\n\n\n<p>La clausura del evento estuvo a cargo de la Magistrada Martha L. Mercado Ram\u00edrez, integrante del Pleno del TECDMX, quien destac\u00f3 la labor humanitaria que realizan las personas int\u00e9rpretes, as\u00ed como la cooperaci\u00f3n institucional para construir una sociedad incluyente.<\/p>\n\n\n\n<p>Finalmente, la Mtra. Carmen Carre\u00f3n Castro, Subsecretaria de la Secretar\u00eda General de Acuerdos del TEPJF. dirigi\u00f3 un mensaje en el que remarc\u00f3 la importancia de las personas int\u00e9rpretes al ser el v\u00ednculo y la voz de las personas sordas, destacando el compromiso y cercan\u00eda que deben tener las autoridades en la atenci\u00f3n de las personas con discapacidad.<\/p>\n\n\n\n<p><strong>o-O-o<\/strong><\/p>\n","protected":false},"excerpt":{"rendered":"<p>Ciudad de M\u00e9xico, a 5 de diciembre de 2020 Eliminar las barreras contribuye a la protecci\u00f3n de los derechos de las personas con discapacidad. En el marco de la Conmemoraci\u00f3n [&hellip;]<\/p>\n","protected":false},"author":13,"featured_media":21168,"comment_status":"open","ping_status":"open","sticky":false,"template":"","format":"standard","meta":{"_acf_changed":false,"_exactmetrics_skip_tracking":false,"_exactmetrics_sitenote_active":false,"_exactmetrics_sitenote_note":"","_exactmetrics_sitenote_category":0,"footnotes":""},"categories":[32,47],"tags":[],"acf":[],"yoast_head":"<!-- This site is optimized with the Yoast SEO plugin v22.3 - https:\/\/yoast.com\/wordpress\/plugins\/seo\/ -->\n<title>Bolet\u00edn N\u00ba 103 - Tribunal Electoral de la Ciudad de M\u00e9xico<\/title>\n<meta name=\"robots\" content=\"index, follow, max-snippet:-1, max-image-preview:large, max-video-preview:-1\" \/>\n<link rel=\"canonical\" href=\"https:\/\/www.tecdmx.org.mx\/index.php\/comunicados\/2020\/12\/05\/boletin-no-103\/\" \/>\n<meta property=\"og:locale\" content=\"es_ES\" \/>\n<meta property=\"og:type\" content=\"article\" \/>\n<meta property=\"og:title\" content=\"Bolet\u00edn N\u00ba 103 - Tribunal Electoral de la Ciudad de M\u00e9xico\" \/>\n<meta property=\"og:description\" content=\"Ciudad de M\u00e9xico, a 5 de diciembre de 2020 Eliminar las barreras contribuye a la protecci\u00f3n de los derechos de las personas con discapacidad. En el marco de la Conmemoraci\u00f3n [&hellip;]\" \/>\n<meta property=\"og:url\" content=\"https:\/\/www.tecdmx.org.mx\/index.php\/comunicados\/2020\/12\/05\/boletin-no-103\/\" \/>\n<meta property=\"og:site_name\" content=\"Tribunal Electoral de la Ciudad de M\u00e9xico\" \/>\n<meta property=\"article:publisher\" content=\"https:\/\/www.facebook.com\/TECDMX\/\" \/>\n<meta property=\"article:published_time\" content=\"2020-12-06T00:45:27+00:00\" \/>\n<meta property=\"article:modified_time\" content=\"2020-12-06T00:45:28+00:00\" \/>\n<meta property=\"og:image\" content=\"https:\/\/www.tecdmx.org.mx\/wp-content\/uploads\/2020\/08\/comunicado_nuevo.jpg\" \/>\n\t<meta property=\"og:image:width\" content=\"600\" \/>\n\t<meta property=\"og:image:height\" content=\"366\" \/>\n\t<meta property=\"og:image:type\" content=\"image\/jpeg\" \/>\n<meta name=\"author\" content=\"Difusion2025\" \/>\n<meta name=\"twitter:card\" content=\"summary_large_image\" \/>\n<meta name=\"twitter:creator\" content=\"@tecdmx\" \/>\n<meta name=\"twitter:site\" content=\"@tecdmx\" \/>\n<meta name=\"twitter:label1\" content=\"Escrito por\" \/>\n\t<meta name=\"twitter:data1\" content=\"Difusion2025\" \/>\n\t<meta name=\"twitter:label2\" content=\"Tiempo de lectura\" \/>\n\t<meta name=\"twitter:data2\" content=\"2 minutos\" \/>\n<script type=\"application\/ld+json\" class=\"yoast-schema-graph\">{\"@context\":\"https:\/\/schema.org\",\"@graph\":[{\"@type\":\"WebPage\",\"@id\":\"https:\/\/www.tecdmx.org.mx\/index.php\/comunicados\/2020\/12\/05\/boletin-no-103\/\",\"url\":\"https:\/\/www.tecdmx.org.mx\/index.php\/comunicados\/2020\/12\/05\/boletin-no-103\/\",\"name\":\"Bolet\u00edn N\u00ba 103 - Tribunal Electoral de la Ciudad de M\u00e9xico\",\"isPartOf\":{\"@id\":\"https:\/\/www.tecdmx.org.mx\/#website\"},\"primaryImageOfPage\":{\"@id\":\"https:\/\/www.tecdmx.org.mx\/index.php\/comunicados\/2020\/12\/05\/boletin-no-103\/#primaryimage\"},\"image\":{\"@id\":\"https:\/\/www.tecdmx.org.mx\/index.php\/comunicados\/2020\/12\/05\/boletin-no-103\/#primaryimage\"},\"thumbnailUrl\":\"https:\/\/www.tecdmx.org.mx\/wp-content\/uploads\/2020\/08\/comunicado_nuevo.jpg\",\"datePublished\":\"2020-12-06T00:45:27+00:00\",\"dateModified\":\"2020-12-06T00:45:28+00:00\",\"author\":{\"@id\":\"https:\/\/www.tecdmx.org.mx\/#\/schema\/person\/208c898199fb3234203823c5f0cf31d6\"},\"breadcrumb\":{\"@id\":\"https:\/\/www.tecdmx.org.mx\/index.php\/comunicados\/2020\/12\/05\/boletin-no-103\/#breadcrumb\"},\"inLanguage\":\"es\",\"potentialAction\":[{\"@type\":\"ReadAction\",\"target\":[\"https:\/\/www.tecdmx.org.mx\/index.php\/comunicados\/2020\/12\/05\/boletin-no-103\/\"]}]},{\"@type\":\"ImageObject\",\"inLanguage\":\"es\",\"@id\":\"https:\/\/www.tecdmx.org.mx\/index.php\/comunicados\/2020\/12\/05\/boletin-no-103\/#primaryimage\",\"url\":\"https:\/\/www.tecdmx.org.mx\/wp-content\/uploads\/2020\/08\/comunicado_nuevo.jpg\",\"contentUrl\":\"https:\/\/www.tecdmx.org.mx\/wp-content\/uploads\/2020\/08\/comunicado_nuevo.jpg\",\"width\":600,\"height\":366},{\"@type\":\"BreadcrumbList\",\"@id\":\"https:\/\/www.tecdmx.org.mx\/index.php\/comunicados\/2020\/12\/05\/boletin-no-103\/#breadcrumb\",\"itemListElement\":[{\"@type\":\"ListItem\",\"position\":1,\"name\":\"Portada\",\"item\":\"https:\/\/www.tecdmx.org.mx\/\"},{\"@type\":\"ListItem\",\"position\":2,\"name\":\"Bolet\u00edn N\u00ba 103\"}]},{\"@type\":\"WebSite\",\"@id\":\"https:\/\/www.tecdmx.org.mx\/#website\",\"url\":\"https:\/\/www.tecdmx.org.mx\/\",\"name\":\"Tribunal Electoral de la Ciudad de M\u00e9xico\",\"description\":\"25 a\u00f1os garantizando justicia en tu elecci\u00f3n\",\"potentialAction\":[{\"@type\":\"SearchAction\",\"target\":{\"@type\":\"EntryPoint\",\"urlTemplate\":\"https:\/\/www.tecdmx.org.mx\/?s={search_term_string}\"},\"query-input\":\"required name=search_term_string\"}],\"inLanguage\":\"es\"},{\"@type\":\"Person\",\"@id\":\"https:\/\/www.tecdmx.org.mx\/#\/schema\/person\/208c898199fb3234203823c5f0cf31d6\",\"name\":\"Difusion2025\",\"image\":{\"@type\":\"ImageObject\",\"inLanguage\":\"es\",\"@id\":\"https:\/\/www.tecdmx.org.mx\/#\/schema\/person\/image\/\",\"url\":\"https:\/\/secure.gravatar.com\/avatar\/6f7a4ba3acb418040e90a2eb99b5df28?s=96&d=mm&r=g\",\"contentUrl\":\"https:\/\/secure.gravatar.com\/avatar\/6f7a4ba3acb418040e90a2eb99b5df28?s=96&d=mm&r=g\",\"caption\":\"Difusion2025\"}}]}<\/script>\n<!-- \/ Yoast SEO plugin. -->","yoast_head_json":{"title":"Bolet\u00edn N\u00ba 103 - Tribunal Electoral de la Ciudad de M\u00e9xico","robots":{"index":"index","follow":"follow","max-snippet":"max-snippet:-1","max-image-preview":"max-image-preview:large","max-video-preview":"max-video-preview:-1"},"canonical":"https:\/\/www.tecdmx.org.mx\/index.php\/comunicados\/2020\/12\/05\/boletin-no-103\/","og_locale":"es_ES","og_type":"article","og_title":"Bolet\u00edn N\u00ba 103 - Tribunal Electoral de la Ciudad de M\u00e9xico","og_description":"Ciudad de M\u00e9xico, a 5 de diciembre de 2020 Eliminar las barreras contribuye a la protecci\u00f3n de los derechos de las personas con discapacidad. En el marco de la Conmemoraci\u00f3n [&hellip;]","og_url":"https:\/\/www.tecdmx.org.mx\/index.php\/comunicados\/2020\/12\/05\/boletin-no-103\/","og_site_name":"Tribunal Electoral de la Ciudad de M\u00e9xico","article_publisher":"https:\/\/www.facebook.com\/TECDMX\/","article_published_time":"2020-12-06T00:45:27+00:00","article_modified_time":"2020-12-06T00:45:28+00:00","og_image":[{"width":600,"height":366,"url":"https:\/\/www.tecdmx.org.mx\/wp-content\/uploads\/2020\/08\/comunicado_nuevo.jpg","type":"image\/jpeg"}],"author":"Difusion2025","twitter_card":"summary_large_image","twitter_creator":"@tecdmx","twitter_site":"@tecdmx","twitter_misc":{"Escrito por":"Difusion2025","Tiempo de lectura":"2 minutos"},"schema":{"@context":"https:\/\/schema.org","@graph":[{"@type":"WebPage","@id":"https:\/\/www.tecdmx.org.mx\/index.php\/comunicados\/2020\/12\/05\/boletin-no-103\/","url":"https:\/\/www.tecdmx.org.mx\/index.php\/comunicados\/2020\/12\/05\/boletin-no-103\/","name":"Bolet\u00edn N\u00ba 103 - Tribunal Electoral de la Ciudad de M\u00e9xico","isPartOf":{"@id":"https:\/\/www.tecdmx.org.mx\/#website"},"primaryImageOfPage":{"@id":"https:\/\/www.tecdmx.org.mx\/index.php\/comunicados\/2020\/12\/05\/boletin-no-103\/#primaryimage"},"image":{"@id":"https:\/\/www.tecdmx.org.mx\/index.php\/comunicados\/2020\/12\/05\/boletin-no-103\/#primaryimage"},"thumbnailUrl":"https:\/\/www.tecdmx.org.mx\/wp-content\/uploads\/2020\/08\/comunicado_nuevo.jpg","datePublished":"2020-12-06T00:45:27+00:00","dateModified":"2020-12-06T00:45:28+00:00","author":{"@id":"https:\/\/www.tecdmx.org.mx\/#\/schema\/person\/208c898199fb3234203823c5f0cf31d6"},"breadcrumb":{"@id":"https:\/\/www.tecdmx.org.mx\/index.php\/comunicados\/2020\/12\/05\/boletin-no-103\/#breadcrumb"},"inLanguage":"es","potentialAction":[{"@type":"ReadAction","target":["https:\/\/www.tecdmx.org.mx\/index.php\/comunicados\/2020\/12\/05\/boletin-no-103\/"]}]},{"@type":"ImageObject","inLanguage":"es","@id":"https:\/\/www.tecdmx.org.mx\/index.php\/comunicados\/2020\/12\/05\/boletin-no-103\/#primaryimage","url":"https:\/\/www.tecdmx.org.mx\/wp-content\/uploads\/2020\/08\/comunicado_nuevo.jpg","contentUrl":"https:\/\/www.tecdmx.org.mx\/wp-content\/uploads\/2020\/08\/comunicado_nuevo.jpg","width":600,"height":366},{"@type":"BreadcrumbList","@id":"https:\/\/www.tecdmx.org.mx\/index.php\/comunicados\/2020\/12\/05\/boletin-no-103\/#breadcrumb","itemListElement":[{"@type":"ListItem","position":1,"name":"Portada","item":"https:\/\/www.tecdmx.org.mx\/"},{"@type":"ListItem","position":2,"name":"Bolet\u00edn N\u00ba 103"}]},{"@type":"WebSite","@id":"https:\/\/www.tecdmx.org.mx\/#website","url":"https:\/\/www.tecdmx.org.mx\/","name":"Tribunal Electoral de la Ciudad de M\u00e9xico","description":"25 a\u00f1os garantizando justicia en tu elecci\u00f3n","potentialAction":[{"@type":"SearchAction","target":{"@type":"EntryPoint","urlTemplate":"https:\/\/www.tecdmx.org.mx\/?s={search_term_string}"},"query-input":"required name=search_term_string"}],"inLanguage":"es"},{"@type":"Person","@id":"https:\/\/www.tecdmx.org.mx\/#\/schema\/person\/208c898199fb3234203823c5f0cf31d6","name":"Difusion2025","image":{"@type":"ImageObject","inLanguage":"es","@id":"https:\/\/www.tecdmx.org.mx\/#\/schema\/person\/image\/","url":"https:\/\/secure.gravatar.com\/avatar\/6f7a4ba3acb418040e90a2eb99b5df28?s=96&d=mm&r=g","contentUrl":"https:\/\/secure.gravatar.com\/avatar\/6f7a4ba3acb418040e90a2eb99b5df28?s=96&d=mm&r=g","caption":"Difusion2025"}}]}},"_links":{"self":[{"href":"https:\/\/www.tecdmx.org.mx\/index.php\/wp-json\/wp\/v2\/posts\/23982"}],"collection":[{"href":"https:\/\/www.tecdmx.org.mx\/index.php\/wp-json\/wp\/v2\/posts"}],"about":[{"href":"https:\/\/www.tecdmx.org.mx\/index.php\/wp-json\/wp\/v2\/types\/post"}],"author":[{"embeddable":true,"href":"https:\/\/www.tecdmx.org.mx\/index.php\/wp-json\/wp\/v2\/users\/13"}],"replies":[{"embeddable":true,"href":"https:\/\/www.tecdmx.org.mx\/index.php\/wp-json\/wp\/v2\/comments?post=23982"}],"version-history":[{"count":2,"href":"https:\/\/www.tecdmx.org.mx\/index.php\/wp-json\/wp\/v2\/posts\/23982\/revisions"}],"predecessor-version":[{"id":23985,"href":"https:\/\/www.tecdmx.org.mx\/index.php\/wp-json\/wp\/v2\/posts\/23982\/revisions\/23985"}],"wp:featuredmedia":[{"embeddable":true,"href":"https:\/\/www.tecdmx.org.mx\/index.php\/wp-json\/wp\/v2\/media\/21168"}],"wp:attachment":[{"href":"https:\/\/www.tecdmx.org.mx\/index.php\/wp-json\/wp\/v2\/media?parent=23982"}],"wp:term":[{"taxonomy":"category","embeddable":true,"href":"https:\/\/www.tecdmx.org.mx\/index.php\/wp-json\/wp\/v2\/categories?post=23982"},{"taxonomy":"post_tag","embeddable":true,"href":"https:\/\/www.tecdmx.org.mx\/index.php\/wp-json\/wp\/v2\/tags?post=23982"}],"curies":[{"name":"wp","href":"https:\/\/api.w.org\/{rel}","templated":true}]}}